{"id":13324,"date":"2010-04-06T00:00:00","date_gmt":"2010-04-06T04:00:00","guid":{"rendered":"http:\/\/192.81.217.108\/interamerica\/2010\/04\/levangelisation-un-processus-plutot-quun-simple-evenement-disent-les-dirigeants-adventistes\/"},"modified":"2017-06-02T13:04:24","modified_gmt":"2017-06-02T17:04:24","slug":"levangelisation-un-processus-plutot-quun-simple-evenement-disent-les-dirigeants-adventistes","status":"publish","type":"post","link":"https:\/\/interamerica.org\/fr\/2010\/04\/levangelisation-un-processus-plutot-quun-simple-evenement-disent-les-dirigeants-adventistes\/","title":{"rendered":"L&#39;\u00e9vang\u00e9lisation, un processus plut\u00f4t qu&#39;un simple \u00e9v\u00e8nement, disent les dirigeants Adventistes"},"content":{"rendered":"<p>6 Avril 2010, Silver Spring, Maryland, EtatsUnis&#8230;Elizabeth Lechleitner\/ANN<\/p>\n<p>L&#39;\u00e9vang\u00e9lisation est un processus, pas un\u00e9v\u00e9nement, c&#39;est ce qu&#39;ont indiqu\u00e9 les dirigeants de l&#39;\u00e9glise Adventistemondiale la semaine derni\u00e8re au cours d&#39;une rencontre o\u00f9 \u00e9taient consid\u00e9r\u00e9esles m\u00e9thodes d&#39;\u00e9vang\u00e9lisation.<\/p>\n<p>Bien que la m\u00e9thode traditionnelle d&#39;\u00e9vang\u00e9lisationutilis\u00e9e par l&#39;\u00e9glise implique souvent une semaine de pr\u00e9dication avec tr\u00e8s peude suivi, l&#39;efficacit\u00e9 de l&#39;\u00e9vang\u00e9lisation publique aujourd&#39;hui d\u00e9pend del&#39;action de membres d&#39;\u00e9glises locales qui sont engag\u00e9s et qui s&#39;impliquent, quivont se lier d&#39;amiti\u00e9 avec les nouveaux croyants et en faire des disciples, ontdit les d\u00e9l\u00e9gu\u00e9s lors de la derni\u00e8re rencontre du Concile sur l&#39;Evang\u00e9lisationet le T\u00e9moignage (CEW) avant la <a  href=\"http:\/\/www.gcsession.org\/\">Session de laConf\u00e9rence G\u00e9n\u00e9rale<\/a >.<\/p>\n<p>Des pasteurs d&#39;\u00e9glise, des \u00e9vang\u00e9listes ainsique les autres dirigeants devraient promouvoir une \u00ab culture de l&#39;implication \u00bbchez les membres, a d\u00e9clar\u00e9 Michael L. Ryan, un des vice-pr\u00e9sidents de l&#39;\u00e9glisemondiale, aux d\u00e9l\u00e9gu\u00e9s qui s&#39;\u00e9taient r\u00e9unis au si\u00e8ge de l&#39;\u00e9glise mondiale pourla rencontre du 1er avril pendant toute la journ\u00e9e, rencontre qui pr\u00e9c\u00e8de lesrencontres administratives de printemps cette semaine.<\/p>\n<p>\u00ab Il est facile de faire des dotationsbudg\u00e9taires, d&#39;embaucher un \u00e9vang\u00e9liste et d&#39;organiser une rencontre, mais queferions-nous si nous n&#39;avions pas un centime \u00e0 d\u00e9penser sur \u00e9vang\u00e9lisation? \u00bb  a demand\u00e9 l&#39;\u00e9vang\u00e9liste Bob Folkenberg jr. auxd\u00e9l\u00e9gu\u00e9s, ajoutant que les la\u00efcs, qui sont des \u00ab membres actifs dans le stylede vie inclut l&#39;\u00e9vang\u00e9lisation \u00bb constituent la r\u00e9ponse, \u00abque vous voustrouviez \u00e0 Manille ou \u00e0 Manhattan. \u00bb<\/p>\n<p>L&#39;\u00e9vang\u00e9liste Bruce Bauer a rappel\u00e9 auxd\u00e9l\u00e9gu\u00e9s de garder \u00e0 l&#39;esprit le style d&#39;\u00e9vang\u00e9lisation pratiqu\u00e9 par J\u00e9sus dansle Nouveau Testament: r\u00e9pondre aux besoins et cultiver la confiance avant departager les croyances.<\/p>\n<p>\u00ab Vous ne pouvez pr\u00eacher efficacement si vousne connaissez pas la situation des gens, \u00bb a d\u00e9clar\u00e9 Bauer. \u00ab L&#39;amiti\u00e9 est labase sur laquelle repose le t\u00e9moignage qui attire les gens. \u00bb <\/p>\n<p>Bauer a \u00e9galement \u00e9cart\u00e9 le concept d&#39;uneapproche de l&#39;\u00e9vang\u00e9lisation \u00e0 taille unique. \u00ab Aucune m\u00e9thode d&#39;\u00e9vang\u00e9lisationen particulier ne pourra atteindre tous les individus, \u00bb a-t-il dit, ajoutantque l&#39;\u00e9vang\u00e9lisation ne devrait pas \u00eatre faite par hasard mais plut\u00f4t engardant \u00e0 l&#39;esprit les donn\u00e9es d\u00e9mographiques. Un peu plus, Ryan r\u00e9it\u00e9r\u00e9 cepoint, appelant de ses v\u0153ux une \u00ab \u00e9vang\u00e9lisation contextualis\u00e9e. \u00bb<\/p>\n<p>Pour consid\u00e9rer un cas d&#39;\u00e9cole dans le cadrede l&#39;\u00e9vang\u00e9lisation contextualis\u00e9e, Mark Finley, un des vice-pr\u00e9sidents de l&#39;\u00e9glisemondiale et pr\u00e9sident du Concile sur l&#39;Evang\u00e9lisation et le T\u00e9moignage (CEW),accompagn\u00e9 de Johnson Swamidass, un \u00e9vang\u00e9liste en Inde, a d\u00e9taill\u00e9 le typed&#39;\u00e9vang\u00e9lisation utilis\u00e9e par l&#39;\u00e9glise Adventiste \u00e0 Chennai en Inde.  L\u00e0-bas, l&#39;effectif de membres est pass\u00e9 de 7\u00e9glises en 1994 \u00e0 154 aujourd&#39;hui, cela d\u00fb en grande partie \u00e0 \u00ab une \u00e9vang\u00e9lisationd\u00e9lib\u00e9r\u00e9e, \u00bb comme par exemple avec les rencontres de groupes de l&#39;\u00e9glise dansles plus grandes stations de m\u00e9tro de la ville, a indiqu\u00e9 Finley.<\/p>\n<p>Au cours d&#39;une p\u00e9riode de questions etr\u00e9ponses entre la session du matin et celle de l&#39;apr\u00e8s-midi, Jayrong Lee,pr\u00e9sident de la Division de l&#39;Asie Pacifique Nord, a applaudi l&#39;emphase plac\u00e9esur l&#39;\u00e9vang\u00e9lisation la\u00efque, mais a aussi pr\u00e9cis\u00e9 qu&#39;on avait encore besoin d&#39;id\u00e9espratiques sur la meilleure mani\u00e8re de motiver une congr\u00e9gation.<\/p>\n<p>\u00ab Souvent nous disons simplement \u00e0 nos membres:Allez, impliquez-vous! mais nous reconnaissons rarement le travail qu&#39;ilsaccomplissent. Je pense que si nous le faisions, cela les encouragerait \u00e0continuer \u00e0 \u00e9vang\u00e9liser, \u00bb a dit Lee.<\/p>\n<p>Ce dont on a \u00e9galement besoin est unchangement dans la \u00ab culture d&#39;\u00e9glise, \u00bb a d\u00e9clar\u00e9 Bertil Wiklander, pr\u00e9sidentde la Division Transeurop\u00e9enne.<\/p>\n<p>\u00ab Il y a vraiment un probl\u00e8me lorsqu&#39;on a une\u00e9glise o\u00f9 les membres ne font simplement qu&#39;assister aux r\u00e9unions, \u00e9couter lessermons et donner la d\u00eeme et les offrandes, \u00bb a-t-il dit, ajoutant quecertaines \u00e9glises mettent l&#39;emphase sur l&#39;aspect intellectuel au d\u00e9triment dela spiritualit\u00e9, sur la doctrine au d\u00e9triment des relations et qu&#39;elles sontdevenues \u00ab trop saintes, \u00bb parce qu&#39;elles mettent l&#39;accent \u00ab sur l&#39;exclusivit\u00e9au d\u00e9triment de la compassion. \u00bb<\/p>\n<p>Alors que certains dirigeants d&#39;\u00e9glisesp\u00e9culent en disant que des r\u00e9gions telle que la Division Transeurop\u00e9enne nesont pas r\u00e9ceptives aux m\u00e9thodes d&#39;\u00e9vang\u00e9lisation traditionnelles, les dirigeantsd&#39;\u00e9glise du Pacifique Sud, Barry Oliver et Gary Webster ont d\u00e9clar\u00e9 que m\u00eamedes cultures que l&#39;on d\u00e9signe comme \u00e9tant \u00ab\u00a0postmodernes\u00a0\u00bb peuvent \u00eatretouch\u00e9es \u00e0 travers l&#39;\u00e9vang\u00e9lisation publique. <\/p>\n<p>\u00ab Nous avons constat\u00e9 une r\u00e9ponse positive \u00e0l&#39;\u00e9vang\u00e9lisation publique dans les milieux urbains en Australie autant que nousl&#39;avons constat\u00e9 dans les \u00eeles du Pacifique, o\u00f9 l&#39;on pourrait penser qu&#39;ellerecevrait un accueil plus favorable, \u00bb a d\u00e9clar\u00e9 Oliver, pr\u00e9sident de la Divisiondu Pacifique Sud.<\/p>\n<p>L\u00e0-bas, l&#39;Institut pour l&#39;Evang\u00e9lisation Publique,administr\u00e9 par l&#39;\u00e9glise, forme et conseille de jeunes \u00e9vang\u00e9listes, et lesplace ensuite dans des r\u00e9gions o\u00f9 il y a peu de leadership solide. Danscertaines r\u00e9gions cela a caus\u00e9 une multiplication par trois de l&#39;effectif demembres, d&#39;apr\u00e8s un rapport de l&#39;Institut.<\/p>\n<p>Le pr\u00e9sident de la r\u00e9gion Sud Am\u00e9ricaine,Erton K\u00f6hler a partag\u00e9 l&#39;emphase que place la r\u00e9gion sur des projets d&#39;\u00e9vang\u00e9lisation\u00e0 grande \u00e9chelle ayant pour but d&#39;unifier les membres et de motiver \u00e0 lapoursuite de l&#39;\u00e9vang\u00e9lisation.<\/p>\n<p>K\u00f6hler a pr\u00e9cis\u00e9 que les projets de la r\u00e9gionqui ont le plus de succ\u00e8s sont \u00ab simples et pertinents, \u00bb tel que l&#39;effortactuel consistant \u00e0 encourager les observateurs du sabbat en mettant l&#39;accentsur le fait que les gens ont \u00e9t\u00e9 cr\u00e9\u00e9s de telle sorte qu&#39;ils ont besoin d&#39;unepause hebdomadaire pour rompre avec le stress quotidien.<\/p>\n<p>Un peu plus tard, les d\u00e9l\u00e9gu\u00e9s ont prisconnaissance d&#39;un rapport venant de Bulgarie, o\u00f9 un projet financ\u00e9 par le Concilesur l&#39;Evang\u00e9lisation et le T\u00e9moignage (CEW) promeut la prise de conscience surla question du mariage des enfants dans la large communaut\u00e9 tzigane musulmanedu pays, o\u00f9 les enfants sont r\u00e9guli\u00e8rement forc\u00e9s \u00e0 entrer dans des mariagesarrang\u00e9s d\u00e8s l&#39;\u00e2ge de 10 ou 12 ans, a indiqu\u00e9 Bruno Vertallier pr\u00e9sident de l&#39;\u00e9gliseAdventiste dans la r\u00e9gion Eurafricaine.<\/p>\n<p>Mettre l&#39;accent sur le caract\u00e8re pratique dumessage d&#39;espoir de l&#39;\u00e9glise est crucial, a d\u00e9clar\u00e9 Mark Finley. \u00ab Si nouspouvons montrer que la Bible est intellectuellement cr\u00e9dible, mais \u00e9galementintens\u00e9ment pratique et pertinente, c&#39;est-\u00e0-dire qu&#39;elle peut m&#39;aider dans monmariage et aider ma famille; si vous mettez ensemble ces deux choses, nouspouvons \u00eatre plus directs dans le partage de notre foi, par rapport \u00e0 ce quecertains d&#39;entre nous pensions \u00e0 une certaine \u00e9poque, \u00bb a-t-il dit.<\/p>\n","protected":false},"excerpt":{"rendered":"<p>L&#39;\u00e9vang\u00e9lisation est un processus, pas simplement un\u00e9v\u00e9nement, c&#39;est ce qu&#39;ont indiqu\u00e9 les dirigeants de l&#39;\u00e9glise Adventistemondiale la semaine derni\u00e8re au cours d&#39;une rencontr<\/p>\n","protected":false},"author":1,"featured_media":0,"comment_status":"closed","ping_status":"closed","sticky":false,"template":"","format":"standard","meta":{"_acf_changed":false,"footnotes":""},"categories":[9],"tags":[],"class_list":["post-13324","post","type-post","status-publish","format-standard","hentry","category-archive-fr"],"acf":[],"yoast_head":"<!-- This site is optimized with the Yoast SEO plugin v27.3 - https:\/\/yoast.com\/product\/yoast-seo-wordpress\/ -->\n<title>L&#039;\u00e9vang\u00e9lisation, un processus plut\u00f4t qu&#039;un simple \u00e9v\u00e8nement, disent les dirigeants Adventistes - \u00c9glise Adventiste Du Septieme Jour - Inter Am\u00e9rique Division<\/title>\n<meta name=\"robots\" content=\"index, follow, max-snippet:-1, max-image-preview:large, max-video-preview:-1\" \/>\n<link rel=\"canonical\" href=\"https:\/\/interamerica.org\/fr\/2010\/04\/levangelisation-un-processus-plutot-quun-simple-evenement-disent-les-dirigeants-adventistes\/\" \/>\n<meta property=\"og:locale\" content=\"fr_FR\" \/>\n<meta property=\"og:type\" content=\"article\" \/>\n<meta property=\"og:title\" content=\"L&#039;\u00e9vang\u00e9lisation, un processus plut\u00f4t qu&#039;un simple \u00e9v\u00e8nement, disent les dirigeants Adventistes - \u00c9glise Adventiste Du Septieme Jour - Inter Am\u00e9rique Division\" \/>\n<meta property=\"og:description\" content=\"L&#039;\u00e9vang\u00e9lisation est un processus, pas simplement un\u00e9v\u00e9nement, c&#039;est ce qu&#039;ont indiqu\u00e9 les dirigeants de l&#039;\u00e9glise Adventistemondiale la semaine derni\u00e8re au cours d&#039;une rencontr\" \/>\n<meta property=\"og:url\" content=\"https:\/\/interamerica.org\/fr\/2010\/04\/levangelisation-un-processus-plutot-quun-simple-evenement-disent-les-dirigeants-adventistes\/\" \/>\n<meta property=\"og:site_name\" content=\"\u00c9glise Adventiste Du Septieme Jour - Inter Am\u00e9rique Division\" \/>\n<meta property=\"article:published_time\" content=\"2010-04-06T04:00:00+00:00\" \/>\n<meta property=\"article:modified_time\" content=\"2017-06-02T17:04:24+00:00\" \/>\n<meta name=\"author\" content=\"Lorenzo Verduzco\" \/>\n<meta name=\"twitter:card\" content=\"summary_large_image\" \/>\n<meta name=\"twitter:label1\" content=\"\u00c9crit par\" \/>\n\t<meta name=\"twitter:data1\" content=\"Lorenzo Verduzco\" \/>\n\t<meta name=\"twitter:label2\" content=\"Dur\u00e9e de lecture estim\u00e9e\" \/>\n\t<meta name=\"twitter:data2\" content=\"6 minutes\" \/>\n<script type=\"application\/ld+json\" class=\"yoast-schema-graph\">{\"@context\":\"https:\\\/\\\/schema.org\",\"@graph\":[{\"@type\":\"Article\",\"@id\":\"https:\\\/\\\/interamerica.org\\\/fr\\\/2010\\\/04\\\/levangelisation-un-processus-plutot-quun-simple-evenement-disent-les-dirigeants-adventistes\\\/#article\",\"isPartOf\":{\"@id\":\"https:\\\/\\\/interamerica.org\\\/fr\\\/2010\\\/04\\\/levangelisation-un-processus-plutot-quun-simple-evenement-disent-les-dirigeants-adventistes\\\/\"},\"author\":{\"name\":\"Lorenzo Verduzco\",\"@id\":\"https:\\\/\\\/interamerica.org\\\/fr\\\/#\\\/schema\\\/person\\\/68ede8bdc292885bb76c1e3810e73c39\"},\"headline\":\"L&#39;\u00e9vang\u00e9lisation, un processus plut\u00f4t qu&#39;un simple \u00e9v\u00e8nement, disent les dirigeants Adventistes\",\"datePublished\":\"2010-04-06T04:00:00+00:00\",\"dateModified\":\"2017-06-02T17:04:24+00:00\",\"mainEntityOfPage\":{\"@id\":\"https:\\\/\\\/interamerica.org\\\/fr\\\/2010\\\/04\\\/levangelisation-un-processus-plutot-quun-simple-evenement-disent-les-dirigeants-adventistes\\\/\"},\"wordCount\":1200,\"articleSection\":[\"Archive\"],\"inLanguage\":\"fr-FR\"},{\"@type\":\"WebPage\",\"@id\":\"https:\\\/\\\/interamerica.org\\\/fr\\\/2010\\\/04\\\/levangelisation-un-processus-plutot-quun-simple-evenement-disent-les-dirigeants-adventistes\\\/\",\"url\":\"https:\\\/\\\/interamerica.org\\\/fr\\\/2010\\\/04\\\/levangelisation-un-processus-plutot-quun-simple-evenement-disent-les-dirigeants-adventistes\\\/\",\"name\":\"L&#39;\u00e9vang\u00e9lisation, un processus plut\u00f4t qu&#39;un simple \u00e9v\u00e8nement, disent les dirigeants Adventistes - \u00c9glise Adventiste Du Septieme Jour - Inter Am\u00e9rique Division\",\"isPartOf\":{\"@id\":\"https:\\\/\\\/interamerica.org\\\/fr\\\/#website\"},\"datePublished\":\"2010-04-06T04:00:00+00:00\",\"dateModified\":\"2017-06-02T17:04:24+00:00\",\"author\":{\"@id\":\"https:\\\/\\\/interamerica.org\\\/fr\\\/#\\\/schema\\\/person\\\/68ede8bdc292885bb76c1e3810e73c39\"},\"breadcrumb\":{\"@id\":\"https:\\\/\\\/interamerica.org\\\/fr\\\/2010\\\/04\\\/levangelisation-un-processus-plutot-quun-simple-evenement-disent-les-dirigeants-adventistes\\\/#breadcrumb\"},\"inLanguage\":\"fr-FR\",\"potentialAction\":[{\"@type\":\"ReadAction\",\"target\":[\"https:\\\/\\\/interamerica.org\\\/fr\\\/2010\\\/04\\\/levangelisation-un-processus-plutot-quun-simple-evenement-disent-les-dirigeants-adventistes\\\/\"]}]},{\"@type\":\"BreadcrumbList\",\"@id\":\"https:\\\/\\\/interamerica.org\\\/fr\\\/2010\\\/04\\\/levangelisation-un-processus-plutot-quun-simple-evenement-disent-les-dirigeants-adventistes\\\/#breadcrumb\",\"itemListElement\":[{\"@type\":\"ListItem\",\"position\":1,\"name\":\"Home\",\"item\":\"https:\\\/\\\/interamerica.org\\\/fr\\\/\"},{\"@type\":\"ListItem\",\"position\":2,\"name\":\"L&#39;\u00e9vang\u00e9lisation, un processus plut\u00f4t qu&#39;un simple \u00e9v\u00e8nement, disent les dirigeants Adventistes\"}]},{\"@type\":\"WebSite\",\"@id\":\"https:\\\/\\\/interamerica.org\\\/fr\\\/#website\",\"url\":\"https:\\\/\\\/interamerica.org\\\/fr\\\/\",\"name\":\"\u00c9glise Adventiste Du Septieme Jour - Inter Am\u00e9rique Division\",\"description\":\"\",\"potentialAction\":[{\"@type\":\"SearchAction\",\"target\":{\"@type\":\"EntryPoint\",\"urlTemplate\":\"https:\\\/\\\/interamerica.org\\\/fr\\\/?s={search_term_string}\"},\"query-input\":{\"@type\":\"PropertyValueSpecification\",\"valueRequired\":true,\"valueName\":\"search_term_string\"}}],\"inLanguage\":\"fr-FR\"},{\"@type\":\"Person\",\"@id\":\"https:\\\/\\\/interamerica.org\\\/fr\\\/#\\\/schema\\\/person\\\/68ede8bdc292885bb76c1e3810e73c39\",\"name\":\"Lorenzo Verduzco\",\"image\":{\"@type\":\"ImageObject\",\"inLanguage\":\"fr-FR\",\"@id\":\"https:\\\/\\\/secure.gravatar.com\\\/avatar\\\/fb81a55b6218459490a9c1dc841a34909185b81904c5337b4b27f7a6fd60c49e?s=96&d=mm&r=g\",\"url\":\"https:\\\/\\\/secure.gravatar.com\\\/avatar\\\/fb81a55b6218459490a9c1dc841a34909185b81904c5337b4b27f7a6fd60c49e?s=96&d=mm&r=g\",\"contentUrl\":\"https:\\\/\\\/secure.gravatar.com\\\/avatar\\\/fb81a55b6218459490a9c1dc841a34909185b81904c5337b4b27f7a6fd60c49e?s=96&d=mm&r=g\",\"caption\":\"Lorenzo Verduzco\"}}]}<\/script>\n<!-- \/ Yoast SEO plugin. -->","yoast_head_json":{"title":"L&#39;\u00e9vang\u00e9lisation, un processus plut\u00f4t qu&#39;un simple \u00e9v\u00e8nement, disent les dirigeants Adventistes - \u00c9glise Adventiste Du Septieme Jour - Inter Am\u00e9rique Division","robots":{"index":"index","follow":"follow","max-snippet":"max-snippet:-1","max-image-preview":"max-image-preview:large","max-video-preview":"max-video-preview:-1"},"canonical":"https:\/\/interamerica.org\/fr\/2010\/04\/levangelisation-un-processus-plutot-quun-simple-evenement-disent-les-dirigeants-adventistes\/","og_locale":"fr_FR","og_type":"article","og_title":"L&#39;\u00e9vang\u00e9lisation, un processus plut\u00f4t qu&#39;un simple \u00e9v\u00e8nement, disent les dirigeants Adventistes - \u00c9glise Adventiste Du Septieme Jour - Inter Am\u00e9rique Division","og_description":"L&#39;\u00e9vang\u00e9lisation est un processus, pas simplement un\u00e9v\u00e9nement, c&#39;est ce qu&#39;ont indiqu\u00e9 les dirigeants de l&#39;\u00e9glise Adventistemondiale la semaine derni\u00e8re au cours d&#39;une rencontr","og_url":"https:\/\/interamerica.org\/fr\/2010\/04\/levangelisation-un-processus-plutot-quun-simple-evenement-disent-les-dirigeants-adventistes\/","og_site_name":"\u00c9glise Adventiste Du Septieme Jour - Inter Am\u00e9rique Division","article_published_time":"2010-04-06T04:00:00+00:00","article_modified_time":"2017-06-02T17:04:24+00:00","author":"Lorenzo Verduzco","twitter_card":"summary_large_image","twitter_misc":{"\u00c9crit par":"Lorenzo Verduzco","Dur\u00e9e de lecture estim\u00e9e":"6 minutes"},"schema":{"@context":"https:\/\/schema.org","@graph":[{"@type":"Article","@id":"https:\/\/interamerica.org\/fr\/2010\/04\/levangelisation-un-processus-plutot-quun-simple-evenement-disent-les-dirigeants-adventistes\/#article","isPartOf":{"@id":"https:\/\/interamerica.org\/fr\/2010\/04\/levangelisation-un-processus-plutot-quun-simple-evenement-disent-les-dirigeants-adventistes\/"},"author":{"name":"Lorenzo Verduzco","@id":"https:\/\/interamerica.org\/fr\/#\/schema\/person\/68ede8bdc292885bb76c1e3810e73c39"},"headline":"L&#39;\u00e9vang\u00e9lisation, un processus plut\u00f4t qu&#39;un simple \u00e9v\u00e8nement, disent les dirigeants Adventistes","datePublished":"2010-04-06T04:00:00+00:00","dateModified":"2017-06-02T17:04:24+00:00","mainEntityOfPage":{"@id":"https:\/\/interamerica.org\/fr\/2010\/04\/levangelisation-un-processus-plutot-quun-simple-evenement-disent-les-dirigeants-adventistes\/"},"wordCount":1200,"articleSection":["Archive"],"inLanguage":"fr-FR"},{"@type":"WebPage","@id":"https:\/\/interamerica.org\/fr\/2010\/04\/levangelisation-un-processus-plutot-quun-simple-evenement-disent-les-dirigeants-adventistes\/","url":"https:\/\/interamerica.org\/fr\/2010\/04\/levangelisation-un-processus-plutot-quun-simple-evenement-disent-les-dirigeants-adventistes\/","name":"L&#39;\u00e9vang\u00e9lisation, un processus plut\u00f4t qu&#39;un simple \u00e9v\u00e8nement, disent les dirigeants Adventistes - \u00c9glise Adventiste Du Septieme Jour - Inter Am\u00e9rique Division","isPartOf":{"@id":"https:\/\/interamerica.org\/fr\/#website"},"datePublished":"2010-04-06T04:00:00+00:00","dateModified":"2017-06-02T17:04:24+00:00","author":{"@id":"https:\/\/interamerica.org\/fr\/#\/schema\/person\/68ede8bdc292885bb76c1e3810e73c39"},"breadcrumb":{"@id":"https:\/\/interamerica.org\/fr\/2010\/04\/levangelisation-un-processus-plutot-quun-simple-evenement-disent-les-dirigeants-adventistes\/#breadcrumb"},"inLanguage":"fr-FR","potentialAction":[{"@type":"ReadAction","target":["https:\/\/interamerica.org\/fr\/2010\/04\/levangelisation-un-processus-plutot-quun-simple-evenement-disent-les-dirigeants-adventistes\/"]}]},{"@type":"BreadcrumbList","@id":"https:\/\/interamerica.org\/fr\/2010\/04\/levangelisation-un-processus-plutot-quun-simple-evenement-disent-les-dirigeants-adventistes\/#breadcrumb","itemListElement":[{"@type":"ListItem","position":1,"name":"Home","item":"https:\/\/interamerica.org\/fr\/"},{"@type":"ListItem","position":2,"name":"L&#39;\u00e9vang\u00e9lisation, un processus plut\u00f4t qu&#39;un simple \u00e9v\u00e8nement, disent les dirigeants Adventistes"}]},{"@type":"WebSite","@id":"https:\/\/interamerica.org\/fr\/#website","url":"https:\/\/interamerica.org\/fr\/","name":"\u00c9glise Adventiste Du Septieme Jour - Inter Am\u00e9rique Division","description":"","potentialAction":[{"@type":"SearchAction","target":{"@type":"EntryPoint","urlTemplate":"https:\/\/interamerica.org\/fr\/?s={search_term_string}"},"query-input":{"@type":"PropertyValueSpecification","valueRequired":true,"valueName":"search_term_string"}}],"inLanguage":"fr-FR"},{"@type":"Person","@id":"https:\/\/interamerica.org\/fr\/#\/schema\/person\/68ede8bdc292885bb76c1e3810e73c39","name":"Lorenzo Verduzco","image":{"@type":"ImageObject","inLanguage":"fr-FR","@id":"https:\/\/secure.gravatar.com\/avatar\/fb81a55b6218459490a9c1dc841a34909185b81904c5337b4b27f7a6fd60c49e?s=96&d=mm&r=g","url":"https:\/\/secure.gravatar.com\/avatar\/fb81a55b6218459490a9c1dc841a34909185b81904c5337b4b27f7a6fd60c49e?s=96&d=mm&r=g","contentUrl":"https:\/\/secure.gravatar.com\/avatar\/fb81a55b6218459490a9c1dc841a34909185b81904c5337b4b27f7a6fd60c49e?s=96&d=mm&r=g","caption":"Lorenzo Verduzco"}}]}},"_links":{"self":[{"href":"https:\/\/interamerica.org\/fr\/wp-json\/wp\/v2\/posts\/13324","targetHints":{"allow":["GET"]}}],"collection":[{"href":"https:\/\/interamerica.org\/fr\/wp-json\/wp\/v2\/posts"}],"about":[{"href":"https:\/\/interamerica.org\/fr\/wp-json\/wp\/v2\/types\/post"}],"author":[{"embeddable":true,"href":"https:\/\/interamerica.org\/fr\/wp-json\/wp\/v2\/users\/1"}],"replies":[{"embeddable":true,"href":"https:\/\/interamerica.org\/fr\/wp-json\/wp\/v2\/comments?post=13324"}],"version-history":[{"count":0,"href":"https:\/\/interamerica.org\/fr\/wp-json\/wp\/v2\/posts\/13324\/revisions"}],"wp:attachment":[{"href":"https:\/\/interamerica.org\/fr\/wp-json\/wp\/v2\/media?parent=13324"}],"wp:term":[{"taxonomy":"category","embeddable":true,"href":"https:\/\/interamerica.org\/fr\/wp-json\/wp\/v2\/categories?post=13324"},{"taxonomy":"post_tag","embeddable":true,"href":"https:\/\/interamerica.org\/fr\/wp-json\/wp\/v2\/tags?post=13324"}],"curies":[{"name":"wp","href":"https:\/\/api.w.org\/{rel}","templated":true}]}}