{"id":13326,"date":"2010-04-07T00:00:00","date_gmt":"2010-04-07T04:00:00","guid":{"rendered":"http:\/\/192.81.217.108\/interamerica\/2010\/04\/selon-des-changements-proposes-griggsinternational-devrait-etre-scinde-et-aussi-changer-dadresse\/"},"modified":"2017-06-02T13:04:22","modified_gmt":"2017-06-02T17:04:22","slug":"selon-des-changements-proposes-griggsinternational-devrait-etre-scinde-et-aussi-changer-dadresse","status":"publish","type":"post","link":"https:\/\/interamerica.org\/fr\/2010\/04\/selon-des-changements-proposes-griggsinternational-devrait-etre-scinde-et-aussi-changer-dadresse\/","title":{"rendered":"Selon des changements propos\u00e9s, GriggsInternational devrait \u00eatre scind\u00e9 et aussi changer d&#39;adresse"},"content":{"rendered":"<p><!--[if gte mso 9]><xml ><\/xml ><![endif]--><\/p>\n<p>7 Avril 2010, SilverSpring, Maryland, Etats Unis&#8230;Mark A. Kellner, Adventist Review\/ANN<\/p>\n<p>Un important plan visant \u00e0 r\u00e9organiser GriggsUniversity et Griggs International Academy, l&#39;institution d&#39;enseignement \u00e0distance de l&#39;Eglise Adventiste du Septi\u00e8me jour, vieille de 101 ans, a \u00e9t\u00e9 misen route le 6 avril lorsque les d\u00e9l\u00e9gu\u00e9s \u00e0 la rencontre de printemps du Comit\u00e9Ex\u00e9cutif de l&#39;\u00e9glise Adventiste mondiale ont accept\u00e9 un rapport demandant unerestructuration.<\/p>\n<p>Parmi les sept principales recommandationsfaites par une commission d&#39;\u00e9tude mise en place lors du Concile Annuel de 2009,il y a le projet de relocaliser Griggs avec ses formations de deuxi\u00e8me ettroisi\u00e8me cycle, peut \u00eatre \u00e0 Andrews University \u00e0 Berrien Springs dans leMichigan. L\u00e0 bas, Griggs fonctionnerait comme une \u00e9cole avec son propre doyenmais sous l&#39;administration d&#39;Andrews. Griggs n&#39;aurait plus un pr\u00e9sident et unconseil d&#39;administration, bien qu&#39;un comit\u00e9 de conseillers pourrait \u00eatre mis enplace.<\/p>\n<p>Les programmes scolaires par correspondance deGriggs allant des sections enfantines jusqu&#39;\u00e0 la fin du niveau coll\u00e8ge, qui ontd\u00e9but\u00e9 en 1909 sous le nom de \u00ab\u00a0Home Study International,\u00a0\u00bb passeraientsous le parapluie de la section \u00e9ducation Nord Am\u00e9ricaine.<\/p>\n<p>Aucune d\u00e9cision n&#39;a \u00e9t\u00e9 prise quant \u00e0 la miseen place des suggestions, lesquelles demande des \u00e9tudes suppl\u00e9mentaires par ladirection de l&#39;\u00e9glise mondiale ainsi que les dirigeants d&#39;Andrews Universitydont le pr\u00e9sident, Niels-Erik Andreasen ne faisait pas partie de la commissiond&#39;\u00e9tude. Une nouvelle d\u00e9cision pourrait \u00eatre officiellement envisag\u00e9e au plust\u00f4t lors du Concile Annuel d&#39;Automne 2010 ont indiqu\u00e9 les responsables del&#39;\u00e9glise.<\/p>\n<p>\u00ab\u00a0C&#39;est une d\u00e9cision majeure que noussommes en train de prendre,\u00a0\u00bb a dit pasteur jan Paulsen, pr\u00e9sident del&#39;\u00e9glise Adventiste mondiale et lui m\u00eame un \u00e9ducateur Adventiste v\u00e9t\u00e9ran.\u00a0\u00bbSi nous suivons cette direction&#8230;Griggs telle que nous la connaissonsaujourd&#39;hui cessera d&#39;exister.\u00a0\u00bb<\/p>\n<p>La configuration actuelle de Griggs, a faitremarquer Jan Paulsen, \u00ab\u00a0n&#39;est pas un mod\u00e8le viable pour l&#39;avenir.\u00a0\u00bb<\/p>\n<p>Aen plus des changements dans l&#39;orientation deGriggs, le comit\u00e9 a fait trois recommandations suppl\u00e9mentaires:<\/p>\n<p>&#8211; La nouvelle entit\u00e9 d&#39;enseignement \u00e0 distance\u00a0\u00bbgarderait les modules d&#39;enseignement \u00e0 distance actuels  de Griggs et Andrews; cr\u00e9erait de nouvellesoptions acad\u00e9miques et des programmes informels pour r\u00e9pondre aux besoins del&#39;Eglise Mondiale avec les ressources disponibles; et s&#39;engagerait avec denouveaux partenaires par des accords inter-\u00e9coles.\u00a0\u00bb<\/p>\n<p>&#8211; Le rapport a invit\u00e9 l&#39;administration \u00e0\u00a0\u00bbcr\u00e9er un noyau central avec les enseignants et le personnel; et aussi \u00e0offrir et \u00e0 exiger pour eux une formation sp\u00e9cifique, y compris l&#39;int\u00e9gration dela foi avec l&#39;apprentissage acad\u00e9mique, pour les diff\u00e9rentes formulesd&#39;enseignement \u00e0 distance; [et] aussi assurer les \u00e9changes de professeurs avecles autres institutions [Adventistes] \u00e0 travers le champ mondial autant quepossible.\u00a0\u00bb<\/p>\n<p>&#8211; Et, \u00ab\u00a0\u00e9tablir un syst\u00e8me d&#39;\u00e9valuationcontinue en s&#39;inspirant de l&#39;accr\u00e9ditation r\u00e9gionale [d&#39;Andrews University] et (d&#39;autrespartenaires), [Le Concile sur l&#39;Enseignement et la Formation \u00e0 Distance, unorganisme priv\u00e9] pour utilisation avec des services d&#39;affiliation non traditionnelset d&#39;urgence, [ainsi que l&#39;Association Adventiste d&#39;Accr\u00e9ditation] pours&#39;assurer de la pr\u00e9sence des croyances et des valeurs fondamentales Adventistes;tout ceci n\u00e9cessite une auto \u00e9valuation dans le cadre d&#39;un fonctionnementr\u00e9gulier.\u00a0\u00bb<\/p>\n<p>\u00ab\u00a0Nous avons des enseignants ayant uneexpertise dans chaque discipline, mais ils sont diss\u00e9min\u00e9s \u00e0 travers lemonde,\u00a0\u00bb a indiqu\u00e9 aux d\u00e9l\u00e9gu\u00e9s la pr\u00e9sidente de la commission d&#39;\u00e9tude, DrElla Simmons, vice-pr\u00e9sidente de l&#39;\u00e9glise mondiale. \u00ab\u00a0Gr\u00e2ce aux possibilit\u00e9sd&#39;enseignement \u00e0 distance, nous pouvons entrer en contact avec ces enseignantso\u00f9 qu&#39;ils se trouvent  et les rendredisponibles pour les programmes qui auraient besoin d&#39;eux.\u00a0\u00bb<\/p>\n<p>Dr Ronald Sahly, pr\u00e9sident de Griggs etadministrateur v\u00e9t\u00e9ran dans l&#39;\u00e9ducation Adventiste, a d\u00e9clar\u00e9 que le rapport\u00a0\u00bbsoutient le besoin de l&#39;enseignement \u00e0 distance\u00a0\u00bb dans l&#39;EgliseAdventiste du Septi\u00e8me jour ainsi que la \u00ab\u00a0mission de Griggs pour l&#39;\u00e9glisemondiale.\u00a0\u00bb<\/p>\n<p>L&#39;objectif de toute proposition de changement,a t-il ajout\u00e9, serait de \u00ab\u00a0renforcer la position de Griggs afin de servirles \u00e9tudiants \u00e0 l&#39;int\u00e9rieur et \u00e0 l&#39;ext\u00e9rieur de l&#39;\u00e9glise, au niveau national etinternational.\u00a0\u00bb<\/p>\n<p>Au cours des discussions, les d\u00e9l\u00e9gu\u00e9s \u00e0 laRencontre de Printemps \u00e9taient d&#39;accord sur le fait qu&#39;il \u00e9tait n\u00e9cessaire defaire quelque chose pour renforcer l&#39;enseignement Adventiste \u00e0 distance. DrRichard Hart, pr\u00e9sident de Loma Linda University, a d\u00e9clar\u00e9 que les m\u00eamesfacteurs qui affectent Griggs avaient aussi un impact sur d&#39;autres institutionsen Am\u00e9rique du Nord et a invit\u00e9 le groupe d&#39;\u00e9tude \u00e0 travailler avec leConsortium de l&#39;Education Num\u00e9rique Adventiste bas\u00e9 dans la division, unesuggestion \u00e0 laquelle Ella Simmons a acquiesc\u00e9. <\/p>\n<p>Le pr\u00e9sident d&#39;Andrews University, Niels ErikAndreasen a indiqu\u00e9 que l&#39;institution qu&#39;il dirige aura besoin d&#39;un peu detemps \u00e9galement pour dig\u00e9rer les recommandations.<\/p>\n<p>\u00ab\u00a0Nous prenons connaissance de ces id\u00e9espratiquement pour la premi\u00e8re fois,\u00a0\u00bb a dit Andreasen au cours de larencontre. \u00ab\u00a0Il nous faut prendre du temps pour mener notre propreinvestigation,\u00a0\u00bb a t-il ajout\u00e9, ce qui impliquerait que nous \u00e9valuions cesid\u00e9es en consid\u00e9rant la mission, les ressources, l&#39;aspect financier del&#39;universit\u00e9 ainsi que notre accr\u00e9ditation; tout cela est essentiel. Ce sontdes questions cl\u00e9s qui n\u00e9cessitent du temps et du travail.\u00a0\u00bb<\/p>\n<p>Rappelant l&#39;importance de l&#39;\u0153uvre m\u00e9dicale Adventistedans plusieurs communaut\u00e9s, Jan Paulsen a d\u00e9clar\u00e9 qu&#39;il y a des questions audel\u00e0 m\u00eame des besoins \u00e9ducatifs de l&#39;\u00e9glise qui doivent aussi \u00eatre consid\u00e9r\u00e9es.<\/p>\n<p>\u00ab\u00a0Nous avons une bonne tradition danscette \u00e9glise&#8230;.c&#39;est celle de notre engagement dans les communaut\u00e9s et nationso\u00f9 nous nous trouvons. Nos sommes engag\u00e9s d&#39;une certaine fa\u00e7on, dans une sortede construction de communaut\u00e9,\u00a0\u00bb a indiqu\u00e9 Jan Paulsen.<\/p>\n<p>L&#39;\u00e9glise, gr\u00e2ce \u00e0 un tel instrument peut \u00eatre r\u00e9ellementvue comme un bon partenaire dans cette construction de communaut\u00e9. Il y a desretomb\u00e9es qui peuvent \u00eatre vraiment tr\u00e8s utiles \u00e0 l&#39;\u00e9glise. Il y a une bonner\u00e9putation qui peut en d\u00e9couler et cela ne devrait pas \u00eatre n\u00e9glig\u00e9.\u00a0\u00bb<\/p>\n","protected":false},"excerpt":{"rendered":"<p>Un important plan visant \u00e0 r\u00e9organiser GriggsUniversity et Griggs International Academy, l&#39;institution d&#39;enseignement \u00e0distance de l&#39;Eglise Adventiste du Septi\u00e8me jour, vieille de 101 ans, a \u00e9t&#038;eacu<\/p>\n","protected":false},"author":1,"featured_media":0,"comment_status":"closed","ping_status":"closed","sticky":false,"template":"","format":"standard","meta":{"_acf_changed":false,"footnotes":""},"categories":[9],"tags":[],"class_list":["post-13326","post","type-post","status-publish","format-standard","hentry","category-archive-fr"],"acf":[],"yoast_head":"<!-- This site is optimized with the Yoast SEO plugin v27.3 - https:\/\/yoast.com\/product\/yoast-seo-wordpress\/ -->\n<title>Selon des changements propos\u00e9s, GriggsInternational devrait \u00eatre scind\u00e9 et aussi changer d&#039;adresse - \u00c9glise Adventiste Du Septieme Jour - Inter Am\u00e9rique Division<\/title>\n<meta name=\"robots\" content=\"index, follow, max-snippet:-1, max-image-preview:large, max-video-preview:-1\" \/>\n<link rel=\"canonical\" href=\"https:\/\/interamerica.org\/fr\/2010\/04\/selon-des-changements-proposes-griggsinternational-devrait-etre-scinde-et-aussi-changer-dadresse\/\" \/>\n<meta property=\"og:locale\" content=\"fr_FR\" \/>\n<meta property=\"og:type\" content=\"article\" \/>\n<meta property=\"og:title\" content=\"Selon des changements propos\u00e9s, GriggsInternational devrait \u00eatre scind\u00e9 et aussi changer d&#039;adresse - \u00c9glise Adventiste Du Septieme Jour - Inter Am\u00e9rique Division\" \/>\n<meta property=\"og:description\" content=\"Un important plan visant \u00e0 r\u00e9organiser GriggsUniversity et Griggs International Academy, l&#039;institution d&#039;enseignement \u00e0distance de l&#039;Eglise Adventiste du Septi\u00e8me jour, vieille de 101 ans, a \u00e9t&amp;eacu\" \/>\n<meta property=\"og:url\" content=\"https:\/\/interamerica.org\/fr\/2010\/04\/selon-des-changements-proposes-griggsinternational-devrait-etre-scinde-et-aussi-changer-dadresse\/\" \/>\n<meta property=\"og:site_name\" content=\"\u00c9glise Adventiste Du Septieme Jour - Inter Am\u00e9rique Division\" \/>\n<meta property=\"article:published_time\" content=\"2010-04-07T04:00:00+00:00\" \/>\n<meta property=\"article:modified_time\" content=\"2017-06-02T17:04:22+00:00\" \/>\n<meta name=\"author\" content=\"Lorenzo Verduzco\" \/>\n<meta name=\"twitter:card\" content=\"summary_large_image\" \/>\n<meta name=\"twitter:label1\" content=\"\u00c9crit par\" \/>\n\t<meta name=\"twitter:data1\" content=\"Lorenzo Verduzco\" \/>\n\t<meta name=\"twitter:label2\" content=\"Dur\u00e9e de lecture estim\u00e9e\" \/>\n\t<meta name=\"twitter:data2\" content=\"5 minutes\" \/>\n<script type=\"application\/ld+json\" class=\"yoast-schema-graph\">{\"@context\":\"https:\\\/\\\/schema.org\",\"@graph\":[{\"@type\":\"Article\",\"@id\":\"https:\\\/\\\/interamerica.org\\\/fr\\\/2010\\\/04\\\/selon-des-changements-proposes-griggsinternational-devrait-etre-scinde-et-aussi-changer-dadresse\\\/#article\",\"isPartOf\":{\"@id\":\"https:\\\/\\\/interamerica.org\\\/fr\\\/2010\\\/04\\\/selon-des-changements-proposes-griggsinternational-devrait-etre-scinde-et-aussi-changer-dadresse\\\/\"},\"author\":{\"name\":\"Lorenzo Verduzco\",\"@id\":\"https:\\\/\\\/interamerica.org\\\/fr\\\/#\\\/schema\\\/person\\\/68ede8bdc292885bb76c1e3810e73c39\"},\"headline\":\"Selon des changements propos\u00e9s, GriggsInternational devrait \u00eatre scind\u00e9 et aussi changer d&#39;adresse\",\"datePublished\":\"2010-04-07T04:00:00+00:00\",\"dateModified\":\"2017-06-02T17:04:22+00:00\",\"mainEntityOfPage\":{\"@id\":\"https:\\\/\\\/interamerica.org\\\/fr\\\/2010\\\/04\\\/selon-des-changements-proposes-griggsinternational-devrait-etre-scinde-et-aussi-changer-dadresse\\\/\"},\"wordCount\":1021,\"articleSection\":[\"Archive\"],\"inLanguage\":\"fr-FR\"},{\"@type\":\"WebPage\",\"@id\":\"https:\\\/\\\/interamerica.org\\\/fr\\\/2010\\\/04\\\/selon-des-changements-proposes-griggsinternational-devrait-etre-scinde-et-aussi-changer-dadresse\\\/\",\"url\":\"https:\\\/\\\/interamerica.org\\\/fr\\\/2010\\\/04\\\/selon-des-changements-proposes-griggsinternational-devrait-etre-scinde-et-aussi-changer-dadresse\\\/\",\"name\":\"Selon des changements propos\u00e9s, GriggsInternational devrait \u00eatre scind\u00e9 et aussi changer d&#39;adresse - \u00c9glise Adventiste Du Septieme Jour - Inter Am\u00e9rique Division\",\"isPartOf\":{\"@id\":\"https:\\\/\\\/interamerica.org\\\/fr\\\/#website\"},\"datePublished\":\"2010-04-07T04:00:00+00:00\",\"dateModified\":\"2017-06-02T17:04:22+00:00\",\"author\":{\"@id\":\"https:\\\/\\\/interamerica.org\\\/fr\\\/#\\\/schema\\\/person\\\/68ede8bdc292885bb76c1e3810e73c39\"},\"breadcrumb\":{\"@id\":\"https:\\\/\\\/interamerica.org\\\/fr\\\/2010\\\/04\\\/selon-des-changements-proposes-griggsinternational-devrait-etre-scinde-et-aussi-changer-dadresse\\\/#breadcrumb\"},\"inLanguage\":\"fr-FR\",\"potentialAction\":[{\"@type\":\"ReadAction\",\"target\":[\"https:\\\/\\\/interamerica.org\\\/fr\\\/2010\\\/04\\\/selon-des-changements-proposes-griggsinternational-devrait-etre-scinde-et-aussi-changer-dadresse\\\/\"]}]},{\"@type\":\"BreadcrumbList\",\"@id\":\"https:\\\/\\\/interamerica.org\\\/fr\\\/2010\\\/04\\\/selon-des-changements-proposes-griggsinternational-devrait-etre-scinde-et-aussi-changer-dadresse\\\/#breadcrumb\",\"itemListElement\":[{\"@type\":\"ListItem\",\"position\":1,\"name\":\"Home\",\"item\":\"https:\\\/\\\/interamerica.org\\\/fr\\\/\"},{\"@type\":\"ListItem\",\"position\":2,\"name\":\"Selon des changements propos\u00e9s, GriggsInternational devrait \u00eatre scind\u00e9 et aussi changer d&#39;adresse\"}]},{\"@type\":\"WebSite\",\"@id\":\"https:\\\/\\\/interamerica.org\\\/fr\\\/#website\",\"url\":\"https:\\\/\\\/interamerica.org\\\/fr\\\/\",\"name\":\"\u00c9glise Adventiste Du Septieme Jour - Inter Am\u00e9rique Division\",\"description\":\"\",\"potentialAction\":[{\"@type\":\"SearchAction\",\"target\":{\"@type\":\"EntryPoint\",\"urlTemplate\":\"https:\\\/\\\/interamerica.org\\\/fr\\\/?s={search_term_string}\"},\"query-input\":{\"@type\":\"PropertyValueSpecification\",\"valueRequired\":true,\"valueName\":\"search_term_string\"}}],\"inLanguage\":\"fr-FR\"},{\"@type\":\"Person\",\"@id\":\"https:\\\/\\\/interamerica.org\\\/fr\\\/#\\\/schema\\\/person\\\/68ede8bdc292885bb76c1e3810e73c39\",\"name\":\"Lorenzo Verduzco\",\"image\":{\"@type\":\"ImageObject\",\"inLanguage\":\"fr-FR\",\"@id\":\"https:\\\/\\\/secure.gravatar.com\\\/avatar\\\/fb81a55b6218459490a9c1dc841a34909185b81904c5337b4b27f7a6fd60c49e?s=96&d=mm&r=g\",\"url\":\"https:\\\/\\\/secure.gravatar.com\\\/avatar\\\/fb81a55b6218459490a9c1dc841a34909185b81904c5337b4b27f7a6fd60c49e?s=96&d=mm&r=g\",\"contentUrl\":\"https:\\\/\\\/secure.gravatar.com\\\/avatar\\\/fb81a55b6218459490a9c1dc841a34909185b81904c5337b4b27f7a6fd60c49e?s=96&d=mm&r=g\",\"caption\":\"Lorenzo Verduzco\"}}]}<\/script>\n<!-- \/ Yoast SEO plugin. -->","yoast_head_json":{"title":"Selon des changements propos\u00e9s, GriggsInternational devrait \u00eatre scind\u00e9 et aussi changer d&#39;adresse - \u00c9glise Adventiste Du Septieme Jour - Inter Am\u00e9rique Division","robots":{"index":"index","follow":"follow","max-snippet":"max-snippet:-1","max-image-preview":"max-image-preview:large","max-video-preview":"max-video-preview:-1"},"canonical":"https:\/\/interamerica.org\/fr\/2010\/04\/selon-des-changements-proposes-griggsinternational-devrait-etre-scinde-et-aussi-changer-dadresse\/","og_locale":"fr_FR","og_type":"article","og_title":"Selon des changements propos\u00e9s, GriggsInternational devrait \u00eatre scind\u00e9 et aussi changer d&#39;adresse - \u00c9glise Adventiste Du Septieme Jour - Inter Am\u00e9rique Division","og_description":"Un important plan visant \u00e0 r\u00e9organiser GriggsUniversity et Griggs International Academy, l&#39;institution d&#39;enseignement \u00e0distance de l&#39;Eglise Adventiste du Septi\u00e8me jour, vieille de 101 ans, a \u00e9t&eacu","og_url":"https:\/\/interamerica.org\/fr\/2010\/04\/selon-des-changements-proposes-griggsinternational-devrait-etre-scinde-et-aussi-changer-dadresse\/","og_site_name":"\u00c9glise Adventiste Du Septieme Jour - Inter Am\u00e9rique Division","article_published_time":"2010-04-07T04:00:00+00:00","article_modified_time":"2017-06-02T17:04:22+00:00","author":"Lorenzo Verduzco","twitter_card":"summary_large_image","twitter_misc":{"\u00c9crit par":"Lorenzo Verduzco","Dur\u00e9e de lecture estim\u00e9e":"5 minutes"},"schema":{"@context":"https:\/\/schema.org","@graph":[{"@type":"Article","@id":"https:\/\/interamerica.org\/fr\/2010\/04\/selon-des-changements-proposes-griggsinternational-devrait-etre-scinde-et-aussi-changer-dadresse\/#article","isPartOf":{"@id":"https:\/\/interamerica.org\/fr\/2010\/04\/selon-des-changements-proposes-griggsinternational-devrait-etre-scinde-et-aussi-changer-dadresse\/"},"author":{"name":"Lorenzo Verduzco","@id":"https:\/\/interamerica.org\/fr\/#\/schema\/person\/68ede8bdc292885bb76c1e3810e73c39"},"headline":"Selon des changements propos\u00e9s, GriggsInternational devrait \u00eatre scind\u00e9 et aussi changer d&#39;adresse","datePublished":"2010-04-07T04:00:00+00:00","dateModified":"2017-06-02T17:04:22+00:00","mainEntityOfPage":{"@id":"https:\/\/interamerica.org\/fr\/2010\/04\/selon-des-changements-proposes-griggsinternational-devrait-etre-scinde-et-aussi-changer-dadresse\/"},"wordCount":1021,"articleSection":["Archive"],"inLanguage":"fr-FR"},{"@type":"WebPage","@id":"https:\/\/interamerica.org\/fr\/2010\/04\/selon-des-changements-proposes-griggsinternational-devrait-etre-scinde-et-aussi-changer-dadresse\/","url":"https:\/\/interamerica.org\/fr\/2010\/04\/selon-des-changements-proposes-griggsinternational-devrait-etre-scinde-et-aussi-changer-dadresse\/","name":"Selon des changements propos\u00e9s, GriggsInternational devrait \u00eatre scind\u00e9 et aussi changer d&#39;adresse - \u00c9glise Adventiste Du Septieme Jour - Inter Am\u00e9rique Division","isPartOf":{"@id":"https:\/\/interamerica.org\/fr\/#website"},"datePublished":"2010-04-07T04:00:00+00:00","dateModified":"2017-06-02T17:04:22+00:00","author":{"@id":"https:\/\/interamerica.org\/fr\/#\/schema\/person\/68ede8bdc292885bb76c1e3810e73c39"},"breadcrumb":{"@id":"https:\/\/interamerica.org\/fr\/2010\/04\/selon-des-changements-proposes-griggsinternational-devrait-etre-scinde-et-aussi-changer-dadresse\/#breadcrumb"},"inLanguage":"fr-FR","potentialAction":[{"@type":"ReadAction","target":["https:\/\/interamerica.org\/fr\/2010\/04\/selon-des-changements-proposes-griggsinternational-devrait-etre-scinde-et-aussi-changer-dadresse\/"]}]},{"@type":"BreadcrumbList","@id":"https:\/\/interamerica.org\/fr\/2010\/04\/selon-des-changements-proposes-griggsinternational-devrait-etre-scinde-et-aussi-changer-dadresse\/#breadcrumb","itemListElement":[{"@type":"ListItem","position":1,"name":"Home","item":"https:\/\/interamerica.org\/fr\/"},{"@type":"ListItem","position":2,"name":"Selon des changements propos\u00e9s, GriggsInternational devrait \u00eatre scind\u00e9 et aussi changer d&#39;adresse"}]},{"@type":"WebSite","@id":"https:\/\/interamerica.org\/fr\/#website","url":"https:\/\/interamerica.org\/fr\/","name":"\u00c9glise Adventiste Du Septieme Jour - Inter Am\u00e9rique Division","description":"","potentialAction":[{"@type":"SearchAction","target":{"@type":"EntryPoint","urlTemplate":"https:\/\/interamerica.org\/fr\/?s={search_term_string}"},"query-input":{"@type":"PropertyValueSpecification","valueRequired":true,"valueName":"search_term_string"}}],"inLanguage":"fr-FR"},{"@type":"Person","@id":"https:\/\/interamerica.org\/fr\/#\/schema\/person\/68ede8bdc292885bb76c1e3810e73c39","name":"Lorenzo Verduzco","image":{"@type":"ImageObject","inLanguage":"fr-FR","@id":"https:\/\/secure.gravatar.com\/avatar\/fb81a55b6218459490a9c1dc841a34909185b81904c5337b4b27f7a6fd60c49e?s=96&d=mm&r=g","url":"https:\/\/secure.gravatar.com\/avatar\/fb81a55b6218459490a9c1dc841a34909185b81904c5337b4b27f7a6fd60c49e?s=96&d=mm&r=g","contentUrl":"https:\/\/secure.gravatar.com\/avatar\/fb81a55b6218459490a9c1dc841a34909185b81904c5337b4b27f7a6fd60c49e?s=96&d=mm&r=g","caption":"Lorenzo Verduzco"}}]}},"_links":{"self":[{"href":"https:\/\/interamerica.org\/fr\/wp-json\/wp\/v2\/posts\/13326","targetHints":{"allow":["GET"]}}],"collection":[{"href":"https:\/\/interamerica.org\/fr\/wp-json\/wp\/v2\/posts"}],"about":[{"href":"https:\/\/interamerica.org\/fr\/wp-json\/wp\/v2\/types\/post"}],"author":[{"embeddable":true,"href":"https:\/\/interamerica.org\/fr\/wp-json\/wp\/v2\/users\/1"}],"replies":[{"embeddable":true,"href":"https:\/\/interamerica.org\/fr\/wp-json\/wp\/v2\/comments?post=13326"}],"version-history":[{"count":0,"href":"https:\/\/interamerica.org\/fr\/wp-json\/wp\/v2\/posts\/13326\/revisions"}],"wp:attachment":[{"href":"https:\/\/interamerica.org\/fr\/wp-json\/wp\/v2\/media?parent=13326"}],"wp:term":[{"taxonomy":"category","embeddable":true,"href":"https:\/\/interamerica.org\/fr\/wp-json\/wp\/v2\/categories?post=13326"},{"taxonomy":"post_tag","embeddable":true,"href":"https:\/\/interamerica.org\/fr\/wp-json\/wp\/v2\/tags?post=13326"}],"curies":[{"name":"wp","href":"https:\/\/api.w.org\/{rel}","templated":true}]}}