{"id":13336,"date":"2010-05-04T00:00:00","date_gmt":"2010-05-04T04:00:00","guid":{"rendered":"http:\/\/192.81.217.108\/interamerica\/2010\/05\/nouvelles-de-leglise-adventiste\/"},"modified":"2017-06-02T13:04:16","modified_gmt":"2017-06-02T17:04:16","slug":"nouvelles-de-leglise-adventiste","status":"publish","type":"post","link":"https:\/\/interamerica.org\/fr\/2010\/05\/nouvelles-de-leglise-adventiste\/","title":{"rendered":"Nouvelles de l&#39;Eglise Adventiste"},"content":{"rendered":"<p>4 mai 2010, Silver Spring, Maryland, Etats-Unis&#8230; Staff de ANN <\/p>\n<p>On s&#39;attend \u00e0 ce que des dizaines de milliers d&#39;Adventistes du Septi\u00e8me jour se r\u00e9unissent au \u00ab\u00a0Georgia Dome\u00a0\u00bb d&#39;Atlanta pour la 59\u00e8me Session de l&#39;Eglise Adventiste Mondiale qui se tiendra du 23 juin au 3 juillet.  Pour ceux qui veulent s&#39;informer des nouvelles de la Session, l&#39;\u00e9glise offre plusieurs ressources m\u00e9diatiques pour la couverture des nouvelles, des reportages et des analyses. <\/p>\n<p>Le R\u00e9seau Adventiste de Nouvelles &#39;Adventist News Network&#39;\u00a0\u00bb (ANN) publiera quotidiennement des nouvelles et des reportages sur son site &#39;news.adventist.org,&#39; ainsi que sur son podcast quotidien, &#39;Atlanta 2010 Today&#39;.  De plus, ANN pr\u00e9sentera un programme quotidien de nouvelles t\u00e9l\u00e9vis\u00e9es &#39;Adventist NewsLine&#39; &#8211; Edition de la Session Mondiale, programme retransmis par la station \u00ab\u00a0Hope Channel\u00a0\u00bb \u00e0 6:30 P.M. Heure de l&#39;Est. <\/p>\n<p>Aussi la Revue Advenitste continuera \u00e0 remplir son r\u00f4le historique d&#39;archiviste officiel de la Session avec une \u00e9dition imprim\u00e9e de son magazine.  Des abonn\u00e9s r\u00e9guliers du magazine recevront automatiquement les copies quotidiennes du magazine. <\/p>\n<p>ANN diffusera aussi par &#39;tweet&#39; les informations de derni\u00e8re heure de la Session sur twitter.com\/adventistnews. <\/p>\n<p>Nous voulons que les membres d&#39;\u00e9glise soient inform\u00e9s de ce que font leurs dirigeants, ce qu&#39;ils disent et votent,\u00a0\u00bb a dit Rajmund Dabrowski, directeur de Communication de l&#39;Eglise Adventiste.  \u00ab\u00a0Notre \u00e9quipe pr\u00e9sentera des rapports concernant l&#39;organisation et les points de l&#39;agenda financier, ainsi que des r\u00e9cits des activit\u00e9s, des personnalit\u00e9s et des faits amusants de la Session. <\/p>\n<p>Le podcast journalier d&#39;une heure de ANN sera pr\u00e9sent\u00e9 par l&#39;ancien producteur de la British Broadcasting Corporation John Smith.  Disponible sur la page d&#39;accueil de ANN, &#39;Atlanta 2010 Today&#39; pr\u00e9sentera de mani\u00e8re d\u00e9taill\u00e9e les activit\u00e9s, les entrevues avec les nouveaux dirigeants et les commentaires, ainsi que la couverture des services d&#39;adoration, de musique et de la Parade des Nations de la Session. <\/p>\n<p>\u00ab\u00a0Une session de l&#39;\u00e9glise mondiale est une exp\u00e9rience unique et amusante, et le podcast vous permettra d&#39;\u00eatre au centre d&#39;un \u00e9v\u00e8nement le plus important du calendrier de l&#39;\u00e9glise o\u00f9 les auditeurs pourront partager les exp\u00e9riences des 70.000 Adventistes r\u00e9unis \u00e0 Atlanta,\u00a0\u00bb a avanc\u00e9 Smith. <\/p>\n<p>Smith aura le support d&#39;autres journalistes, y compris des repr\u00e9sentants de &#39;National Public Radio&#39; des Etats-Unis et des reporters chevronn\u00e9s de Session. <\/p>\n<p>Le programme quotidien de nouvelles t\u00e9l\u00e9vis\u00e9es, &#39;Adventist NewsLine&#39;, permettra aux spectateurs d&#39;avoir une id\u00e9e des activit\u00e9s de la Session et un r\u00e9sum\u00e9 des nouvelles du jour.  Le producteur du programme Wiliams Costa Jr. directeur adjoint de Communication de l&#39;\u00e9glise mondiale, a d\u00e9clar\u00e9 que ceci a pour but d&#39;informer l&#39;\u00e9glise mondiale autour des d\u00e9veloppements et des changements en cours. <\/p>\n<p>\u00ab\u00a0Quand nous entretenons une bonne communication, il sera plus ais\u00e9 \u00e0 l&#39;\u00e9glise mondiale de s&#39;assurer de la confiance de tous,\u00a0\u00bb a dit Costa. <\/p>\n<p>Willa Schornmeyer, un reporter chevronn\u00e9 de TV pour KTLA de Los Angeles, sera en charge de la coordination des pr\u00e9sentations de nouvelles t\u00e9l\u00e9vis\u00e9e. <\/p>\n<p>&#39;Atlanta 2010 Today&#39; et &#39;Adventist NewsLine&#39; d\u00e9buteront leur programme de retransmission le mercredi 23 juin.  Pour ce qui concerne les autres nouvelles de la Session, visitez news.adventist.org ou gcsession.org.    <\/p><\/p>\n","protected":false},"excerpt":{"rendered":"<p>On s&#39;attend \u00e0 ce que des dizaines de milliers d&#39;Adventistes du Septi\u00e8me jour se r\u00e9unissent au \u00ab\u00a0Georgia Dome\u00a0\u00bb d&#39;Atlanta pour la 59\u00e8me Session de l&#39;Eglise Adventiste Mondiale qui se tiendra du 23 juin<\/p>\n","protected":false},"author":1,"featured_media":0,"comment_status":"closed","ping_status":"closed","sticky":false,"template":"","format":"standard","meta":{"_acf_changed":false,"footnotes":""},"categories":[9],"tags":[],"class_list":["post-13336","post","type-post","status-publish","format-standard","hentry","category-archive-fr"],"acf":[],"yoast_head":"<!-- This site is optimized with the Yoast SEO plugin v27.3 - https:\/\/yoast.com\/product\/yoast-seo-wordpress\/ -->\n<title>Nouvelles de l&#039;Eglise Adventiste - \u00c9glise Adventiste Du Septieme Jour - Inter Am\u00e9rique Division<\/title>\n<meta name=\"robots\" content=\"index, follow, max-snippet:-1, max-image-preview:large, max-video-preview:-1\" \/>\n<link rel=\"canonical\" href=\"https:\/\/interamerica.org\/fr\/2010\/05\/nouvelles-de-leglise-adventiste\/\" \/>\n<meta property=\"og:locale\" content=\"fr_FR\" \/>\n<meta property=\"og:type\" content=\"article\" \/>\n<meta property=\"og:title\" content=\"Nouvelles de l&#039;Eglise Adventiste - \u00c9glise Adventiste Du Septieme Jour - Inter Am\u00e9rique Division\" \/>\n<meta property=\"og:description\" content=\"On s&#039;attend \u00e0 ce que des dizaines de milliers d&#039;Adventistes du Septi\u00e8me jour se r\u00e9unissent au &quot;Georgia Dome&quot; d&#039;Atlanta pour la 59\u00e8me Session de l&#039;Eglise Adventiste Mondiale qui se tiendra du 23 juin\" \/>\n<meta property=\"og:url\" content=\"https:\/\/interamerica.org\/fr\/2010\/05\/nouvelles-de-leglise-adventiste\/\" \/>\n<meta property=\"og:site_name\" content=\"\u00c9glise Adventiste Du Septieme Jour - Inter Am\u00e9rique Division\" \/>\n<meta property=\"article:published_time\" content=\"2010-05-04T04:00:00+00:00\" \/>\n<meta property=\"article:modified_time\" content=\"2017-06-02T17:04:16+00:00\" \/>\n<meta name=\"author\" content=\"Lorenzo Verduzco\" \/>\n<meta name=\"twitter:card\" content=\"summary_large_image\" \/>\n<meta name=\"twitter:label1\" content=\"\u00c9crit par\" \/>\n\t<meta name=\"twitter:data1\" content=\"Lorenzo Verduzco\" \/>\n\t<meta name=\"twitter:label2\" content=\"Dur\u00e9e de lecture estim\u00e9e\" \/>\n\t<meta name=\"twitter:data2\" content=\"3 minutes\" \/>\n<script type=\"application\/ld+json\" class=\"yoast-schema-graph\">{\"@context\":\"https:\\\/\\\/schema.org\",\"@graph\":[{\"@type\":\"Article\",\"@id\":\"https:\\\/\\\/interamerica.org\\\/fr\\\/2010\\\/05\\\/nouvelles-de-leglise-adventiste\\\/#article\",\"isPartOf\":{\"@id\":\"https:\\\/\\\/interamerica.org\\\/fr\\\/2010\\\/05\\\/nouvelles-de-leglise-adventiste\\\/\"},\"author\":{\"name\":\"Lorenzo Verduzco\",\"@id\":\"https:\\\/\\\/interamerica.org\\\/fr\\\/#\\\/schema\\\/person\\\/68ede8bdc292885bb76c1e3810e73c39\"},\"headline\":\"Nouvelles de l&#39;Eglise Adventiste\",\"datePublished\":\"2010-05-04T04:00:00+00:00\",\"dateModified\":\"2017-06-02T17:04:16+00:00\",\"mainEntityOfPage\":{\"@id\":\"https:\\\/\\\/interamerica.org\\\/fr\\\/2010\\\/05\\\/nouvelles-de-leglise-adventiste\\\/\"},\"wordCount\":567,\"articleSection\":[\"Archive\"],\"inLanguage\":\"fr-FR\"},{\"@type\":\"WebPage\",\"@id\":\"https:\\\/\\\/interamerica.org\\\/fr\\\/2010\\\/05\\\/nouvelles-de-leglise-adventiste\\\/\",\"url\":\"https:\\\/\\\/interamerica.org\\\/fr\\\/2010\\\/05\\\/nouvelles-de-leglise-adventiste\\\/\",\"name\":\"Nouvelles de l&#39;Eglise Adventiste - \u00c9glise Adventiste Du Septieme Jour - Inter Am\u00e9rique Division\",\"isPartOf\":{\"@id\":\"https:\\\/\\\/interamerica.org\\\/fr\\\/#website\"},\"datePublished\":\"2010-05-04T04:00:00+00:00\",\"dateModified\":\"2017-06-02T17:04:16+00:00\",\"author\":{\"@id\":\"https:\\\/\\\/interamerica.org\\\/fr\\\/#\\\/schema\\\/person\\\/68ede8bdc292885bb76c1e3810e73c39\"},\"breadcrumb\":{\"@id\":\"https:\\\/\\\/interamerica.org\\\/fr\\\/2010\\\/05\\\/nouvelles-de-leglise-adventiste\\\/#breadcrumb\"},\"inLanguage\":\"fr-FR\",\"potentialAction\":[{\"@type\":\"ReadAction\",\"target\":[\"https:\\\/\\\/interamerica.org\\\/fr\\\/2010\\\/05\\\/nouvelles-de-leglise-adventiste\\\/\"]}]},{\"@type\":\"BreadcrumbList\",\"@id\":\"https:\\\/\\\/interamerica.org\\\/fr\\\/2010\\\/05\\\/nouvelles-de-leglise-adventiste\\\/#breadcrumb\",\"itemListElement\":[{\"@type\":\"ListItem\",\"position\":1,\"name\":\"Home\",\"item\":\"https:\\\/\\\/interamerica.org\\\/fr\\\/\"},{\"@type\":\"ListItem\",\"position\":2,\"name\":\"Nouvelles de l&#39;Eglise Adventiste\"}]},{\"@type\":\"WebSite\",\"@id\":\"https:\\\/\\\/interamerica.org\\\/fr\\\/#website\",\"url\":\"https:\\\/\\\/interamerica.org\\\/fr\\\/\",\"name\":\"\u00c9glise Adventiste Du Septieme Jour - Inter Am\u00e9rique Division\",\"description\":\"\",\"potentialAction\":[{\"@type\":\"SearchAction\",\"target\":{\"@type\":\"EntryPoint\",\"urlTemplate\":\"https:\\\/\\\/interamerica.org\\\/fr\\\/?s={search_term_string}\"},\"query-input\":{\"@type\":\"PropertyValueSpecification\",\"valueRequired\":true,\"valueName\":\"search_term_string\"}}],\"inLanguage\":\"fr-FR\"},{\"@type\":\"Person\",\"@id\":\"https:\\\/\\\/interamerica.org\\\/fr\\\/#\\\/schema\\\/person\\\/68ede8bdc292885bb76c1e3810e73c39\",\"name\":\"Lorenzo Verduzco\",\"image\":{\"@type\":\"ImageObject\",\"inLanguage\":\"fr-FR\",\"@id\":\"https:\\\/\\\/secure.gravatar.com\\\/avatar\\\/fb81a55b6218459490a9c1dc841a34909185b81904c5337b4b27f7a6fd60c49e?s=96&d=mm&r=g\",\"url\":\"https:\\\/\\\/secure.gravatar.com\\\/avatar\\\/fb81a55b6218459490a9c1dc841a34909185b81904c5337b4b27f7a6fd60c49e?s=96&d=mm&r=g\",\"contentUrl\":\"https:\\\/\\\/secure.gravatar.com\\\/avatar\\\/fb81a55b6218459490a9c1dc841a34909185b81904c5337b4b27f7a6fd60c49e?s=96&d=mm&r=g\",\"caption\":\"Lorenzo Verduzco\"}}]}<\/script>\n<!-- \/ Yoast SEO plugin. -->","yoast_head_json":{"title":"Nouvelles de l&#39;Eglise Adventiste - \u00c9glise Adventiste Du Septieme Jour - Inter Am\u00e9rique Division","robots":{"index":"index","follow":"follow","max-snippet":"max-snippet:-1","max-image-preview":"max-image-preview:large","max-video-preview":"max-video-preview:-1"},"canonical":"https:\/\/interamerica.org\/fr\/2010\/05\/nouvelles-de-leglise-adventiste\/","og_locale":"fr_FR","og_type":"article","og_title":"Nouvelles de l&#39;Eglise Adventiste - \u00c9glise Adventiste Du Septieme Jour - Inter Am\u00e9rique Division","og_description":"On s&#39;attend \u00e0 ce que des dizaines de milliers d&#39;Adventistes du Septi\u00e8me jour se r\u00e9unissent au \"Georgia Dome\" d&#39;Atlanta pour la 59\u00e8me Session de l&#39;Eglise Adventiste Mondiale qui se tiendra du 23 juin","og_url":"https:\/\/interamerica.org\/fr\/2010\/05\/nouvelles-de-leglise-adventiste\/","og_site_name":"\u00c9glise Adventiste Du Septieme Jour - Inter Am\u00e9rique Division","article_published_time":"2010-05-04T04:00:00+00:00","article_modified_time":"2017-06-02T17:04:16+00:00","author":"Lorenzo Verduzco","twitter_card":"summary_large_image","twitter_misc":{"\u00c9crit par":"Lorenzo Verduzco","Dur\u00e9e de lecture estim\u00e9e":"3 minutes"},"schema":{"@context":"https:\/\/schema.org","@graph":[{"@type":"Article","@id":"https:\/\/interamerica.org\/fr\/2010\/05\/nouvelles-de-leglise-adventiste\/#article","isPartOf":{"@id":"https:\/\/interamerica.org\/fr\/2010\/05\/nouvelles-de-leglise-adventiste\/"},"author":{"name":"Lorenzo Verduzco","@id":"https:\/\/interamerica.org\/fr\/#\/schema\/person\/68ede8bdc292885bb76c1e3810e73c39"},"headline":"Nouvelles de l&#39;Eglise Adventiste","datePublished":"2010-05-04T04:00:00+00:00","dateModified":"2017-06-02T17:04:16+00:00","mainEntityOfPage":{"@id":"https:\/\/interamerica.org\/fr\/2010\/05\/nouvelles-de-leglise-adventiste\/"},"wordCount":567,"articleSection":["Archive"],"inLanguage":"fr-FR"},{"@type":"WebPage","@id":"https:\/\/interamerica.org\/fr\/2010\/05\/nouvelles-de-leglise-adventiste\/","url":"https:\/\/interamerica.org\/fr\/2010\/05\/nouvelles-de-leglise-adventiste\/","name":"Nouvelles de l&#39;Eglise Adventiste - \u00c9glise Adventiste Du Septieme Jour - Inter Am\u00e9rique Division","isPartOf":{"@id":"https:\/\/interamerica.org\/fr\/#website"},"datePublished":"2010-05-04T04:00:00+00:00","dateModified":"2017-06-02T17:04:16+00:00","author":{"@id":"https:\/\/interamerica.org\/fr\/#\/schema\/person\/68ede8bdc292885bb76c1e3810e73c39"},"breadcrumb":{"@id":"https:\/\/interamerica.org\/fr\/2010\/05\/nouvelles-de-leglise-adventiste\/#breadcrumb"},"inLanguage":"fr-FR","potentialAction":[{"@type":"ReadAction","target":["https:\/\/interamerica.org\/fr\/2010\/05\/nouvelles-de-leglise-adventiste\/"]}]},{"@type":"BreadcrumbList","@id":"https:\/\/interamerica.org\/fr\/2010\/05\/nouvelles-de-leglise-adventiste\/#breadcrumb","itemListElement":[{"@type":"ListItem","position":1,"name":"Home","item":"https:\/\/interamerica.org\/fr\/"},{"@type":"ListItem","position":2,"name":"Nouvelles de l&#39;Eglise Adventiste"}]},{"@type":"WebSite","@id":"https:\/\/interamerica.org\/fr\/#website","url":"https:\/\/interamerica.org\/fr\/","name":"\u00c9glise Adventiste Du Septieme Jour - Inter Am\u00e9rique Division","description":"","potentialAction":[{"@type":"SearchAction","target":{"@type":"EntryPoint","urlTemplate":"https:\/\/interamerica.org\/fr\/?s={search_term_string}"},"query-input":{"@type":"PropertyValueSpecification","valueRequired":true,"valueName":"search_term_string"}}],"inLanguage":"fr-FR"},{"@type":"Person","@id":"https:\/\/interamerica.org\/fr\/#\/schema\/person\/68ede8bdc292885bb76c1e3810e73c39","name":"Lorenzo Verduzco","image":{"@type":"ImageObject","inLanguage":"fr-FR","@id":"https:\/\/secure.gravatar.com\/avatar\/fb81a55b6218459490a9c1dc841a34909185b81904c5337b4b27f7a6fd60c49e?s=96&d=mm&r=g","url":"https:\/\/secure.gravatar.com\/avatar\/fb81a55b6218459490a9c1dc841a34909185b81904c5337b4b27f7a6fd60c49e?s=96&d=mm&r=g","contentUrl":"https:\/\/secure.gravatar.com\/avatar\/fb81a55b6218459490a9c1dc841a34909185b81904c5337b4b27f7a6fd60c49e?s=96&d=mm&r=g","caption":"Lorenzo Verduzco"}}]}},"_links":{"self":[{"href":"https:\/\/interamerica.org\/fr\/wp-json\/wp\/v2\/posts\/13336","targetHints":{"allow":["GET"]}}],"collection":[{"href":"https:\/\/interamerica.org\/fr\/wp-json\/wp\/v2\/posts"}],"about":[{"href":"https:\/\/interamerica.org\/fr\/wp-json\/wp\/v2\/types\/post"}],"author":[{"embeddable":true,"href":"https:\/\/interamerica.org\/fr\/wp-json\/wp\/v2\/users\/1"}],"replies":[{"embeddable":true,"href":"https:\/\/interamerica.org\/fr\/wp-json\/wp\/v2\/comments?post=13336"}],"version-history":[{"count":0,"href":"https:\/\/interamerica.org\/fr\/wp-json\/wp\/v2\/posts\/13336\/revisions"}],"wp:attachment":[{"href":"https:\/\/interamerica.org\/fr\/wp-json\/wp\/v2\/media?parent=13336"}],"wp:term":[{"taxonomy":"category","embeddable":true,"href":"https:\/\/interamerica.org\/fr\/wp-json\/wp\/v2\/categories?post=13336"},{"taxonomy":"post_tag","embeddable":true,"href":"https:\/\/interamerica.org\/fr\/wp-json\/wp\/v2\/tags?post=13336"}],"curies":[{"name":"wp","href":"https:\/\/api.w.org\/{rel}","templated":true}]}}