{"id":13337,"date":"2010-05-06T00:00:00","date_gmt":"2010-05-06T04:00:00","guid":{"rendered":"http:\/\/192.81.217.108\/interamerica\/2010\/05\/compte-a-rebours-pour-atlanta-comment-sontelus-les-dirigeants-de-leglise\/"},"modified":"2017-06-02T13:04:15","modified_gmt":"2017-06-02T17:04:15","slug":"compte-a-rebours-pour-atlanta-comment-sontelus-les-dirigeants-de-leglise","status":"publish","type":"post","link":"https:\/\/interamerica.org\/fr\/2010\/05\/compte-a-rebours-pour-atlanta-comment-sontelus-les-dirigeants-de-leglise\/","title":{"rendered":"Compte \u00e0 rebours pour Atlanta: Comment sont\u00e9lus les dirigeants de l&#39;\u00e9glise?"},"content":{"rendered":"<p>5 Mai 2010, Silver Spring, Maryland, EtatsUnis&#8230;Elizabeth Lechleitner\/ANN<\/p>\n<p>Pour beaucoup d&#39;Adventistes du Septi\u00e8me jourqui font le voyage \u00e0 la Session de la Conf\u00e9rence G\u00e9n\u00e9rale tous les cinq ans,c&#39;est une occasion longuement anticip\u00e9e de pouvoir c\u00e9l\u00e9brer la culture et lesvaleurs de l&#39;\u00e9glise \u00e0 l&#39;\u00e9chelle mondiale. Mais pour des milliers de d\u00e9l\u00e9gu\u00e9s,c&#39;est aussi un l&#39;occasion d&#39;un vote marathon.<\/p>\n<p>Cet \u00e9t\u00e9 \u00e0 Atlanta en G\u00e9orgie, ces d\u00e9l\u00e9gu\u00e9s consid\u00e9rerontles points qui seront \u00e0 l&#39;ordre du jour, y compris l&#39;\u00e9lection des principaux administrateursde l&#39;\u00e9glise, au cours de cette rencontre administrative internationale qui doitdurer onze jours.<\/p>\n<p>Ils accepteront des rapports pr\u00e9sent\u00e9s par lesdirigeants de l&#39;\u00e9glise mondiale et ceux venant des 13 divisions mondiales del&#39;\u00e9glise, approuveront de nouvelles entit\u00e9s administratives, \u00e9liront desofficiers et des directeurs de d\u00e9partement, proposeront des amendements \u00e0 laconstitution de l&#39;\u00e9glise, aux r\u00e8glements et au Manuel d&#39;\u00e9glise et consid\u00e9rerontun certain nombre de questions diverses ajout\u00e9es \u00e0 l&#39;ordre du jour de lasession par le Comit\u00e9 Ex\u00e9cutif de l&#39;\u00e9glise.<\/p>\n<p>Bien que tous les 2410 d\u00e9l\u00e9gu\u00e9s votent sur lesquestions port\u00e9es \u00e0 l&#39;ordre du jour de la Session, seulement un nombred\u00e9termin\u00e9 d&#39;entre eux nomment les officiers d&#39;\u00e9glise.<\/p>\n<p>Au cours de leur premi\u00e8re journ\u00e9e \u00e0 Atlanta,les d\u00e9l\u00e9gu\u00e9s de chacune des 13 divisions se rencontreront et choisiront parmieux un nombre d\u00e9termin\u00e9 de d\u00e9l\u00e9gu\u00e9s&#8211;g\u00e9n\u00e9ralement environ 235 au total&#8211; quiformeront la Commission de Nominations, selon les directives \u00e9tablies par les r\u00e8glementsde l&#39;\u00e9glise.<\/p>\n<p>Ceux qui auront \u00e9t\u00e9 s\u00e9lectionn\u00e9s comme membresde la Commission de Nominations se rencontreront alors pour recommander descandidats pour les divers postes et d\u00e9partements au si\u00e8ge de l&#39;\u00e9glise qui setrouve \u00e0 Silver Spring dans le Maryland.<\/p>\n<p>Tout candidat choisi par la Commission deNominations est imm\u00e9diatement pr\u00e9sent\u00e9 \u00e0 l&#39;ensemble des d\u00e9l\u00e9gu\u00e9s, et un vote \u00e0la majorit\u00e9 d\u00e9termine si le nomin\u00e9 est \u00e9lu. Si il ou elle ne l&#39;est pas, laCommission de Nominations se r\u00e9unit \u00e0 nouveau pour proposer quelqu&#39;un d&#39;autre.<\/p>\n<p>Les plus importantes positions administrativesde l&#39;\u00e9glise, celles de pr\u00e9sident de l&#39;\u00e9glise mondiale, de secr\u00e9taire et de tr\u00e9sorier,sont les premi\u00e8res \u00e0 faire l&#39;objet de nominations. Ensuite on proc\u00e8de \u00e0 lanomination des pr\u00e9sidents de divisions, d&#39;apr\u00e8s ce qu&#39;indiquent les r\u00e8glements.<\/p>\n<p>Bien que les membres de la Commission deNominations soient libres de recommander la r\u00e9\u00e9lection de sortants, ils peuvent\u00e9galement sugg\u00e9rer le nom d&#39;autres candidats. S&#39;il est vrai que le processusest moins direct que par exemple, les \u00e9lections nationales, les responsables del&#39;\u00e9glise indiquent qu&#39;il est con\u00e7u pour d\u00e9courager l&#39;organisation de campagnesdans la p\u00e9riode qui m\u00e8ne \u00e0 la Session en diminuant le temps entre la nominationet le vote.<\/p>\n<p>La Constitution de l&#39;\u00e9glise ne dicte pas demani\u00e8re sp\u00e9cifique la composition du groupe des d\u00e9l\u00e9gu\u00e9s, mais \u00ab\u00a0on assume et ons&#39;attend\u00a0\u00bb \u00e0 ce que le groupe de d\u00e9l\u00e9gu\u00e9s inclue des repr\u00e9sentants des deuxsexes, ainsi qu&#39;une grande diversit\u00e9 de tranche d&#39;\u00e2ges et de nationalit\u00e9s, ad\u00e9clar\u00e9 Larry Evans, sous secr\u00e9taire de l&#39;\u00e9glise mondiale.<\/p>\n<p>Les 300 membres du Comit\u00e9 Ex\u00e9cutif de l&#39;\u00e9glisequi comprend des repr\u00e9sentants de chacune des 13 divisions, sontautomatiquement consid\u00e9r\u00e9s comme des d\u00e9l\u00e9gu\u00e9s de la Session. Les 2000 etquelques autres d\u00e9l\u00e9gu\u00e9s sont choisis de mani\u00e8re proportionnelle comme pr\u00e9cis\u00e9dans la Constitution de l&#39;\u00e9glise. Parmi les facteurs pris en consid\u00e9rations ily a le nombre de membres ainsi que le nombre et la taille d&#39;entit\u00e9sadministratives et d&#39;institutions r\u00e9gionales dans une division donn\u00e9e. Desquotas minimum sont \u00e9galement mis en place pour s&#39;assurer que les la\u00efcs et lesemploy\u00e9s non administratifs soient repr\u00e9sent\u00e9s parmi les d\u00e9l\u00e9gu\u00e9s.<\/p>\n<p>Bien qu&#39;il soit impossible d&#39;\u00e9liminer ce qu&#39;ilappelle le \u00ab\u00a0facteur humain\u00a0\u00bb du processus de nomination et de vote,Lowell Cooper, un des vice-pr\u00e9sidents de l&#39;\u00e9glise mondiale, a indiqu\u00e9 que laproc\u00e9dure n&#39;est pas orient\u00e9e vers l&#39;auto promotion.<\/p>\n<p>\u00ab\u00a0Ce n&#39;est pas tant la personne quicherche le poste, mais plut\u00f4t la fonction qui recherche la personne,\u00a0\u00bbrendant la notion de campagne d\u00e9risoire, a dit Lowell Cooper.<\/p>\n<p>M\u00eame si un nomin\u00e9 potentiel essayaitd&#39;influencer les votes en sa faveur, Larry Evans a pr\u00e9cis\u00e9 qu&#39;il est pratiquementimpossible de d\u00e9terminer le vote d&#39;un d\u00e9l\u00e9gu\u00e9 sur toutes les questions, vu laquantit\u00e9 de points \u00e0 l&#39;ordre du jour qui sont consid\u00e9r\u00e9s au cours de la Session.<\/p>\n<p>\u00ab\u00a0Etant donn\u00e9 le nombre important de questionssoumises au vote \u00e0 la Session, il n&#39;y a aucun moyen possible de pr\u00e9dire chaquevote, ou de &#39;bourrer les urnes&#39;\u00a0\u00bb a indiqu\u00e9 Larry Evans.<\/p>\n<p>Lors de la Session, les d\u00e9l\u00e9gu\u00e9s re\u00e7oivent unordre du jour pr\u00e9par\u00e9 contenant les points \u00e0 voter, d\u00e9sign\u00e9s par le termerecommandation. Ces points sont approuv\u00e9s \u00e0 l&#39;avance par le Comit\u00e9 Ex\u00e9cutif del&#39;\u00e9glise, un processus qui est d\u00e9crit dans la Constitution de l&#39;\u00e9glise et con\u00e7upour donner aux dirigeants de l&#39;\u00e9glise le temps de consid\u00e9rer les implicationsde n&#39;importe lequel de ces points bien avant qu&#39;il ne soit soumis au vote, apr\u00e9cis\u00e9 Larry Evans. Bien que des d\u00e9l\u00e9gu\u00e9s, \u00e0 titre individuel, peuvent toujours\u00a0\u00bbtechniquement\u00a0\u00bb ajouter ou retrancher des points \u00e0 l&#39;ordre du jour,de telles nouvelles propositions sont en g\u00e9n\u00e9ral transmises \u00e0 un comit\u00e9d&#39;orientation pour consid\u00e9ration ult\u00e9rieure, a t-il dit.<\/p>\n<p>\u00ab\u00a0Vu que chaque changement demande \u00e0 \u00eatreconsid\u00e9r\u00e9 de mani\u00e8re substantielle avant qu&#39;il ne soit soumis au vote, il estpeu probable que l&#39;ordre du jour change au cours de la Session,\u00a0\u00bb a t-ilajout\u00e9.<\/p>\n","protected":false},"excerpt":{"rendered":"<p>Pour beaucoup d&#39;Adventistes du Septi\u00e8me jourqui font le voyage \u00e0 la Session de la Conf\u00e9rence G\u00e9n\u00e9rale tous les cinq ans,c&#39;est une occasion longuement anticip\u00e9e de pouvoir c\u00e9l\u00e9brer l<\/p>\n","protected":false},"author":1,"featured_media":0,"comment_status":"closed","ping_status":"closed","sticky":false,"template":"","format":"standard","meta":{"_acf_changed":false,"footnotes":""},"categories":[9],"tags":[],"class_list":["post-13337","post","type-post","status-publish","format-standard","hentry","category-archive-fr"],"acf":[],"yoast_head":"<!-- This site is optimized with the Yoast SEO plugin v27.3 - https:\/\/yoast.com\/product\/yoast-seo-wordpress\/ -->\n<title>Compte \u00e0 rebours pour Atlanta: Comment sont\u00e9lus les dirigeants de l&#039;\u00e9glise? - \u00c9glise Adventiste Du Septieme Jour - Inter Am\u00e9rique Division<\/title>\n<meta name=\"robots\" content=\"index, follow, max-snippet:-1, max-image-preview:large, max-video-preview:-1\" \/>\n<link rel=\"canonical\" href=\"https:\/\/interamerica.org\/fr\/2010\/05\/compte-a-rebours-pour-atlanta-comment-sontelus-les-dirigeants-de-leglise\/\" \/>\n<meta property=\"og:locale\" content=\"fr_FR\" \/>\n<meta property=\"og:type\" content=\"article\" \/>\n<meta property=\"og:title\" content=\"Compte \u00e0 rebours pour Atlanta: Comment sont\u00e9lus les dirigeants de l&#039;\u00e9glise? - \u00c9glise Adventiste Du Septieme Jour - Inter Am\u00e9rique Division\" \/>\n<meta property=\"og:description\" content=\"Pour beaucoup d&#039;Adventistes du Septi\u00e8me jourqui font le voyage \u00e0 la Session de la Conf\u00e9rence G\u00e9n\u00e9rale tous les cinq ans,c&#039;est une occasion longuement anticip\u00e9e de pouvoir c\u00e9l\u00e9brer l\" \/>\n<meta property=\"og:url\" content=\"https:\/\/interamerica.org\/fr\/2010\/05\/compte-a-rebours-pour-atlanta-comment-sontelus-les-dirigeants-de-leglise\/\" \/>\n<meta property=\"og:site_name\" content=\"\u00c9glise Adventiste Du Septieme Jour - Inter Am\u00e9rique Division\" \/>\n<meta property=\"article:published_time\" content=\"2010-05-06T04:00:00+00:00\" \/>\n<meta property=\"article:modified_time\" content=\"2017-06-02T17:04:15+00:00\" \/>\n<meta name=\"author\" content=\"Lorenzo Verduzco\" \/>\n<meta name=\"twitter:card\" content=\"summary_large_image\" \/>\n<meta name=\"twitter:label1\" content=\"\u00c9crit par\" \/>\n\t<meta name=\"twitter:data1\" content=\"Lorenzo Verduzco\" \/>\n\t<meta name=\"twitter:label2\" content=\"Dur\u00e9e de lecture estim\u00e9e\" \/>\n\t<meta name=\"twitter:data2\" content=\"5 minutes\" \/>\n<script type=\"application\/ld+json\" class=\"yoast-schema-graph\">{\"@context\":\"https:\\\/\\\/schema.org\",\"@graph\":[{\"@type\":\"Article\",\"@id\":\"https:\\\/\\\/interamerica.org\\\/fr\\\/2010\\\/05\\\/compte-a-rebours-pour-atlanta-comment-sontelus-les-dirigeants-de-leglise\\\/#article\",\"isPartOf\":{\"@id\":\"https:\\\/\\\/interamerica.org\\\/fr\\\/2010\\\/05\\\/compte-a-rebours-pour-atlanta-comment-sontelus-les-dirigeants-de-leglise\\\/\"},\"author\":{\"name\":\"Lorenzo Verduzco\",\"@id\":\"https:\\\/\\\/interamerica.org\\\/fr\\\/#\\\/schema\\\/person\\\/68ede8bdc292885bb76c1e3810e73c39\"},\"headline\":\"Compte \u00e0 rebours pour Atlanta: Comment sont\u00e9lus les dirigeants de l&#39;\u00e9glise?\",\"datePublished\":\"2010-05-06T04:00:00+00:00\",\"dateModified\":\"2017-06-02T17:04:15+00:00\",\"mainEntityOfPage\":{\"@id\":\"https:\\\/\\\/interamerica.org\\\/fr\\\/2010\\\/05\\\/compte-a-rebours-pour-atlanta-comment-sontelus-les-dirigeants-de-leglise\\\/\"},\"wordCount\":1004,\"articleSection\":[\"Archive\"],\"inLanguage\":\"fr-FR\"},{\"@type\":\"WebPage\",\"@id\":\"https:\\\/\\\/interamerica.org\\\/fr\\\/2010\\\/05\\\/compte-a-rebours-pour-atlanta-comment-sontelus-les-dirigeants-de-leglise\\\/\",\"url\":\"https:\\\/\\\/interamerica.org\\\/fr\\\/2010\\\/05\\\/compte-a-rebours-pour-atlanta-comment-sontelus-les-dirigeants-de-leglise\\\/\",\"name\":\"Compte \u00e0 rebours pour Atlanta: Comment sont\u00e9lus les dirigeants de l&#39;\u00e9glise? - \u00c9glise Adventiste Du Septieme Jour - Inter Am\u00e9rique Division\",\"isPartOf\":{\"@id\":\"https:\\\/\\\/interamerica.org\\\/fr\\\/#website\"},\"datePublished\":\"2010-05-06T04:00:00+00:00\",\"dateModified\":\"2017-06-02T17:04:15+00:00\",\"author\":{\"@id\":\"https:\\\/\\\/interamerica.org\\\/fr\\\/#\\\/schema\\\/person\\\/68ede8bdc292885bb76c1e3810e73c39\"},\"breadcrumb\":{\"@id\":\"https:\\\/\\\/interamerica.org\\\/fr\\\/2010\\\/05\\\/compte-a-rebours-pour-atlanta-comment-sontelus-les-dirigeants-de-leglise\\\/#breadcrumb\"},\"inLanguage\":\"fr-FR\",\"potentialAction\":[{\"@type\":\"ReadAction\",\"target\":[\"https:\\\/\\\/interamerica.org\\\/fr\\\/2010\\\/05\\\/compte-a-rebours-pour-atlanta-comment-sontelus-les-dirigeants-de-leglise\\\/\"]}]},{\"@type\":\"BreadcrumbList\",\"@id\":\"https:\\\/\\\/interamerica.org\\\/fr\\\/2010\\\/05\\\/compte-a-rebours-pour-atlanta-comment-sontelus-les-dirigeants-de-leglise\\\/#breadcrumb\",\"itemListElement\":[{\"@type\":\"ListItem\",\"position\":1,\"name\":\"Home\",\"item\":\"https:\\\/\\\/interamerica.org\\\/fr\\\/\"},{\"@type\":\"ListItem\",\"position\":2,\"name\":\"Compte \u00e0 rebours pour Atlanta: Comment sont\u00e9lus les dirigeants de l&#39;\u00e9glise?\"}]},{\"@type\":\"WebSite\",\"@id\":\"https:\\\/\\\/interamerica.org\\\/fr\\\/#website\",\"url\":\"https:\\\/\\\/interamerica.org\\\/fr\\\/\",\"name\":\"\u00c9glise Adventiste Du Septieme Jour - Inter Am\u00e9rique Division\",\"description\":\"\",\"potentialAction\":[{\"@type\":\"SearchAction\",\"target\":{\"@type\":\"EntryPoint\",\"urlTemplate\":\"https:\\\/\\\/interamerica.org\\\/fr\\\/?s={search_term_string}\"},\"query-input\":{\"@type\":\"PropertyValueSpecification\",\"valueRequired\":true,\"valueName\":\"search_term_string\"}}],\"inLanguage\":\"fr-FR\"},{\"@type\":\"Person\",\"@id\":\"https:\\\/\\\/interamerica.org\\\/fr\\\/#\\\/schema\\\/person\\\/68ede8bdc292885bb76c1e3810e73c39\",\"name\":\"Lorenzo Verduzco\",\"image\":{\"@type\":\"ImageObject\",\"inLanguage\":\"fr-FR\",\"@id\":\"https:\\\/\\\/secure.gravatar.com\\\/avatar\\\/fb81a55b6218459490a9c1dc841a34909185b81904c5337b4b27f7a6fd60c49e?s=96&d=mm&r=g\",\"url\":\"https:\\\/\\\/secure.gravatar.com\\\/avatar\\\/fb81a55b6218459490a9c1dc841a34909185b81904c5337b4b27f7a6fd60c49e?s=96&d=mm&r=g\",\"contentUrl\":\"https:\\\/\\\/secure.gravatar.com\\\/avatar\\\/fb81a55b6218459490a9c1dc841a34909185b81904c5337b4b27f7a6fd60c49e?s=96&d=mm&r=g\",\"caption\":\"Lorenzo Verduzco\"}}]}<\/script>\n<!-- \/ Yoast SEO plugin. -->","yoast_head_json":{"title":"Compte \u00e0 rebours pour Atlanta: Comment sont\u00e9lus les dirigeants de l&#39;\u00e9glise? - \u00c9glise Adventiste Du Septieme Jour - Inter Am\u00e9rique Division","robots":{"index":"index","follow":"follow","max-snippet":"max-snippet:-1","max-image-preview":"max-image-preview:large","max-video-preview":"max-video-preview:-1"},"canonical":"https:\/\/interamerica.org\/fr\/2010\/05\/compte-a-rebours-pour-atlanta-comment-sontelus-les-dirigeants-de-leglise\/","og_locale":"fr_FR","og_type":"article","og_title":"Compte \u00e0 rebours pour Atlanta: Comment sont\u00e9lus les dirigeants de l&#39;\u00e9glise? - \u00c9glise Adventiste Du Septieme Jour - Inter Am\u00e9rique Division","og_description":"Pour beaucoup d&#39;Adventistes du Septi\u00e8me jourqui font le voyage \u00e0 la Session de la Conf\u00e9rence G\u00e9n\u00e9rale tous les cinq ans,c&#39;est une occasion longuement anticip\u00e9e de pouvoir c\u00e9l\u00e9brer l","og_url":"https:\/\/interamerica.org\/fr\/2010\/05\/compte-a-rebours-pour-atlanta-comment-sontelus-les-dirigeants-de-leglise\/","og_site_name":"\u00c9glise Adventiste Du Septieme Jour - Inter Am\u00e9rique Division","article_published_time":"2010-05-06T04:00:00+00:00","article_modified_time":"2017-06-02T17:04:15+00:00","author":"Lorenzo Verduzco","twitter_card":"summary_large_image","twitter_misc":{"\u00c9crit par":"Lorenzo Verduzco","Dur\u00e9e de lecture estim\u00e9e":"5 minutes"},"schema":{"@context":"https:\/\/schema.org","@graph":[{"@type":"Article","@id":"https:\/\/interamerica.org\/fr\/2010\/05\/compte-a-rebours-pour-atlanta-comment-sontelus-les-dirigeants-de-leglise\/#article","isPartOf":{"@id":"https:\/\/interamerica.org\/fr\/2010\/05\/compte-a-rebours-pour-atlanta-comment-sontelus-les-dirigeants-de-leglise\/"},"author":{"name":"Lorenzo Verduzco","@id":"https:\/\/interamerica.org\/fr\/#\/schema\/person\/68ede8bdc292885bb76c1e3810e73c39"},"headline":"Compte \u00e0 rebours pour Atlanta: Comment sont\u00e9lus les dirigeants de l&#39;\u00e9glise?","datePublished":"2010-05-06T04:00:00+00:00","dateModified":"2017-06-02T17:04:15+00:00","mainEntityOfPage":{"@id":"https:\/\/interamerica.org\/fr\/2010\/05\/compte-a-rebours-pour-atlanta-comment-sontelus-les-dirigeants-de-leglise\/"},"wordCount":1004,"articleSection":["Archive"],"inLanguage":"fr-FR"},{"@type":"WebPage","@id":"https:\/\/interamerica.org\/fr\/2010\/05\/compte-a-rebours-pour-atlanta-comment-sontelus-les-dirigeants-de-leglise\/","url":"https:\/\/interamerica.org\/fr\/2010\/05\/compte-a-rebours-pour-atlanta-comment-sontelus-les-dirigeants-de-leglise\/","name":"Compte \u00e0 rebours pour Atlanta: Comment sont\u00e9lus les dirigeants de l&#39;\u00e9glise? - \u00c9glise Adventiste Du Septieme Jour - Inter Am\u00e9rique Division","isPartOf":{"@id":"https:\/\/interamerica.org\/fr\/#website"},"datePublished":"2010-05-06T04:00:00+00:00","dateModified":"2017-06-02T17:04:15+00:00","author":{"@id":"https:\/\/interamerica.org\/fr\/#\/schema\/person\/68ede8bdc292885bb76c1e3810e73c39"},"breadcrumb":{"@id":"https:\/\/interamerica.org\/fr\/2010\/05\/compte-a-rebours-pour-atlanta-comment-sontelus-les-dirigeants-de-leglise\/#breadcrumb"},"inLanguage":"fr-FR","potentialAction":[{"@type":"ReadAction","target":["https:\/\/interamerica.org\/fr\/2010\/05\/compte-a-rebours-pour-atlanta-comment-sontelus-les-dirigeants-de-leglise\/"]}]},{"@type":"BreadcrumbList","@id":"https:\/\/interamerica.org\/fr\/2010\/05\/compte-a-rebours-pour-atlanta-comment-sontelus-les-dirigeants-de-leglise\/#breadcrumb","itemListElement":[{"@type":"ListItem","position":1,"name":"Home","item":"https:\/\/interamerica.org\/fr\/"},{"@type":"ListItem","position":2,"name":"Compte \u00e0 rebours pour Atlanta: Comment sont\u00e9lus les dirigeants de l&#39;\u00e9glise?"}]},{"@type":"WebSite","@id":"https:\/\/interamerica.org\/fr\/#website","url":"https:\/\/interamerica.org\/fr\/","name":"\u00c9glise Adventiste Du Septieme Jour - Inter Am\u00e9rique Division","description":"","potentialAction":[{"@type":"SearchAction","target":{"@type":"EntryPoint","urlTemplate":"https:\/\/interamerica.org\/fr\/?s={search_term_string}"},"query-input":{"@type":"PropertyValueSpecification","valueRequired":true,"valueName":"search_term_string"}}],"inLanguage":"fr-FR"},{"@type":"Person","@id":"https:\/\/interamerica.org\/fr\/#\/schema\/person\/68ede8bdc292885bb76c1e3810e73c39","name":"Lorenzo Verduzco","image":{"@type":"ImageObject","inLanguage":"fr-FR","@id":"https:\/\/secure.gravatar.com\/avatar\/fb81a55b6218459490a9c1dc841a34909185b81904c5337b4b27f7a6fd60c49e?s=96&d=mm&r=g","url":"https:\/\/secure.gravatar.com\/avatar\/fb81a55b6218459490a9c1dc841a34909185b81904c5337b4b27f7a6fd60c49e?s=96&d=mm&r=g","contentUrl":"https:\/\/secure.gravatar.com\/avatar\/fb81a55b6218459490a9c1dc841a34909185b81904c5337b4b27f7a6fd60c49e?s=96&d=mm&r=g","caption":"Lorenzo Verduzco"}}]}},"_links":{"self":[{"href":"https:\/\/interamerica.org\/fr\/wp-json\/wp\/v2\/posts\/13337","targetHints":{"allow":["GET"]}}],"collection":[{"href":"https:\/\/interamerica.org\/fr\/wp-json\/wp\/v2\/posts"}],"about":[{"href":"https:\/\/interamerica.org\/fr\/wp-json\/wp\/v2\/types\/post"}],"author":[{"embeddable":true,"href":"https:\/\/interamerica.org\/fr\/wp-json\/wp\/v2\/users\/1"}],"replies":[{"embeddable":true,"href":"https:\/\/interamerica.org\/fr\/wp-json\/wp\/v2\/comments?post=13337"}],"version-history":[{"count":0,"href":"https:\/\/interamerica.org\/fr\/wp-json\/wp\/v2\/posts\/13337\/revisions"}],"wp:attachment":[{"href":"https:\/\/interamerica.org\/fr\/wp-json\/wp\/v2\/media?parent=13337"}],"wp:term":[{"taxonomy":"category","embeddable":true,"href":"https:\/\/interamerica.org\/fr\/wp-json\/wp\/v2\/categories?post=13337"},{"taxonomy":"post_tag","embeddable":true,"href":"https:\/\/interamerica.org\/fr\/wp-json\/wp\/v2\/tags?post=13337"}],"curies":[{"name":"wp","href":"https:\/\/api.w.org\/{rel}","templated":true}]}}