{"id":13340,"date":"2010-05-18T00:00:00","date_gmt":"2010-05-18T04:00:00","guid":{"rendered":"http:\/\/192.81.217.108\/interamerica\/2010\/05\/les-comites-directeurs-des-institutions-de-la-division-inter-americaine-presentent-des-rapports-sur-les-progres-realises-et-les-plans-a-venir\/"},"modified":"2017-06-02T13:04:13","modified_gmt":"2017-06-02T17:04:13","slug":"les-comites-directeurs-des-institutions-de-la-division-inter-americaine-presentent-des-rapports-sur-les-progres-realises-et-les-plans-a-venir","status":"publish","type":"post","link":"https:\/\/interamerica.org\/fr\/2010\/05\/les-comites-directeurs-des-institutions-de-la-division-inter-americaine-presentent-des-rapports-sur-les-progres-realises-et-les-plans-a-venir\/","title":{"rendered":"Les comit\u00e9s directeurs des institutions de la Division Inter Am\u00e9ricaine pr\u00e9sentent des rapports sur les progr\u00e8s r\u00e9alis\u00e9s et les plans \u00e0 venir"},"content":{"rendered":"<p><em >18 Mai 2010<\/em > &#8211; Miami, Floride, Etats Unis&#8230;[Libna Stevens\/DIA] <\/p>\n<p>Les dirigeants de l&#39;Eglise Adventistes du Septi\u00e8me jour \u00e0 travers l&#39;Inter Am\u00e9rique ont re\u00e7u des informations r\u00e9centes sur le d\u00e9veloppement et les progr\u00e8s financiers des comit\u00e9s directeurs de ses principales institutions au cours de rencontres ayant eu lieu pendant toute la journ\u00e9e d&#39;hier. <\/p>\n<p><strong >IADPA<\/strong > <\/p>\n<p>La Maison d&#39;Edition de la Division Inter Am\u00e9ricaine (IADPA) a indiqu\u00e9 qu&#39;au cours des quatre premiers mois de l&#39;ann\u00e9e 2010, le montant des ventes s&#39;est \u00e9lev\u00e9 \u00e0 un million de dollars, une augmentation annuelle significative depuis 2004. <\/p>\n<p>IADPA a \u00e9galement pr\u00e9sent\u00e9 aux membres du comit\u00e9 et aux dirigeants de l&#39;\u00e9glise une douzaine de nouveau livres qui seront disponibles pour les nombreux dirigeants et membres d&#39;\u00e9glise dans le territoire. Parmi les nouveaux ouvrages, il y a \u00ab\u00a0Lorsque Dieu dit Souviens toi\u00a0\u00bb, un livre missionnaire en format de poche \u00e9crit par Mark Finley. Il pr\u00e9sentera des v\u00e9rit\u00e9s bibliques au sujet du Sabbat, son origine, histoire et son int\u00e9r\u00eat pour aujourd&#39;hui. <\/p>\n<p>\u00ab\u00a0Il y a un peuple qui a besoin du pain de vie en Inter Am\u00e9rique,\u00a0\u00bb a d\u00e9clar\u00e9 pasteur Isra\u00ebl Leito, pr\u00e9sident de l&#39;\u00e9glise Adventiste en Inter Am\u00e9rique, alors qu&#39;il parlait des plans envisag\u00e9s pour ce livres. \u00ab\u00a0Quatre unions ont pris la d\u00e9cision de r\u00e9server 2 millions de copies, et nous voulons encourager les autres unions \u00e0 les rejoindre et \u00e0 penser au travail missionnaire, \u00e0 la possibilit\u00e9 de toucher davantage de personnes dans notre territoire.\u00a0\u00bb <\/p>\n<p>IADPA a \u00e9galement fait un compte rendu de ses divers projets de colportage mis en place, a pr\u00e9sent\u00e9 le livre de m\u00e9ditations pour 2011 et le nouveau cantique Adventiste en espagnol, entre autres choses. Pour une liste des livres et des publications disponibles, visitez le site <a  href=\"http:\/\/www.iadpa.org\/\">www.iadpa.org<\/a > <\/p>\n<p><strong >Comit\u00e9 de l&#39;Universit\u00e9 de<\/strong > <strong >Montemorelos<\/strong > <\/p>\n<p>En tant qu&#39;institution g\u00e9r\u00e9e par la Division Inter Am\u00e9ricaine, l&#39;Universit\u00e9 de Montemorelos, sous la direction de son pr\u00e9sident, Dr Isma\u00ebl Castillo, a pr\u00e9sent\u00e9 au cours de la rencontre de son comit\u00e9 directeur son plan de d\u00e9veloppement pour le campus, le nombres d&#39;inscriptions d&#39;\u00e9tudiants, l&#39;offre de nouvelles fili\u00e8res, et les plans d&#39;expansion. <\/p>\n<p>Une partie de son plan de d\u00e9veloppement du campus sur huit ans inclut la construction de nouveaux dortoirs et d&#39;un auditorium de 4000 places, ainsi qu&#39;une nouvelle entr\u00e9e principale. Sont aussi pr\u00e9vus, l&#39;ach\u00e8vement de la construction de certains b\u00e2timents et salles de classe et la r\u00e9paration de l&#39;\u00e9tablissement hospitalier, ainsi qu&#39; un nouveau laboratoire pour la facult\u00e9 de m\u00e9decine. Les entreprises se trouvant sur le campus devraient \u00eatre transf\u00e9r\u00e9es en dehors du campus. <\/p>\n<p>Le comit\u00e9 de l&#39;Universit\u00e9 de Montemorelos a aussi vot\u00e9 plusieurs nouvelles fili\u00e8res et a nomm\u00e9 du personnel enseignant pour l&#39;institution. <\/p>\n<p>Pour plus d&#39;information sur l&#39;Universit\u00e9 de Montemorelos et ses programmes et activit\u00e9s, rendez vous sur le site <a  href=\"http:\/\/www.um.edu.mx\/\">www.um.edu.mx<\/a > <\/p>\n<p><strong >IATS <\/strong ><\/p>\n<p>Le S\u00e9minaire Th\u00e9ologique de l&#39;Inter Am\u00e9rique (IATS), qui offre des maitrises et des doctorats \u00e0 ses pasteurs \u00e0 travers le territoire, a annonc\u00e9 par le biais de son comit\u00e9 directeur qu&#39;il a obtenu une fois de plus le statut de candidat de la part de l&#39;Association des Ecoles de Th\u00e9ologie depuis f\u00e9vrier 2010 et esp\u00e8re recevoir une accr\u00e9ditation compl\u00e8te un peu plus tard cette ann\u00e9e. <\/p>\n<p>De plus, IATS esp\u00e8re obtenir une accr\u00e9ditation acad\u00e9mique de la part des Middle States pour ses prochains programmes acad\u00e9miques. <\/p>\n<p>Des plans sont \u00e9galement en cours pour offrir une maitrise en minist\u00e8res de la jeunesse, minist\u00e8res d&#39;aum\u00f4nerie, et en \u00e9ducation religieuse, ainsi qu&#39;un doctorat en Nouveau Testament et Ancien Testament. Pour plus d&#39;informations sur IATS et ses programmes, visitez le site <a  href=\"https:\/\/recursing-golick.147-182-135-0.plesk.page\/\">www.interamerica.org<\/a > <\/p>\n<p><strong >IEC<\/strong > <\/p>\n<p>Le Centre Educatif Inter Am\u00e9ricain, un centre offrant des cours de premier cycle en ligne en association avec Griggs University, fait des plans pour augmenter son offre de dipl\u00f4mes au cours des prochaines ann\u00e9es, d&#39;apr\u00e8s ce qu&#39;a indiqu\u00e9 Myrna Costa, directrice du centre et pr\u00e9sidente de Antillean Adventist University \u00e0 Porto Rico. <\/p>\n<p>Le centre esp\u00e8re offrir une maitrise en administration eccl\u00e9siale et leadership, ainsi qu&#39;une maitrise en instruction d&#39;agencement en ligne. Dr Costa a encourag\u00e9 les administrateurs de chacune des unions \u00e0 inscrire au moins dix de leurs enseignants dans leur programme de maitrise. <\/p>\n<p>IEC esp\u00e8re aussi pourvoir aux besoins des centaines d&#39;enseignants dans les \u00e9coles et universit\u00e9s de l&#39;Inter Am\u00e9rique en offrant des dipl\u00f4mes de premier cycle en espagnol, anglais et fran\u00e7ais. Pour plus d&#39;information sur IEC, visitez le site <a  href=\"http:\/\/iec-interamerica.org\/\">http:\/\/iec-interamerica.org<\/a > <\/p>\n<p>Comit\u00e9 de l&#39;Education Sup\u00e9rieure <\/p>\n<p>Le comit\u00e9 de l&#39;Education Sup\u00e9rieure a indiqu\u00e9 que les manuels de Bible pour les \u00e9coles secondaires seront disponibles en trois langues en 2012. Les manuels de classe de Bible pour le niveau primaire ont d\u00e9j\u00e0 \u00e9t\u00e9 distribu\u00e9s \u00e0 des centaines d&#39;\u00e9coles primaires. <\/p>\n<p>Des plans sont en cours pour int\u00e9grer la philosophie Adventiste dans les manuels scolaires qui seront disponibles dans les \u00e9coles Adventistes du territoire dans les trois langues. <\/p>\n<p>\u00ab\u00a0Nous travaillons avec un \u00e9diteur pour incorporer notre philosophie dans tous les sujets enseign\u00e9s dans nos \u00e9coles: anglais, espagnol, math\u00e9matiques, biologie, chimie, physique et autres, de sorte qu&#39;ils soient compatibles avec chaque pays et avec nos crit\u00e8res,\u00a0\u00bb a d\u00e9clar\u00e9 Dr Moises Velasquez, directeur de l&#39;\u00e9ducation pour l&#39;\u00e9glise Adventiste en Inter Am\u00e9rique. Des commissions sp\u00e9ciales ont \u00e9t\u00e9 mises en place pour \u00e9tudier et v\u00e9rifier tous les manuels scolaires qui doivent \u00eatre utilis\u00e9s dans les \u00e9coles Adventistes en Inter Am\u00e9rique. <\/p>\n<p>Les autres recommandations avaient trait \u00e0 l&#39;\u00e9valuation des professeurs, la mise en place de commissions et de coordinateurs pour l&#39;\u00e9ducation dans les trois niveaux d&#39;enseignement. <\/p>\n<p>Les dirigeants de l&#39;\u00e9glise poursuivront leurs rencontres au cours de cette semaine afin de voter sur des initiatives et des plans qui affecteront l&#39;\u00e9glise en Inter Am\u00e9rique. <\/p>\n<p>Pour plus d&#39;information sur les rencontres du Comit\u00e9 Ex\u00e9cutif  Inter Am\u00e9ricain, visitez le site <a  href=\"https:\/\/recursing-golick.147-182-135-0.plesk.page\/\">www.interamerica.org<\/a > <\/p>\n","protected":false},"excerpt":{"rendered":"<p>Les dirigeants de l&#39;Eglise Adventistes duSepti\u00e8me jour \u00e0 travers l&#39;Inter Am\u00e9rique ont re\u00e7u des informations r\u00e9centes surle d\u00e9veloppement et les progr\u00e8s financiers des comit\u00e9s direct<\/p>\n","protected":false},"author":1,"featured_media":0,"comment_status":"closed","ping_status":"closed","sticky":false,"template":"","format":"standard","meta":{"_acf_changed":false,"footnotes":""},"categories":[9],"tags":[],"class_list":["post-13340","post","type-post","status-publish","format-standard","hentry","category-archive-fr"],"acf":[],"yoast_head":"<!-- This site is optimized with the Yoast SEO plugin v27.3 - https:\/\/yoast.com\/product\/yoast-seo-wordpress\/ -->\n<title>Les comit\u00e9s directeurs des institutions de la Division Inter Am\u00e9ricaine pr\u00e9sentent des rapports sur les progr\u00e8s r\u00e9alis\u00e9s et les plans \u00e0 venir - \u00c9glise Adventiste Du Septieme Jour - Inter Am\u00e9rique Division<\/title>\n<meta name=\"robots\" content=\"index, follow, max-snippet:-1, max-image-preview:large, max-video-preview:-1\" \/>\n<link rel=\"canonical\" href=\"https:\/\/interamerica.org\/fr\/2010\/05\/les-comites-directeurs-des-institutions-de-la-division-inter-americaine-presentent-des-rapports-sur-les-progres-realises-et-les-plans-a-venir\/\" \/>\n<meta property=\"og:locale\" content=\"fr_FR\" \/>\n<meta property=\"og:type\" content=\"article\" \/>\n<meta property=\"og:title\" content=\"Les comit\u00e9s directeurs des institutions de la Division Inter Am\u00e9ricaine pr\u00e9sentent des rapports sur les progr\u00e8s r\u00e9alis\u00e9s et les plans \u00e0 venir - \u00c9glise Adventiste Du Septieme Jour - Inter Am\u00e9rique Division\" \/>\n<meta property=\"og:description\" content=\"Les dirigeants de l&#039;Eglise Adventistes duSepti\u00e8me jour \u00e0 travers l&#039;Inter Am\u00e9rique ont re\u00e7u des informations r\u00e9centes surle d\u00e9veloppement et les progr\u00e8s financiers des comit\u00e9s direct\" \/>\n<meta property=\"og:url\" content=\"https:\/\/interamerica.org\/fr\/2010\/05\/les-comites-directeurs-des-institutions-de-la-division-inter-americaine-presentent-des-rapports-sur-les-progres-realises-et-les-plans-a-venir\/\" \/>\n<meta property=\"og:site_name\" content=\"\u00c9glise Adventiste Du Septieme Jour - Inter Am\u00e9rique Division\" \/>\n<meta property=\"article:published_time\" content=\"2010-05-18T04:00:00+00:00\" \/>\n<meta property=\"article:modified_time\" content=\"2017-06-02T17:04:13+00:00\" \/>\n<meta name=\"author\" content=\"Lorenzo Verduzco\" \/>\n<meta name=\"twitter:card\" content=\"summary_large_image\" \/>\n<meta name=\"twitter:label1\" content=\"\u00c9crit par\" \/>\n\t<meta name=\"twitter:data1\" content=\"Lorenzo Verduzco\" \/>\n\t<meta name=\"twitter:label2\" content=\"Dur\u00e9e de lecture estim\u00e9e\" \/>\n\t<meta name=\"twitter:data2\" content=\"5 minutes\" \/>\n<script type=\"application\/ld+json\" class=\"yoast-schema-graph\">{\"@context\":\"https:\\\/\\\/schema.org\",\"@graph\":[{\"@type\":\"Article\",\"@id\":\"https:\\\/\\\/interamerica.org\\\/fr\\\/2010\\\/05\\\/les-comites-directeurs-des-institutions-de-la-division-inter-americaine-presentent-des-rapports-sur-les-progres-realises-et-les-plans-a-venir\\\/#article\",\"isPartOf\":{\"@id\":\"https:\\\/\\\/interamerica.org\\\/fr\\\/2010\\\/05\\\/les-comites-directeurs-des-institutions-de-la-division-inter-americaine-presentent-des-rapports-sur-les-progres-realises-et-les-plans-a-venir\\\/\"},\"author\":{\"name\":\"Lorenzo Verduzco\",\"@id\":\"https:\\\/\\\/interamerica.org\\\/fr\\\/#\\\/schema\\\/person\\\/68ede8bdc292885bb76c1e3810e73c39\"},\"headline\":\"Les comit\u00e9s directeurs des institutions de la Division Inter Am\u00e9ricaine pr\u00e9sentent des rapports sur les progr\u00e8s r\u00e9alis\u00e9s et les plans \u00e0 venir\",\"datePublished\":\"2010-05-18T04:00:00+00:00\",\"dateModified\":\"2017-06-02T17:04:13+00:00\",\"mainEntityOfPage\":{\"@id\":\"https:\\\/\\\/interamerica.org\\\/fr\\\/2010\\\/05\\\/les-comites-directeurs-des-institutions-de-la-division-inter-americaine-presentent-des-rapports-sur-les-progres-realises-et-les-plans-a-venir\\\/\"},\"wordCount\":1090,\"articleSection\":[\"Archive\"],\"inLanguage\":\"fr-FR\"},{\"@type\":\"WebPage\",\"@id\":\"https:\\\/\\\/interamerica.org\\\/fr\\\/2010\\\/05\\\/les-comites-directeurs-des-institutions-de-la-division-inter-americaine-presentent-des-rapports-sur-les-progres-realises-et-les-plans-a-venir\\\/\",\"url\":\"https:\\\/\\\/interamerica.org\\\/fr\\\/2010\\\/05\\\/les-comites-directeurs-des-institutions-de-la-division-inter-americaine-presentent-des-rapports-sur-les-progres-realises-et-les-plans-a-venir\\\/\",\"name\":\"Les comit\u00e9s directeurs des institutions de la Division Inter Am\u00e9ricaine pr\u00e9sentent des rapports sur les progr\u00e8s r\u00e9alis\u00e9s et les plans \u00e0 venir - \u00c9glise Adventiste Du Septieme Jour - Inter Am\u00e9rique Division\",\"isPartOf\":{\"@id\":\"https:\\\/\\\/interamerica.org\\\/fr\\\/#website\"},\"datePublished\":\"2010-05-18T04:00:00+00:00\",\"dateModified\":\"2017-06-02T17:04:13+00:00\",\"author\":{\"@id\":\"https:\\\/\\\/interamerica.org\\\/fr\\\/#\\\/schema\\\/person\\\/68ede8bdc292885bb76c1e3810e73c39\"},\"breadcrumb\":{\"@id\":\"https:\\\/\\\/interamerica.org\\\/fr\\\/2010\\\/05\\\/les-comites-directeurs-des-institutions-de-la-division-inter-americaine-presentent-des-rapports-sur-les-progres-realises-et-les-plans-a-venir\\\/#breadcrumb\"},\"inLanguage\":\"fr-FR\",\"potentialAction\":[{\"@type\":\"ReadAction\",\"target\":[\"https:\\\/\\\/interamerica.org\\\/fr\\\/2010\\\/05\\\/les-comites-directeurs-des-institutions-de-la-division-inter-americaine-presentent-des-rapports-sur-les-progres-realises-et-les-plans-a-venir\\\/\"]}]},{\"@type\":\"BreadcrumbList\",\"@id\":\"https:\\\/\\\/interamerica.org\\\/fr\\\/2010\\\/05\\\/les-comites-directeurs-des-institutions-de-la-division-inter-americaine-presentent-des-rapports-sur-les-progres-realises-et-les-plans-a-venir\\\/#breadcrumb\",\"itemListElement\":[{\"@type\":\"ListItem\",\"position\":1,\"name\":\"Home\",\"item\":\"https:\\\/\\\/interamerica.org\\\/fr\\\/\"},{\"@type\":\"ListItem\",\"position\":2,\"name\":\"Les comit\u00e9s directeurs des institutions de la Division Inter Am\u00e9ricaine pr\u00e9sentent des rapports sur les progr\u00e8s r\u00e9alis\u00e9s et les plans \u00e0 venir\"}]},{\"@type\":\"WebSite\",\"@id\":\"https:\\\/\\\/interamerica.org\\\/fr\\\/#website\",\"url\":\"https:\\\/\\\/interamerica.org\\\/fr\\\/\",\"name\":\"\u00c9glise Adventiste Du Septieme Jour - Inter Am\u00e9rique Division\",\"description\":\"\",\"potentialAction\":[{\"@type\":\"SearchAction\",\"target\":{\"@type\":\"EntryPoint\",\"urlTemplate\":\"https:\\\/\\\/interamerica.org\\\/fr\\\/?s={search_term_string}\"},\"query-input\":{\"@type\":\"PropertyValueSpecification\",\"valueRequired\":true,\"valueName\":\"search_term_string\"}}],\"inLanguage\":\"fr-FR\"},{\"@type\":\"Person\",\"@id\":\"https:\\\/\\\/interamerica.org\\\/fr\\\/#\\\/schema\\\/person\\\/68ede8bdc292885bb76c1e3810e73c39\",\"name\":\"Lorenzo Verduzco\",\"image\":{\"@type\":\"ImageObject\",\"inLanguage\":\"fr-FR\",\"@id\":\"https:\\\/\\\/secure.gravatar.com\\\/avatar\\\/fb81a55b6218459490a9c1dc841a34909185b81904c5337b4b27f7a6fd60c49e?s=96&d=mm&r=g\",\"url\":\"https:\\\/\\\/secure.gravatar.com\\\/avatar\\\/fb81a55b6218459490a9c1dc841a34909185b81904c5337b4b27f7a6fd60c49e?s=96&d=mm&r=g\",\"contentUrl\":\"https:\\\/\\\/secure.gravatar.com\\\/avatar\\\/fb81a55b6218459490a9c1dc841a34909185b81904c5337b4b27f7a6fd60c49e?s=96&d=mm&r=g\",\"caption\":\"Lorenzo Verduzco\"}}]}<\/script>\n<!-- \/ Yoast SEO plugin. -->","yoast_head_json":{"title":"Les comit\u00e9s directeurs des institutions de la Division Inter Am\u00e9ricaine pr\u00e9sentent des rapports sur les progr\u00e8s r\u00e9alis\u00e9s et les plans \u00e0 venir - \u00c9glise Adventiste Du Septieme Jour - Inter Am\u00e9rique Division","robots":{"index":"index","follow":"follow","max-snippet":"max-snippet:-1","max-image-preview":"max-image-preview:large","max-video-preview":"max-video-preview:-1"},"canonical":"https:\/\/interamerica.org\/fr\/2010\/05\/les-comites-directeurs-des-institutions-de-la-division-inter-americaine-presentent-des-rapports-sur-les-progres-realises-et-les-plans-a-venir\/","og_locale":"fr_FR","og_type":"article","og_title":"Les comit\u00e9s directeurs des institutions de la Division Inter Am\u00e9ricaine pr\u00e9sentent des rapports sur les progr\u00e8s r\u00e9alis\u00e9s et les plans \u00e0 venir - \u00c9glise Adventiste Du Septieme Jour - Inter Am\u00e9rique Division","og_description":"Les dirigeants de l&#39;Eglise Adventistes duSepti\u00e8me jour \u00e0 travers l&#39;Inter Am\u00e9rique ont re\u00e7u des informations r\u00e9centes surle d\u00e9veloppement et les progr\u00e8s financiers des comit\u00e9s direct","og_url":"https:\/\/interamerica.org\/fr\/2010\/05\/les-comites-directeurs-des-institutions-de-la-division-inter-americaine-presentent-des-rapports-sur-les-progres-realises-et-les-plans-a-venir\/","og_site_name":"\u00c9glise Adventiste Du Septieme Jour - Inter Am\u00e9rique Division","article_published_time":"2010-05-18T04:00:00+00:00","article_modified_time":"2017-06-02T17:04:13+00:00","author":"Lorenzo Verduzco","twitter_card":"summary_large_image","twitter_misc":{"\u00c9crit par":"Lorenzo Verduzco","Dur\u00e9e de lecture estim\u00e9e":"5 minutes"},"schema":{"@context":"https:\/\/schema.org","@graph":[{"@type":"Article","@id":"https:\/\/interamerica.org\/fr\/2010\/05\/les-comites-directeurs-des-institutions-de-la-division-inter-americaine-presentent-des-rapports-sur-les-progres-realises-et-les-plans-a-venir\/#article","isPartOf":{"@id":"https:\/\/interamerica.org\/fr\/2010\/05\/les-comites-directeurs-des-institutions-de-la-division-inter-americaine-presentent-des-rapports-sur-les-progres-realises-et-les-plans-a-venir\/"},"author":{"name":"Lorenzo Verduzco","@id":"https:\/\/interamerica.org\/fr\/#\/schema\/person\/68ede8bdc292885bb76c1e3810e73c39"},"headline":"Les comit\u00e9s directeurs des institutions de la Division Inter Am\u00e9ricaine pr\u00e9sentent des rapports sur les progr\u00e8s r\u00e9alis\u00e9s et les plans \u00e0 venir","datePublished":"2010-05-18T04:00:00+00:00","dateModified":"2017-06-02T17:04:13+00:00","mainEntityOfPage":{"@id":"https:\/\/interamerica.org\/fr\/2010\/05\/les-comites-directeurs-des-institutions-de-la-division-inter-americaine-presentent-des-rapports-sur-les-progres-realises-et-les-plans-a-venir\/"},"wordCount":1090,"articleSection":["Archive"],"inLanguage":"fr-FR"},{"@type":"WebPage","@id":"https:\/\/interamerica.org\/fr\/2010\/05\/les-comites-directeurs-des-institutions-de-la-division-inter-americaine-presentent-des-rapports-sur-les-progres-realises-et-les-plans-a-venir\/","url":"https:\/\/interamerica.org\/fr\/2010\/05\/les-comites-directeurs-des-institutions-de-la-division-inter-americaine-presentent-des-rapports-sur-les-progres-realises-et-les-plans-a-venir\/","name":"Les comit\u00e9s directeurs des institutions de la Division Inter Am\u00e9ricaine pr\u00e9sentent des rapports sur les progr\u00e8s r\u00e9alis\u00e9s et les plans \u00e0 venir - \u00c9glise Adventiste Du Septieme Jour - Inter Am\u00e9rique Division","isPartOf":{"@id":"https:\/\/interamerica.org\/fr\/#website"},"datePublished":"2010-05-18T04:00:00+00:00","dateModified":"2017-06-02T17:04:13+00:00","author":{"@id":"https:\/\/interamerica.org\/fr\/#\/schema\/person\/68ede8bdc292885bb76c1e3810e73c39"},"breadcrumb":{"@id":"https:\/\/interamerica.org\/fr\/2010\/05\/les-comites-directeurs-des-institutions-de-la-division-inter-americaine-presentent-des-rapports-sur-les-progres-realises-et-les-plans-a-venir\/#breadcrumb"},"inLanguage":"fr-FR","potentialAction":[{"@type":"ReadAction","target":["https:\/\/interamerica.org\/fr\/2010\/05\/les-comites-directeurs-des-institutions-de-la-division-inter-americaine-presentent-des-rapports-sur-les-progres-realises-et-les-plans-a-venir\/"]}]},{"@type":"BreadcrumbList","@id":"https:\/\/interamerica.org\/fr\/2010\/05\/les-comites-directeurs-des-institutions-de-la-division-inter-americaine-presentent-des-rapports-sur-les-progres-realises-et-les-plans-a-venir\/#breadcrumb","itemListElement":[{"@type":"ListItem","position":1,"name":"Home","item":"https:\/\/interamerica.org\/fr\/"},{"@type":"ListItem","position":2,"name":"Les comit\u00e9s directeurs des institutions de la Division Inter Am\u00e9ricaine pr\u00e9sentent des rapports sur les progr\u00e8s r\u00e9alis\u00e9s et les plans \u00e0 venir"}]},{"@type":"WebSite","@id":"https:\/\/interamerica.org\/fr\/#website","url":"https:\/\/interamerica.org\/fr\/","name":"\u00c9glise Adventiste Du Septieme Jour - Inter Am\u00e9rique Division","description":"","potentialAction":[{"@type":"SearchAction","target":{"@type":"EntryPoint","urlTemplate":"https:\/\/interamerica.org\/fr\/?s={search_term_string}"},"query-input":{"@type":"PropertyValueSpecification","valueRequired":true,"valueName":"search_term_string"}}],"inLanguage":"fr-FR"},{"@type":"Person","@id":"https:\/\/interamerica.org\/fr\/#\/schema\/person\/68ede8bdc292885bb76c1e3810e73c39","name":"Lorenzo Verduzco","image":{"@type":"ImageObject","inLanguage":"fr-FR","@id":"https:\/\/secure.gravatar.com\/avatar\/fb81a55b6218459490a9c1dc841a34909185b81904c5337b4b27f7a6fd60c49e?s=96&d=mm&r=g","url":"https:\/\/secure.gravatar.com\/avatar\/fb81a55b6218459490a9c1dc841a34909185b81904c5337b4b27f7a6fd60c49e?s=96&d=mm&r=g","contentUrl":"https:\/\/secure.gravatar.com\/avatar\/fb81a55b6218459490a9c1dc841a34909185b81904c5337b4b27f7a6fd60c49e?s=96&d=mm&r=g","caption":"Lorenzo Verduzco"}}]}},"_links":{"self":[{"href":"https:\/\/interamerica.org\/fr\/wp-json\/wp\/v2\/posts\/13340","targetHints":{"allow":["GET"]}}],"collection":[{"href":"https:\/\/interamerica.org\/fr\/wp-json\/wp\/v2\/posts"}],"about":[{"href":"https:\/\/interamerica.org\/fr\/wp-json\/wp\/v2\/types\/post"}],"author":[{"embeddable":true,"href":"https:\/\/interamerica.org\/fr\/wp-json\/wp\/v2\/users\/1"}],"replies":[{"embeddable":true,"href":"https:\/\/interamerica.org\/fr\/wp-json\/wp\/v2\/comments?post=13340"}],"version-history":[{"count":0,"href":"https:\/\/interamerica.org\/fr\/wp-json\/wp\/v2\/posts\/13340\/revisions"}],"wp:attachment":[{"href":"https:\/\/interamerica.org\/fr\/wp-json\/wp\/v2\/media?parent=13340"}],"wp:term":[{"taxonomy":"category","embeddable":true,"href":"https:\/\/interamerica.org\/fr\/wp-json\/wp\/v2\/categories?post=13340"},{"taxonomy":"post_tag","embeddable":true,"href":"https:\/\/interamerica.org\/fr\/wp-json\/wp\/v2\/tags?post=13340"}],"curies":[{"name":"wp","href":"https:\/\/api.w.org\/{rel}","templated":true}]}}