{"id":13341,"date":"2010-05-19T00:00:00","date_gmt":"2010-05-19T04:00:00","guid":{"rendered":"http:\/\/192.81.217.108\/interamerica\/2010\/05\/inter-amerique-les-dirigeants-de-leglise-debutent-les-rencontres-administratives-en-faisant-le-bilan-des-cinq-dernieres-annees\/"},"modified":"2017-06-02T13:04:13","modified_gmt":"2017-06-02T17:04:13","slug":"inter-amerique-les-dirigeants-de-leglise-debutent-les-rencontres-administratives-en-faisant-le-bilan-des-cinq-dernieres-annees","status":"publish","type":"post","link":"https:\/\/interamerica.org\/fr\/2010\/05\/inter-amerique-les-dirigeants-de-leglise-debutent-les-rencontres-administratives-en-faisant-le-bilan-des-cinq-dernieres-annees\/","title":{"rendered":"Inter Am\u00e9rique: Les dirigeants de l&#39;\u00e9glise d\u00e9butent les rencontres administratives en faisant le bilan des cinq derni\u00e8res ann\u00e9es."},"content":{"rendered":"<p><em >19 Mai 2010<\/em > &#8211; Miami, Floride, Etats Unis&#8230;[Libna Stevens\/DIA] <\/p>\n<p>Le Comit\u00e9 Ex\u00e9cutif de l&#39;Inter Am\u00e9rique a d\u00e9but\u00e9 ses rencontres administratives hier avec une c\u00e9l\u00e9bration sp\u00e9ciale de pri\u00e8re et de louange pour les b\u00e9n\u00e9dictions divines et la croissance continue au cours des cinq derni\u00e8res ann\u00e9es. La c\u00e9r\u00e9monie d&#39;ouverture sp\u00e9ciale, tenue \u00e0 Miami en Floride, avait une tonalit\u00e9 spirituelle, et a \u00e9t\u00e9 l&#39;occasion pour les dirigeants de participer dans les lectures de la Bible, les rapports de progr\u00e8s, et les sessions de pri\u00e8re. <\/p>\n<p>\u00ab\u00a0Nous sommes vraiment reconnaissants pour les 1008066 nouveaux membres qui se sont ajout\u00e9s \u00e0 la famille de croyants dans la Division Inter Am\u00e9ricaine,\u00a0\u00bb a d\u00e9clar\u00e9 pasteur Isra\u00ebl Leito, pr\u00e9sident de l&#39;\u00e9glise Adventiste en Inter Am\u00e9rique. \u00ab\u00a0Ce n&#39;est que gr\u00e2ce \u00e0 l&#39;\u0153uvre du Saint Esprit que tout cela a \u00e9t\u00e9 possible.\u00a0\u00bb <\/p>\n<p>Les leaders ont fait une pause pour consid\u00e9rer le progr\u00e8s r\u00e9alis\u00e9 par l&#39;\u00e9glise lors du dernier quinquennat (2005-2010) au cours duquel il y a eu la cr\u00e9ation de quatre nouvelles unions, trois unions sont devenues des unions de f\u00e9d\u00e9ration, 21 missions sont devenues f\u00e9d\u00e9rations et 17 nouveaux champs ont \u00e9t\u00e9 organis\u00e9s \u00e0 travers le territoire de la Division Inter Am\u00e9ricaine (DIA). Aujourd&#39;hui, la DIA compte 3,2 millions de membres. <\/p>\n<p>Les dirigeants de l&#39;\u00e9glise ont fait l&#39;\u00e9loge des la\u00efcs d\u00e9vou\u00e9s et des ministres consacr\u00e9s pour leur travail ainsi que leur d\u00e9termination \u00e0 proclamer la Parole \u00e0 des milliers de personnes. Les leaders ont \u00e9galement reconnu la fid\u00e9lit\u00e9 des membres qui ont \u00e9t\u00e9 g\u00e9n\u00e9reux dans leurs d\u00eemes et leurs offrandes pour soutenir la mission de l&#39;\u00e9glise, et pour l&#39;unit\u00e9 parmi les diff\u00e9rentes unions lorsqu&#39;il s&#39;agit de venir en aide aux pays voisins lors des catastrophes naturelles. <\/p>\n<p>Dans le cadre du th\u00e8me \u00ab\u00a0Davantage Comme J\u00e9sus,\u00a0\u00bb les dirigeants Adventistes ont pri\u00e9 pour la direction continuelle du Saint Esprit, pour une relation plus profonde avec Christ, pour la pr\u00e9paration pour la Seconde Venue de J\u00e9sus, et pour une croissance continue \u00e0 travers la DIA au cours des cinq prochaines ann\u00e9es. <\/p>\n<p>Pasteur Lowell Cooper, vice-pr\u00e9sident de l&#39;Eglise Adventiste Mondiale, s&#39;est adress\u00e9 aux plus de 100 personnes pr\u00e9sentes. Il les a encourag\u00e9es \u00e0 \u00eatre davantage comme J\u00e9sus, \u00e0 le voir comme la Bible le pr\u00e9sente, \u00e0 imiter son caract\u00e8re et \u00e0 ne pas arr\u00eater de puiser dans la puissance qu&#39;Il offre alors qu&#39;ils dirigent l&#39;\u00e9glise. <\/p>\n<p>\u00ab\u00a0Vous ne pouvez voir une image triste lorsque vous voyez une image du Christ,\u00a0\u00bb a dit pasteur Cooper.\u00a0\u00bbVous devenez joyeux et vous \u00eates pouss\u00e9s \u00e0 l&#39;action. Une \u00e9glise qui voit Christ ne peut \u00eatre une \u00e9glise inactive, elle ne peut \u00eatre un groupe ordinaire de l&#39;humanit\u00e9&#8230;l&#39;\u00e9glise sera t\u00e9moin de la joie et sera pouss\u00e9e \u00e0 l&#39;action. Montrez \u00e0 l&#39;\u00e9glise l&#39;image de J\u00e9sus,\u00a0\u00bb a t-il conclu. <\/p>\n<p>Une fois les rencontres officiellement ouvertes, les dirigeants  d&#39;\u00e9glise ont commenc\u00e9 \u00e0 travailler. <\/p>\n<p>Parmi les points approuv\u00e9s, il y a des rapports d&#39;\u00e9tudes pour de nouveaux champs devant \u00eatre organis\u00e9s et des r\u00e8glements de fonctionnement pour les nouvelles unions de missions organis\u00e9es un peu plus t\u00f4t cette ann\u00e9e, ainsi que des rencontres et op\u00e9rations autoris\u00e9es pour les deux prochaines ann\u00e9es et aussi des amendements aux r\u00e8glements. <\/p>\n<p>Les membres du comit\u00e9 ont aussi vot\u00e9 sur la d\u00e9cision de l&#39;Union Dominicaine et l&#39;Union des West Indies de faire don de leur offrande du 13\u00e8me Sabbat \u00e0 Ha\u00efti au lendemain du s\u00e9isme qui a d\u00e9truit des dizaines d&#39;\u00e9glises et d&#39;\u00e9coles en janvier dernier. Un remerciement sp\u00e9cial a \u00e9t\u00e9 adress\u00e9 \u00e0 la Division de l&#39;Afrique du Centre-Ouest qui a accept\u00e9 de c\u00e9der sa place pour recevoir l&#39;offrande du troisi\u00e8me trimestre 2011 a lieu du quatri\u00e8me trimestre 2010. <\/p>\n<p>\u00ab\u00a0Nous remercions l&#39;Union Dominicaine et l&#39;Union des West Indies pour le sacrifice consenti afin d&#39;aider le travail de l&#39;\u00e9glise en Ha\u00efti,\u00a0\u00bb a d\u00e9clar\u00e9 pasteur Leito. \u00ab\u00a0Ces unions c\u00e8dent leur place sans m\u00eame savoir quand elles seront \u00e0 nouveau sur le calendrier de l&#39;offrande du 13\u00e8me Sabbat dans les ann\u00e9es \u00e0 venir. <\/p>\n<p>L&#39;offrande recueillie sera utilis\u00e9e pour aider \u00e0 la reconstruction et la r\u00e9novation du dortoir des filles \u00e0 l&#39;Universit\u00e9 Adventiste d&#39;Ha\u00efti, ainsi qu&#39;\u00e0 la reconstruction et la r\u00e9novation de 50 \u00e9glises d\u00e9truites ou endommag\u00e9es, et aussi \u00e0 venir en aide \u00e0 un millier d&#39;enfants qui ont besoin de mat\u00e9riel scolaire et de pr\u00e9paration. <\/p>\n<p>Parmi les autres points vot\u00e9s pour la nouvelle strat\u00e9gie de l&#39;\u00e9ducation en Inter Am\u00e9rique pour le nouveau quinquennat, il y a la promotion continue des syst\u00e8mes \u00e9ducatifs Adventistes \u00e0 travers ses niveaux primaires, secondaires et tertiaires. Les enseignants et les principaux de coll\u00e8ge garderont uniquement le mat\u00e9riel de promotion des coll\u00e8ges et universit\u00e9s Adventistes, et on reconnaitra la participation des professeurs et du personnel enseignant des universit\u00e9s dans le recrutement d&#39;\u00e9tudiants pour l&#39;universit\u00e9. Une s\u00e9rie de directives pour \u00e9tablir la r\u00e9mun\u00e9ration du personnel \u00e9ducatif dans le territoire a \u00e9t\u00e9 aussi approuv\u00e9e. <\/p>\n<p>Les initiatives et les programmes propos\u00e9s par le Comit\u00e9 de Planification Strat\u00e9gique ont \u00e9galement \u00e9t\u00e9 approuv\u00e9s. <\/p>\n<p>Les rencontres administratives de milieu d&#39;ann\u00e9e de l&#39;Inter Am\u00e9rique doivent se terminer le 20 mai 2010. Pour des informations r\u00e9centes sur les projets vot\u00e9s, visitez le site <a  href=\"https:\/\/recursing-golick.147-182-135-0.plesk.page\/\">www.interamerica.org<\/a > <\/p>\n<p>Pour une galerie de photos des rencontres, visitez le site <a  href=\"http:\/\/www.flickr.com\/photos\/interamerica\">www.flickr.com\/photos\/interamerica<\/a > <\/p>\n","protected":false},"excerpt":{"rendered":"<p>Le Comit\u00e9 Ex\u00e9cutif de l&#39;Inter Am\u00e9rique a d\u00e9but\u00e9ses rencontres administratives hier avec une c\u00e9l\u00e9bration sp\u00e9ciale de pri\u00e8re etde louange pour les b\u00e9n\u00e9dictions divines et<\/p>\n","protected":false},"author":1,"featured_media":0,"comment_status":"closed","ping_status":"closed","sticky":false,"template":"","format":"standard","meta":{"_acf_changed":false,"footnotes":""},"categories":[9],"tags":[],"class_list":["post-13341","post","type-post","status-publish","format-standard","hentry","category-archive-fr"],"acf":[],"yoast_head":"<!-- This site is optimized with the Yoast SEO plugin v27.3 - https:\/\/yoast.com\/product\/yoast-seo-wordpress\/ -->\n<title>Inter Am\u00e9rique: Les dirigeants de l&#039;\u00e9glise d\u00e9butent les rencontres administratives en faisant le bilan des cinq derni\u00e8res ann\u00e9es. - \u00c9glise Adventiste Du Septieme Jour - Inter Am\u00e9rique Division<\/title>\n<meta name=\"robots\" content=\"index, follow, max-snippet:-1, max-image-preview:large, max-video-preview:-1\" \/>\n<link rel=\"canonical\" href=\"https:\/\/interamerica.org\/fr\/2010\/05\/inter-amerique-les-dirigeants-de-leglise-debutent-les-rencontres-administratives-en-faisant-le-bilan-des-cinq-dernieres-annees\/\" \/>\n<meta property=\"og:locale\" content=\"fr_FR\" \/>\n<meta property=\"og:type\" content=\"article\" \/>\n<meta property=\"og:title\" content=\"Inter Am\u00e9rique: Les dirigeants de l&#039;\u00e9glise d\u00e9butent les rencontres administratives en faisant le bilan des cinq derni\u00e8res ann\u00e9es. - \u00c9glise Adventiste Du Septieme Jour - Inter Am\u00e9rique Division\" \/>\n<meta property=\"og:description\" content=\"Le Comit\u00e9 Ex\u00e9cutif de l&#039;Inter Am\u00e9rique a d\u00e9but\u00e9ses rencontres administratives hier avec une c\u00e9l\u00e9bration sp\u00e9ciale de pri\u00e8re etde louange pour les b\u00e9n\u00e9dictions divines et\" \/>\n<meta property=\"og:url\" content=\"https:\/\/interamerica.org\/fr\/2010\/05\/inter-amerique-les-dirigeants-de-leglise-debutent-les-rencontres-administratives-en-faisant-le-bilan-des-cinq-dernieres-annees\/\" \/>\n<meta property=\"og:site_name\" content=\"\u00c9glise Adventiste Du Septieme Jour - Inter Am\u00e9rique Division\" \/>\n<meta property=\"article:published_time\" content=\"2010-05-19T04:00:00+00:00\" \/>\n<meta property=\"article:modified_time\" content=\"2017-06-02T17:04:13+00:00\" \/>\n<meta name=\"author\" content=\"Lorenzo Verduzco\" \/>\n<meta name=\"twitter:card\" content=\"summary_large_image\" \/>\n<meta name=\"twitter:label1\" content=\"\u00c9crit par\" \/>\n\t<meta name=\"twitter:data1\" content=\"Lorenzo Verduzco\" \/>\n\t<meta name=\"twitter:label2\" content=\"Dur\u00e9e de lecture estim\u00e9e\" \/>\n\t<meta name=\"twitter:data2\" content=\"5 minutes\" \/>\n<script type=\"application\/ld+json\" class=\"yoast-schema-graph\">{\"@context\":\"https:\\\/\\\/schema.org\",\"@graph\":[{\"@type\":\"Article\",\"@id\":\"https:\\\/\\\/interamerica.org\\\/fr\\\/2010\\\/05\\\/inter-amerique-les-dirigeants-de-leglise-debutent-les-rencontres-administratives-en-faisant-le-bilan-des-cinq-dernieres-annees\\\/#article\",\"isPartOf\":{\"@id\":\"https:\\\/\\\/interamerica.org\\\/fr\\\/2010\\\/05\\\/inter-amerique-les-dirigeants-de-leglise-debutent-les-rencontres-administratives-en-faisant-le-bilan-des-cinq-dernieres-annees\\\/\"},\"author\":{\"name\":\"Lorenzo Verduzco\",\"@id\":\"https:\\\/\\\/interamerica.org\\\/fr\\\/#\\\/schema\\\/person\\\/68ede8bdc292885bb76c1e3810e73c39\"},\"headline\":\"Inter Am\u00e9rique: Les dirigeants de l&#39;\u00e9glise d\u00e9butent les rencontres administratives en faisant le bilan des cinq derni\u00e8res ann\u00e9es.\",\"datePublished\":\"2010-05-19T04:00:00+00:00\",\"dateModified\":\"2017-06-02T17:04:13+00:00\",\"mainEntityOfPage\":{\"@id\":\"https:\\\/\\\/interamerica.org\\\/fr\\\/2010\\\/05\\\/inter-amerique-les-dirigeants-de-leglise-debutent-les-rencontres-administratives-en-faisant-le-bilan-des-cinq-dernieres-annees\\\/\"},\"wordCount\":990,\"articleSection\":[\"Archive\"],\"inLanguage\":\"fr-FR\"},{\"@type\":\"WebPage\",\"@id\":\"https:\\\/\\\/interamerica.org\\\/fr\\\/2010\\\/05\\\/inter-amerique-les-dirigeants-de-leglise-debutent-les-rencontres-administratives-en-faisant-le-bilan-des-cinq-dernieres-annees\\\/\",\"url\":\"https:\\\/\\\/interamerica.org\\\/fr\\\/2010\\\/05\\\/inter-amerique-les-dirigeants-de-leglise-debutent-les-rencontres-administratives-en-faisant-le-bilan-des-cinq-dernieres-annees\\\/\",\"name\":\"Inter Am\u00e9rique: Les dirigeants de l&#39;\u00e9glise d\u00e9butent les rencontres administratives en faisant le bilan des cinq derni\u00e8res ann\u00e9es. - \u00c9glise Adventiste Du Septieme Jour - Inter Am\u00e9rique Division\",\"isPartOf\":{\"@id\":\"https:\\\/\\\/interamerica.org\\\/fr\\\/#website\"},\"datePublished\":\"2010-05-19T04:00:00+00:00\",\"dateModified\":\"2017-06-02T17:04:13+00:00\",\"author\":{\"@id\":\"https:\\\/\\\/interamerica.org\\\/fr\\\/#\\\/schema\\\/person\\\/68ede8bdc292885bb76c1e3810e73c39\"},\"breadcrumb\":{\"@id\":\"https:\\\/\\\/interamerica.org\\\/fr\\\/2010\\\/05\\\/inter-amerique-les-dirigeants-de-leglise-debutent-les-rencontres-administratives-en-faisant-le-bilan-des-cinq-dernieres-annees\\\/#breadcrumb\"},\"inLanguage\":\"fr-FR\",\"potentialAction\":[{\"@type\":\"ReadAction\",\"target\":[\"https:\\\/\\\/interamerica.org\\\/fr\\\/2010\\\/05\\\/inter-amerique-les-dirigeants-de-leglise-debutent-les-rencontres-administratives-en-faisant-le-bilan-des-cinq-dernieres-annees\\\/\"]}]},{\"@type\":\"BreadcrumbList\",\"@id\":\"https:\\\/\\\/interamerica.org\\\/fr\\\/2010\\\/05\\\/inter-amerique-les-dirigeants-de-leglise-debutent-les-rencontres-administratives-en-faisant-le-bilan-des-cinq-dernieres-annees\\\/#breadcrumb\",\"itemListElement\":[{\"@type\":\"ListItem\",\"position\":1,\"name\":\"Home\",\"item\":\"https:\\\/\\\/interamerica.org\\\/fr\\\/\"},{\"@type\":\"ListItem\",\"position\":2,\"name\":\"Inter Am\u00e9rique: Les dirigeants de l&#39;\u00e9glise d\u00e9butent les rencontres administratives en faisant le bilan des cinq derni\u00e8res ann\u00e9es.\"}]},{\"@type\":\"WebSite\",\"@id\":\"https:\\\/\\\/interamerica.org\\\/fr\\\/#website\",\"url\":\"https:\\\/\\\/interamerica.org\\\/fr\\\/\",\"name\":\"\u00c9glise Adventiste Du Septieme Jour - Inter Am\u00e9rique Division\",\"description\":\"\",\"potentialAction\":[{\"@type\":\"SearchAction\",\"target\":{\"@type\":\"EntryPoint\",\"urlTemplate\":\"https:\\\/\\\/interamerica.org\\\/fr\\\/?s={search_term_string}\"},\"query-input\":{\"@type\":\"PropertyValueSpecification\",\"valueRequired\":true,\"valueName\":\"search_term_string\"}}],\"inLanguage\":\"fr-FR\"},{\"@type\":\"Person\",\"@id\":\"https:\\\/\\\/interamerica.org\\\/fr\\\/#\\\/schema\\\/person\\\/68ede8bdc292885bb76c1e3810e73c39\",\"name\":\"Lorenzo Verduzco\",\"image\":{\"@type\":\"ImageObject\",\"inLanguage\":\"fr-FR\",\"@id\":\"https:\\\/\\\/secure.gravatar.com\\\/avatar\\\/fb81a55b6218459490a9c1dc841a34909185b81904c5337b4b27f7a6fd60c49e?s=96&d=mm&r=g\",\"url\":\"https:\\\/\\\/secure.gravatar.com\\\/avatar\\\/fb81a55b6218459490a9c1dc841a34909185b81904c5337b4b27f7a6fd60c49e?s=96&d=mm&r=g\",\"contentUrl\":\"https:\\\/\\\/secure.gravatar.com\\\/avatar\\\/fb81a55b6218459490a9c1dc841a34909185b81904c5337b4b27f7a6fd60c49e?s=96&d=mm&r=g\",\"caption\":\"Lorenzo Verduzco\"}}]}<\/script>\n<!-- \/ Yoast SEO plugin. -->","yoast_head_json":{"title":"Inter Am\u00e9rique: Les dirigeants de l&#39;\u00e9glise d\u00e9butent les rencontres administratives en faisant le bilan des cinq derni\u00e8res ann\u00e9es. - \u00c9glise Adventiste Du Septieme Jour - Inter Am\u00e9rique Division","robots":{"index":"index","follow":"follow","max-snippet":"max-snippet:-1","max-image-preview":"max-image-preview:large","max-video-preview":"max-video-preview:-1"},"canonical":"https:\/\/interamerica.org\/fr\/2010\/05\/inter-amerique-les-dirigeants-de-leglise-debutent-les-rencontres-administratives-en-faisant-le-bilan-des-cinq-dernieres-annees\/","og_locale":"fr_FR","og_type":"article","og_title":"Inter Am\u00e9rique: Les dirigeants de l&#39;\u00e9glise d\u00e9butent les rencontres administratives en faisant le bilan des cinq derni\u00e8res ann\u00e9es. - \u00c9glise Adventiste Du Septieme Jour - Inter Am\u00e9rique Division","og_description":"Le Comit\u00e9 Ex\u00e9cutif de l&#39;Inter Am\u00e9rique a d\u00e9but\u00e9ses rencontres administratives hier avec une c\u00e9l\u00e9bration sp\u00e9ciale de pri\u00e8re etde louange pour les b\u00e9n\u00e9dictions divines et","og_url":"https:\/\/interamerica.org\/fr\/2010\/05\/inter-amerique-les-dirigeants-de-leglise-debutent-les-rencontres-administratives-en-faisant-le-bilan-des-cinq-dernieres-annees\/","og_site_name":"\u00c9glise Adventiste Du Septieme Jour - Inter Am\u00e9rique Division","article_published_time":"2010-05-19T04:00:00+00:00","article_modified_time":"2017-06-02T17:04:13+00:00","author":"Lorenzo Verduzco","twitter_card":"summary_large_image","twitter_misc":{"\u00c9crit par":"Lorenzo Verduzco","Dur\u00e9e de lecture estim\u00e9e":"5 minutes"},"schema":{"@context":"https:\/\/schema.org","@graph":[{"@type":"Article","@id":"https:\/\/interamerica.org\/fr\/2010\/05\/inter-amerique-les-dirigeants-de-leglise-debutent-les-rencontres-administratives-en-faisant-le-bilan-des-cinq-dernieres-annees\/#article","isPartOf":{"@id":"https:\/\/interamerica.org\/fr\/2010\/05\/inter-amerique-les-dirigeants-de-leglise-debutent-les-rencontres-administratives-en-faisant-le-bilan-des-cinq-dernieres-annees\/"},"author":{"name":"Lorenzo Verduzco","@id":"https:\/\/interamerica.org\/fr\/#\/schema\/person\/68ede8bdc292885bb76c1e3810e73c39"},"headline":"Inter Am\u00e9rique: Les dirigeants de l&#39;\u00e9glise d\u00e9butent les rencontres administratives en faisant le bilan des cinq derni\u00e8res ann\u00e9es.","datePublished":"2010-05-19T04:00:00+00:00","dateModified":"2017-06-02T17:04:13+00:00","mainEntityOfPage":{"@id":"https:\/\/interamerica.org\/fr\/2010\/05\/inter-amerique-les-dirigeants-de-leglise-debutent-les-rencontres-administratives-en-faisant-le-bilan-des-cinq-dernieres-annees\/"},"wordCount":990,"articleSection":["Archive"],"inLanguage":"fr-FR"},{"@type":"WebPage","@id":"https:\/\/interamerica.org\/fr\/2010\/05\/inter-amerique-les-dirigeants-de-leglise-debutent-les-rencontres-administratives-en-faisant-le-bilan-des-cinq-dernieres-annees\/","url":"https:\/\/interamerica.org\/fr\/2010\/05\/inter-amerique-les-dirigeants-de-leglise-debutent-les-rencontres-administratives-en-faisant-le-bilan-des-cinq-dernieres-annees\/","name":"Inter Am\u00e9rique: Les dirigeants de l&#39;\u00e9glise d\u00e9butent les rencontres administratives en faisant le bilan des cinq derni\u00e8res ann\u00e9es. - \u00c9glise Adventiste Du Septieme Jour - Inter Am\u00e9rique Division","isPartOf":{"@id":"https:\/\/interamerica.org\/fr\/#website"},"datePublished":"2010-05-19T04:00:00+00:00","dateModified":"2017-06-02T17:04:13+00:00","author":{"@id":"https:\/\/interamerica.org\/fr\/#\/schema\/person\/68ede8bdc292885bb76c1e3810e73c39"},"breadcrumb":{"@id":"https:\/\/interamerica.org\/fr\/2010\/05\/inter-amerique-les-dirigeants-de-leglise-debutent-les-rencontres-administratives-en-faisant-le-bilan-des-cinq-dernieres-annees\/#breadcrumb"},"inLanguage":"fr-FR","potentialAction":[{"@type":"ReadAction","target":["https:\/\/interamerica.org\/fr\/2010\/05\/inter-amerique-les-dirigeants-de-leglise-debutent-les-rencontres-administratives-en-faisant-le-bilan-des-cinq-dernieres-annees\/"]}]},{"@type":"BreadcrumbList","@id":"https:\/\/interamerica.org\/fr\/2010\/05\/inter-amerique-les-dirigeants-de-leglise-debutent-les-rencontres-administratives-en-faisant-le-bilan-des-cinq-dernieres-annees\/#breadcrumb","itemListElement":[{"@type":"ListItem","position":1,"name":"Home","item":"https:\/\/interamerica.org\/fr\/"},{"@type":"ListItem","position":2,"name":"Inter Am\u00e9rique: Les dirigeants de l&#39;\u00e9glise d\u00e9butent les rencontres administratives en faisant le bilan des cinq derni\u00e8res ann\u00e9es."}]},{"@type":"WebSite","@id":"https:\/\/interamerica.org\/fr\/#website","url":"https:\/\/interamerica.org\/fr\/","name":"\u00c9glise Adventiste Du Septieme Jour - Inter Am\u00e9rique Division","description":"","potentialAction":[{"@type":"SearchAction","target":{"@type":"EntryPoint","urlTemplate":"https:\/\/interamerica.org\/fr\/?s={search_term_string}"},"query-input":{"@type":"PropertyValueSpecification","valueRequired":true,"valueName":"search_term_string"}}],"inLanguage":"fr-FR"},{"@type":"Person","@id":"https:\/\/interamerica.org\/fr\/#\/schema\/person\/68ede8bdc292885bb76c1e3810e73c39","name":"Lorenzo Verduzco","image":{"@type":"ImageObject","inLanguage":"fr-FR","@id":"https:\/\/secure.gravatar.com\/avatar\/fb81a55b6218459490a9c1dc841a34909185b81904c5337b4b27f7a6fd60c49e?s=96&d=mm&r=g","url":"https:\/\/secure.gravatar.com\/avatar\/fb81a55b6218459490a9c1dc841a34909185b81904c5337b4b27f7a6fd60c49e?s=96&d=mm&r=g","contentUrl":"https:\/\/secure.gravatar.com\/avatar\/fb81a55b6218459490a9c1dc841a34909185b81904c5337b4b27f7a6fd60c49e?s=96&d=mm&r=g","caption":"Lorenzo Verduzco"}}]}},"_links":{"self":[{"href":"https:\/\/interamerica.org\/fr\/wp-json\/wp\/v2\/posts\/13341","targetHints":{"allow":["GET"]}}],"collection":[{"href":"https:\/\/interamerica.org\/fr\/wp-json\/wp\/v2\/posts"}],"about":[{"href":"https:\/\/interamerica.org\/fr\/wp-json\/wp\/v2\/types\/post"}],"author":[{"embeddable":true,"href":"https:\/\/interamerica.org\/fr\/wp-json\/wp\/v2\/users\/1"}],"replies":[{"embeddable":true,"href":"https:\/\/interamerica.org\/fr\/wp-json\/wp\/v2\/comments?post=13341"}],"version-history":[{"count":0,"href":"https:\/\/interamerica.org\/fr\/wp-json\/wp\/v2\/posts\/13341\/revisions"}],"wp:attachment":[{"href":"https:\/\/interamerica.org\/fr\/wp-json\/wp\/v2\/media?parent=13341"}],"wp:term":[{"taxonomy":"category","embeddable":true,"href":"https:\/\/interamerica.org\/fr\/wp-json\/wp\/v2\/categories?post=13341"},{"taxonomy":"post_tag","embeddable":true,"href":"https:\/\/interamerica.org\/fr\/wp-json\/wp\/v2\/tags?post=13341"}],"curies":[{"name":"wp","href":"https:\/\/api.w.org\/{rel}","templated":true}]}}