{"id":13344,"date":"2010-05-25T00:00:00","date_gmt":"2010-05-25T04:00:00","guid":{"rendered":"http:\/\/192.81.217.108\/interamerica\/2010\/05\/les-pasteur-du-champ-faconnent-leglise-declare-le-president-de-leglise-adventiste-au-cours-dun-webinaire\/"},"modified":"2017-06-02T13:04:09","modified_gmt":"2017-06-02T17:04:09","slug":"les-pasteur-du-champ-faconnent-leglise-declare-le-president-de-leglise-adventiste-au-cours-dun-webinaire","status":"publish","type":"post","link":"https:\/\/interamerica.org\/fr\/2010\/05\/les-pasteur-du-champ-faconnent-leglise-declare-le-president-de-leglise-adventiste-au-cours-dun-webinaire\/","title":{"rendered":"Les pasteur du champ fa\u00e7onnent l&#39;\u00e9glise, d\u00e9clare le pr\u00e9sident de l&#39;\u00e9glise Adventiste au cours d&#39;un webinaire"},"content":{"rendered":"<p>24 mai 2010, Silver Spring, Maryland, Etats unis&#8230;Elizabeth Lechleitner\/ANN <\/p>\n<p>Les pasteurs d&#39;\u00e9glise repr\u00e9sentent \u00ab\u00a0une \u00e9norme force cr\u00e9ative\u00a0\u00bb quand il s&#39;agit de fa\u00e7onner l&#39;\u00e9glise et de d\u00e9finir ses valeurs, a d\u00e9clar\u00e9 Jan Paulsen, le pr\u00e9sident de l&#39;\u00e9glise Adventiste mondiale, au cours d&#39;un s\u00e9minaire en ligne la semaine derni\u00e8re. <\/p>\n<p>Jan Paulsen a r\u00e9pondu aux questions de pr\u00e8s de 100 pasteurs en Am\u00e9rique du Nord au cours du webinaire d&#39;une heure, une version plus pratique et \u00e9conomique de la s\u00e9rie t\u00e9l\u00e9vis\u00e9e lanc\u00e9e par le dirigeant de l&#39;\u00e9glise mondiale: Pasteurs en Conversation. <\/p>\n<p>Le webinaire du 20 mai \u00e9tait pr\u00e9sent\u00e9 par le Centre de Ressources de l&#39;Eglise, dans le cadre de sa s\u00e9rie \u00ab\u00a0Pratiques les Meilleures Pour le Minist\u00e8re Adventiste.\u00a0\u00bb <\/p>\n<p>En r\u00e9pondant aux questions, pasteur Paulsen a r\u00e9it\u00e9r\u00e9 l&#39;espoir qu&#39;il a de voir les plus de 22000 pasteurs Adventistes qui servent l&#39;\u00e9glise \u00e0 travers le monde &#8211;dont plusieurs a t-il dit se sentent peut-\u00eatre accabl\u00e9s voire m\u00eame oubli\u00e9s \u00e0 leurs postes&#8211; \u00eatre conscients qu&#39;ils sont le \u00ab\u00a0fondement\u00a0\u00bb de l&#39;\u00e9glise. <\/p>\n<p>\u00ab\u00a0Je suppose que tr\u00e8s souvent, ce groupe a une mission tr\u00e8s solitaire,\u00a0\u00bb a dit Jan Paulsen en mentionnant les nombreuses discours fatigants , la relation d&#39;aide, les comp\u00e9tences administratives et financi\u00e8res essentielles pour exercer le minist\u00e8re convenablement, ainsi que l&#39;\u00e9nergie et l&#39;humour\u00a0\u00bb que requiert le travail. <\/p>\n<p>Pasteur Paulsen a invit\u00e9 les pasteurs qui peuvent se sentir isol\u00e9s \u00e0 ne pas succomber \u00e0 la pens\u00e9e insulaire, mais \u00e0 exercer leur minist\u00e8re au niveau local tout en gardant \u00e0 l&#39;esprit la nature globale de l&#39;\u00e9glise. <\/p>\n<p>\u00ab\u00a0L&#39;\u00e9glise locale n&#39;est qu&#39;un petit segment d&#39;une communaut\u00e9 qui est tr\u00e8s grande,\u00a0\u00bb a t-il indiqu\u00e9. \u00ab\u00a0Il nous faut communiquer au niveau global. Nous donnons et nous recevons mutuellement. Ensemble, nous cr\u00e9ons l&#39;espoir ou nous cr\u00e9ons le d\u00e9couragement; nous d\u00e9veloppons ou nous semons le cynisme.\u00a0\u00bb <\/p>\n<p>Plusieurs questions des participants au webinaire \u00e9taient les m\u00eames que celles que pasteur Paulsen re\u00e7oit souvent au cours de ses conversations impromptues et sans montage, en direct qui ont commenc\u00e9 avec Parlons-En, une s\u00e9rie qui cible les adolescents et les jeunes adultes. <\/p>\n<p>Lorsqu&#39;un pasteur a demand\u00e9 pourquoi la question de la cons\u00e9cration des femmes ne faisait pas partie de l&#39;ordre du jour de la Session de la Conf\u00e9rence G\u00e9n\u00e9rale, Jan Paulsen a r\u00e9pondu que les r\u00e9sultats d&#39;une \u00e9tude de l&#39;\u00e9glise mondiale indiquent qu&#39;une telle discussion \u00e0 Atlanta serait contre-productive, mais qu&#39;il n&#39;y a aucune \u00ab\u00a0raison biblique\u00a0\u00bb pour l&#39;\u00e9glise de \u00ab\u00a0fuir ou d&#39;\u00e9carter\u00a0\u00bb la question. \u00ab\u00a0Avec un peu plus de temps, un peu plus d&#39;\u00e9ducation, nous accomplirons quelque chose qui, si nous essayons de le consid\u00e9rer avant d&#39;\u00eatre pr\u00eats, pourrait faire plus de tort \u00e0 l&#39;\u00e9glise mondiale,\u00a0\u00bb a t-il d\u00e9clar\u00e9. <\/p>\n<p>Plusieurs pasteurs ont exprim\u00e9 leur frustration au sujet de la m\u00e9thode actuelle utilis\u00e9e par l&#39;\u00e9glise pour la r\u00e9partition de la d\u00eeme, qui ont-ils dit souvent \u00e9puise des fonds dont l&#39;\u00e9glise locale a vitalement besoin. <\/p>\n<p>Dans sa r\u00e9ponse, Jan Paulsen a mentionn\u00e9 la Commission sur l&#39;Utilisation de la Dime en place et qui est cens\u00e9e pr\u00e9senter son rapport final au cours de la rencontre administrative d&#39;automne de l&#39;\u00e9glise en octobre. Bien que personne ne puisse remettre en question le fait que la \u00ab\u00a0fonction premi\u00e8re\u00a0\u00bb de la dime soit de soutenir le pasteur et le minist\u00e8re de l&#39;\u00e9glise, la r\u00e9partition sp\u00e9cifique qui en est faite peut apparaitre comme \u00ab\u00a0arbitraire\u00a0\u00bb a t-il dit. <\/p>\n<p>\u00ab\u00a0Je reconnais le fait que les limites que nous \u00e9tablissons et les d\u00e9finitions que nous avons [pour l&#39;utilisation de la dime] sont souvent impr\u00e9cises,\u00a0\u00bb a ajout\u00e9 pasteur Paulsen. <\/p>\n<p>En r\u00e9pondant \u00e0 une question sur le m\u00eame th\u00e8me, Jan Paulsen a parl\u00e9 de l&#39;\u00e9ventualit\u00e9 pour l&#39;\u00e9glise de planifier une restructuration de son administration pour \u00e9liminer ce que certains per\u00e7oivent comme une duplication de responsabilit\u00e9s et de ressources. <\/p>\n<p>\u00ab\u00a0Il nous faut garder \u00e0 l&#39;esprit le fait que la structure organisationnelle de l&#39;\u00e9glise est une fonction de sa mission,\u00a0\u00bb a dit Jan Paulsen, ajoutant que les d\u00e9l\u00e9gu\u00e9s \u00e0 la Session consid\u00e9reront la possibilit\u00e9 d&#39;augmenter le mod\u00e8le administratif d&#39;unions d&#39;\u00e9glises, dans lequel un groupe d&#39;\u00e9glises locales remplace le niveau administratif de la f\u00e9d\u00e9ration, et se trouve sous la responsabilit\u00e9 directe du prochain niveau administratif, l&#39;union. <\/p>\n<p>D&#39;autres pasteurs ont pos\u00e9 des questions \u00e0 Jan Paulsen concernant la controverse actuelle sur l&#39;enseignement des origines dans les universit\u00e9s Adventistes, comme r\u00e9cemment \u00e0 La Sierra University, une institution Adventiste situ\u00e9e \u00e0 Riverside en Californie. <\/p>\n<p>Les institutions \u00e9ducatives sup\u00e9rieures de la d\u00e9nomination devraient refl\u00e9ter l&#39;identit\u00e9 de l&#39;\u00e9glise ainsi que ses valeurs, a indiqu\u00e9 Jan Paulsen. \u00ab\u00a0J&#39;ose esp\u00e9rer que ceux qui y enseignent, et ceux qui administrent, font de cela une priorit\u00e9,\u00a0\u00bb a t-il dit, ajoutant que cela devrait \u00eatre une \u00ab\u00a0question d&#39;int\u00e9grit\u00e9.\u00a0\u00bb <\/p>\n<p>Lorsque l&#39;un des participants a remerci\u00e9 pasteur Paulsen pour sa volont\u00e9 de parler avec les jeunes au cours de son mandat, le pr\u00e9sident de l&#39;\u00e9glise mondiale a saisi l&#39;opportunit\u00e9 pour r\u00e9it\u00e9rer son appel \u00e0 impliquer les jeunes dans le minist\u00e8re. <\/p>\n<p>\u00ab\u00a0Pour moi il est clair que si nous n&#39;avons pas confiance dans la capacit\u00e9 qu&#39;ont nos jeunes d&#39;avoir des responsabilit\u00e9s, d&#39;avoir un bon jugement, d&#39;\u00eatre consacr\u00e9s au Seigneur, ils s&#39;en iront,\u00a0\u00bb a dit pasteur Paulsen, ajoutant qu&#39;il est \u00ab\u00a0pr\u00eat \u00e0 prendre toutes sortes de risques pour les impliquer.\u00a0\u00bb <\/p>\n<p>De plus, Jan Paulsen a d\u00e9clar\u00e9 que les pasteurs devraient s&#39;assurer que des jeunes font partie de leurs comit\u00e9s d&#39;\u00e9glise et re\u00e7oivent des responsabilit\u00e9s, plut\u00f4t que de simplement \u00ab\u00a0faire un commentaire \u00e0 l&#39;occasion.\u00a0\u00bb Pour sa part, Jan Paulsen a dit que l&#39;administration de l&#39;\u00e9glise mondiale inclurait des jeunes professionnels dans le Comit\u00e9 Ex\u00e9cutif de 300 membres. <\/p>\n<p>Avec pr\u00e8s de 100 questions rest\u00e9es sans r\u00e9ponse \u00e0 la fin du programme, Jan Paulsen a invit\u00e9 les pasteurs \u00e0 faire parvenir leurs questions \u00e0 son bureau et a exprim\u00e9 le d\u00e9sir d&#39;organiser d&#39;autres webinaires dans l&#39;avenir. <\/p>\n","protected":false},"excerpt":{"rendered":"<p>Les pasteurs d&#39;\u00e9glise repr\u00e9sentent \u00ab\u00a0une \u00e9norme force cr\u00e9ative\u00a0\u00bb quand il s&#39;agit de fa\u00e7onner l&#39;\u00e9glise et de d\u00e9finir ses valeurs, a d\u00e9clar\u00e9 Jan Paulsen, le pr\u00e9siden<\/p>\n","protected":false},"author":1,"featured_media":0,"comment_status":"closed","ping_status":"closed","sticky":false,"template":"","format":"standard","meta":{"_acf_changed":false,"footnotes":""},"categories":[9],"tags":[],"class_list":["post-13344","post","type-post","status-publish","format-standard","hentry","category-archive-fr"],"acf":[],"yoast_head":"<!-- This site is optimized with the Yoast SEO plugin v27.3 - https:\/\/yoast.com\/product\/yoast-seo-wordpress\/ -->\n<title>Les pasteur du champ fa\u00e7onnent l&#039;\u00e9glise, d\u00e9clare le pr\u00e9sident de l&#039;\u00e9glise Adventiste au cours d&#039;un webinaire - \u00c9glise Adventiste Du Septieme Jour - Inter Am\u00e9rique Division<\/title>\n<meta name=\"robots\" content=\"index, follow, max-snippet:-1, max-image-preview:large, max-video-preview:-1\" \/>\n<link rel=\"canonical\" href=\"https:\/\/interamerica.org\/fr\/2010\/05\/les-pasteur-du-champ-faconnent-leglise-declare-le-president-de-leglise-adventiste-au-cours-dun-webinaire\/\" \/>\n<meta property=\"og:locale\" content=\"fr_FR\" \/>\n<meta property=\"og:type\" content=\"article\" \/>\n<meta property=\"og:title\" content=\"Les pasteur du champ fa\u00e7onnent l&#039;\u00e9glise, d\u00e9clare le pr\u00e9sident de l&#039;\u00e9glise Adventiste au cours d&#039;un webinaire - \u00c9glise Adventiste Du Septieme Jour - Inter Am\u00e9rique Division\" \/>\n<meta property=\"og:description\" content=\"Les pasteurs d&#039;\u00e9glise repr\u00e9sentent &quot;une \u00e9norme force cr\u00e9ative&quot; quand il s&#039;agit de fa\u00e7onner l&#039;\u00e9glise et de d\u00e9finir ses valeurs, a d\u00e9clar\u00e9 Jan Paulsen, le pr\u00e9siden\" \/>\n<meta property=\"og:url\" content=\"https:\/\/interamerica.org\/fr\/2010\/05\/les-pasteur-du-champ-faconnent-leglise-declare-le-president-de-leglise-adventiste-au-cours-dun-webinaire\/\" \/>\n<meta property=\"og:site_name\" content=\"\u00c9glise Adventiste Du Septieme Jour - Inter Am\u00e9rique Division\" \/>\n<meta property=\"article:published_time\" content=\"2010-05-25T04:00:00+00:00\" \/>\n<meta property=\"article:modified_time\" content=\"2017-06-02T17:04:09+00:00\" \/>\n<meta name=\"author\" content=\"Lorenzo Verduzco\" \/>\n<meta name=\"twitter:card\" content=\"summary_large_image\" \/>\n<meta name=\"twitter:label1\" content=\"\u00c9crit par\" \/>\n\t<meta name=\"twitter:data1\" content=\"Lorenzo Verduzco\" \/>\n\t<meta name=\"twitter:label2\" content=\"Dur\u00e9e de lecture estim\u00e9e\" \/>\n\t<meta name=\"twitter:data2\" content=\"5 minutes\" \/>\n<script type=\"application\/ld+json\" class=\"yoast-schema-graph\">{\"@context\":\"https:\\\/\\\/schema.org\",\"@graph\":[{\"@type\":\"Article\",\"@id\":\"https:\\\/\\\/interamerica.org\\\/fr\\\/2010\\\/05\\\/les-pasteur-du-champ-faconnent-leglise-declare-le-president-de-leglise-adventiste-au-cours-dun-webinaire\\\/#article\",\"isPartOf\":{\"@id\":\"https:\\\/\\\/interamerica.org\\\/fr\\\/2010\\\/05\\\/les-pasteur-du-champ-faconnent-leglise-declare-le-president-de-leglise-adventiste-au-cours-dun-webinaire\\\/\"},\"author\":{\"name\":\"Lorenzo Verduzco\",\"@id\":\"https:\\\/\\\/interamerica.org\\\/fr\\\/#\\\/schema\\\/person\\\/68ede8bdc292885bb76c1e3810e73c39\"},\"headline\":\"Les pasteur du champ fa\u00e7onnent l&#39;\u00e9glise, d\u00e9clare le pr\u00e9sident de l&#39;\u00e9glise Adventiste au cours d&#39;un webinaire\",\"datePublished\":\"2010-05-25T04:00:00+00:00\",\"dateModified\":\"2017-06-02T17:04:09+00:00\",\"mainEntityOfPage\":{\"@id\":\"https:\\\/\\\/interamerica.org\\\/fr\\\/2010\\\/05\\\/les-pasteur-du-champ-faconnent-leglise-declare-le-president-de-leglise-adventiste-au-cours-dun-webinaire\\\/\"},\"wordCount\":1106,\"articleSection\":[\"Archive\"],\"inLanguage\":\"fr-FR\"},{\"@type\":\"WebPage\",\"@id\":\"https:\\\/\\\/interamerica.org\\\/fr\\\/2010\\\/05\\\/les-pasteur-du-champ-faconnent-leglise-declare-le-president-de-leglise-adventiste-au-cours-dun-webinaire\\\/\",\"url\":\"https:\\\/\\\/interamerica.org\\\/fr\\\/2010\\\/05\\\/les-pasteur-du-champ-faconnent-leglise-declare-le-president-de-leglise-adventiste-au-cours-dun-webinaire\\\/\",\"name\":\"Les pasteur du champ fa\u00e7onnent l&#39;\u00e9glise, d\u00e9clare le pr\u00e9sident de l&#39;\u00e9glise Adventiste au cours d&#39;un webinaire - \u00c9glise Adventiste Du Septieme Jour - Inter Am\u00e9rique Division\",\"isPartOf\":{\"@id\":\"https:\\\/\\\/interamerica.org\\\/fr\\\/#website\"},\"datePublished\":\"2010-05-25T04:00:00+00:00\",\"dateModified\":\"2017-06-02T17:04:09+00:00\",\"author\":{\"@id\":\"https:\\\/\\\/interamerica.org\\\/fr\\\/#\\\/schema\\\/person\\\/68ede8bdc292885bb76c1e3810e73c39\"},\"breadcrumb\":{\"@id\":\"https:\\\/\\\/interamerica.org\\\/fr\\\/2010\\\/05\\\/les-pasteur-du-champ-faconnent-leglise-declare-le-president-de-leglise-adventiste-au-cours-dun-webinaire\\\/#breadcrumb\"},\"inLanguage\":\"fr-FR\",\"potentialAction\":[{\"@type\":\"ReadAction\",\"target\":[\"https:\\\/\\\/interamerica.org\\\/fr\\\/2010\\\/05\\\/les-pasteur-du-champ-faconnent-leglise-declare-le-president-de-leglise-adventiste-au-cours-dun-webinaire\\\/\"]}]},{\"@type\":\"BreadcrumbList\",\"@id\":\"https:\\\/\\\/interamerica.org\\\/fr\\\/2010\\\/05\\\/les-pasteur-du-champ-faconnent-leglise-declare-le-president-de-leglise-adventiste-au-cours-dun-webinaire\\\/#breadcrumb\",\"itemListElement\":[{\"@type\":\"ListItem\",\"position\":1,\"name\":\"Home\",\"item\":\"https:\\\/\\\/interamerica.org\\\/fr\\\/\"},{\"@type\":\"ListItem\",\"position\":2,\"name\":\"Les pasteur du champ fa\u00e7onnent l&#39;\u00e9glise, d\u00e9clare le pr\u00e9sident de l&#39;\u00e9glise Adventiste au cours d&#39;un webinaire\"}]},{\"@type\":\"WebSite\",\"@id\":\"https:\\\/\\\/interamerica.org\\\/fr\\\/#website\",\"url\":\"https:\\\/\\\/interamerica.org\\\/fr\\\/\",\"name\":\"\u00c9glise Adventiste Du Septieme Jour - Inter Am\u00e9rique Division\",\"description\":\"\",\"potentialAction\":[{\"@type\":\"SearchAction\",\"target\":{\"@type\":\"EntryPoint\",\"urlTemplate\":\"https:\\\/\\\/interamerica.org\\\/fr\\\/?s={search_term_string}\"},\"query-input\":{\"@type\":\"PropertyValueSpecification\",\"valueRequired\":true,\"valueName\":\"search_term_string\"}}],\"inLanguage\":\"fr-FR\"},{\"@type\":\"Person\",\"@id\":\"https:\\\/\\\/interamerica.org\\\/fr\\\/#\\\/schema\\\/person\\\/68ede8bdc292885bb76c1e3810e73c39\",\"name\":\"Lorenzo Verduzco\",\"image\":{\"@type\":\"ImageObject\",\"inLanguage\":\"fr-FR\",\"@id\":\"https:\\\/\\\/secure.gravatar.com\\\/avatar\\\/fb81a55b6218459490a9c1dc841a34909185b81904c5337b4b27f7a6fd60c49e?s=96&d=mm&r=g\",\"url\":\"https:\\\/\\\/secure.gravatar.com\\\/avatar\\\/fb81a55b6218459490a9c1dc841a34909185b81904c5337b4b27f7a6fd60c49e?s=96&d=mm&r=g\",\"contentUrl\":\"https:\\\/\\\/secure.gravatar.com\\\/avatar\\\/fb81a55b6218459490a9c1dc841a34909185b81904c5337b4b27f7a6fd60c49e?s=96&d=mm&r=g\",\"caption\":\"Lorenzo Verduzco\"}}]}<\/script>\n<!-- \/ Yoast SEO plugin. -->","yoast_head_json":{"title":"Les pasteur du champ fa\u00e7onnent l&#39;\u00e9glise, d\u00e9clare le pr\u00e9sident de l&#39;\u00e9glise Adventiste au cours d&#39;un webinaire - \u00c9glise Adventiste Du Septieme Jour - Inter Am\u00e9rique Division","robots":{"index":"index","follow":"follow","max-snippet":"max-snippet:-1","max-image-preview":"max-image-preview:large","max-video-preview":"max-video-preview:-1"},"canonical":"https:\/\/interamerica.org\/fr\/2010\/05\/les-pasteur-du-champ-faconnent-leglise-declare-le-president-de-leglise-adventiste-au-cours-dun-webinaire\/","og_locale":"fr_FR","og_type":"article","og_title":"Les pasteur du champ fa\u00e7onnent l&#39;\u00e9glise, d\u00e9clare le pr\u00e9sident de l&#39;\u00e9glise Adventiste au cours d&#39;un webinaire - \u00c9glise Adventiste Du Septieme Jour - Inter Am\u00e9rique Division","og_description":"Les pasteurs d&#39;\u00e9glise repr\u00e9sentent \"une \u00e9norme force cr\u00e9ative\" quand il s&#39;agit de fa\u00e7onner l&#39;\u00e9glise et de d\u00e9finir ses valeurs, a d\u00e9clar\u00e9 Jan Paulsen, le pr\u00e9siden","og_url":"https:\/\/interamerica.org\/fr\/2010\/05\/les-pasteur-du-champ-faconnent-leglise-declare-le-president-de-leglise-adventiste-au-cours-dun-webinaire\/","og_site_name":"\u00c9glise Adventiste Du Septieme Jour - Inter Am\u00e9rique Division","article_published_time":"2010-05-25T04:00:00+00:00","article_modified_time":"2017-06-02T17:04:09+00:00","author":"Lorenzo Verduzco","twitter_card":"summary_large_image","twitter_misc":{"\u00c9crit par":"Lorenzo Verduzco","Dur\u00e9e de lecture estim\u00e9e":"5 minutes"},"schema":{"@context":"https:\/\/schema.org","@graph":[{"@type":"Article","@id":"https:\/\/interamerica.org\/fr\/2010\/05\/les-pasteur-du-champ-faconnent-leglise-declare-le-president-de-leglise-adventiste-au-cours-dun-webinaire\/#article","isPartOf":{"@id":"https:\/\/interamerica.org\/fr\/2010\/05\/les-pasteur-du-champ-faconnent-leglise-declare-le-president-de-leglise-adventiste-au-cours-dun-webinaire\/"},"author":{"name":"Lorenzo Verduzco","@id":"https:\/\/interamerica.org\/fr\/#\/schema\/person\/68ede8bdc292885bb76c1e3810e73c39"},"headline":"Les pasteur du champ fa\u00e7onnent l&#39;\u00e9glise, d\u00e9clare le pr\u00e9sident de l&#39;\u00e9glise Adventiste au cours d&#39;un webinaire","datePublished":"2010-05-25T04:00:00+00:00","dateModified":"2017-06-02T17:04:09+00:00","mainEntityOfPage":{"@id":"https:\/\/interamerica.org\/fr\/2010\/05\/les-pasteur-du-champ-faconnent-leglise-declare-le-president-de-leglise-adventiste-au-cours-dun-webinaire\/"},"wordCount":1106,"articleSection":["Archive"],"inLanguage":"fr-FR"},{"@type":"WebPage","@id":"https:\/\/interamerica.org\/fr\/2010\/05\/les-pasteur-du-champ-faconnent-leglise-declare-le-president-de-leglise-adventiste-au-cours-dun-webinaire\/","url":"https:\/\/interamerica.org\/fr\/2010\/05\/les-pasteur-du-champ-faconnent-leglise-declare-le-president-de-leglise-adventiste-au-cours-dun-webinaire\/","name":"Les pasteur du champ fa\u00e7onnent l&#39;\u00e9glise, d\u00e9clare le pr\u00e9sident de l&#39;\u00e9glise Adventiste au cours d&#39;un webinaire - \u00c9glise Adventiste Du Septieme Jour - Inter Am\u00e9rique Division","isPartOf":{"@id":"https:\/\/interamerica.org\/fr\/#website"},"datePublished":"2010-05-25T04:00:00+00:00","dateModified":"2017-06-02T17:04:09+00:00","author":{"@id":"https:\/\/interamerica.org\/fr\/#\/schema\/person\/68ede8bdc292885bb76c1e3810e73c39"},"breadcrumb":{"@id":"https:\/\/interamerica.org\/fr\/2010\/05\/les-pasteur-du-champ-faconnent-leglise-declare-le-president-de-leglise-adventiste-au-cours-dun-webinaire\/#breadcrumb"},"inLanguage":"fr-FR","potentialAction":[{"@type":"ReadAction","target":["https:\/\/interamerica.org\/fr\/2010\/05\/les-pasteur-du-champ-faconnent-leglise-declare-le-president-de-leglise-adventiste-au-cours-dun-webinaire\/"]}]},{"@type":"BreadcrumbList","@id":"https:\/\/interamerica.org\/fr\/2010\/05\/les-pasteur-du-champ-faconnent-leglise-declare-le-president-de-leglise-adventiste-au-cours-dun-webinaire\/#breadcrumb","itemListElement":[{"@type":"ListItem","position":1,"name":"Home","item":"https:\/\/interamerica.org\/fr\/"},{"@type":"ListItem","position":2,"name":"Les pasteur du champ fa\u00e7onnent l&#39;\u00e9glise, d\u00e9clare le pr\u00e9sident de l&#39;\u00e9glise Adventiste au cours d&#39;un webinaire"}]},{"@type":"WebSite","@id":"https:\/\/interamerica.org\/fr\/#website","url":"https:\/\/interamerica.org\/fr\/","name":"\u00c9glise Adventiste Du Septieme Jour - Inter Am\u00e9rique Division","description":"","potentialAction":[{"@type":"SearchAction","target":{"@type":"EntryPoint","urlTemplate":"https:\/\/interamerica.org\/fr\/?s={search_term_string}"},"query-input":{"@type":"PropertyValueSpecification","valueRequired":true,"valueName":"search_term_string"}}],"inLanguage":"fr-FR"},{"@type":"Person","@id":"https:\/\/interamerica.org\/fr\/#\/schema\/person\/68ede8bdc292885bb76c1e3810e73c39","name":"Lorenzo Verduzco","image":{"@type":"ImageObject","inLanguage":"fr-FR","@id":"https:\/\/secure.gravatar.com\/avatar\/fb81a55b6218459490a9c1dc841a34909185b81904c5337b4b27f7a6fd60c49e?s=96&d=mm&r=g","url":"https:\/\/secure.gravatar.com\/avatar\/fb81a55b6218459490a9c1dc841a34909185b81904c5337b4b27f7a6fd60c49e?s=96&d=mm&r=g","contentUrl":"https:\/\/secure.gravatar.com\/avatar\/fb81a55b6218459490a9c1dc841a34909185b81904c5337b4b27f7a6fd60c49e?s=96&d=mm&r=g","caption":"Lorenzo Verduzco"}}]}},"_links":{"self":[{"href":"https:\/\/interamerica.org\/fr\/wp-json\/wp\/v2\/posts\/13344","targetHints":{"allow":["GET"]}}],"collection":[{"href":"https:\/\/interamerica.org\/fr\/wp-json\/wp\/v2\/posts"}],"about":[{"href":"https:\/\/interamerica.org\/fr\/wp-json\/wp\/v2\/types\/post"}],"author":[{"embeddable":true,"href":"https:\/\/interamerica.org\/fr\/wp-json\/wp\/v2\/users\/1"}],"replies":[{"embeddable":true,"href":"https:\/\/interamerica.org\/fr\/wp-json\/wp\/v2\/comments?post=13344"}],"version-history":[{"count":0,"href":"https:\/\/interamerica.org\/fr\/wp-json\/wp\/v2\/posts\/13344\/revisions"}],"wp:attachment":[{"href":"https:\/\/interamerica.org\/fr\/wp-json\/wp\/v2\/media?parent=13344"}],"wp:term":[{"taxonomy":"category","embeddable":true,"href":"https:\/\/interamerica.org\/fr\/wp-json\/wp\/v2\/categories?post=13344"},{"taxonomy":"post_tag","embeddable":true,"href":"https:\/\/interamerica.org\/fr\/wp-json\/wp\/v2\/tags?post=13344"}],"curies":[{"name":"wp","href":"https:\/\/api.w.org\/{rel}","templated":true}]}}