{"id":13352,"date":"2010-06-30T00:00:00","date_gmt":"2010-06-30T04:00:00","guid":{"rendered":"http:\/\/192.81.217.108\/interamerica\/2010\/06\/inter-amerique-les-cinq-annees-de-concours-de-bible-de-la-jeunesse-sachevent-avec-la-super-coupe-du-concours-biblique\/"},"modified":"2017-06-02T13:03:35","modified_gmt":"2017-06-02T17:03:35","slug":"inter-amerique-les-cinq-annees-de-concours-de-bible-de-la-jeunesse-sachevent-avec-la-super-coupe-du-concours-biblique","status":"publish","type":"post","link":"https:\/\/interamerica.org\/fr\/2010\/06\/inter-amerique-les-cinq-annees-de-concours-de-bible-de-la-jeunesse-sachevent-avec-la-super-coupe-du-concours-biblique\/","title":{"rendered":"Inter Am\u00e9rique: Les cinq ann\u00e9es de concours de Bible de la jeunesse s&#39;ach\u00e8vent avec la Super Coupe du Concours Biblique"},"content":{"rendered":"<p><em >30 Mai 2010<\/em > &#8211; Miami, Floride, Etats Unis&#8230;[Libna Stevens\/DIA] <\/p>\n<p>Le d\u00e9partement des Minist\u00e8res de la Jeunesse de l&#39;Inter Am\u00e9rique a conclu son initiative biblique annuelle avec sa Super Coupe du Concours Biblique lors d&#39;un programme sp\u00e9cial en direct organis\u00e9 au si\u00e8ge de la Division Inter-Am\u00e9ricaine (DIA) \u00e0 Miami en Floride le 20 mai. Il s&#39;agit d&#39;une op\u00e9ration qui a d\u00e9but\u00e9 il y a six ans avec le premier Concours Biblique \u00e0 l&#39;\u00e9chelle de la division, une comp\u00e9tition annuelle qui a inspir\u00e9 plus d&#39;un million de jeunes \u00e0 travers le territoire \u00e0 \u00e9tudier leur bible pour avoir l&#39;opportunit\u00e9 d&#39;entrer dans la comp\u00e9tition. <\/p>\n<p>Les principaux vainqueurs de chacun des cinq pr\u00e9c\u00e9dents concours bibliques ont particip\u00e9 \u00e0 la comp\u00e9tition de cette ann\u00e9e. Glimar Garcia Oliveira de l&#39;Union Cubaine est arriv\u00e9 \u00e0 la premi\u00e8re place devenant ainsi le champion de la Super Coupe du Concours Biblique, titre qui lui permet de remporter un voyage tout frais pay\u00e9s \u00e0 la prochaine Session de la Conf\u00e9rence G\u00e9n\u00e9rale \u00e0 Atlanta en G\u00e9orgie en tant que d\u00e9l\u00e9gu\u00e9 de la jeunesse. <\/p>\n<p>Garcia est arriv\u00e9 en t\u00eate avec un score de 520 points et un score presque parfait dans les r\u00e9ponses aux 50 questions \u00e0 choix multiple. Les questions portaient sur les livres de Matthieu, Marc, Luc, Jean, Proverbes, Cantique des Cantiques, Eccl\u00e9siaste, Esa\u00efe et Apocalypse au cours de la comp\u00e9tition de 2 heures. <\/p>\n<p>Garcia, 32 ans, vainqueur du Concours Biblique de 2008 en Colombie a d\u00e9clar\u00e9 que la pr\u00e9paration pour la Super Coupe du Concours Biblique \u00e9tait un d\u00e9fi mais \u00e9galement une v\u00e9ritable b\u00e9n\u00e9diction. <\/p>\n<p>\u00ab\u00a0Le simple fait que j&#39;aie pu venir ici est une v\u00e9ritable b\u00e9n\u00e9diction pour moi,\u00a0\u00bb a d\u00e9clar\u00e9 Garcia. \u00ab\u00a0\u00c9tudier tous ces livres de la Bible a r\u00e9ellement enrichi ma vie et je remercie Dieu pour cette merveilleuse opportunit\u00e9 d&#39;avoir une relation plus intime avec lui \u00e0 travers sa Parole.\u00a0\u00bb <\/p>\n<p>Garcia qui est mari\u00e9 et p\u00e8re de trois enfants, s&#39;est \u00e9tabli aux \u00c9tats-Unis apr\u00e8s sa victoire de 2008. Sa principale m\u00e9thode d&#39;\u00e9tude pour la comp\u00e9tition \u00e9tait de m\u00e9moriser des chapitres entiers des livres de la Bible qui \u00e9tait assign\u00e9s, une m\u00e9thode qu&#39;il encourage les autres jeunes \u00e0 suivre. <\/p>\n<p>Motiver les jeunes \u00e0 l&#39;\u00e9tude de la Bible \u00e9tait au c\u0153ur de l&#39;action du d\u00e9partement des Minist\u00e8res de la Jeunesse au cours des six derni\u00e8res ann\u00e9es, d&#39;apr\u00e8s ce qu&#39;a indiqu\u00e9 pasteur Bernardo Rodriguez, directeur des Minist\u00e8res de la Jeunesse pour l&#39;\u00e9glise Adventiste en Inter-Am\u00e9rique. <\/p>\n<p>\u00ab\u00a0Nous avons toujours cherch\u00e9 \u00e0 mettre l&#39;emphase aupr\u00e8s de nos jeunes sur la n\u00e9cessit\u00e9 d&#39;\u00e9tablir une plus intime relation avec Dieu \u00e0 travers la lecture et l&#39;\u00e9tude de la Bible,\u00a0\u00bb a d\u00e9clar\u00e9 pasteur Rodriguez. \u00ab\u00a0Gr\u00e2ce \u00e0 cette op\u00e9ration du Concours Biblique, les dirigeants d&#39;\u00e9glise dans nos unions, nos champs locaux et nos \u00e9glises ont pu voir un v\u00e9ritable feu s&#39;\u00e9veiller dans le c\u0153ur de nos jeunes pour la parole de Dieu, ce qui a cr\u00e9\u00e9 un merveilleux esprit d&#39;unit\u00e9 et de fraternit\u00e9.\u00a0\u00bb <\/p>\n<p>\u00ab\u00a0Quand nous \u00e9tudions la Parole de Dieu chaque jour, nous sommes champions en J\u00e9sus-Christ; cela a \u00e9t\u00e9 notre objectif au cours de ce quinquennat,\u00a0\u00bb a ajout\u00e9 pasteur Rodriguez. <\/p>\n<p>Arriv\u00e9 \u00e0 la seconde place, F\u00e9d\u00e9rico Daniel Mendez de l&#39;Union Mexicaine du Centre se sent \u00e9galement comme un champion. Participant dans trois concours bibliques, il a \u00e9t\u00e9 finaliste de la comp\u00e9tition de l&#39;ann\u00e9e derni\u00e8re en Martinique. <\/p>\n<p>Mendez, 22 ans, \u00e0 dit que m\u00e9moriser la Bible et participer \u00e0 des dizaines de comp\u00e9titions bibliques locales \u00e0 Mexico City a vraiment \u00e9t\u00e9 enrichissant. <\/p>\n<p>\u00ab\u00a0Nous avons plus \u00e0 gagner qu&#39;un simple prix parce que nous sommes tous vainqueurs,\u00a0\u00bb a dit Mendez. <\/p>\n<p>Il en est de m\u00eame pour Neyda Perezde l&#39;Union Dominicaine, qui est arriv\u00e9 ex aequo avec Mendez avec un score de 510 points au cours de la comp\u00e9tition finale. Vainqueur du Concours Biblique de 2005 qui portait sur le livre \u00ab\u00a0Messages \u00e0 la Jeunesse,\u00a0\u00bb Neyda Perez a d\u00e9clar\u00e9 qu&#39;elle a commenc\u00e9 \u00e0 \u00e9tudier les livres bibliques retenus apr\u00e8s que la Super Coupe du Concours Biblique ait \u00e9t\u00e9 annonc\u00e9e il y a deux ans de cela. <\/p>\n<p>\u00ab\u00a0Je suis vraiment reconnaissante envers Dieu pour cette exp\u00e9rience,\u00a0\u00bb a d\u00e9clar\u00e9 Neyda Perez. <\/p>\n<p>Bien que Neyda Perez soit arriv\u00e9e deuxi\u00e8me ex aequo, elle s&#39;est \u00e9galement vue offrir un voyage tout frais pay\u00e9s pour repr\u00e9senter la jeunesse de la R\u00e9publique Dominicaine \u00e0 la Session de la Conf\u00e9rence G\u00e9n\u00e9rale qui aura lieu le mois prochain \u00e0 Atlanta. <\/p>\n<p>En troisi\u00e8me position avec 505 points, se trouvait Bilgai Abner Cruz de l&#39;Union Mexicaine Interoc\u00e9anique. Cruz, vainqueur du Concours Biblique 2006, a particip\u00e9 en direct via Internet et t\u00e9l\u00e9phone parce qu&#39;il n&#39;a pas pu obtenir son visa pour les \u00c9tats-Unis. <\/p>\n<p>\u00ab\u00a0Vous \u00eates tous des vainqueurs,\u00a0\u00bb a d\u00e9clar\u00e9 pasteur Rodriguez. \u00ab\u00a0Cela a \u00e9t\u00e9 un v\u00e9ritable privil\u00e8ge de voir la jeunesse de l&#39;Inter-Am\u00e9rique motiv\u00e9e \u00e0 \u00e9tudier les Ecritures.\u00a0\u00bb <\/p>\n<p>Benjamin Aguilar Lopez de l&#39;Union Mexicaine du Nord est arriv\u00e9 en quatri\u00e8me position. Aguilar, vainqueur en 2007 a d\u00e9clar\u00e9 que participer au Concours Biblique a \u00e9t\u00e9 l&#39;une des raisons pour lesquelles il \u00e9tudie maintenant afin de devenir pasteur. <\/p>\n<p>\u00c9tudier la Bible m&#39;a aid\u00e9 \u00e0 avoir une autre perspective sur la Bible et cela a donn\u00e9 une certaine direction \u00e0 ma vie,\u00a0\u00bb a t-il dit. <\/p>\n<p>Chacun des cinq finalistes a re\u00e7u en prix une somme d&#39;argent de la part de la Health Food Company de l&#39;Inter-Am\u00e9rique et aussi des livres de la Maison d&#39;Edition de l&#39;Inter-Am\u00e9rique. <\/p>\n<p>Garcia a \u00e9galement remport\u00e9 une Bible illustr\u00e9e par des enfants \u00e0 travers le monde offerte par un repr\u00e9sentant de la Presse Isra\u00e9lienne. <\/p>\n<p>Des r\u00e9compenses ont \u00e9galement \u00e9t\u00e9 remises aux principaux leaders des unions ayant organis\u00e9 les cinq pr\u00e9c\u00e9dentes comp\u00e9titions. <\/p>\n<p>Pasteur Rodriguez a remerci\u00e9 publiquement Juan Carlos Nino, d\u00e9veloppeur de logiciels pour les projets sp\u00e9ciaux pour l&#39;\u00e9glise Adventiste en Inter-Am\u00e9rique; il a con\u00e7u le logiciel interactif utilis\u00e9 par les participants au Concours Biblique sur leurs ordinateurs. Il a con\u00e7u le logiciel en s&#39;inspirant du jeu t\u00e9l\u00e9vis\u00e9 tr\u00e8s populaires aux \u00c9tats-Unis \u00ab\u00a0Qui veut gagner des Millions.\u00a0\u00bb Le logiciel pr\u00e9par\u00e9 par Nino peut fonctionner en anglais, en espagnol, en fran\u00e7ais, les trois principales langues du territoire. <\/p>\n<p>Lors de la cl\u00f4ture du programme, pasteur Rodriguez a annonc\u00e9 les livres de la Bible vot\u00e9s par le Comit\u00e9 Ex\u00e9cutif de l&#39;Inter-Am\u00e9rique et sur lesquels porteront les quatre prochains Concours Bibliques : <\/p>\n<p>2011 : Actes des Ap\u00f4tres, organis\u00e9e \u00e0 Porto Rico <\/p>\n<p>2012 : de Galates \u00e0 H\u00e9breux, organis\u00e9 \u00e0 Trinidad et Tobago <\/p>\n<p>2013 : les Petits Proph\u00e8tes, de Os\u00e9e \u00e0 Malachie, organis\u00e9 \u00e0 Cuba <\/p>\n<p>2014 : Super Coupe du Concours Biblique de l&#39;Inter-Am\u00e9rique, organis\u00e9e \u00e0 Miami en Floride <\/p>\n<p>\u00ab\u00a0Notre objectif est d&#39;avoir plus de jeunes impliqu\u00e9s dans la lecture et l&#39;\u00e9tude de la Bible,\u00a0\u00bb a r\u00e9affirm\u00e9 pasteur Rodriguez. \u00ab\u00a0Nous voulons que 100 % des jeunes de notre territoire puissent ch\u00e9rir les Ecritures et soient pr\u00eat pour le prochain retour de J\u00e9sus.\u00a0\u00bb <\/p>\n<p>La Super Coupe du Concours Biblique a \u00e9t\u00e9 diffus\u00e9e en direct sur Internet. Pour voir une galerie de photos du programme, <a  href=\"http:\/\/www.flickr.com\/photos\/interamerica\/page4\/\">cliquez ici<\/a >. <\/p>\n","protected":false},"excerpt":{"rendered":"<p>Le d\u00e9partement des Minist\u00e8res de la Jeunesse de l&#39;Inter Am\u00e9rique a conclu son initiative biblique annuelle avec sa Super Coupe du Concours Biblique lors d&#39;un programme sp\u00e9cial en direct organis\u00e9 au si\u00e8ge<\/p>\n","protected":false},"author":1,"featured_media":0,"comment_status":"closed","ping_status":"closed","sticky":false,"template":"","format":"standard","meta":{"_acf_changed":false,"footnotes":""},"categories":[9],"tags":[],"class_list":["post-13352","post","type-post","status-publish","format-standard","hentry","category-archive-fr"],"acf":[],"yoast_head":"<!-- This site is optimized with the Yoast SEO plugin v27.3 - https:\/\/yoast.com\/product\/yoast-seo-wordpress\/ -->\n<title>Inter Am\u00e9rique: Les cinq ann\u00e9es de concours de Bible de la jeunesse s&#039;ach\u00e8vent avec la Super Coupe du Concours Biblique - \u00c9glise Adventiste Du Septieme Jour - Inter Am\u00e9rique Division<\/title>\n<meta name=\"robots\" content=\"index, follow, max-snippet:-1, max-image-preview:large, max-video-preview:-1\" \/>\n<link rel=\"canonical\" href=\"https:\/\/interamerica.org\/fr\/2010\/06\/inter-amerique-les-cinq-annees-de-concours-de-bible-de-la-jeunesse-sachevent-avec-la-super-coupe-du-concours-biblique\/\" \/>\n<meta property=\"og:locale\" content=\"fr_FR\" \/>\n<meta property=\"og:type\" content=\"article\" \/>\n<meta property=\"og:title\" content=\"Inter Am\u00e9rique: Les cinq ann\u00e9es de concours de Bible de la jeunesse s&#039;ach\u00e8vent avec la Super Coupe du Concours Biblique - \u00c9glise Adventiste Du Septieme Jour - Inter Am\u00e9rique Division\" \/>\n<meta property=\"og:description\" content=\"Le d\u00e9partement des Minist\u00e8res de la Jeunesse de l&#039;Inter Am\u00e9rique a conclu son initiative biblique annuelle avec sa Super Coupe du Concours Biblique lors d&#039;un programme sp\u00e9cial en direct organis\u00e9 au si\u00e8ge\" \/>\n<meta property=\"og:url\" content=\"https:\/\/interamerica.org\/fr\/2010\/06\/inter-amerique-les-cinq-annees-de-concours-de-bible-de-la-jeunesse-sachevent-avec-la-super-coupe-du-concours-biblique\/\" \/>\n<meta property=\"og:site_name\" content=\"\u00c9glise Adventiste Du Septieme Jour - Inter Am\u00e9rique Division\" \/>\n<meta property=\"article:published_time\" content=\"2010-06-30T04:00:00+00:00\" \/>\n<meta property=\"article:modified_time\" content=\"2017-06-02T17:03:35+00:00\" \/>\n<meta name=\"author\" content=\"Lorenzo Verduzco\" \/>\n<meta name=\"twitter:card\" content=\"summary_large_image\" \/>\n<meta name=\"twitter:label1\" content=\"\u00c9crit par\" \/>\n\t<meta name=\"twitter:data1\" content=\"Lorenzo Verduzco\" \/>\n\t<meta name=\"twitter:label2\" content=\"Dur\u00e9e de lecture estim\u00e9e\" \/>\n\t<meta name=\"twitter:data2\" content=\"6 minutes\" \/>\n<script type=\"application\/ld+json\" class=\"yoast-schema-graph\">{\"@context\":\"https:\\\/\\\/schema.org\",\"@graph\":[{\"@type\":\"Article\",\"@id\":\"https:\\\/\\\/interamerica.org\\\/fr\\\/2010\\\/06\\\/inter-amerique-les-cinq-annees-de-concours-de-bible-de-la-jeunesse-sachevent-avec-la-super-coupe-du-concours-biblique\\\/#article\",\"isPartOf\":{\"@id\":\"https:\\\/\\\/interamerica.org\\\/fr\\\/2010\\\/06\\\/inter-amerique-les-cinq-annees-de-concours-de-bible-de-la-jeunesse-sachevent-avec-la-super-coupe-du-concours-biblique\\\/\"},\"author\":{\"name\":\"Lorenzo Verduzco\",\"@id\":\"https:\\\/\\\/interamerica.org\\\/fr\\\/#\\\/schema\\\/person\\\/68ede8bdc292885bb76c1e3810e73c39\"},\"headline\":\"Inter Am\u00e9rique: Les cinq ann\u00e9es de concours de Bible de la jeunesse s&#39;ach\u00e8vent avec la Super Coupe du Concours Biblique\",\"datePublished\":\"2010-06-30T04:00:00+00:00\",\"dateModified\":\"2017-06-02T17:03:35+00:00\",\"mainEntityOfPage\":{\"@id\":\"https:\\\/\\\/interamerica.org\\\/fr\\\/2010\\\/06\\\/inter-amerique-les-cinq-annees-de-concours-de-bible-de-la-jeunesse-sachevent-avec-la-super-coupe-du-concours-biblique\\\/\"},\"wordCount\":1276,\"articleSection\":[\"Archive\"],\"inLanguage\":\"fr-FR\"},{\"@type\":\"WebPage\",\"@id\":\"https:\\\/\\\/interamerica.org\\\/fr\\\/2010\\\/06\\\/inter-amerique-les-cinq-annees-de-concours-de-bible-de-la-jeunesse-sachevent-avec-la-super-coupe-du-concours-biblique\\\/\",\"url\":\"https:\\\/\\\/interamerica.org\\\/fr\\\/2010\\\/06\\\/inter-amerique-les-cinq-annees-de-concours-de-bible-de-la-jeunesse-sachevent-avec-la-super-coupe-du-concours-biblique\\\/\",\"name\":\"Inter Am\u00e9rique: Les cinq ann\u00e9es de concours de Bible de la jeunesse s&#39;ach\u00e8vent avec la Super Coupe du Concours Biblique - \u00c9glise Adventiste Du Septieme Jour - Inter Am\u00e9rique Division\",\"isPartOf\":{\"@id\":\"https:\\\/\\\/interamerica.org\\\/fr\\\/#website\"},\"datePublished\":\"2010-06-30T04:00:00+00:00\",\"dateModified\":\"2017-06-02T17:03:35+00:00\",\"author\":{\"@id\":\"https:\\\/\\\/interamerica.org\\\/fr\\\/#\\\/schema\\\/person\\\/68ede8bdc292885bb76c1e3810e73c39\"},\"breadcrumb\":{\"@id\":\"https:\\\/\\\/interamerica.org\\\/fr\\\/2010\\\/06\\\/inter-amerique-les-cinq-annees-de-concours-de-bible-de-la-jeunesse-sachevent-avec-la-super-coupe-du-concours-biblique\\\/#breadcrumb\"},\"inLanguage\":\"fr-FR\",\"potentialAction\":[{\"@type\":\"ReadAction\",\"target\":[\"https:\\\/\\\/interamerica.org\\\/fr\\\/2010\\\/06\\\/inter-amerique-les-cinq-annees-de-concours-de-bible-de-la-jeunesse-sachevent-avec-la-super-coupe-du-concours-biblique\\\/\"]}]},{\"@type\":\"BreadcrumbList\",\"@id\":\"https:\\\/\\\/interamerica.org\\\/fr\\\/2010\\\/06\\\/inter-amerique-les-cinq-annees-de-concours-de-bible-de-la-jeunesse-sachevent-avec-la-super-coupe-du-concours-biblique\\\/#breadcrumb\",\"itemListElement\":[{\"@type\":\"ListItem\",\"position\":1,\"name\":\"Home\",\"item\":\"https:\\\/\\\/interamerica.org\\\/fr\\\/\"},{\"@type\":\"ListItem\",\"position\":2,\"name\":\"Inter Am\u00e9rique: Les cinq ann\u00e9es de concours de Bible de la jeunesse s&#39;ach\u00e8vent avec la Super Coupe du Concours Biblique\"}]},{\"@type\":\"WebSite\",\"@id\":\"https:\\\/\\\/interamerica.org\\\/fr\\\/#website\",\"url\":\"https:\\\/\\\/interamerica.org\\\/fr\\\/\",\"name\":\"\u00c9glise Adventiste Du Septieme Jour - Inter Am\u00e9rique Division\",\"description\":\"\",\"potentialAction\":[{\"@type\":\"SearchAction\",\"target\":{\"@type\":\"EntryPoint\",\"urlTemplate\":\"https:\\\/\\\/interamerica.org\\\/fr\\\/?s={search_term_string}\"},\"query-input\":{\"@type\":\"PropertyValueSpecification\",\"valueRequired\":true,\"valueName\":\"search_term_string\"}}],\"inLanguage\":\"fr-FR\"},{\"@type\":\"Person\",\"@id\":\"https:\\\/\\\/interamerica.org\\\/fr\\\/#\\\/schema\\\/person\\\/68ede8bdc292885bb76c1e3810e73c39\",\"name\":\"Lorenzo Verduzco\",\"image\":{\"@type\":\"ImageObject\",\"inLanguage\":\"fr-FR\",\"@id\":\"https:\\\/\\\/secure.gravatar.com\\\/avatar\\\/fb81a55b6218459490a9c1dc841a34909185b81904c5337b4b27f7a6fd60c49e?s=96&d=mm&r=g\",\"url\":\"https:\\\/\\\/secure.gravatar.com\\\/avatar\\\/fb81a55b6218459490a9c1dc841a34909185b81904c5337b4b27f7a6fd60c49e?s=96&d=mm&r=g\",\"contentUrl\":\"https:\\\/\\\/secure.gravatar.com\\\/avatar\\\/fb81a55b6218459490a9c1dc841a34909185b81904c5337b4b27f7a6fd60c49e?s=96&d=mm&r=g\",\"caption\":\"Lorenzo Verduzco\"}}]}<\/script>\n<!-- \/ Yoast SEO plugin. -->","yoast_head_json":{"title":"Inter Am\u00e9rique: Les cinq ann\u00e9es de concours de Bible de la jeunesse s&#39;ach\u00e8vent avec la Super Coupe du Concours Biblique - \u00c9glise Adventiste Du Septieme Jour - Inter Am\u00e9rique Division","robots":{"index":"index","follow":"follow","max-snippet":"max-snippet:-1","max-image-preview":"max-image-preview:large","max-video-preview":"max-video-preview:-1"},"canonical":"https:\/\/interamerica.org\/fr\/2010\/06\/inter-amerique-les-cinq-annees-de-concours-de-bible-de-la-jeunesse-sachevent-avec-la-super-coupe-du-concours-biblique\/","og_locale":"fr_FR","og_type":"article","og_title":"Inter Am\u00e9rique: Les cinq ann\u00e9es de concours de Bible de la jeunesse s&#39;ach\u00e8vent avec la Super Coupe du Concours Biblique - \u00c9glise Adventiste Du Septieme Jour - Inter Am\u00e9rique Division","og_description":"Le d\u00e9partement des Minist\u00e8res de la Jeunesse de l&#39;Inter Am\u00e9rique a conclu son initiative biblique annuelle avec sa Super Coupe du Concours Biblique lors d&#39;un programme sp\u00e9cial en direct organis\u00e9 au si\u00e8ge","og_url":"https:\/\/interamerica.org\/fr\/2010\/06\/inter-amerique-les-cinq-annees-de-concours-de-bible-de-la-jeunesse-sachevent-avec-la-super-coupe-du-concours-biblique\/","og_site_name":"\u00c9glise Adventiste Du Septieme Jour - Inter Am\u00e9rique Division","article_published_time":"2010-06-30T04:00:00+00:00","article_modified_time":"2017-06-02T17:03:35+00:00","author":"Lorenzo Verduzco","twitter_card":"summary_large_image","twitter_misc":{"\u00c9crit par":"Lorenzo Verduzco","Dur\u00e9e de lecture estim\u00e9e":"6 minutes"},"schema":{"@context":"https:\/\/schema.org","@graph":[{"@type":"Article","@id":"https:\/\/interamerica.org\/fr\/2010\/06\/inter-amerique-les-cinq-annees-de-concours-de-bible-de-la-jeunesse-sachevent-avec-la-super-coupe-du-concours-biblique\/#article","isPartOf":{"@id":"https:\/\/interamerica.org\/fr\/2010\/06\/inter-amerique-les-cinq-annees-de-concours-de-bible-de-la-jeunesse-sachevent-avec-la-super-coupe-du-concours-biblique\/"},"author":{"name":"Lorenzo Verduzco","@id":"https:\/\/interamerica.org\/fr\/#\/schema\/person\/68ede8bdc292885bb76c1e3810e73c39"},"headline":"Inter Am\u00e9rique: Les cinq ann\u00e9es de concours de Bible de la jeunesse s&#39;ach\u00e8vent avec la Super Coupe du Concours Biblique","datePublished":"2010-06-30T04:00:00+00:00","dateModified":"2017-06-02T17:03:35+00:00","mainEntityOfPage":{"@id":"https:\/\/interamerica.org\/fr\/2010\/06\/inter-amerique-les-cinq-annees-de-concours-de-bible-de-la-jeunesse-sachevent-avec-la-super-coupe-du-concours-biblique\/"},"wordCount":1276,"articleSection":["Archive"],"inLanguage":"fr-FR"},{"@type":"WebPage","@id":"https:\/\/interamerica.org\/fr\/2010\/06\/inter-amerique-les-cinq-annees-de-concours-de-bible-de-la-jeunesse-sachevent-avec-la-super-coupe-du-concours-biblique\/","url":"https:\/\/interamerica.org\/fr\/2010\/06\/inter-amerique-les-cinq-annees-de-concours-de-bible-de-la-jeunesse-sachevent-avec-la-super-coupe-du-concours-biblique\/","name":"Inter Am\u00e9rique: Les cinq ann\u00e9es de concours de Bible de la jeunesse s&#39;ach\u00e8vent avec la Super Coupe du Concours Biblique - \u00c9glise Adventiste Du Septieme Jour - Inter Am\u00e9rique Division","isPartOf":{"@id":"https:\/\/interamerica.org\/fr\/#website"},"datePublished":"2010-06-30T04:00:00+00:00","dateModified":"2017-06-02T17:03:35+00:00","author":{"@id":"https:\/\/interamerica.org\/fr\/#\/schema\/person\/68ede8bdc292885bb76c1e3810e73c39"},"breadcrumb":{"@id":"https:\/\/interamerica.org\/fr\/2010\/06\/inter-amerique-les-cinq-annees-de-concours-de-bible-de-la-jeunesse-sachevent-avec-la-super-coupe-du-concours-biblique\/#breadcrumb"},"inLanguage":"fr-FR","potentialAction":[{"@type":"ReadAction","target":["https:\/\/interamerica.org\/fr\/2010\/06\/inter-amerique-les-cinq-annees-de-concours-de-bible-de-la-jeunesse-sachevent-avec-la-super-coupe-du-concours-biblique\/"]}]},{"@type":"BreadcrumbList","@id":"https:\/\/interamerica.org\/fr\/2010\/06\/inter-amerique-les-cinq-annees-de-concours-de-bible-de-la-jeunesse-sachevent-avec-la-super-coupe-du-concours-biblique\/#breadcrumb","itemListElement":[{"@type":"ListItem","position":1,"name":"Home","item":"https:\/\/interamerica.org\/fr\/"},{"@type":"ListItem","position":2,"name":"Inter Am\u00e9rique: Les cinq ann\u00e9es de concours de Bible de la jeunesse s&#39;ach\u00e8vent avec la Super Coupe du Concours Biblique"}]},{"@type":"WebSite","@id":"https:\/\/interamerica.org\/fr\/#website","url":"https:\/\/interamerica.org\/fr\/","name":"\u00c9glise Adventiste Du Septieme Jour - Inter Am\u00e9rique Division","description":"","potentialAction":[{"@type":"SearchAction","target":{"@type":"EntryPoint","urlTemplate":"https:\/\/interamerica.org\/fr\/?s={search_term_string}"},"query-input":{"@type":"PropertyValueSpecification","valueRequired":true,"valueName":"search_term_string"}}],"inLanguage":"fr-FR"},{"@type":"Person","@id":"https:\/\/interamerica.org\/fr\/#\/schema\/person\/68ede8bdc292885bb76c1e3810e73c39","name":"Lorenzo Verduzco","image":{"@type":"ImageObject","inLanguage":"fr-FR","@id":"https:\/\/secure.gravatar.com\/avatar\/fb81a55b6218459490a9c1dc841a34909185b81904c5337b4b27f7a6fd60c49e?s=96&d=mm&r=g","url":"https:\/\/secure.gravatar.com\/avatar\/fb81a55b6218459490a9c1dc841a34909185b81904c5337b4b27f7a6fd60c49e?s=96&d=mm&r=g","contentUrl":"https:\/\/secure.gravatar.com\/avatar\/fb81a55b6218459490a9c1dc841a34909185b81904c5337b4b27f7a6fd60c49e?s=96&d=mm&r=g","caption":"Lorenzo Verduzco"}}]}},"_links":{"self":[{"href":"https:\/\/interamerica.org\/fr\/wp-json\/wp\/v2\/posts\/13352","targetHints":{"allow":["GET"]}}],"collection":[{"href":"https:\/\/interamerica.org\/fr\/wp-json\/wp\/v2\/posts"}],"about":[{"href":"https:\/\/interamerica.org\/fr\/wp-json\/wp\/v2\/types\/post"}],"author":[{"embeddable":true,"href":"https:\/\/interamerica.org\/fr\/wp-json\/wp\/v2\/users\/1"}],"replies":[{"embeddable":true,"href":"https:\/\/interamerica.org\/fr\/wp-json\/wp\/v2\/comments?post=13352"}],"version-history":[{"count":0,"href":"https:\/\/interamerica.org\/fr\/wp-json\/wp\/v2\/posts\/13352\/revisions"}],"wp:attachment":[{"href":"https:\/\/interamerica.org\/fr\/wp-json\/wp\/v2\/media?parent=13352"}],"wp:term":[{"taxonomy":"category","embeddable":true,"href":"https:\/\/interamerica.org\/fr\/wp-json\/wp\/v2\/categories?post=13352"},{"taxonomy":"post_tag","embeddable":true,"href":"https:\/\/interamerica.org\/fr\/wp-json\/wp\/v2\/tags?post=13352"}],"curies":[{"name":"wp","href":"https:\/\/api.w.org\/{rel}","templated":true}]}}