{"id":13355,"date":"2010-06-07T00:00:00","date_gmt":"2010-06-07T04:00:00","guid":{"rendered":"http:\/\/192.81.217.108\/interamerica\/2010\/06\/jamaique-des-plans-sont-en-cours-pour-la-reorganisation-du-territoire-de-leglise\/"},"modified":"2017-06-02T13:04:03","modified_gmt":"2017-06-02T17:04:03","slug":"jamaique-des-plans-sont-en-cours-pour-la-reorganisation-du-territoire-de-leglise","status":"publish","type":"post","link":"https:\/\/interamerica.org\/fr\/2010\/06\/jamaique-des-plans-sont-en-cours-pour-la-reorganisation-du-territoire-de-leglise\/","title":{"rendered":"Jama\u00efque: Des plans sont en cours pour la r\u00e9organisation du territoire de l&#39;\u00e9glise"},"content":{"rendered":"<p><em >7 Juin 2010<\/em > &#8211; Mandeville, Jama\u00efque&#8230;[Lawrie henry\/Nigel Coke\/DIA] <\/p>\n<p>Les plans pour la r\u00e9organisation de l&#39;Union des West Indies (WIU) ont \u00e9t\u00e9 pr\u00e9sent\u00e9s au cours d&#39;une rencontre avec les pasteurs, les employes et les anciens d&#39;\u00e9glise qui s&#39;est d\u00e9roul\u00e9e au gymnase de Northern Caribbean University (NCU) le 31 mai 2010. Pasteur Leito, pr\u00e9sident de l&#39;\u00e9glise Adventiste en Inter Am\u00e9rique \u00e9tait l&#39;intervenant principal. <\/p>\n<p>\u00ab Cette r\u00e9organisation intervient en reconnaissance de la croissance et du d\u00e9veloppement significatifs qu&#39;a connu l&#39;Union des West Indies au cours de ces derni\u00e8res ann\u00e9es, \u00bb a d\u00e9clar\u00e9 pasteur Leito, alors qu&#39;il faisait taire les rumeurs selon lesquelles la dissolution de l&#39;Union des West Indies constituait une premi\u00e8re \u00e9tape vers la cr\u00e9ation d&#39;une Division anglophone en Inter Am\u00e9rique. \u00ab Cette r\u00e9organisation n&#39;est pas le pr\u00e9lude \u00e0 une Division anglophone \u00bb a-t-il expliqu\u00e9. \u00ab La Conf\u00e9rence G\u00e9n\u00e9rale a \u00e9t\u00e9 claire sur le fait qu&#39;elle dispose de toutes les divisions dont elle a besoin et n&#39;en a pas besoin d&#39;autres. \u00bb <\/p>\n<p>Le pr\u00e9sident de la DIA a fait remarquer que la dissolution de l&#39;Union des West Indies (WIU) fera passer \u00e0 quatre le nombre d&#39;unions anglophones dans la DIA, alors que l&#39;Union de F\u00e9d\u00e9rations de la Jama\u00efque et l&#39;Union de Missions de la Cara\u00efbe Atlantique viennent s&#39;ajouter aux unions d\u00e9j\u00e0 en existence \u00e0 savoir l&#39;Union d&#39;Eglises de Belize et l&#39;Union de F\u00e9d\u00e9rations de la Cara\u00efbe. <\/p>\n<p>La nouvelle configuration verra la formation de l&#39;Union de Missions de la Cara\u00efbe Atlantique (ACUM) qui comprend quatre champs : la F\u00e9d\u00e9ration des Bahamas, la F\u00e9d\u00e9ration du Nord des Bahamas, la F\u00e9d\u00e9ration des Iles Ca\u00efman, et la Mission des Iles Turc et Caicos, soit environ 25000 membres au total. L&#39;Union de F\u00e9d\u00e9ration de la Jama\u00efque (JAMU) qui comprend cinq champs, \u00e0 savoir : les F\u00e9d\u00e9rations de l&#39;Est, de l&#39;Ouest, du Centre, du Nord et du Nord-est de la Jama\u00efque, soit environ 250000 membres. <\/p>\n<p>La r\u00e9organisation aura des implications au niveau du besoin en personnel de l&#39;Union. Pasteur Leito a indiqu\u00e9 que ACUM d\u00e9butera avec 12 employ\u00e9s alors que JAMU sera limit\u00e9e \u00e0 20 employ\u00e9s. \u00ab Ces plafonds sont mis en place pour s&#39;assurer que les nouvelles unions d\u00e9marrent en \u00e9tant financi\u00e8rement viables et qu&#39;elles le demeurent,\u00bb a-t-il ajout\u00e9. <\/p>\n<p>Pasteur Leito a assur\u00e9 \u00e0 ceux qui \u00e9taient concern\u00e9s que \u00ab tout serait fait pour d\u00e9fendre et prot\u00e9ger les employ\u00e9s qui ne feront plus partie du personnel actuel de l&#39;Union des West Indies (WIU). Le r\u00e8glement stipule que tout employ\u00e9 qui perd son poste \u00e0 cause d&#39;une reorganisation profitera d&#39;une p\u00e9riode de r\u00e9mun\u00e9ration [apr\u00e8s les faits.] \u00bb <\/p>\n<p>Lors d&#39;un commentaire sur la s\u00e9paration, Pasteur Derek Bignall a d\u00e9clar\u00e9 : \u00ab Nous anticipons ce changement dans notre paysage eccl\u00e9sial vu que nous avons travaill\u00e9 de concert avec les territoires actuels depuis 1944. C&#39;est un signe de maturit\u00e9 et de croissance dans notre r\u00e9gion. \u00bb <\/p>\n<p>Voici les autres annonces faites par pasteur Leito au cours de la rencontre: <\/p>\n<ul  class=\"unIndentedList\">\n<li >Les nouvelles unions commenceront \u00e0 fonctionner au cours de la Session de la WIU qui doit se tenir \u00e0 la fin du mois de Novembre de cette ann\u00e9e; une c\u00e9r\u00e9monie de s\u00e9paration sera organis\u00e9e, et alors WIU cessera d&#39;exister. Apres la c\u00e9r\u00e9monie de s\u00e9paration, la premi\u00e8re r\u00e9union administrative de JAMU sera organis\u00e9e. Parce que ACUM est une union de missions et pas encore une union de f\u00e9d\u00e9rations, ses officiers seront d\u00e9sign\u00e9s par le Comit\u00e9 Ex\u00e9cutif de la DIA.<\/li ><\/ul >\n<ul  class=\"unIndentedList\">\n<li >Le tr\u00e9sorier de la WIU \u00e9tablira un budget pour chacune des unions.<\/li ><\/ul >\n<ul  class=\"unIndentedList\">\n<li >La s\u00e9paration au niveau financier prendra effet le 1<sup >er<\/sup > janvier 2011. Un comit\u00e9 sp\u00e9cial, pr\u00e9sid\u00e9 par le tresorier de la Division Inter Am\u00e9ricaine, se r\u00e9unira pour discuter et d\u00e9terminer les d\u00e9tails de la s\u00e9paration des avoirs.<\/li ><\/ul >\n<ul  class=\"unIndentedList\">\n<li >Northern Caribbean University (NCU) appartiendra et sera g\u00e9r\u00e9e par les deux unions.<\/li ><\/ul >\n<ul  class=\"unIndentedList\">\n<li >ACUM sera administr\u00e9e par un r\u00e8glement de fonctionnement propos\u00e9 par le Comit\u00e9 Ex\u00e9cutif de la DIA, plut\u00f4t que par une Constitution.<\/li ><\/ul >\n","protected":false},"excerpt":{"rendered":"<p>Les plans pour la r\u00e9organisation de l&#39;Union des West Indies (WIU) ont \u00e9t\u00e9 pr\u00e9sent\u00e9s au cours d&#39;une rencontre avec les pasteurs, les employes et les anciens d&#39;\u00e9glise qui s&#39;est d\u00e9roul\u00e9e<\/p>\n","protected":false},"author":1,"featured_media":0,"comment_status":"closed","ping_status":"closed","sticky":false,"template":"","format":"standard","meta":{"_acf_changed":false,"footnotes":""},"categories":[9],"tags":[],"class_list":["post-13355","post","type-post","status-publish","format-standard","hentry","category-archive-fr"],"acf":[],"yoast_head":"<!-- This site is optimized with the Yoast SEO plugin v27.3 - https:\/\/yoast.com\/product\/yoast-seo-wordpress\/ -->\n<title>Jama\u00efque: Des plans sont en cours pour la r\u00e9organisation du territoire de l&#039;\u00e9glise - \u00c9glise Adventiste Du Septieme Jour - Inter Am\u00e9rique Division<\/title>\n<meta name=\"robots\" content=\"index, follow, max-snippet:-1, max-image-preview:large, max-video-preview:-1\" \/>\n<link rel=\"canonical\" href=\"https:\/\/interamerica.org\/fr\/2010\/06\/jamaique-des-plans-sont-en-cours-pour-la-reorganisation-du-territoire-de-leglise\/\" \/>\n<meta property=\"og:locale\" content=\"fr_FR\" \/>\n<meta property=\"og:type\" content=\"article\" \/>\n<meta property=\"og:title\" content=\"Jama\u00efque: Des plans sont en cours pour la r\u00e9organisation du territoire de l&#039;\u00e9glise - \u00c9glise Adventiste Du Septieme Jour - Inter Am\u00e9rique Division\" \/>\n<meta property=\"og:description\" content=\"Les plans pour la r\u00e9organisation de l&#039;Union des West Indies (WIU) ont \u00e9t\u00e9 pr\u00e9sent\u00e9s au cours d&#039;une rencontre avec les pasteurs, les employes et les anciens d&#039;\u00e9glise qui s&#039;est d\u00e9roul\u00e9e\" \/>\n<meta property=\"og:url\" content=\"https:\/\/interamerica.org\/fr\/2010\/06\/jamaique-des-plans-sont-en-cours-pour-la-reorganisation-du-territoire-de-leglise\/\" \/>\n<meta property=\"og:site_name\" content=\"\u00c9glise Adventiste Du Septieme Jour - Inter Am\u00e9rique Division\" \/>\n<meta property=\"article:published_time\" content=\"2010-06-07T04:00:00+00:00\" \/>\n<meta property=\"article:modified_time\" content=\"2017-06-02T17:04:03+00:00\" \/>\n<meta name=\"author\" content=\"Lorenzo Verduzco\" \/>\n<meta name=\"twitter:card\" content=\"summary_large_image\" \/>\n<meta name=\"twitter:label1\" content=\"\u00c9crit par\" \/>\n\t<meta name=\"twitter:data1\" content=\"Lorenzo Verduzco\" \/>\n\t<meta name=\"twitter:label2\" content=\"Dur\u00e9e de lecture estim\u00e9e\" \/>\n\t<meta name=\"twitter:data2\" content=\"4 minutes\" \/>\n<script type=\"application\/ld+json\" class=\"yoast-schema-graph\">{\"@context\":\"https:\\\/\\\/schema.org\",\"@graph\":[{\"@type\":\"Article\",\"@id\":\"https:\\\/\\\/interamerica.org\\\/fr\\\/2010\\\/06\\\/jamaique-des-plans-sont-en-cours-pour-la-reorganisation-du-territoire-de-leglise\\\/#article\",\"isPartOf\":{\"@id\":\"https:\\\/\\\/interamerica.org\\\/fr\\\/2010\\\/06\\\/jamaique-des-plans-sont-en-cours-pour-la-reorganisation-du-territoire-de-leglise\\\/\"},\"author\":{\"name\":\"Lorenzo Verduzco\",\"@id\":\"https:\\\/\\\/interamerica.org\\\/fr\\\/#\\\/schema\\\/person\\\/68ede8bdc292885bb76c1e3810e73c39\"},\"headline\":\"Jama\u00efque: Des plans sont en cours pour la r\u00e9organisation du territoire de l&#39;\u00e9glise\",\"datePublished\":\"2010-06-07T04:00:00+00:00\",\"dateModified\":\"2017-06-02T17:04:03+00:00\",\"mainEntityOfPage\":{\"@id\":\"https:\\\/\\\/interamerica.org\\\/fr\\\/2010\\\/06\\\/jamaique-des-plans-sont-en-cours-pour-la-reorganisation-du-territoire-de-leglise\\\/\"},\"wordCount\":754,\"articleSection\":[\"Archive\"],\"inLanguage\":\"fr-FR\"},{\"@type\":\"WebPage\",\"@id\":\"https:\\\/\\\/interamerica.org\\\/fr\\\/2010\\\/06\\\/jamaique-des-plans-sont-en-cours-pour-la-reorganisation-du-territoire-de-leglise\\\/\",\"url\":\"https:\\\/\\\/interamerica.org\\\/fr\\\/2010\\\/06\\\/jamaique-des-plans-sont-en-cours-pour-la-reorganisation-du-territoire-de-leglise\\\/\",\"name\":\"Jama\u00efque: Des plans sont en cours pour la r\u00e9organisation du territoire de l&#39;\u00e9glise - \u00c9glise Adventiste Du Septieme Jour - Inter Am\u00e9rique Division\",\"isPartOf\":{\"@id\":\"https:\\\/\\\/interamerica.org\\\/fr\\\/#website\"},\"datePublished\":\"2010-06-07T04:00:00+00:00\",\"dateModified\":\"2017-06-02T17:04:03+00:00\",\"author\":{\"@id\":\"https:\\\/\\\/interamerica.org\\\/fr\\\/#\\\/schema\\\/person\\\/68ede8bdc292885bb76c1e3810e73c39\"},\"breadcrumb\":{\"@id\":\"https:\\\/\\\/interamerica.org\\\/fr\\\/2010\\\/06\\\/jamaique-des-plans-sont-en-cours-pour-la-reorganisation-du-territoire-de-leglise\\\/#breadcrumb\"},\"inLanguage\":\"fr-FR\",\"potentialAction\":[{\"@type\":\"ReadAction\",\"target\":[\"https:\\\/\\\/interamerica.org\\\/fr\\\/2010\\\/06\\\/jamaique-des-plans-sont-en-cours-pour-la-reorganisation-du-territoire-de-leglise\\\/\"]}]},{\"@type\":\"BreadcrumbList\",\"@id\":\"https:\\\/\\\/interamerica.org\\\/fr\\\/2010\\\/06\\\/jamaique-des-plans-sont-en-cours-pour-la-reorganisation-du-territoire-de-leglise\\\/#breadcrumb\",\"itemListElement\":[{\"@type\":\"ListItem\",\"position\":1,\"name\":\"Home\",\"item\":\"https:\\\/\\\/interamerica.org\\\/fr\\\/\"},{\"@type\":\"ListItem\",\"position\":2,\"name\":\"Jama\u00efque: Des plans sont en cours pour la r\u00e9organisation du territoire de l&#39;\u00e9glise\"}]},{\"@type\":\"WebSite\",\"@id\":\"https:\\\/\\\/interamerica.org\\\/fr\\\/#website\",\"url\":\"https:\\\/\\\/interamerica.org\\\/fr\\\/\",\"name\":\"\u00c9glise Adventiste Du Septieme Jour - Inter Am\u00e9rique Division\",\"description\":\"\",\"potentialAction\":[{\"@type\":\"SearchAction\",\"target\":{\"@type\":\"EntryPoint\",\"urlTemplate\":\"https:\\\/\\\/interamerica.org\\\/fr\\\/?s={search_term_string}\"},\"query-input\":{\"@type\":\"PropertyValueSpecification\",\"valueRequired\":true,\"valueName\":\"search_term_string\"}}],\"inLanguage\":\"fr-FR\"},{\"@type\":\"Person\",\"@id\":\"https:\\\/\\\/interamerica.org\\\/fr\\\/#\\\/schema\\\/person\\\/68ede8bdc292885bb76c1e3810e73c39\",\"name\":\"Lorenzo Verduzco\",\"image\":{\"@type\":\"ImageObject\",\"inLanguage\":\"fr-FR\",\"@id\":\"https:\\\/\\\/secure.gravatar.com\\\/avatar\\\/fb81a55b6218459490a9c1dc841a34909185b81904c5337b4b27f7a6fd60c49e?s=96&d=mm&r=g\",\"url\":\"https:\\\/\\\/secure.gravatar.com\\\/avatar\\\/fb81a55b6218459490a9c1dc841a34909185b81904c5337b4b27f7a6fd60c49e?s=96&d=mm&r=g\",\"contentUrl\":\"https:\\\/\\\/secure.gravatar.com\\\/avatar\\\/fb81a55b6218459490a9c1dc841a34909185b81904c5337b4b27f7a6fd60c49e?s=96&d=mm&r=g\",\"caption\":\"Lorenzo Verduzco\"}}]}<\/script>\n<!-- \/ Yoast SEO plugin. -->","yoast_head_json":{"title":"Jama\u00efque: Des plans sont en cours pour la r\u00e9organisation du territoire de l&#39;\u00e9glise - \u00c9glise Adventiste Du Septieme Jour - Inter Am\u00e9rique Division","robots":{"index":"index","follow":"follow","max-snippet":"max-snippet:-1","max-image-preview":"max-image-preview:large","max-video-preview":"max-video-preview:-1"},"canonical":"https:\/\/interamerica.org\/fr\/2010\/06\/jamaique-des-plans-sont-en-cours-pour-la-reorganisation-du-territoire-de-leglise\/","og_locale":"fr_FR","og_type":"article","og_title":"Jama\u00efque: Des plans sont en cours pour la r\u00e9organisation du territoire de l&#39;\u00e9glise - \u00c9glise Adventiste Du Septieme Jour - Inter Am\u00e9rique Division","og_description":"Les plans pour la r\u00e9organisation de l&#39;Union des West Indies (WIU) ont \u00e9t\u00e9 pr\u00e9sent\u00e9s au cours d&#39;une rencontre avec les pasteurs, les employes et les anciens d&#39;\u00e9glise qui s&#39;est d\u00e9roul\u00e9e","og_url":"https:\/\/interamerica.org\/fr\/2010\/06\/jamaique-des-plans-sont-en-cours-pour-la-reorganisation-du-territoire-de-leglise\/","og_site_name":"\u00c9glise Adventiste Du Septieme Jour - Inter Am\u00e9rique Division","article_published_time":"2010-06-07T04:00:00+00:00","article_modified_time":"2017-06-02T17:04:03+00:00","author":"Lorenzo Verduzco","twitter_card":"summary_large_image","twitter_misc":{"\u00c9crit par":"Lorenzo Verduzco","Dur\u00e9e de lecture estim\u00e9e":"4 minutes"},"schema":{"@context":"https:\/\/schema.org","@graph":[{"@type":"Article","@id":"https:\/\/interamerica.org\/fr\/2010\/06\/jamaique-des-plans-sont-en-cours-pour-la-reorganisation-du-territoire-de-leglise\/#article","isPartOf":{"@id":"https:\/\/interamerica.org\/fr\/2010\/06\/jamaique-des-plans-sont-en-cours-pour-la-reorganisation-du-territoire-de-leglise\/"},"author":{"name":"Lorenzo Verduzco","@id":"https:\/\/interamerica.org\/fr\/#\/schema\/person\/68ede8bdc292885bb76c1e3810e73c39"},"headline":"Jama\u00efque: Des plans sont en cours pour la r\u00e9organisation du territoire de l&#39;\u00e9glise","datePublished":"2010-06-07T04:00:00+00:00","dateModified":"2017-06-02T17:04:03+00:00","mainEntityOfPage":{"@id":"https:\/\/interamerica.org\/fr\/2010\/06\/jamaique-des-plans-sont-en-cours-pour-la-reorganisation-du-territoire-de-leglise\/"},"wordCount":754,"articleSection":["Archive"],"inLanguage":"fr-FR"},{"@type":"WebPage","@id":"https:\/\/interamerica.org\/fr\/2010\/06\/jamaique-des-plans-sont-en-cours-pour-la-reorganisation-du-territoire-de-leglise\/","url":"https:\/\/interamerica.org\/fr\/2010\/06\/jamaique-des-plans-sont-en-cours-pour-la-reorganisation-du-territoire-de-leglise\/","name":"Jama\u00efque: Des plans sont en cours pour la r\u00e9organisation du territoire de l&#39;\u00e9glise - \u00c9glise Adventiste Du Septieme Jour - Inter Am\u00e9rique Division","isPartOf":{"@id":"https:\/\/interamerica.org\/fr\/#website"},"datePublished":"2010-06-07T04:00:00+00:00","dateModified":"2017-06-02T17:04:03+00:00","author":{"@id":"https:\/\/interamerica.org\/fr\/#\/schema\/person\/68ede8bdc292885bb76c1e3810e73c39"},"breadcrumb":{"@id":"https:\/\/interamerica.org\/fr\/2010\/06\/jamaique-des-plans-sont-en-cours-pour-la-reorganisation-du-territoire-de-leglise\/#breadcrumb"},"inLanguage":"fr-FR","potentialAction":[{"@type":"ReadAction","target":["https:\/\/interamerica.org\/fr\/2010\/06\/jamaique-des-plans-sont-en-cours-pour-la-reorganisation-du-territoire-de-leglise\/"]}]},{"@type":"BreadcrumbList","@id":"https:\/\/interamerica.org\/fr\/2010\/06\/jamaique-des-plans-sont-en-cours-pour-la-reorganisation-du-territoire-de-leglise\/#breadcrumb","itemListElement":[{"@type":"ListItem","position":1,"name":"Home","item":"https:\/\/interamerica.org\/fr\/"},{"@type":"ListItem","position":2,"name":"Jama\u00efque: Des plans sont en cours pour la r\u00e9organisation du territoire de l&#39;\u00e9glise"}]},{"@type":"WebSite","@id":"https:\/\/interamerica.org\/fr\/#website","url":"https:\/\/interamerica.org\/fr\/","name":"\u00c9glise Adventiste Du Septieme Jour - Inter Am\u00e9rique Division","description":"","potentialAction":[{"@type":"SearchAction","target":{"@type":"EntryPoint","urlTemplate":"https:\/\/interamerica.org\/fr\/?s={search_term_string}"},"query-input":{"@type":"PropertyValueSpecification","valueRequired":true,"valueName":"search_term_string"}}],"inLanguage":"fr-FR"},{"@type":"Person","@id":"https:\/\/interamerica.org\/fr\/#\/schema\/person\/68ede8bdc292885bb76c1e3810e73c39","name":"Lorenzo Verduzco","image":{"@type":"ImageObject","inLanguage":"fr-FR","@id":"https:\/\/secure.gravatar.com\/avatar\/fb81a55b6218459490a9c1dc841a34909185b81904c5337b4b27f7a6fd60c49e?s=96&d=mm&r=g","url":"https:\/\/secure.gravatar.com\/avatar\/fb81a55b6218459490a9c1dc841a34909185b81904c5337b4b27f7a6fd60c49e?s=96&d=mm&r=g","contentUrl":"https:\/\/secure.gravatar.com\/avatar\/fb81a55b6218459490a9c1dc841a34909185b81904c5337b4b27f7a6fd60c49e?s=96&d=mm&r=g","caption":"Lorenzo Verduzco"}}]}},"_links":{"self":[{"href":"https:\/\/interamerica.org\/fr\/wp-json\/wp\/v2\/posts\/13355","targetHints":{"allow":["GET"]}}],"collection":[{"href":"https:\/\/interamerica.org\/fr\/wp-json\/wp\/v2\/posts"}],"about":[{"href":"https:\/\/interamerica.org\/fr\/wp-json\/wp\/v2\/types\/post"}],"author":[{"embeddable":true,"href":"https:\/\/interamerica.org\/fr\/wp-json\/wp\/v2\/users\/1"}],"replies":[{"embeddable":true,"href":"https:\/\/interamerica.org\/fr\/wp-json\/wp\/v2\/comments?post=13355"}],"version-history":[{"count":0,"href":"https:\/\/interamerica.org\/fr\/wp-json\/wp\/v2\/posts\/13355\/revisions"}],"wp:attachment":[{"href":"https:\/\/interamerica.org\/fr\/wp-json\/wp\/v2\/media?parent=13355"}],"wp:term":[{"taxonomy":"category","embeddable":true,"href":"https:\/\/interamerica.org\/fr\/wp-json\/wp\/v2\/categories?post=13355"},{"taxonomy":"post_tag","embeddable":true,"href":"https:\/\/interamerica.org\/fr\/wp-json\/wp\/v2\/tags?post=13355"}],"curies":[{"name":"wp","href":"https:\/\/api.w.org\/{rel}","templated":true}]}}