{"id":13363,"date":"2010-06-20T00:00:00","date_gmt":"2010-06-20T04:00:00","guid":{"rendered":"http:\/\/192.81.217.108\/interamerica\/2010\/06\/inter-ameriquedes-milliers-de-personnes-devraient-visiter-le-stand-de-la-division-au-cours-dela-session\/"},"modified":"2017-06-02T13:03:58","modified_gmt":"2017-06-02T17:03:58","slug":"inter-ameriquedes-milliers-de-personnes-devraient-visiter-le-stand-de-la-division-au-cours-dela-session","status":"publish","type":"post","link":"https:\/\/interamerica.org\/fr\/2010\/06\/inter-ameriquedes-milliers-de-personnes-devraient-visiter-le-stand-de-la-division-au-cours-dela-session\/","title":{"rendered":"Inter Am\u00e9rique:Des milliers de personnes devraient visiter le stand de la Division au cours dela Session"},"content":{"rendered":"<p><em >20 Juin 2010<\/em > &#8211; Miami, Floride, Etats Unis&#8230;[Libna Stevens\/DIA]<\/p>\n<p>Dans quelquesjours seulement, des milliers d&#39;Adventistes du Septi\u00e8me jour assisteront \u00e0 la59\u00e8me Session de la Conf\u00e9rence G\u00e9n\u00e9rale qui se tiendra \u00e0 Atlanta en G\u00e9orgie.Autant les rencontres administratives de l&#39;\u00e9glise sont importantes, autant l&#39;estaussi l&#39;opportunit\u00e9 pour les organisations Adventistes \u00e0 travers le monde de mettreen vitrine leurs institutions et de pr\u00e9senter la richesse culturelle de leursterritoires.<\/p>\n<p>La Division InterAm\u00e9ricaine (DIA), avec son vaste territoire multiculturel et multilingue aural&#39;occasion d&#39;\u00eatre repr\u00e9sent\u00e9e dans son grand stand d&#39;exposition au cours des 10jours de la Session.<\/p>\n<p>Pour la toutepremi\u00e8re fois, la DIA a lou\u00e9 quelques 30 stands pour pr\u00e9senter plusieurs de sesinstitutions et aussi mettre en avant deux de ses unions chaque jour, attirantainsi des milliers de personnes vers ses grands espaces ouverts, ont indiqu\u00e9les organisateurs.<\/p>\n<p>Pasteur Leon B.Wellington, vice pr\u00e9sident et directeur de communication pour l&#39;\u00e9gliseAdventiste en Inter Am\u00e9rique, et aussi pr\u00e9sident du comit\u00e9 en charge desstands, a d\u00e9clar\u00e9 que la planification a n\u00e9cessit\u00e9 de la coordination mais attirerdes milliers de personnes \u00e0 notre stand \u00e9tait en t\u00eate de nos priorit\u00e9s.<\/p>\n<p>\u00ab\u00a0je suis vraimententhousiaste  \u00e0 l&#39;id\u00e9e d&#39;accueillir lesmilliers de d\u00e9l\u00e9gu\u00e9s et d&#39;invit\u00e9s qui visiteront notre stand au cours de cetteSession. Nous somme fiers de pouvoir pr\u00e9senter le dynamisme et la diversit\u00e9culturelle de notre territoire dans notre espace d&#39;exposition ultramoderne,\u00a0\u00bb a dit pasteur Wellington.<\/p>\n<p>Pr\u00e8s de 50000copies du magazine sp\u00e9cial, <em >AdventistLife in the Inter American Division<\/em >, seront distribu\u00e9es durant la session.La magazine est publi\u00e9 en anglais, espagnol et fran\u00e7ais- les trois languesprincipales parl\u00e9es dans la DIA. De plus, des repr\u00e9sentants des unions serontpr\u00e9sents au stand d&#39;exposition chaque jour, distribuant des pr\u00e9sents, dessouvenirs et bien plus, ont indiqu\u00e9 les dirigeants.<\/p>\n<p>Une grande sc\u00e8nedans l&#39;espace d&#39;exhibition permettra \u00e0 des musiciens r\u00e9gionaux de s&#39;exprimertout au long de la journ\u00e9e.<\/p>\n<p>Les milliers depersonnes qui devraient visiter le stand d&#39;exposition de la DIA ne devraientpas \u00eatre plus nombreux que les milliers d&#39;Adventistes du Septi\u00e8me jour en InterAm\u00e9rique et \u00e0 travers le monde qui ne seront pas en mesure d&#39;assister \u00e0 lasession.<\/p>\n<p>\u00ab\u00a0Nousvoulons que nos fr\u00e8res et s\u0153urs qui ne pourront pas assister physiquement \u00e0 lasession, puissent \u00e9galement s&#39;impr\u00e9gner de ce qui se passe en Inter Am\u00e9rique etdans le reste du monde,\u00a0\u00bb a d\u00e9clar\u00e9 Abel Marquez, directeur adjoint de lacommunication pour l&#39;\u00e9glise Adventiste en Inter Am\u00e9rique et manager deproduction du stand d&#39;exposition de la DIA.<\/p>\n<p>\u00ab\u00a0Dans cetteoptique, nous avons mis en place une \u00e9quipe cr\u00e9ative qui travaillera tous lesjours dans le stand de notre Division pour la production d&#39;actualit\u00e9s, devid\u00e9os, de photos etc&#8230;qui seront pr\u00e9sent\u00e9es sur notre site web et les r\u00e9seauxsociaux les plus populaires,\u00a0\u00bb a ajout\u00e9 Abel Marquez.<\/p>\n<p>Pour lesderni\u00e8res informations sur la Session de la Conf\u00e9rence G\u00e9n\u00e9rale et d&#39;autressujets, visitez notre site \u00e0 <a  href=\"https:\/\/recursing-golick.147-182-135-0.plesk.page\/\">www.interamerica.org<\/a ><\/p>\n<p>Institutionsdevant \u00eatre repr\u00e9sent\u00e9es dans l&#39;espace d&#39;exposition de la DIA<\/p>\n<p>Inter-American Health Food Company  (compagnie de produits di\u00e9t\u00e9tiques de l&#39;InterAm\u00e9rique)<br  \/>University of Southern Caribbean (Universit\u00e9 du Sud de la Cara\u00efbe)<br  \/>Northern Caribbean University (Universit\u00e9 du Nord de la Cara\u00efbe)<br  \/>Antillean Adventist University<br  \/>Inter-American Publishing Association (Maison d&#39;\u00e9dition de l&#39;Inter Am\u00e9rique)<br  \/>Colombia Adventist University (Universit\u00e9 Adventiste de Colombie)<br  \/>Navojoa Adventist University<br  \/>Montemorelos University<br  \/>Inter-American Division (DIA)<\/p>\n<\/p>\n<p>Programme quotidien de l&#39;exposition des diff\u00e9rentesunions:<\/p>\n<p><strong >Jeudi24 Juin &#8211; 14h &#8211; 19h<\/strong ><\/p>\n<p>UnionColombienne<\/p>\n<p>Union Sud Mexicaine<\/p>\n<p><strong >Vendredi25 Juin &#8211; 9h &#8211; 19h<\/strong ><\/p>\n<p>Union Centram\u00e9ricaine du Sud<\/p>\n<p>Union des Antilles et Guyane Fran\u00e7aise<\/p>\n<p><strong >Sabbat26 Juin &#8211; 14h &#8211; 19h; 21h15 &#8211; 22h45<\/strong ><\/p>\n<p>Union Nord Mexicaine<\/p>\n<p>Union Dominicaine<\/p>\n<p><strong >Dimanche 27 Juin &#8211; 9h &#8211; 19h<\/strong ><\/p>\n<p>Union Carib\u00e9enne<\/p>\n<p>Union Mi-Centram\u00e9ricaine<\/p>\n<p><strong >Lundi28 Juin &#8211; 9h &#8211; 19h<\/strong ><\/p>\n<p>Union de Missions du Guatemala<\/p>\n<p>Union Ha\u00eftienne<\/p>\n<p><strong >Mardi29 Juin &#8211; 9h &#8211; 19h<\/strong ><\/p>\n<p>Union des West-Indies<\/p>\n<p>UnionPortoricaine<\/p>\n<p><strong >Mercredi30 Juin &#8211; 9h &#8211; 19h<\/strong ><\/p>\n<p>Union Mexicaine du Centre<\/p>\n<p>Union de Missions de Belize<\/p>\n<p>Union Colombienne<\/p>\n<p><strong >Jeudi1er Juillet &#8211; 9h &#8211; 19h<\/strong ><\/p>\n<p>Union Mexicaine Inter Oc\u00e9anique<\/p>\n<p>Union Cubaine<\/p>\n<p><strong >Vendredi2 Juillet &#8211; 9h &#8211; 19h<\/strong ><\/p>\n<p>Union Venezuela -Antilles<\/p>\n<p>Union Sud Mexicaine<\/p>\n","protected":false},"excerpt":{"rendered":"<p>Dans quelquesjours seulement, des milliers d&#39;Adventistes du Septi\u00e8me jour assisteront \u00e0 la59\u00e8me Session de la Conf\u00e9rence G\u00e9n\u00e9rale qui se tiendra \u00e0 Atlanta en G\u00e9orgie.Autant les rencon<\/p>\n","protected":false},"author":1,"featured_media":0,"comment_status":"closed","ping_status":"closed","sticky":false,"template":"","format":"standard","meta":{"_acf_changed":false,"footnotes":""},"categories":[9],"tags":[],"class_list":["post-13363","post","type-post","status-publish","format-standard","hentry","category-archive-fr"],"acf":[],"yoast_head":"<!-- This site is optimized with the Yoast SEO plugin v27.3 - https:\/\/yoast.com\/product\/yoast-seo-wordpress\/ -->\n<title>Inter Am\u00e9rique:Des milliers de personnes devraient visiter le stand de la Division au cours dela Session - \u00c9glise Adventiste Du Septieme Jour - Inter Am\u00e9rique Division<\/title>\n<meta name=\"robots\" content=\"index, follow, max-snippet:-1, max-image-preview:large, max-video-preview:-1\" \/>\n<link rel=\"canonical\" href=\"https:\/\/interamerica.org\/fr\/2010\/06\/inter-ameriquedes-milliers-de-personnes-devraient-visiter-le-stand-de-la-division-au-cours-dela-session\/\" \/>\n<meta property=\"og:locale\" content=\"fr_FR\" \/>\n<meta property=\"og:type\" content=\"article\" \/>\n<meta property=\"og:title\" content=\"Inter Am\u00e9rique:Des milliers de personnes devraient visiter le stand de la Division au cours dela Session - \u00c9glise Adventiste Du Septieme Jour - Inter Am\u00e9rique Division\" \/>\n<meta property=\"og:description\" content=\"Dans quelquesjours seulement, des milliers d&#039;Adventistes du Septi\u00e8me jour assisteront \u00e0 la59\u00e8me Session de la Conf\u00e9rence G\u00e9n\u00e9rale qui se tiendra \u00e0 Atlanta en G\u00e9orgie.Autant les rencon\" \/>\n<meta property=\"og:url\" content=\"https:\/\/interamerica.org\/fr\/2010\/06\/inter-ameriquedes-milliers-de-personnes-devraient-visiter-le-stand-de-la-division-au-cours-dela-session\/\" \/>\n<meta property=\"og:site_name\" content=\"\u00c9glise Adventiste Du Septieme Jour - Inter Am\u00e9rique Division\" \/>\n<meta property=\"article:published_time\" content=\"2010-06-20T04:00:00+00:00\" \/>\n<meta property=\"article:modified_time\" content=\"2017-06-02T17:03:58+00:00\" \/>\n<meta name=\"author\" content=\"Lorenzo Verduzco\" \/>\n<meta name=\"twitter:card\" content=\"summary_large_image\" \/>\n<meta name=\"twitter:label1\" content=\"\u00c9crit par\" \/>\n\t<meta name=\"twitter:data1\" content=\"Lorenzo Verduzco\" \/>\n\t<meta name=\"twitter:label2\" content=\"Dur\u00e9e de lecture estim\u00e9e\" \/>\n\t<meta name=\"twitter:data2\" content=\"3 minutes\" \/>\n<script type=\"application\/ld+json\" class=\"yoast-schema-graph\">{\"@context\":\"https:\\\/\\\/schema.org\",\"@graph\":[{\"@type\":\"Article\",\"@id\":\"https:\\\/\\\/interamerica.org\\\/fr\\\/2010\\\/06\\\/inter-ameriquedes-milliers-de-personnes-devraient-visiter-le-stand-de-la-division-au-cours-dela-session\\\/#article\",\"isPartOf\":{\"@id\":\"https:\\\/\\\/interamerica.org\\\/fr\\\/2010\\\/06\\\/inter-ameriquedes-milliers-de-personnes-devraient-visiter-le-stand-de-la-division-au-cours-dela-session\\\/\"},\"author\":{\"name\":\"Lorenzo Verduzco\",\"@id\":\"https:\\\/\\\/interamerica.org\\\/fr\\\/#\\\/schema\\\/person\\\/68ede8bdc292885bb76c1e3810e73c39\"},\"headline\":\"Inter Am\u00e9rique:Des milliers de personnes devraient visiter le stand de la Division au cours dela Session\",\"datePublished\":\"2010-06-20T04:00:00+00:00\",\"dateModified\":\"2017-06-02T17:03:58+00:00\",\"mainEntityOfPage\":{\"@id\":\"https:\\\/\\\/interamerica.org\\\/fr\\\/2010\\\/06\\\/inter-ameriquedes-milliers-de-personnes-devraient-visiter-le-stand-de-la-division-au-cours-dela-session\\\/\"},\"wordCount\":740,\"articleSection\":[\"Archive\"],\"inLanguage\":\"fr-FR\"},{\"@type\":\"WebPage\",\"@id\":\"https:\\\/\\\/interamerica.org\\\/fr\\\/2010\\\/06\\\/inter-ameriquedes-milliers-de-personnes-devraient-visiter-le-stand-de-la-division-au-cours-dela-session\\\/\",\"url\":\"https:\\\/\\\/interamerica.org\\\/fr\\\/2010\\\/06\\\/inter-ameriquedes-milliers-de-personnes-devraient-visiter-le-stand-de-la-division-au-cours-dela-session\\\/\",\"name\":\"Inter Am\u00e9rique:Des milliers de personnes devraient visiter le stand de la Division au cours dela Session - \u00c9glise Adventiste Du Septieme Jour - Inter Am\u00e9rique Division\",\"isPartOf\":{\"@id\":\"https:\\\/\\\/interamerica.org\\\/fr\\\/#website\"},\"datePublished\":\"2010-06-20T04:00:00+00:00\",\"dateModified\":\"2017-06-02T17:03:58+00:00\",\"author\":{\"@id\":\"https:\\\/\\\/interamerica.org\\\/fr\\\/#\\\/schema\\\/person\\\/68ede8bdc292885bb76c1e3810e73c39\"},\"breadcrumb\":{\"@id\":\"https:\\\/\\\/interamerica.org\\\/fr\\\/2010\\\/06\\\/inter-ameriquedes-milliers-de-personnes-devraient-visiter-le-stand-de-la-division-au-cours-dela-session\\\/#breadcrumb\"},\"inLanguage\":\"fr-FR\",\"potentialAction\":[{\"@type\":\"ReadAction\",\"target\":[\"https:\\\/\\\/interamerica.org\\\/fr\\\/2010\\\/06\\\/inter-ameriquedes-milliers-de-personnes-devraient-visiter-le-stand-de-la-division-au-cours-dela-session\\\/\"]}]},{\"@type\":\"BreadcrumbList\",\"@id\":\"https:\\\/\\\/interamerica.org\\\/fr\\\/2010\\\/06\\\/inter-ameriquedes-milliers-de-personnes-devraient-visiter-le-stand-de-la-division-au-cours-dela-session\\\/#breadcrumb\",\"itemListElement\":[{\"@type\":\"ListItem\",\"position\":1,\"name\":\"Home\",\"item\":\"https:\\\/\\\/interamerica.org\\\/fr\\\/\"},{\"@type\":\"ListItem\",\"position\":2,\"name\":\"Inter Am\u00e9rique:Des milliers de personnes devraient visiter le stand de la Division au cours dela Session\"}]},{\"@type\":\"WebSite\",\"@id\":\"https:\\\/\\\/interamerica.org\\\/fr\\\/#website\",\"url\":\"https:\\\/\\\/interamerica.org\\\/fr\\\/\",\"name\":\"\u00c9glise Adventiste Du Septieme Jour - Inter Am\u00e9rique Division\",\"description\":\"\",\"potentialAction\":[{\"@type\":\"SearchAction\",\"target\":{\"@type\":\"EntryPoint\",\"urlTemplate\":\"https:\\\/\\\/interamerica.org\\\/fr\\\/?s={search_term_string}\"},\"query-input\":{\"@type\":\"PropertyValueSpecification\",\"valueRequired\":true,\"valueName\":\"search_term_string\"}}],\"inLanguage\":\"fr-FR\"},{\"@type\":\"Person\",\"@id\":\"https:\\\/\\\/interamerica.org\\\/fr\\\/#\\\/schema\\\/person\\\/68ede8bdc292885bb76c1e3810e73c39\",\"name\":\"Lorenzo Verduzco\",\"image\":{\"@type\":\"ImageObject\",\"inLanguage\":\"fr-FR\",\"@id\":\"https:\\\/\\\/secure.gravatar.com\\\/avatar\\\/fb81a55b6218459490a9c1dc841a34909185b81904c5337b4b27f7a6fd60c49e?s=96&d=mm&r=g\",\"url\":\"https:\\\/\\\/secure.gravatar.com\\\/avatar\\\/fb81a55b6218459490a9c1dc841a34909185b81904c5337b4b27f7a6fd60c49e?s=96&d=mm&r=g\",\"contentUrl\":\"https:\\\/\\\/secure.gravatar.com\\\/avatar\\\/fb81a55b6218459490a9c1dc841a34909185b81904c5337b4b27f7a6fd60c49e?s=96&d=mm&r=g\",\"caption\":\"Lorenzo Verduzco\"}}]}<\/script>\n<!-- \/ Yoast SEO plugin. -->","yoast_head_json":{"title":"Inter Am\u00e9rique:Des milliers de personnes devraient visiter le stand de la Division au cours dela Session - \u00c9glise Adventiste Du Septieme Jour - Inter Am\u00e9rique Division","robots":{"index":"index","follow":"follow","max-snippet":"max-snippet:-1","max-image-preview":"max-image-preview:large","max-video-preview":"max-video-preview:-1"},"canonical":"https:\/\/interamerica.org\/fr\/2010\/06\/inter-ameriquedes-milliers-de-personnes-devraient-visiter-le-stand-de-la-division-au-cours-dela-session\/","og_locale":"fr_FR","og_type":"article","og_title":"Inter Am\u00e9rique:Des milliers de personnes devraient visiter le stand de la Division au cours dela Session - \u00c9glise Adventiste Du Septieme Jour - Inter Am\u00e9rique Division","og_description":"Dans quelquesjours seulement, des milliers d&#39;Adventistes du Septi\u00e8me jour assisteront \u00e0 la59\u00e8me Session de la Conf\u00e9rence G\u00e9n\u00e9rale qui se tiendra \u00e0 Atlanta en G\u00e9orgie.Autant les rencon","og_url":"https:\/\/interamerica.org\/fr\/2010\/06\/inter-ameriquedes-milliers-de-personnes-devraient-visiter-le-stand-de-la-division-au-cours-dela-session\/","og_site_name":"\u00c9glise Adventiste Du Septieme Jour - Inter Am\u00e9rique Division","article_published_time":"2010-06-20T04:00:00+00:00","article_modified_time":"2017-06-02T17:03:58+00:00","author":"Lorenzo Verduzco","twitter_card":"summary_large_image","twitter_misc":{"\u00c9crit par":"Lorenzo Verduzco","Dur\u00e9e de lecture estim\u00e9e":"3 minutes"},"schema":{"@context":"https:\/\/schema.org","@graph":[{"@type":"Article","@id":"https:\/\/interamerica.org\/fr\/2010\/06\/inter-ameriquedes-milliers-de-personnes-devraient-visiter-le-stand-de-la-division-au-cours-dela-session\/#article","isPartOf":{"@id":"https:\/\/interamerica.org\/fr\/2010\/06\/inter-ameriquedes-milliers-de-personnes-devraient-visiter-le-stand-de-la-division-au-cours-dela-session\/"},"author":{"name":"Lorenzo Verduzco","@id":"https:\/\/interamerica.org\/fr\/#\/schema\/person\/68ede8bdc292885bb76c1e3810e73c39"},"headline":"Inter Am\u00e9rique:Des milliers de personnes devraient visiter le stand de la Division au cours dela Session","datePublished":"2010-06-20T04:00:00+00:00","dateModified":"2017-06-02T17:03:58+00:00","mainEntityOfPage":{"@id":"https:\/\/interamerica.org\/fr\/2010\/06\/inter-ameriquedes-milliers-de-personnes-devraient-visiter-le-stand-de-la-division-au-cours-dela-session\/"},"wordCount":740,"articleSection":["Archive"],"inLanguage":"fr-FR"},{"@type":"WebPage","@id":"https:\/\/interamerica.org\/fr\/2010\/06\/inter-ameriquedes-milliers-de-personnes-devraient-visiter-le-stand-de-la-division-au-cours-dela-session\/","url":"https:\/\/interamerica.org\/fr\/2010\/06\/inter-ameriquedes-milliers-de-personnes-devraient-visiter-le-stand-de-la-division-au-cours-dela-session\/","name":"Inter Am\u00e9rique:Des milliers de personnes devraient visiter le stand de la Division au cours dela Session - \u00c9glise Adventiste Du Septieme Jour - Inter Am\u00e9rique Division","isPartOf":{"@id":"https:\/\/interamerica.org\/fr\/#website"},"datePublished":"2010-06-20T04:00:00+00:00","dateModified":"2017-06-02T17:03:58+00:00","author":{"@id":"https:\/\/interamerica.org\/fr\/#\/schema\/person\/68ede8bdc292885bb76c1e3810e73c39"},"breadcrumb":{"@id":"https:\/\/interamerica.org\/fr\/2010\/06\/inter-ameriquedes-milliers-de-personnes-devraient-visiter-le-stand-de-la-division-au-cours-dela-session\/#breadcrumb"},"inLanguage":"fr-FR","potentialAction":[{"@type":"ReadAction","target":["https:\/\/interamerica.org\/fr\/2010\/06\/inter-ameriquedes-milliers-de-personnes-devraient-visiter-le-stand-de-la-division-au-cours-dela-session\/"]}]},{"@type":"BreadcrumbList","@id":"https:\/\/interamerica.org\/fr\/2010\/06\/inter-ameriquedes-milliers-de-personnes-devraient-visiter-le-stand-de-la-division-au-cours-dela-session\/#breadcrumb","itemListElement":[{"@type":"ListItem","position":1,"name":"Home","item":"https:\/\/interamerica.org\/fr\/"},{"@type":"ListItem","position":2,"name":"Inter Am\u00e9rique:Des milliers de personnes devraient visiter le stand de la Division au cours dela Session"}]},{"@type":"WebSite","@id":"https:\/\/interamerica.org\/fr\/#website","url":"https:\/\/interamerica.org\/fr\/","name":"\u00c9glise Adventiste Du Septieme Jour - Inter Am\u00e9rique Division","description":"","potentialAction":[{"@type":"SearchAction","target":{"@type":"EntryPoint","urlTemplate":"https:\/\/interamerica.org\/fr\/?s={search_term_string}"},"query-input":{"@type":"PropertyValueSpecification","valueRequired":true,"valueName":"search_term_string"}}],"inLanguage":"fr-FR"},{"@type":"Person","@id":"https:\/\/interamerica.org\/fr\/#\/schema\/person\/68ede8bdc292885bb76c1e3810e73c39","name":"Lorenzo Verduzco","image":{"@type":"ImageObject","inLanguage":"fr-FR","@id":"https:\/\/secure.gravatar.com\/avatar\/fb81a55b6218459490a9c1dc841a34909185b81904c5337b4b27f7a6fd60c49e?s=96&d=mm&r=g","url":"https:\/\/secure.gravatar.com\/avatar\/fb81a55b6218459490a9c1dc841a34909185b81904c5337b4b27f7a6fd60c49e?s=96&d=mm&r=g","contentUrl":"https:\/\/secure.gravatar.com\/avatar\/fb81a55b6218459490a9c1dc841a34909185b81904c5337b4b27f7a6fd60c49e?s=96&d=mm&r=g","caption":"Lorenzo Verduzco"}}]}},"_links":{"self":[{"href":"https:\/\/interamerica.org\/fr\/wp-json\/wp\/v2\/posts\/13363","targetHints":{"allow":["GET"]}}],"collection":[{"href":"https:\/\/interamerica.org\/fr\/wp-json\/wp\/v2\/posts"}],"about":[{"href":"https:\/\/interamerica.org\/fr\/wp-json\/wp\/v2\/types\/post"}],"author":[{"embeddable":true,"href":"https:\/\/interamerica.org\/fr\/wp-json\/wp\/v2\/users\/1"}],"replies":[{"embeddable":true,"href":"https:\/\/interamerica.org\/fr\/wp-json\/wp\/v2\/comments?post=13363"}],"version-history":[{"count":0,"href":"https:\/\/interamerica.org\/fr\/wp-json\/wp\/v2\/posts\/13363\/revisions"}],"wp:attachment":[{"href":"https:\/\/interamerica.org\/fr\/wp-json\/wp\/v2\/media?parent=13363"}],"wp:term":[{"taxonomy":"category","embeddable":true,"href":"https:\/\/interamerica.org\/fr\/wp-json\/wp\/v2\/categories?post=13363"},{"taxonomy":"post_tag","embeddable":true,"href":"https:\/\/interamerica.org\/fr\/wp-json\/wp\/v2\/tags?post=13363"}],"curies":[{"name":"wp","href":"https:\/\/api.w.org\/{rel}","templated":true}]}}