{"id":13366,"date":"2010-06-23T00:00:00","date_gmt":"2010-06-23T04:00:00","guid":{"rendered":"http:\/\/192.81.217.108\/interamerica\/2010\/06\/la-ville-datlanta-accueille-les-adventistes-pendant-une-conference-de-presse\/"},"modified":"2017-06-02T13:03:55","modified_gmt":"2017-06-02T17:03:55","slug":"la-ville-datlanta-accueille-les-adventistes-pendant-une-conference-de-presse","status":"publish","type":"post","link":"https:\/\/interamerica.org\/fr\/2010\/06\/la-ville-datlanta-accueille-les-adventistes-pendant-une-conference-de-presse\/","title":{"rendered":"La ville d&#39;Atlanta accueille les Adventistes pendant une conf\u00e9rence de presse"},"content":{"rendered":"<p>23 juin 2010, Atlanta, Georgie, Etats-Unis&#8230; Edwin Manuel Garcia\/ANN <\/p>\n<p>Les principaux fonctionnaires du tourisme d&#39;Atlanta, en Georgie, ont souhait\u00e9 aujourd&#39;hui la bienvenue au Pr\u00e9sident de l&#39;\u00e9glise mondiale des Adventistes du Septi\u00e8me jour Jan Paulsen \u00e0 l&#39;occasion de la 59\u00e8me Session de la Conf\u00e9rence G\u00e9n\u00e9rale de la d\u00e9nomination, qui devra en toute probabilit\u00e9 permettre \u00e0 l&#39;\u00e9conomie locale d&#39;encaisser $80 millions. <\/p>\n<p>\u00ab\u00a0Nous sommes vraiment heureux de vous accueillir dans notre ville &#8212; et comme vous pouvez le voir maintenant, nous avons recouvert les poteaux du bas de la ville de banderoles en vue de saluer tous vos participants,\u00a0\u00bb a d\u00e9clar\u00e9 Mark Vaughan, vice-pr\u00e9sident responsable de la Convention d&#39;Atlanta et du Bureau des Visiteurs.  \u00ab\u00a0Et nous sommes vraiment convaincus que tout un chacun aura une exp\u00e9rience merveilleuse ici \u00e0 Atlanta.\u00a0\u00bb <\/p>\n<p>Mark Zimmerman, principal responsable du &#39;Gerogia World Congress Center et du Georgia Dome, d&#39;une capacit\u00e9 de 72.000 si\u00e8ges, sait que la temp\u00e9rature chaude et humide d&#39;Atlanta pourrait incommoder les participants.  \u00ab\u00a0Mais il y a quelque chose sur qui vous pouvez compter:  A l&#39;int\u00e9rieur du Georgia Dome, il y aura toujours une temp\u00e9rature de 78 degr\u00e9 et un beau soleil. <\/p>\n<p>Les remarques de Vaughan et de Zimmerman ont eu lieu au d\u00e9but de la conf\u00e9rence de presse de la session, qui doit regrouper des dizaines de milliers d&#39;Adventistes pendant 10 jours, p\u00e9riode au cours de laquelle 2.4000 d\u00e9l\u00e9gu\u00e9s auront \u00e0 \u00e9lire des dirigeants d&#39;\u00e9glise pour les cinq prochaines ann\u00e9es. <\/p>\n<p>Paulsen, qui a d\u00e9clar\u00e9 que l&#39;\u00e9glise \u00ab\u00a0\u00e9tait heureuse de se trouver \u00e0 Atlanta,\u00a0\u00bb a expliqu\u00e9 les buts que se propose l&#39;organisation \u00e0 loccasion de la session, et a a r\u00e9pondu aux diverses questions concernant l&#39;agenda. <\/p>\n<p>Les discussions les plus importantes, dit-il, tourneront autour:  de la mise \u00e0 jour du Manuel d&#39;Eglise, de la d\u00e9cision \u00e0 savoir si certaines d\u00e9cisions devraient \u00eatre prises au cours des sessions ex\u00e9cutives annuelles ou pendant les Sessions de la Conf\u00e9rence G\u00e9n\u00e9rale chaque cinq ans, de la d\u00e9finition de l&#39;\u00e9glise concernant les diff\u00e9rents d\u00e9partements d&#39;\u00e9glise, et du choix des dirigeants de l&#39;organisation. <\/p>\n<p>La mise \u00e0 jour de la formulation du manuel, qui a \u00e9t\u00e9 amend\u00e9 \u00ab\u00a0par ci et par l\u00e0\u00a0\u00bb au cours des d\u00e9cennies, dit-il, pr\u00e9sente des difficult\u00e9s \u00e0 cause de la diversit\u00e9 au sein de l&#39;\u00e9glise mondiale.  \u00ab\u00a0En tant que communaut\u00e9 mondiale il y aura beaucoup de diff\u00e9rences \u00e0 l&#39;int\u00e9rieur des cultures,\u00a0\u00bb a dit Paulsen, \u00ab\u00a0et d&#39;une certaine mani\u00e8re l&#39;\u00e9glise devra s&#39;entendre l\u00e0 o\u00f9 existent ces disparit\u00e9s, et sans \u00eatre trop stricte au point d&#39;en entraver le fonctionnement.\u00a0\u00bb <\/p>\n<p>La portion du Manuel qui ne sera pas mise \u00e0 jour, a dit Paulsen, est celle qui a rapport \u00e0 la cons\u00e9cration des femmes.  Les fonctionnaires de l&#39;Eglise ne vont pas proposer des changements en ce qui concerne la position de l&#39;\u00e9glise, dit-il. <\/p>\n<p>Paulsen a dit que l&#39;Eglise Adventiste est \u00ab\u00a0une communaut\u00e9 puissante et florissante\u00a0\u00bb bien connue des dirigeants politiques du monde. <\/p>\n<p>\u00ab\u00a0Par le pass\u00e9, nous n&#39;\u00e9tions&#8230; qu&#39;une toute petite communaut\u00e9.  Il y a une grande diff\u00e9rence entre une communaut\u00e9 de 1 million et une communaut\u00e9 de 25 millions,\u00a0\u00bb dit-il.  A pr\u00e9sent, l&#39;\u00e9glise a 16.3 millions de membres baptis\u00e9s au sein de 200 pays. <\/p>\n<p>\u00ab\u00a0La \u00ab\u00a0communaut\u00e9,\u00a0\u00bb qui compte plusieurs millions d&#39;enfants, a cru au moins d&#39;un enfant de plus au cours des minutes avant que Paulsen eut parl\u00e9 aux reporters.  Pendant qu&#39;il attendait le d\u00e9but de la conf\u00e9rence de presse, Paulsen a dit qu&#39;il venait de recevoir un message electronique sur son portable lui annon\u00e7ant que son plus jeune petit fils venait tout juste de na\u00eetre sept minutes de cela \u00e0 Gen\u00e8ve, en Suisse. <\/p>\n<p>Imm\u00e9diatement apr\u00e8s la fin de la conf\u00e9rence, des centaines de d\u00e9l\u00e9gu\u00e9s vinrent plier les chaises qui se trouvaient \u00e0 l&#39;int\u00e9rieur du &#39;Gerogia Dome&#39; pour la premi\u00e8re r\u00e9union officielle de la Session &#8211; un apr\u00e8s-midi d&#39;emphase spirituelle. <\/p>\n<p>On a entendu des dirigeants d&#39;\u00e9glise tels Mark Finley, un vice-pr\u00e9sident de la Conf\u00e9rence G\u00e9n\u00e9rale; Angel Rodriguez, directeur de l&#39;Institut de Recherche Biblique de l&#39;\u00e9glise mondiale; et Carlton Byrd, pasteur d&#39;Atlanta Berean Adventist Church. <\/p>\n<p>\u00ab\u00a0Nous devons vraiment approfondir les \u00e9critures pour pouvoir en parler avec autorit\u00e9,\u00a0\u00bb a dit Rodriguez, qui a parl\u00e9 de l&#39;importance du Saint Esprit. <\/p>\n<p>Byrd, l&#39;un des diff\u00e9rent pr\u00e9dicateurs qui se trouvent \u00e0 Atlanta au cours de cette semaine, a convi\u00e9 les participants \u00e0 \u00ab\u00a0s&#39;unir\u00a0\u00bb en vue d&#39;achever la mission de l&#39;\u00e9glise. <\/p>\n<p>En se servant d&#39;une analogie entre la fuite du p\u00e9trole sur la C\u00f4te du Golfe et le Saint Esprit, Byrd a d\u00e9clar\u00e9, \u00ab\u00a0L&#39;Eglise Adventiste a besoin d&#39;une p\u00e9riode \u00ab\u00a0BP\u00a0\u00bb, et je ne parle pas de Briitish Petroleum.  Je parle d&#39;un &#39;Big-time Power&#39;. (une Grande Puissance)\u00a0\u00bb <\/p>\n<p>Que le Saint Esprit coule \u00e0 flot dans le monde a dit Byrd.  \u00ab\u00a0Drill, baby, drill.\u00a0\u00bb (P\u00e9n\u00e9trez, mon cher, P\u00e9n\u00e9trez)   <\/p><\/p>\n","protected":false},"excerpt":{"rendered":"<p>Les principaux fonctionnaires du tourisme d&#39;Atlanta, en Georgie, ont souhait\u00e9 aujourd&#39;hui la bienvenue au Pr\u00e9sident de l&#39;\u00e9glise mondiale des Adventistes du Septi\u00e8me jour Jan Paulsen \u00e0 l&#39;occasion de la 59&#038;<\/p>\n","protected":false},"author":1,"featured_media":0,"comment_status":"closed","ping_status":"closed","sticky":false,"template":"","format":"standard","meta":{"_acf_changed":false,"footnotes":""},"categories":[9],"tags":[],"class_list":["post-13366","post","type-post","status-publish","format-standard","hentry","category-archive-fr"],"acf":[],"yoast_head":"<!-- This site is optimized with the Yoast SEO plugin v27.3 - https:\/\/yoast.com\/product\/yoast-seo-wordpress\/ -->\n<title>La ville d&#039;Atlanta accueille les Adventistes pendant une conf\u00e9rence de presse - \u00c9glise Adventiste Du Septieme Jour - Inter Am\u00e9rique Division<\/title>\n<meta name=\"robots\" content=\"index, follow, max-snippet:-1, max-image-preview:large, max-video-preview:-1\" \/>\n<link rel=\"canonical\" href=\"https:\/\/interamerica.org\/fr\/2010\/06\/la-ville-datlanta-accueille-les-adventistes-pendant-une-conference-de-presse\/\" \/>\n<meta property=\"og:locale\" content=\"fr_FR\" \/>\n<meta property=\"og:type\" content=\"article\" \/>\n<meta property=\"og:title\" content=\"La ville d&#039;Atlanta accueille les Adventistes pendant une conf\u00e9rence de presse - \u00c9glise Adventiste Du Septieme Jour - Inter Am\u00e9rique Division\" \/>\n<meta property=\"og:description\" content=\"Les principaux fonctionnaires du tourisme d&#039;Atlanta, en Georgie, ont souhait\u00e9 aujourd&#039;hui la bienvenue au Pr\u00e9sident de l&#039;\u00e9glise mondiale des Adventistes du Septi\u00e8me jour Jan Paulsen \u00e0 l&#039;occasion de la 59&amp;\" \/>\n<meta property=\"og:url\" content=\"https:\/\/interamerica.org\/fr\/2010\/06\/la-ville-datlanta-accueille-les-adventistes-pendant-une-conference-de-presse\/\" \/>\n<meta property=\"og:site_name\" content=\"\u00c9glise Adventiste Du Septieme Jour - Inter Am\u00e9rique Division\" \/>\n<meta property=\"article:published_time\" content=\"2010-06-23T04:00:00+00:00\" \/>\n<meta property=\"article:modified_time\" content=\"2017-06-02T17:03:55+00:00\" \/>\n<meta name=\"author\" content=\"Lorenzo Verduzco\" \/>\n<meta name=\"twitter:card\" content=\"summary_large_image\" \/>\n<meta name=\"twitter:label1\" content=\"\u00c9crit par\" \/>\n\t<meta name=\"twitter:data1\" content=\"Lorenzo Verduzco\" \/>\n\t<meta name=\"twitter:label2\" content=\"Dur\u00e9e de lecture estim\u00e9e\" \/>\n\t<meta name=\"twitter:data2\" content=\"4 minutes\" \/>\n<script type=\"application\/ld+json\" class=\"yoast-schema-graph\">{\"@context\":\"https:\\\/\\\/schema.org\",\"@graph\":[{\"@type\":\"Article\",\"@id\":\"https:\\\/\\\/interamerica.org\\\/fr\\\/2010\\\/06\\\/la-ville-datlanta-accueille-les-adventistes-pendant-une-conference-de-presse\\\/#article\",\"isPartOf\":{\"@id\":\"https:\\\/\\\/interamerica.org\\\/fr\\\/2010\\\/06\\\/la-ville-datlanta-accueille-les-adventistes-pendant-une-conference-de-presse\\\/\"},\"author\":{\"name\":\"Lorenzo Verduzco\",\"@id\":\"https:\\\/\\\/interamerica.org\\\/fr\\\/#\\\/schema\\\/person\\\/68ede8bdc292885bb76c1e3810e73c39\"},\"headline\":\"La ville d&#39;Atlanta accueille les Adventistes pendant une conf\u00e9rence de presse\",\"datePublished\":\"2010-06-23T04:00:00+00:00\",\"dateModified\":\"2017-06-02T17:03:55+00:00\",\"mainEntityOfPage\":{\"@id\":\"https:\\\/\\\/interamerica.org\\\/fr\\\/2010\\\/06\\\/la-ville-datlanta-accueille-les-adventistes-pendant-une-conference-de-presse\\\/\"},\"wordCount\":874,\"articleSection\":[\"Archive\"],\"inLanguage\":\"fr-FR\"},{\"@type\":\"WebPage\",\"@id\":\"https:\\\/\\\/interamerica.org\\\/fr\\\/2010\\\/06\\\/la-ville-datlanta-accueille-les-adventistes-pendant-une-conference-de-presse\\\/\",\"url\":\"https:\\\/\\\/interamerica.org\\\/fr\\\/2010\\\/06\\\/la-ville-datlanta-accueille-les-adventistes-pendant-une-conference-de-presse\\\/\",\"name\":\"La ville d&#39;Atlanta accueille les Adventistes pendant une conf\u00e9rence de presse - \u00c9glise Adventiste Du Septieme Jour - Inter Am\u00e9rique Division\",\"isPartOf\":{\"@id\":\"https:\\\/\\\/interamerica.org\\\/fr\\\/#website\"},\"datePublished\":\"2010-06-23T04:00:00+00:00\",\"dateModified\":\"2017-06-02T17:03:55+00:00\",\"author\":{\"@id\":\"https:\\\/\\\/interamerica.org\\\/fr\\\/#\\\/schema\\\/person\\\/68ede8bdc292885bb76c1e3810e73c39\"},\"breadcrumb\":{\"@id\":\"https:\\\/\\\/interamerica.org\\\/fr\\\/2010\\\/06\\\/la-ville-datlanta-accueille-les-adventistes-pendant-une-conference-de-presse\\\/#breadcrumb\"},\"inLanguage\":\"fr-FR\",\"potentialAction\":[{\"@type\":\"ReadAction\",\"target\":[\"https:\\\/\\\/interamerica.org\\\/fr\\\/2010\\\/06\\\/la-ville-datlanta-accueille-les-adventistes-pendant-une-conference-de-presse\\\/\"]}]},{\"@type\":\"BreadcrumbList\",\"@id\":\"https:\\\/\\\/interamerica.org\\\/fr\\\/2010\\\/06\\\/la-ville-datlanta-accueille-les-adventistes-pendant-une-conference-de-presse\\\/#breadcrumb\",\"itemListElement\":[{\"@type\":\"ListItem\",\"position\":1,\"name\":\"Home\",\"item\":\"https:\\\/\\\/interamerica.org\\\/fr\\\/\"},{\"@type\":\"ListItem\",\"position\":2,\"name\":\"La ville d&#39;Atlanta accueille les Adventistes pendant une conf\u00e9rence de presse\"}]},{\"@type\":\"WebSite\",\"@id\":\"https:\\\/\\\/interamerica.org\\\/fr\\\/#website\",\"url\":\"https:\\\/\\\/interamerica.org\\\/fr\\\/\",\"name\":\"\u00c9glise Adventiste Du Septieme Jour - Inter Am\u00e9rique Division\",\"description\":\"\",\"potentialAction\":[{\"@type\":\"SearchAction\",\"target\":{\"@type\":\"EntryPoint\",\"urlTemplate\":\"https:\\\/\\\/interamerica.org\\\/fr\\\/?s={search_term_string}\"},\"query-input\":{\"@type\":\"PropertyValueSpecification\",\"valueRequired\":true,\"valueName\":\"search_term_string\"}}],\"inLanguage\":\"fr-FR\"},{\"@type\":\"Person\",\"@id\":\"https:\\\/\\\/interamerica.org\\\/fr\\\/#\\\/schema\\\/person\\\/68ede8bdc292885bb76c1e3810e73c39\",\"name\":\"Lorenzo Verduzco\",\"image\":{\"@type\":\"ImageObject\",\"inLanguage\":\"fr-FR\",\"@id\":\"https:\\\/\\\/secure.gravatar.com\\\/avatar\\\/fb81a55b6218459490a9c1dc841a34909185b81904c5337b4b27f7a6fd60c49e?s=96&d=mm&r=g\",\"url\":\"https:\\\/\\\/secure.gravatar.com\\\/avatar\\\/fb81a55b6218459490a9c1dc841a34909185b81904c5337b4b27f7a6fd60c49e?s=96&d=mm&r=g\",\"contentUrl\":\"https:\\\/\\\/secure.gravatar.com\\\/avatar\\\/fb81a55b6218459490a9c1dc841a34909185b81904c5337b4b27f7a6fd60c49e?s=96&d=mm&r=g\",\"caption\":\"Lorenzo Verduzco\"}}]}<\/script>\n<!-- \/ Yoast SEO plugin. -->","yoast_head_json":{"title":"La ville d&#39;Atlanta accueille les Adventistes pendant une conf\u00e9rence de presse - \u00c9glise Adventiste Du Septieme Jour - Inter Am\u00e9rique Division","robots":{"index":"index","follow":"follow","max-snippet":"max-snippet:-1","max-image-preview":"max-image-preview:large","max-video-preview":"max-video-preview:-1"},"canonical":"https:\/\/interamerica.org\/fr\/2010\/06\/la-ville-datlanta-accueille-les-adventistes-pendant-une-conference-de-presse\/","og_locale":"fr_FR","og_type":"article","og_title":"La ville d&#39;Atlanta accueille les Adventistes pendant une conf\u00e9rence de presse - \u00c9glise Adventiste Du Septieme Jour - Inter Am\u00e9rique Division","og_description":"Les principaux fonctionnaires du tourisme d&#39;Atlanta, en Georgie, ont souhait\u00e9 aujourd&#39;hui la bienvenue au Pr\u00e9sident de l&#39;\u00e9glise mondiale des Adventistes du Septi\u00e8me jour Jan Paulsen \u00e0 l&#39;occasion de la 59&","og_url":"https:\/\/interamerica.org\/fr\/2010\/06\/la-ville-datlanta-accueille-les-adventistes-pendant-une-conference-de-presse\/","og_site_name":"\u00c9glise Adventiste Du Septieme Jour - Inter Am\u00e9rique Division","article_published_time":"2010-06-23T04:00:00+00:00","article_modified_time":"2017-06-02T17:03:55+00:00","author":"Lorenzo Verduzco","twitter_card":"summary_large_image","twitter_misc":{"\u00c9crit par":"Lorenzo Verduzco","Dur\u00e9e de lecture estim\u00e9e":"4 minutes"},"schema":{"@context":"https:\/\/schema.org","@graph":[{"@type":"Article","@id":"https:\/\/interamerica.org\/fr\/2010\/06\/la-ville-datlanta-accueille-les-adventistes-pendant-une-conference-de-presse\/#article","isPartOf":{"@id":"https:\/\/interamerica.org\/fr\/2010\/06\/la-ville-datlanta-accueille-les-adventistes-pendant-une-conference-de-presse\/"},"author":{"name":"Lorenzo Verduzco","@id":"https:\/\/interamerica.org\/fr\/#\/schema\/person\/68ede8bdc292885bb76c1e3810e73c39"},"headline":"La ville d&#39;Atlanta accueille les Adventistes pendant une conf\u00e9rence de presse","datePublished":"2010-06-23T04:00:00+00:00","dateModified":"2017-06-02T17:03:55+00:00","mainEntityOfPage":{"@id":"https:\/\/interamerica.org\/fr\/2010\/06\/la-ville-datlanta-accueille-les-adventistes-pendant-une-conference-de-presse\/"},"wordCount":874,"articleSection":["Archive"],"inLanguage":"fr-FR"},{"@type":"WebPage","@id":"https:\/\/interamerica.org\/fr\/2010\/06\/la-ville-datlanta-accueille-les-adventistes-pendant-une-conference-de-presse\/","url":"https:\/\/interamerica.org\/fr\/2010\/06\/la-ville-datlanta-accueille-les-adventistes-pendant-une-conference-de-presse\/","name":"La ville d&#39;Atlanta accueille les Adventistes pendant une conf\u00e9rence de presse - \u00c9glise Adventiste Du Septieme Jour - Inter Am\u00e9rique Division","isPartOf":{"@id":"https:\/\/interamerica.org\/fr\/#website"},"datePublished":"2010-06-23T04:00:00+00:00","dateModified":"2017-06-02T17:03:55+00:00","author":{"@id":"https:\/\/interamerica.org\/fr\/#\/schema\/person\/68ede8bdc292885bb76c1e3810e73c39"},"breadcrumb":{"@id":"https:\/\/interamerica.org\/fr\/2010\/06\/la-ville-datlanta-accueille-les-adventistes-pendant-une-conference-de-presse\/#breadcrumb"},"inLanguage":"fr-FR","potentialAction":[{"@type":"ReadAction","target":["https:\/\/interamerica.org\/fr\/2010\/06\/la-ville-datlanta-accueille-les-adventistes-pendant-une-conference-de-presse\/"]}]},{"@type":"BreadcrumbList","@id":"https:\/\/interamerica.org\/fr\/2010\/06\/la-ville-datlanta-accueille-les-adventistes-pendant-une-conference-de-presse\/#breadcrumb","itemListElement":[{"@type":"ListItem","position":1,"name":"Home","item":"https:\/\/interamerica.org\/fr\/"},{"@type":"ListItem","position":2,"name":"La ville d&#39;Atlanta accueille les Adventistes pendant une conf\u00e9rence de presse"}]},{"@type":"WebSite","@id":"https:\/\/interamerica.org\/fr\/#website","url":"https:\/\/interamerica.org\/fr\/","name":"\u00c9glise Adventiste Du Septieme Jour - Inter Am\u00e9rique Division","description":"","potentialAction":[{"@type":"SearchAction","target":{"@type":"EntryPoint","urlTemplate":"https:\/\/interamerica.org\/fr\/?s={search_term_string}"},"query-input":{"@type":"PropertyValueSpecification","valueRequired":true,"valueName":"search_term_string"}}],"inLanguage":"fr-FR"},{"@type":"Person","@id":"https:\/\/interamerica.org\/fr\/#\/schema\/person\/68ede8bdc292885bb76c1e3810e73c39","name":"Lorenzo Verduzco","image":{"@type":"ImageObject","inLanguage":"fr-FR","@id":"https:\/\/secure.gravatar.com\/avatar\/fb81a55b6218459490a9c1dc841a34909185b81904c5337b4b27f7a6fd60c49e?s=96&d=mm&r=g","url":"https:\/\/secure.gravatar.com\/avatar\/fb81a55b6218459490a9c1dc841a34909185b81904c5337b4b27f7a6fd60c49e?s=96&d=mm&r=g","contentUrl":"https:\/\/secure.gravatar.com\/avatar\/fb81a55b6218459490a9c1dc841a34909185b81904c5337b4b27f7a6fd60c49e?s=96&d=mm&r=g","caption":"Lorenzo Verduzco"}}]}},"_links":{"self":[{"href":"https:\/\/interamerica.org\/fr\/wp-json\/wp\/v2\/posts\/13366","targetHints":{"allow":["GET"]}}],"collection":[{"href":"https:\/\/interamerica.org\/fr\/wp-json\/wp\/v2\/posts"}],"about":[{"href":"https:\/\/interamerica.org\/fr\/wp-json\/wp\/v2\/types\/post"}],"author":[{"embeddable":true,"href":"https:\/\/interamerica.org\/fr\/wp-json\/wp\/v2\/users\/1"}],"replies":[{"embeddable":true,"href":"https:\/\/interamerica.org\/fr\/wp-json\/wp\/v2\/comments?post=13366"}],"version-history":[{"count":0,"href":"https:\/\/interamerica.org\/fr\/wp-json\/wp\/v2\/posts\/13366\/revisions"}],"wp:attachment":[{"href":"https:\/\/interamerica.org\/fr\/wp-json\/wp\/v2\/media?parent=13366"}],"wp:term":[{"taxonomy":"category","embeddable":true,"href":"https:\/\/interamerica.org\/fr\/wp-json\/wp\/v2\/categories?post=13366"},{"taxonomy":"post_tag","embeddable":true,"href":"https:\/\/interamerica.org\/fr\/wp-json\/wp\/v2\/tags?post=13366"}],"curies":[{"name":"wp","href":"https:\/\/api.w.org\/{rel}","templated":true}]}}