{"id":133663,"date":"2025-09-23T11:43:42","date_gmt":"2025-09-23T15:43:42","guid":{"rendered":"https:\/\/interamerica.org\/?p=133663"},"modified":"2025-09-24T08:59:34","modified_gmt":"2025-09-24T12:59:34","slug":"des-centaines-dadventistes-hispaniques-de-toute-leurope-se-reunissent-en-belgique","status":"publish","type":"post","link":"https:\/\/interamerica.org\/fr\/2025\/09\/des-centaines-dadventistes-hispaniques-de-toute-leurope-se-reunissent-en-belgique\/","title":{"rendered":"Des centaines d\u2019adventistes hispaniques de toute l\u2019Europe se r\u00e9unissent en Belgique"},"content":{"rendered":"<div id=\"attachment_133632\" style=\"width: 931px\" class=\"wp-caption aligncenter\"><img fetchpriority=\"high\" decoding=\"async\" aria-describedby=\"caption-attachment-133632\" class=\" wp-image-133631\" src=\"https:\/\/interamerica.org\/wp-content\/uploads\/2025\/09\/belgium-10-1024x683.jpg\" alt=\"\" width=\"921\" height=\"614\" srcset=\"https:\/\/interamerica.org\/wp-content\/uploads\/2025\/09\/belgium-10-1024x683.jpg 1024w, https:\/\/interamerica.org\/wp-content\/uploads\/2025\/09\/belgium-10-300x200.jpg 300w, https:\/\/interamerica.org\/wp-content\/uploads\/2025\/09\/belgium-10-768x512.jpg 768w, https:\/\/interamerica.org\/wp-content\/uploads\/2025\/09\/belgium-10-1536x1025.jpg 1536w, https:\/\/interamerica.org\/wp-content\/uploads\/2025\/09\/belgium-10-2048x1367.jpg 2048w\" sizes=\"(max-width: 921px) 100vw, 921px\" \/><p id=\"caption-attachment-133632\" class=\"wp-caption-text\">Eliasib S\u00e1nchez Jim\u00e9nez, pr\u00e9sident sortant de l\u2019Association des \u00c9glises Adventistes du septi\u00e8me jour Hispaniques d\u2019Europe, adresse un message de bienvenue aux participants de la convention 2025, le 12 septembre. Originaire du Mexique, il a servi pendant des d\u00e9cennies comme pasteur et dirigeant en Espagne. [Photo : Marcos Paseggi, Adventist Review]<\/p><\/div>\n<p class=\"c-post-header__subtitle\"><em>Les membres hispanophones constituent une part importante de l\u2019\u00c9glise en Europe, indiquent les dirigeants. <\/em><\/p>\n<p>23 Septembre 2025 | Belgique | Marcos Paseggi, <em>Adventist Review<\/em><\/p>\n<p>Des centaines de dirigeants, de membres et d\u2019invit\u00e9s sp\u00e9ciaux de l\u2019\u00c9glise adventiste du septi\u00e8me jour venus de toute l\u2019Europe se sont rendus dans le nord de la Belgique pour la convention 2025 de l\u2019Association des \u00c9glises Adventistes du septi\u00e8me jour Hispaniques d\u2019Europe (AIALE). Le programme, qui s\u2019est d\u00e9roul\u00e9 du 12 au 14 septembre au Vormingscentrum de Malle, \u00e0 Anvers, a r\u00e9uni des membres adventistes vivant dans plusieurs pays europ\u00e9ens pour trois jours d\u2019adoration, de communion fraternelle et de formation, autour du th\u00e8me \u00ab Mission Possible. \u00bb<\/p>\n<div id=\"attachment_133641\" style=\"width: 941px\" class=\"wp-caption aligncenter\"><img decoding=\"async\" aria-describedby=\"caption-attachment-133641\" class=\" wp-image-133640\" src=\"https:\/\/interamerica.org\/wp-content\/uploads\/2025\/09\/belgium1-12-1024x695.jpg\" alt=\"\" width=\"931\" height=\"632\" srcset=\"https:\/\/interamerica.org\/wp-content\/uploads\/2025\/09\/belgium1-12-1024x695.jpg 1024w, https:\/\/interamerica.org\/wp-content\/uploads\/2025\/09\/belgium1-12-300x204.jpg 300w, https:\/\/interamerica.org\/wp-content\/uploads\/2025\/09\/belgium1-12-768x522.jpg 768w, https:\/\/interamerica.org\/wp-content\/uploads\/2025\/09\/belgium1-12-1536x1043.jpg 1536w, https:\/\/interamerica.org\/wp-content\/uploads\/2025\/09\/belgium1-12-2048x1391.jpg 2048w\" sizes=\"(max-width: 931px) 100vw, 931px\" \/><p id=\"caption-attachment-133641\" class=\"wp-caption-text\">Deux Colombiens adventistes du septi\u00e8me jour, qui vivent et travaillent \u00e0 Milan, en Italie, \u00e9l\u00e8vent leurs voix pour louer Dieu lors de la soir\u00e9e d\u2019ouverture de la Convention 2025 de l\u2019Association des \u00c9glises adventistes du septi\u00e8me jour Hispaniques d\u2019Europe, qui s\u2019est tenue \u00e0 Malle, \u00e0 Anvers, en Belgique, le 12 septembre. [Photo : Marcos Paseggi, Adventist Review]<\/p><\/div>\n<h4 class=\"wp-block-heading\"><strong>Une partie importante de l\u2019\u00c9glise dans la r\u00e9gion <\/strong><\/h4>\n<p>Au d\u00e9but du programme du 12 septembre, David Carballo, pasteur en Belgique, ancien coordinateur de jeunesse de l\u2019AIALE et qui a \u00e9t\u00e9 maintenant \u00e9lu pr\u00e9sident de l\u2019organisation, a rappel\u00e9 aux participants que cette organisation en pleine croissance est un minist\u00e8re de soutien de la Division Inter Europ\u00e9enne. \u00ab Nous souhaitons \u00e9galement devenir une entit\u00e9 officielle de la Division Trans Europ\u00e9enne dans un avenir proche, \u00bb a-t-il d\u00e9clar\u00e9, faisant r\u00e9f\u00e9rence \u00e0 l\u2019autre grande r\u00e9gion eccl\u00e9siale adventiste du continent.<\/p>\n<p>Apr\u00e8s David Carballo, Yves Pierre, pr\u00e9sident de la F\u00e9d\u00e9ration Belgo-Luxembourgeoise de l\u2019\u00c9glise adventiste, a souhait\u00e9 la bienvenue aux 330 membres inscrits et aux nombreux invit\u00e9s avec un message en espagnol. \u00ab Les adventistes hispanophones sont une partie tr\u00e8s importante de l\u2019\u00c9glise dans cette r\u00e9gion, \u00bb leur a-t-il rappel\u00e9. \u00ab J\u2019esp\u00e8re que cette convention sera une occasion pour vous d\u2019approfondir votre engagement envers Dieu, d\u2019\u00e9changer des exp\u00e9riences et de repartir avec un \u00e9lan renouvel\u00e9 pour la cause du message de l\u2019\u00e9vangile. \u00bb<\/p>\n<p><div id=\"attachment_133647\" style=\"width: 963px\" class=\"wp-caption aligncenter\"><img decoding=\"async\" aria-describedby=\"caption-attachment-133647\" class=\" wp-image-133646\" src=\"https:\/\/interamerica.org\/wp-content\/uploads\/2025\/09\/belgium-4-8-1024x683.jpg\" alt=\"\" width=\"953\" height=\"635\" srcset=\"https:\/\/interamerica.org\/wp-content\/uploads\/2025\/09\/belgium-4-8-1024x683.jpg 1024w, https:\/\/interamerica.org\/wp-content\/uploads\/2025\/09\/belgium-4-8-300x200.jpg 300w, https:\/\/interamerica.org\/wp-content\/uploads\/2025\/09\/belgium-4-8-768x512.jpg 768w, https:\/\/interamerica.org\/wp-content\/uploads\/2025\/09\/belgium-4-8-1536x1025.jpg 1536w, https:\/\/interamerica.org\/wp-content\/uploads\/2025\/09\/belgium-4-8-2048x1367.jpg 2048w\" sizes=\"(max-width: 953px) 100vw, 953px\" \/><p id=\"caption-attachment-133647\" class=\"wp-caption-text\">La chorale EMAD est venue de Monterrey, au Mexique, pour partager ses chants de louange et diriger les chants de l\u2019assembl\u00e9e pendant la convention. [Photo : Marcos Paseggi, Adventist Review]<\/p><\/div>Yves Pierre a \u00e9galement appel\u00e9 chaque membre d\u2019\u00e9glise hispanique \u00e0 \u00ab refl\u00e9ter l\u2019amour et la gr\u00e2ce de Dieu \u00bb o\u00f9 qu\u2019il vive et travaille. \u00ab Puissiez-vous vivre l\u2019amour de Dieu \u00e0 chaque instant, et puisse son Esprit vous guider vers une unit\u00e9 toujours plus forte et une mission toujours plus vivante, \u00bb a-t-il d\u00e9clar\u00e9.<\/p>\n<h4 class=\"wp-block-heading\"><strong>L\u2019objectif ultime de l\u2019AIALE <\/strong><\/h4>\n<p>Eliasib S\u00e1nchez Jim\u00e9nez, pr\u00e9sident sortant de l\u2019AIALE, a salu\u00e9 les efforts de ceux qui ont voyag\u00e9 en avion, en train, en bus ou en voiture pour assister \u00e0 la convention. \u00ab Certains d\u2019entre vous ont pass\u00e9 17 heures dans un bus pour arriver ici, \u00bb, a reconnu S\u00e1nchez Jim\u00e9nez, originaire du Mexique et qui a \u00e9t\u00e9 pasteur et dirigeant en Espagne pendant des d\u00e9cennies. \u00ab Que Dieu r\u00e9compense tous vos efforts pour rendre l\u2019AIALE plus forte et plus efficace. \u00bb<\/p>\n<p><div id=\"attachment_133650\" style=\"width: 981px\" class=\"wp-caption aligncenter\"><img loading=\"lazy\" decoding=\"async\" aria-describedby=\"caption-attachment-133650\" class=\" wp-image-133649\" src=\"https:\/\/interamerica.org\/wp-content\/uploads\/2025\/09\/belgium-1024x683.jpg\" alt=\"\" width=\"971\" height=\"647\" srcset=\"https:\/\/interamerica.org\/wp-content\/uploads\/2025\/09\/belgium-1024x683.jpg 1024w, https:\/\/interamerica.org\/wp-content\/uploads\/2025\/09\/belgium-300x200.jpg 300w, https:\/\/interamerica.org\/wp-content\/uploads\/2025\/09\/belgium-768x512.jpg 768w, https:\/\/interamerica.org\/wp-content\/uploads\/2025\/09\/belgium-1536x1025.jpg 1536w, https:\/\/interamerica.org\/wp-content\/uploads\/2025\/09\/belgium-2048x1367.jpg 2048w\" sizes=\"(max-width: 971px) 100vw, 971px\" \/><p id=\"caption-attachment-133650\" class=\"wp-caption-text\">David Carballo, pasteur en Belgique, ancien coordinateur de jeunesse de l\u2019Association des \u00c9glises Adventistes du septi\u00e8me jour hispaniques en Europe et qui a maintenant \u00e9t\u00e9 \u00e9lu pr\u00e9sident, accueille les participants au programme \u00e0 Malle, \u00e0 Anvers, en Belgique, le 12 septembre. [Photo : Marcos Paseggi, Adventist Review]<\/p><\/div>Il a \u00e9galement rappel\u00e9 aux participants au congr\u00e8s ce qu\u2019\u00e9tait l\u2019objectif ultime de l\u2019AIALE : \u00ab accomplir la mission confi\u00e9e par Dieu et consistant \u00e0 pr\u00eacher l\u2019\u00e9vangile aux hispaniques qui ont quitt\u00e9 leur pays en qu\u00eate d\u2019une vie meilleure, \u00bb a dit S\u00e1nchez Jim\u00e9nez. \u00ab Qu\u2019ils trouvent non seulement une meilleure maison, une meilleure voiture et plus d\u2019argent, mais qu\u2019ils puissent aussi trouver J\u00e9sus et vivre avec nous tous pour l\u2019\u00e9ternit\u00e9. \u00bb<\/p>\n<h4 class=\"wp-block-heading\"><strong>Un t\u00e9moignage vivant <\/strong><\/h4>\n<p>Le programme d\u2019ouverture le 12 septembre comprenait des moments de pri\u00e8re et d\u2019adoration. La chorale EMAD est venue de Monterrey, au Mexique, pour partager ses chants d\u2019adoration et diriger les chants de l\u2019assembl\u00e9e pendant la convention. Les participants ont appr\u00e9ci\u00e9 le fait de chanter ensemble avant d\u2019\u00e9couter la m\u00e9ditation d\u2019ouverture pr\u00e9sent\u00e9e par Henry Barrios, adjoint aux Minist\u00e8res Hispanophones de la F\u00e9d\u00e9ration de Floride, aux \u00c9tats-Unis.<\/p>\n<p><div id=\"attachment_133644\" style=\"width: 994px\" class=\"wp-caption aligncenter\"><img loading=\"lazy\" decoding=\"async\" aria-describedby=\"caption-attachment-133644\" class=\" wp-image-133643\" src=\"https:\/\/interamerica.org\/wp-content\/uploads\/2025\/09\/belgium-8-2-1-1024x683.jpg\" alt=\"\" width=\"984\" height=\"656\" srcset=\"https:\/\/interamerica.org\/wp-content\/uploads\/2025\/09\/belgium-8-2-1-1024x683.jpg 1024w, https:\/\/interamerica.org\/wp-content\/uploads\/2025\/09\/belgium-8-2-1-300x200.jpg 300w, https:\/\/interamerica.org\/wp-content\/uploads\/2025\/09\/belgium-8-2-1-768x512.jpg 768w, https:\/\/interamerica.org\/wp-content\/uploads\/2025\/09\/belgium-8-2-1-1536x1025.jpg 1536w, https:\/\/interamerica.org\/wp-content\/uploads\/2025\/09\/belgium-8-2-1-2048x1367.jpg 2048w\" sizes=\"(max-width: 984px) 100vw, 984px\" \/><p id=\"caption-attachment-133644\" class=\"wp-caption-text\">Les participants \u00e0 la convention 2025 de l\u2019Association des \u00c9glises adventistes du septi\u00e8me jour Hispaniques d\u2019Europe interpr\u00e8tent le chant th\u00e8me \u00ab Mission Possible \u00bb \u00e0 Malle, \u00e0 Anvers, en Belgique, le 12 septembre. [Photo : Marcos Paseggi, Adventist Review]<\/p><\/div>Dans son message, Henry Barrios a appel\u00e9 les participants \u00e0 la convention AIALE 2025 \u00e0 faire partie des \u00ab maillons de la cha\u00eene de la foi \u00bb pour avoir un impact sur leurs familles, leurs \u00e9glises et leurs communaut\u00e9s. \u00ab Il s\u2019agit avant tout d\u2019\u00eatre des t\u00e9moins vivants pour Dieu, \u00bb a-t-il d\u00e9clar\u00e9. \u00ab Il ne s\u2019agit pas de paroles, mais de personnes qui vivent leur foi. \u00bb Il a expliqu\u00e9 : \u00ab Si nous nous contentons de parler, nous manquerons de puissance, et les gens ne suivent que lorsqu\u2019ils voient qu\u2019il y a de la puissance, la puissance de l\u2019\u00e9vangile. \u00bb<\/p>\n<p>S\u2019appuyant sur l\u2019exemple de la jeune servante captive en Syrie, rapport\u00e9 dans 2 Rois 5, Henry Barrio a appel\u00e9 tous les adventistes hispanophones en Europe \u00e0 s\u2019engager activement dans la mission. \u00ab Ce n\u2019est pas notre mission, c\u2019est la mission de Dieu, \u00bb a-t-il soulign\u00e9. \u00ab Et Dieu d\u00e9sire nous utiliser parce que sa mission est de sauver tous les hommes. \u00bb<\/p>\n<p>Traduction: Patrick Luciathe<\/p>\n","protected":false},"excerpt":{"rendered":"<p>Les membres hispanophones constituent une part importante de l\u2019\u00c9glise en Europe, indiquent les dirigeants. 23 Septembre 2025 | Belgique | Marcos Paseggi, Adventist Review Des centaines de dirigeants, de membres&#8230;<\/p>\n","protected":false},"author":3,"featured_media":133632,"comment_status":"closed","ping_status":"closed","sticky":false,"template":"","format":"standard","meta":{"_acf_changed":false,"footnotes":""},"categories":[18,19],"tags":[],"class_list":["post-133663","post","type-post","status-publish","format-standard","has-post-thumbnail","hentry","category-nouvelles-de-leglise-mondiale","category-rss-francais"],"acf":[],"yoast_head":"<!-- This site is optimized with the Yoast SEO plugin v27.3 - https:\/\/yoast.com\/product\/yoast-seo-wordpress\/ -->\n<title>Des centaines d\u2019adventistes hispaniques de toute l\u2019Europe se r\u00e9unissent en Belgique - \u00c9glise Adventiste Du Septieme Jour - Inter Am\u00e9rique Division<\/title>\n<meta name=\"robots\" content=\"index, follow, max-snippet:-1, max-image-preview:large, max-video-preview:-1\" \/>\n<link rel=\"canonical\" href=\"https:\/\/interamerica.org\/fr\/2025\/09\/des-centaines-dadventistes-hispaniques-de-toute-leurope-se-reunissent-en-belgique\/\" \/>\n<meta property=\"og:locale\" content=\"fr_FR\" \/>\n<meta property=\"og:type\" content=\"article\" \/>\n<meta property=\"og:title\" content=\"Des centaines d\u2019adventistes hispaniques de toute l\u2019Europe se r\u00e9unissent en Belgique - \u00c9glise Adventiste Du Septieme Jour - Inter Am\u00e9rique Division\" \/>\n<meta property=\"og:description\" content=\"Les membres hispanophones constituent une part importante de l\u2019\u00c9glise en Europe, indiquent les dirigeants. 23 Septembre 2025 | Belgique | Marcos Paseggi, Adventist Review Des centaines de dirigeants, de membres...\" \/>\n<meta property=\"og:url\" content=\"https:\/\/interamerica.org\/fr\/2025\/09\/des-centaines-dadventistes-hispaniques-de-toute-leurope-se-reunissent-en-belgique\/\" \/>\n<meta property=\"og:site_name\" content=\"\u00c9glise Adventiste Du Septieme Jour - Inter Am\u00e9rique Division\" \/>\n<meta property=\"article:published_time\" content=\"2025-09-23T15:43:42+00:00\" \/>\n<meta property=\"article:modified_time\" content=\"2025-09-24T12:59:34+00:00\" \/>\n<meta property=\"og:image\" content=\"https:\/\/interamerica.org\/wp-content\/uploads\/2025\/09\/belgium-10-scaled.jpg\" \/>\n\t<meta property=\"og:image:width\" content=\"2560\" \/>\n\t<meta property=\"og:image:height\" content=\"1708\" \/>\n\t<meta property=\"og:image:type\" content=\"image\/jpeg\" \/>\n<meta name=\"author\" content=\"libna\" \/>\n<meta name=\"twitter:card\" content=\"summary_large_image\" \/>\n<meta name=\"twitter:label1\" content=\"\u00c9crit par\" \/>\n\t<meta name=\"twitter:data1\" content=\"libna\" \/>\n\t<meta name=\"twitter:label2\" content=\"Dur\u00e9e de lecture estim\u00e9e\" \/>\n\t<meta name=\"twitter:data2\" content=\"6 minutes\" \/>\n<script type=\"application\/ld+json\" class=\"yoast-schema-graph\">{\"@context\":\"https:\\\/\\\/schema.org\",\"@graph\":[{\"@type\":\"Article\",\"@id\":\"https:\\\/\\\/interamerica.org\\\/fr\\\/2025\\\/09\\\/des-centaines-dadventistes-hispaniques-de-toute-leurope-se-reunissent-en-belgique\\\/#article\",\"isPartOf\":{\"@id\":\"https:\\\/\\\/interamerica.org\\\/fr\\\/2025\\\/09\\\/des-centaines-dadventistes-hispaniques-de-toute-leurope-se-reunissent-en-belgique\\\/\"},\"author\":{\"name\":\"libna\",\"@id\":\"https:\\\/\\\/interamerica.org\\\/fr\\\/#\\\/schema\\\/person\\\/29998f2bc2d8bd0d38662909289b54f1\"},\"headline\":\"Des centaines d\u2019adventistes hispaniques de toute l\u2019Europe se r\u00e9unissent en Belgique\",\"datePublished\":\"2025-09-23T15:43:42+00:00\",\"dateModified\":\"2025-09-24T12:59:34+00:00\",\"mainEntityOfPage\":{\"@id\":\"https:\\\/\\\/interamerica.org\\\/fr\\\/2025\\\/09\\\/des-centaines-dadventistes-hispaniques-de-toute-leurope-se-reunissent-en-belgique\\\/\"},\"wordCount\":1052,\"image\":{\"@id\":\"https:\\\/\\\/interamerica.org\\\/fr\\\/2025\\\/09\\\/des-centaines-dadventistes-hispaniques-de-toute-leurope-se-reunissent-en-belgique\\\/#primaryimage\"},\"thumbnailUrl\":\"https:\\\/\\\/interamerica.org\\\/wp-content\\\/uploads\\\/2025\\\/09\\\/belgium-10-scaled.jpg\",\"articleSection\":[\"Nouvelles de l'\u00c9glise mondiale\",\"RSS Fran\u00e7ais\"],\"inLanguage\":\"fr-FR\"},{\"@type\":\"WebPage\",\"@id\":\"https:\\\/\\\/interamerica.org\\\/fr\\\/2025\\\/09\\\/des-centaines-dadventistes-hispaniques-de-toute-leurope-se-reunissent-en-belgique\\\/\",\"url\":\"https:\\\/\\\/interamerica.org\\\/fr\\\/2025\\\/09\\\/des-centaines-dadventistes-hispaniques-de-toute-leurope-se-reunissent-en-belgique\\\/\",\"name\":\"Des centaines d\u2019adventistes hispaniques de toute l\u2019Europe se r\u00e9unissent en Belgique - \u00c9glise Adventiste Du Septieme Jour - Inter Am\u00e9rique Division\",\"isPartOf\":{\"@id\":\"https:\\\/\\\/interamerica.org\\\/fr\\\/#website\"},\"primaryImageOfPage\":{\"@id\":\"https:\\\/\\\/interamerica.org\\\/fr\\\/2025\\\/09\\\/des-centaines-dadventistes-hispaniques-de-toute-leurope-se-reunissent-en-belgique\\\/#primaryimage\"},\"image\":{\"@id\":\"https:\\\/\\\/interamerica.org\\\/fr\\\/2025\\\/09\\\/des-centaines-dadventistes-hispaniques-de-toute-leurope-se-reunissent-en-belgique\\\/#primaryimage\"},\"thumbnailUrl\":\"https:\\\/\\\/interamerica.org\\\/wp-content\\\/uploads\\\/2025\\\/09\\\/belgium-10-scaled.jpg\",\"datePublished\":\"2025-09-23T15:43:42+00:00\",\"dateModified\":\"2025-09-24T12:59:34+00:00\",\"author\":{\"@id\":\"https:\\\/\\\/interamerica.org\\\/fr\\\/#\\\/schema\\\/person\\\/29998f2bc2d8bd0d38662909289b54f1\"},\"breadcrumb\":{\"@id\":\"https:\\\/\\\/interamerica.org\\\/fr\\\/2025\\\/09\\\/des-centaines-dadventistes-hispaniques-de-toute-leurope-se-reunissent-en-belgique\\\/#breadcrumb\"},\"inLanguage\":\"fr-FR\",\"potentialAction\":[{\"@type\":\"ReadAction\",\"target\":[\"https:\\\/\\\/interamerica.org\\\/fr\\\/2025\\\/09\\\/des-centaines-dadventistes-hispaniques-de-toute-leurope-se-reunissent-en-belgique\\\/\"]}]},{\"@type\":\"ImageObject\",\"inLanguage\":\"fr-FR\",\"@id\":\"https:\\\/\\\/interamerica.org\\\/fr\\\/2025\\\/09\\\/des-centaines-dadventistes-hispaniques-de-toute-leurope-se-reunissent-en-belgique\\\/#primaryimage\",\"url\":\"https:\\\/\\\/interamerica.org\\\/wp-content\\\/uploads\\\/2025\\\/09\\\/belgium-10-scaled.jpg\",\"contentUrl\":\"https:\\\/\\\/interamerica.org\\\/wp-content\\\/uploads\\\/2025\\\/09\\\/belgium-10-scaled.jpg\",\"width\":2560,\"height\":1708,\"caption\":\"Eliasib S\u00e1nchez Jim\u00e9nez, outgoing president of the Association of Hispanic Seventh-day Adventist Churches in Europe, delivers a welcoming message to attendees to the 2025 convention on September 12. Originally from Mexico, he has served for decades as a pastor and a leader in Spain. [Photo: Marcos Paseggi, Adventist Review]\"},{\"@type\":\"BreadcrumbList\",\"@id\":\"https:\\\/\\\/interamerica.org\\\/fr\\\/2025\\\/09\\\/des-centaines-dadventistes-hispaniques-de-toute-leurope-se-reunissent-en-belgique\\\/#breadcrumb\",\"itemListElement\":[{\"@type\":\"ListItem\",\"position\":1,\"name\":\"Home\",\"item\":\"https:\\\/\\\/interamerica.org\\\/fr\\\/\"},{\"@type\":\"ListItem\",\"position\":2,\"name\":\"Des centaines d\u2019adventistes hispaniques de toute l\u2019Europe se r\u00e9unissent en Belgique\"}]},{\"@type\":\"WebSite\",\"@id\":\"https:\\\/\\\/interamerica.org\\\/fr\\\/#website\",\"url\":\"https:\\\/\\\/interamerica.org\\\/fr\\\/\",\"name\":\"\u00c9glise Adventiste Du Septieme Jour - Inter Am\u00e9rique Division\",\"description\":\"\",\"potentialAction\":[{\"@type\":\"SearchAction\",\"target\":{\"@type\":\"EntryPoint\",\"urlTemplate\":\"https:\\\/\\\/interamerica.org\\\/fr\\\/?s={search_term_string}\"},\"query-input\":{\"@type\":\"PropertyValueSpecification\",\"valueRequired\":true,\"valueName\":\"search_term_string\"}}],\"inLanguage\":\"fr-FR\"},{\"@type\":\"Person\",\"@id\":\"https:\\\/\\\/interamerica.org\\\/fr\\\/#\\\/schema\\\/person\\\/29998f2bc2d8bd0d38662909289b54f1\",\"name\":\"libna\",\"image\":{\"@type\":\"ImageObject\",\"inLanguage\":\"fr-FR\",\"@id\":\"https:\\\/\\\/secure.gravatar.com\\\/avatar\\\/7c5bd30ae4b47a9ba3c856590957fd1d96dc588bf3ac05719d247e126840331f?s=96&d=mm&r=g\",\"url\":\"https:\\\/\\\/secure.gravatar.com\\\/avatar\\\/7c5bd30ae4b47a9ba3c856590957fd1d96dc588bf3ac05719d247e126840331f?s=96&d=mm&r=g\",\"contentUrl\":\"https:\\\/\\\/secure.gravatar.com\\\/avatar\\\/7c5bd30ae4b47a9ba3c856590957fd1d96dc588bf3ac05719d247e126840331f?s=96&d=mm&r=g\",\"caption\":\"libna\"}}]}<\/script>\n<!-- \/ Yoast SEO plugin. -->","yoast_head_json":{"title":"Des centaines d\u2019adventistes hispaniques de toute l\u2019Europe se r\u00e9unissent en Belgique - \u00c9glise Adventiste Du Septieme Jour - Inter Am\u00e9rique Division","robots":{"index":"index","follow":"follow","max-snippet":"max-snippet:-1","max-image-preview":"max-image-preview:large","max-video-preview":"max-video-preview:-1"},"canonical":"https:\/\/interamerica.org\/fr\/2025\/09\/des-centaines-dadventistes-hispaniques-de-toute-leurope-se-reunissent-en-belgique\/","og_locale":"fr_FR","og_type":"article","og_title":"Des centaines d\u2019adventistes hispaniques de toute l\u2019Europe se r\u00e9unissent en Belgique - \u00c9glise Adventiste Du Septieme Jour - Inter Am\u00e9rique Division","og_description":"Les membres hispanophones constituent une part importante de l\u2019\u00c9glise en Europe, indiquent les dirigeants. 23 Septembre 2025 | Belgique | Marcos Paseggi, Adventist Review Des centaines de dirigeants, de membres...","og_url":"https:\/\/interamerica.org\/fr\/2025\/09\/des-centaines-dadventistes-hispaniques-de-toute-leurope-se-reunissent-en-belgique\/","og_site_name":"\u00c9glise Adventiste Du Septieme Jour - Inter Am\u00e9rique Division","article_published_time":"2025-09-23T15:43:42+00:00","article_modified_time":"2025-09-24T12:59:34+00:00","og_image":[{"width":2560,"height":1708,"url":"https:\/\/interamerica.org\/wp-content\/uploads\/2025\/09\/belgium-10-scaled.jpg","type":"image\/jpeg"}],"author":"libna","twitter_card":"summary_large_image","twitter_misc":{"\u00c9crit par":"libna","Dur\u00e9e de lecture estim\u00e9e":"6 minutes"},"schema":{"@context":"https:\/\/schema.org","@graph":[{"@type":"Article","@id":"https:\/\/interamerica.org\/fr\/2025\/09\/des-centaines-dadventistes-hispaniques-de-toute-leurope-se-reunissent-en-belgique\/#article","isPartOf":{"@id":"https:\/\/interamerica.org\/fr\/2025\/09\/des-centaines-dadventistes-hispaniques-de-toute-leurope-se-reunissent-en-belgique\/"},"author":{"name":"libna","@id":"https:\/\/interamerica.org\/fr\/#\/schema\/person\/29998f2bc2d8bd0d38662909289b54f1"},"headline":"Des centaines d\u2019adventistes hispaniques de toute l\u2019Europe se r\u00e9unissent en Belgique","datePublished":"2025-09-23T15:43:42+00:00","dateModified":"2025-09-24T12:59:34+00:00","mainEntityOfPage":{"@id":"https:\/\/interamerica.org\/fr\/2025\/09\/des-centaines-dadventistes-hispaniques-de-toute-leurope-se-reunissent-en-belgique\/"},"wordCount":1052,"image":{"@id":"https:\/\/interamerica.org\/fr\/2025\/09\/des-centaines-dadventistes-hispaniques-de-toute-leurope-se-reunissent-en-belgique\/#primaryimage"},"thumbnailUrl":"https:\/\/interamerica.org\/wp-content\/uploads\/2025\/09\/belgium-10-scaled.jpg","articleSection":["Nouvelles de l'\u00c9glise mondiale","RSS Fran\u00e7ais"],"inLanguage":"fr-FR"},{"@type":"WebPage","@id":"https:\/\/interamerica.org\/fr\/2025\/09\/des-centaines-dadventistes-hispaniques-de-toute-leurope-se-reunissent-en-belgique\/","url":"https:\/\/interamerica.org\/fr\/2025\/09\/des-centaines-dadventistes-hispaniques-de-toute-leurope-se-reunissent-en-belgique\/","name":"Des centaines d\u2019adventistes hispaniques de toute l\u2019Europe se r\u00e9unissent en Belgique - \u00c9glise Adventiste Du Septieme Jour - Inter Am\u00e9rique Division","isPartOf":{"@id":"https:\/\/interamerica.org\/fr\/#website"},"primaryImageOfPage":{"@id":"https:\/\/interamerica.org\/fr\/2025\/09\/des-centaines-dadventistes-hispaniques-de-toute-leurope-se-reunissent-en-belgique\/#primaryimage"},"image":{"@id":"https:\/\/interamerica.org\/fr\/2025\/09\/des-centaines-dadventistes-hispaniques-de-toute-leurope-se-reunissent-en-belgique\/#primaryimage"},"thumbnailUrl":"https:\/\/interamerica.org\/wp-content\/uploads\/2025\/09\/belgium-10-scaled.jpg","datePublished":"2025-09-23T15:43:42+00:00","dateModified":"2025-09-24T12:59:34+00:00","author":{"@id":"https:\/\/interamerica.org\/fr\/#\/schema\/person\/29998f2bc2d8bd0d38662909289b54f1"},"breadcrumb":{"@id":"https:\/\/interamerica.org\/fr\/2025\/09\/des-centaines-dadventistes-hispaniques-de-toute-leurope-se-reunissent-en-belgique\/#breadcrumb"},"inLanguage":"fr-FR","potentialAction":[{"@type":"ReadAction","target":["https:\/\/interamerica.org\/fr\/2025\/09\/des-centaines-dadventistes-hispaniques-de-toute-leurope-se-reunissent-en-belgique\/"]}]},{"@type":"ImageObject","inLanguage":"fr-FR","@id":"https:\/\/interamerica.org\/fr\/2025\/09\/des-centaines-dadventistes-hispaniques-de-toute-leurope-se-reunissent-en-belgique\/#primaryimage","url":"https:\/\/interamerica.org\/wp-content\/uploads\/2025\/09\/belgium-10-scaled.jpg","contentUrl":"https:\/\/interamerica.org\/wp-content\/uploads\/2025\/09\/belgium-10-scaled.jpg","width":2560,"height":1708,"caption":"Eliasib S\u00e1nchez Jim\u00e9nez, outgoing president of the Association of Hispanic Seventh-day Adventist Churches in Europe, delivers a welcoming message to attendees to the 2025 convention on September 12. Originally from Mexico, he has served for decades as a pastor and a leader in Spain. [Photo: Marcos Paseggi, Adventist Review]"},{"@type":"BreadcrumbList","@id":"https:\/\/interamerica.org\/fr\/2025\/09\/des-centaines-dadventistes-hispaniques-de-toute-leurope-se-reunissent-en-belgique\/#breadcrumb","itemListElement":[{"@type":"ListItem","position":1,"name":"Home","item":"https:\/\/interamerica.org\/fr\/"},{"@type":"ListItem","position":2,"name":"Des centaines d\u2019adventistes hispaniques de toute l\u2019Europe se r\u00e9unissent en Belgique"}]},{"@type":"WebSite","@id":"https:\/\/interamerica.org\/fr\/#website","url":"https:\/\/interamerica.org\/fr\/","name":"\u00c9glise Adventiste Du Septieme Jour - Inter Am\u00e9rique Division","description":"","potentialAction":[{"@type":"SearchAction","target":{"@type":"EntryPoint","urlTemplate":"https:\/\/interamerica.org\/fr\/?s={search_term_string}"},"query-input":{"@type":"PropertyValueSpecification","valueRequired":true,"valueName":"search_term_string"}}],"inLanguage":"fr-FR"},{"@type":"Person","@id":"https:\/\/interamerica.org\/fr\/#\/schema\/person\/29998f2bc2d8bd0d38662909289b54f1","name":"libna","image":{"@type":"ImageObject","inLanguage":"fr-FR","@id":"https:\/\/secure.gravatar.com\/avatar\/7c5bd30ae4b47a9ba3c856590957fd1d96dc588bf3ac05719d247e126840331f?s=96&d=mm&r=g","url":"https:\/\/secure.gravatar.com\/avatar\/7c5bd30ae4b47a9ba3c856590957fd1d96dc588bf3ac05719d247e126840331f?s=96&d=mm&r=g","contentUrl":"https:\/\/secure.gravatar.com\/avatar\/7c5bd30ae4b47a9ba3c856590957fd1d96dc588bf3ac05719d247e126840331f?s=96&d=mm&r=g","caption":"libna"}}]}},"_links":{"self":[{"href":"https:\/\/interamerica.org\/fr\/wp-json\/wp\/v2\/posts\/133663","targetHints":{"allow":["GET"]}}],"collection":[{"href":"https:\/\/interamerica.org\/fr\/wp-json\/wp\/v2\/posts"}],"about":[{"href":"https:\/\/interamerica.org\/fr\/wp-json\/wp\/v2\/types\/post"}],"author":[{"embeddable":true,"href":"https:\/\/interamerica.org\/fr\/wp-json\/wp\/v2\/users\/3"}],"replies":[{"embeddable":true,"href":"https:\/\/interamerica.org\/fr\/wp-json\/wp\/v2\/comments?post=133663"}],"version-history":[{"count":1,"href":"https:\/\/interamerica.org\/fr\/wp-json\/wp\/v2\/posts\/133663\/revisions"}],"predecessor-version":[{"id":133666,"href":"https:\/\/interamerica.org\/fr\/wp-json\/wp\/v2\/posts\/133663\/revisions\/133666"}],"wp:featuredmedia":[{"embeddable":true,"href":"https:\/\/interamerica.org\/fr\/wp-json\/wp\/v2\/media\/133632"}],"wp:attachment":[{"href":"https:\/\/interamerica.org\/fr\/wp-json\/wp\/v2\/media?parent=133663"}],"wp:term":[{"taxonomy":"category","embeddable":true,"href":"https:\/\/interamerica.org\/fr\/wp-json\/wp\/v2\/categories?post=133663"},{"taxonomy":"post_tag","embeddable":true,"href":"https:\/\/interamerica.org\/fr\/wp-json\/wp\/v2\/tags?post=133663"}],"curies":[{"name":"wp","href":"https:\/\/api.w.org\/{rel}","templated":true}]}}