{"id":13370,"date":"2010-06-24T00:00:00","date_gmt":"2010-06-24T04:00:00","guid":{"rendered":"http:\/\/192.81.217.108\/interamerica\/2010\/06\/linter-amerique-fait-le-choix-de-ses-delegues-qui-feront-partie-dun-groupe-special-en-vue-delire-le-president-de-leglise-adventiste-mondiale\/"},"modified":"2017-06-02T13:03:53","modified_gmt":"2017-06-02T17:03:53","slug":"linter-amerique-fait-le-choix-de-ses-delegues-qui-feront-partie-dun-groupe-special-en-vue-delire-le-president-de-leglise-adventiste-mondiale","status":"publish","type":"post","link":"https:\/\/interamerica.org\/fr\/2010\/06\/linter-amerique-fait-le-choix-de-ses-delegues-qui-feront-partie-dun-groupe-special-en-vue-delire-le-president-de-leglise-adventiste-mondiale\/","title":{"rendered":"L&#39;Inter-Am\u00e9rique fait le choix de ses d\u00e9l\u00e9gu\u00e9s qui feront partie d&#39;un groupe sp\u00e9cial en vue d&#39;\u00e9lire le pr\u00e9sident de l&#39;Eglise Adventiste Mondiale"},"content":{"rendered":"<p>24 juin 2010 &#8211; Atlanta, Georgie, Etats-Unis&#8230; (Libna Stevens\/DIA) <\/p>\n<p>En moins de 24 heures apr\u00e8s l&#39;ouverture officielle de la 59\u00e8me Session de la Conf\u00e9rence G\u00e9n\u00e9rale d&#39;Atlanta, en Georgie, plus de 400 d\u00e9l\u00e9gu\u00e9s et de principaux responsables d&#39;\u00e9glise de la Division de l&#39;Inter-Am\u00e9rique se sont rencontr\u00e9s en vue de choisir 35 de ses membres appel\u00e9s \u00e0 faire partie du comit\u00e9 de nomination.  Les nouveaux membres du comit\u00e9 repr\u00e9senteront la DIA au moment d&#39;\u00e9lire le nouveau pr\u00e9sident de l&#39;\u00e9glise, ce qui aura lieu demain matin. <\/p>\n<p>Parmi les 350 membres de la la d\u00e9l\u00e9gation de la DIA, 10 pour cent des membres ont \u00e9t\u00e9 choisis d&#39;apr\u00e8s les crit\u00e8res de l&#39;\u00e9glise mondiale, a dit Pasteur Israel Leito, pr\u00e9sident de l&#39;\u00e9glise de l&#39;Inter-Am\u00e9rique. <\/p>\n<p>Voici la composition du groupe des 35 nouveaux membres:  20 pr\u00e9sidents d&#39;union, 2 pr\u00e9sidents du champ local, 2 pasteurs, 4 la\u00efques, 2 femmes, 1 jeune, 1 dirigeant d&#39;une institution de la Division, 1 dirigeant d&#39;une institution d&#39;une union et 1 repr\u00e9sentant du bureau de la Division. <\/p>\n<p>Les unions qui ont eu le plus de membres ont \u00e9t\u00e9 l&#39;Union Ha\u00eftienne et l&#39;Union du Centre Am\u00e9rique, qui chacune pouvait choisir 4 d\u00e9l\u00e9gu\u00e9s qui n&#39;\u00e9taient pas du nombre des 15 choisis par le pr\u00e9sident. <\/p>\n<p>Le comit\u00e9 de nomination dans sa totalit\u00e9 repr\u00e9sente les 13 divisions mondiales qui se sont rencontr\u00e9es ce soir pour une orientation.  Il se r\u00e9unira \u00e0 nouveau demain matin avant de pr\u00e9senter sa nomination du pr\u00e9sident de l&#39;\u00e9glise mondiale aux 3.000 d\u00e9l\u00e9gu\u00e9s de la session. <\/p>\n<p>Pour des nouvelles de derni\u00e8re heure de la Session de la GC, visitez nous au <a  href=\"https:\/\/recursing-golick.147-182-135-0.plesk.page\/\">www.interamerica.org<\/a > <\/p>\n<p>Pour visiter la gallerie des photos visitez notre compte flickr au <a  href=\"http:\/\/www.flickr.com\/photos\/interamerica\">www.flickr.com\/photos\/interamerica<\/a >   <\/p><\/p>\n","protected":false},"excerpt":{"rendered":"<p>En moins de 24 heures apr\u00e8s l&#39;ouverture officielle de la 59\u00e8me Session de la Conf\u00e9rence G\u00e9n\u00e9rale d&#39;Atlanta, en Georgie, plus de 400 d\u00e9l\u00e9gu\u00e9s et de principaux responsables d&#39;\u00e9glis<\/p>\n","protected":false},"author":1,"featured_media":0,"comment_status":"closed","ping_status":"closed","sticky":false,"template":"","format":"standard","meta":{"_acf_changed":false,"footnotes":""},"categories":[9],"tags":[],"class_list":["post-13370","post","type-post","status-publish","format-standard","hentry","category-archive-fr"],"acf":[],"yoast_head":"<!-- This site is optimized with the Yoast SEO plugin v27.3 - https:\/\/yoast.com\/product\/yoast-seo-wordpress\/ -->\n<title>L&#039;Inter-Am\u00e9rique fait le choix de ses d\u00e9l\u00e9gu\u00e9s qui feront partie d&#039;un groupe sp\u00e9cial en vue d&#039;\u00e9lire le pr\u00e9sident de l&#039;Eglise Adventiste Mondiale - \u00c9glise Adventiste Du Septieme Jour - Inter Am\u00e9rique Division<\/title>\n<meta name=\"robots\" content=\"index, follow, max-snippet:-1, max-image-preview:large, max-video-preview:-1\" \/>\n<link rel=\"canonical\" href=\"https:\/\/interamerica.org\/fr\/2010\/06\/linter-amerique-fait-le-choix-de-ses-delegues-qui-feront-partie-dun-groupe-special-en-vue-delire-le-president-de-leglise-adventiste-mondiale\/\" \/>\n<meta property=\"og:locale\" content=\"fr_FR\" \/>\n<meta property=\"og:type\" content=\"article\" \/>\n<meta property=\"og:title\" content=\"L&#039;Inter-Am\u00e9rique fait le choix de ses d\u00e9l\u00e9gu\u00e9s qui feront partie d&#039;un groupe sp\u00e9cial en vue d&#039;\u00e9lire le pr\u00e9sident de l&#039;Eglise Adventiste Mondiale - \u00c9glise Adventiste Du Septieme Jour - Inter Am\u00e9rique Division\" \/>\n<meta property=\"og:description\" content=\"En moins de 24 heures apr\u00e8s l&#039;ouverture officielle de la 59\u00e8me Session de la Conf\u00e9rence G\u00e9n\u00e9rale d&#039;Atlanta, en Georgie, plus de 400 d\u00e9l\u00e9gu\u00e9s et de principaux responsables d&#039;\u00e9glis\" \/>\n<meta property=\"og:url\" content=\"https:\/\/interamerica.org\/fr\/2010\/06\/linter-amerique-fait-le-choix-de-ses-delegues-qui-feront-partie-dun-groupe-special-en-vue-delire-le-president-de-leglise-adventiste-mondiale\/\" \/>\n<meta property=\"og:site_name\" content=\"\u00c9glise Adventiste Du Septieme Jour - Inter Am\u00e9rique Division\" \/>\n<meta property=\"article:published_time\" content=\"2010-06-24T04:00:00+00:00\" \/>\n<meta property=\"article:modified_time\" content=\"2017-06-02T17:03:53+00:00\" \/>\n<meta name=\"author\" content=\"Lorenzo Verduzco\" \/>\n<meta name=\"twitter:card\" content=\"summary_large_image\" \/>\n<meta name=\"twitter:label1\" content=\"\u00c9crit par\" \/>\n\t<meta name=\"twitter:data1\" content=\"Lorenzo Verduzco\" \/>\n\t<meta name=\"twitter:label2\" content=\"Dur\u00e9e de lecture estim\u00e9e\" \/>\n\t<meta name=\"twitter:data2\" content=\"2 minutes\" \/>\n<script type=\"application\/ld+json\" class=\"yoast-schema-graph\">{\"@context\":\"https:\\\/\\\/schema.org\",\"@graph\":[{\"@type\":\"Article\",\"@id\":\"https:\\\/\\\/interamerica.org\\\/fr\\\/2010\\\/06\\\/linter-amerique-fait-le-choix-de-ses-delegues-qui-feront-partie-dun-groupe-special-en-vue-delire-le-president-de-leglise-adventiste-mondiale\\\/#article\",\"isPartOf\":{\"@id\":\"https:\\\/\\\/interamerica.org\\\/fr\\\/2010\\\/06\\\/linter-amerique-fait-le-choix-de-ses-delegues-qui-feront-partie-dun-groupe-special-en-vue-delire-le-president-de-leglise-adventiste-mondiale\\\/\"},\"author\":{\"name\":\"Lorenzo Verduzco\",\"@id\":\"https:\\\/\\\/interamerica.org\\\/fr\\\/#\\\/schema\\\/person\\\/68ede8bdc292885bb76c1e3810e73c39\"},\"headline\":\"L&#39;Inter-Am\u00e9rique fait le choix de ses d\u00e9l\u00e9gu\u00e9s qui feront partie d&#39;un groupe sp\u00e9cial en vue d&#39;\u00e9lire le pr\u00e9sident de l&#39;Eglise Adventiste Mondiale\",\"datePublished\":\"2010-06-24T04:00:00+00:00\",\"dateModified\":\"2017-06-02T17:03:53+00:00\",\"mainEntityOfPage\":{\"@id\":\"https:\\\/\\\/interamerica.org\\\/fr\\\/2010\\\/06\\\/linter-amerique-fait-le-choix-de-ses-delegues-qui-feront-partie-dun-groupe-special-en-vue-delire-le-president-de-leglise-adventiste-mondiale\\\/\"},\"wordCount\":342,\"articleSection\":[\"Archive\"],\"inLanguage\":\"fr-FR\"},{\"@type\":\"WebPage\",\"@id\":\"https:\\\/\\\/interamerica.org\\\/fr\\\/2010\\\/06\\\/linter-amerique-fait-le-choix-de-ses-delegues-qui-feront-partie-dun-groupe-special-en-vue-delire-le-president-de-leglise-adventiste-mondiale\\\/\",\"url\":\"https:\\\/\\\/interamerica.org\\\/fr\\\/2010\\\/06\\\/linter-amerique-fait-le-choix-de-ses-delegues-qui-feront-partie-dun-groupe-special-en-vue-delire-le-president-de-leglise-adventiste-mondiale\\\/\",\"name\":\"L&#39;Inter-Am\u00e9rique fait le choix de ses d\u00e9l\u00e9gu\u00e9s qui feront partie d&#39;un groupe sp\u00e9cial en vue d&#39;\u00e9lire le pr\u00e9sident de l&#39;Eglise Adventiste Mondiale - \u00c9glise Adventiste Du Septieme Jour - Inter Am\u00e9rique Division\",\"isPartOf\":{\"@id\":\"https:\\\/\\\/interamerica.org\\\/fr\\\/#website\"},\"datePublished\":\"2010-06-24T04:00:00+00:00\",\"dateModified\":\"2017-06-02T17:03:53+00:00\",\"author\":{\"@id\":\"https:\\\/\\\/interamerica.org\\\/fr\\\/#\\\/schema\\\/person\\\/68ede8bdc292885bb76c1e3810e73c39\"},\"breadcrumb\":{\"@id\":\"https:\\\/\\\/interamerica.org\\\/fr\\\/2010\\\/06\\\/linter-amerique-fait-le-choix-de-ses-delegues-qui-feront-partie-dun-groupe-special-en-vue-delire-le-president-de-leglise-adventiste-mondiale\\\/#breadcrumb\"},\"inLanguage\":\"fr-FR\",\"potentialAction\":[{\"@type\":\"ReadAction\",\"target\":[\"https:\\\/\\\/interamerica.org\\\/fr\\\/2010\\\/06\\\/linter-amerique-fait-le-choix-de-ses-delegues-qui-feront-partie-dun-groupe-special-en-vue-delire-le-president-de-leglise-adventiste-mondiale\\\/\"]}]},{\"@type\":\"BreadcrumbList\",\"@id\":\"https:\\\/\\\/interamerica.org\\\/fr\\\/2010\\\/06\\\/linter-amerique-fait-le-choix-de-ses-delegues-qui-feront-partie-dun-groupe-special-en-vue-delire-le-president-de-leglise-adventiste-mondiale\\\/#breadcrumb\",\"itemListElement\":[{\"@type\":\"ListItem\",\"position\":1,\"name\":\"Home\",\"item\":\"https:\\\/\\\/interamerica.org\\\/fr\\\/\"},{\"@type\":\"ListItem\",\"position\":2,\"name\":\"L&#39;Inter-Am\u00e9rique fait le choix de ses d\u00e9l\u00e9gu\u00e9s qui feront partie d&#39;un groupe sp\u00e9cial en vue d&#39;\u00e9lire le pr\u00e9sident de l&#39;Eglise Adventiste Mondiale\"}]},{\"@type\":\"WebSite\",\"@id\":\"https:\\\/\\\/interamerica.org\\\/fr\\\/#website\",\"url\":\"https:\\\/\\\/interamerica.org\\\/fr\\\/\",\"name\":\"\u00c9glise Adventiste Du Septieme Jour - Inter Am\u00e9rique Division\",\"description\":\"\",\"potentialAction\":[{\"@type\":\"SearchAction\",\"target\":{\"@type\":\"EntryPoint\",\"urlTemplate\":\"https:\\\/\\\/interamerica.org\\\/fr\\\/?s={search_term_string}\"},\"query-input\":{\"@type\":\"PropertyValueSpecification\",\"valueRequired\":true,\"valueName\":\"search_term_string\"}}],\"inLanguage\":\"fr-FR\"},{\"@type\":\"Person\",\"@id\":\"https:\\\/\\\/interamerica.org\\\/fr\\\/#\\\/schema\\\/person\\\/68ede8bdc292885bb76c1e3810e73c39\",\"name\":\"Lorenzo Verduzco\",\"image\":{\"@type\":\"ImageObject\",\"inLanguage\":\"fr-FR\",\"@id\":\"https:\\\/\\\/secure.gravatar.com\\\/avatar\\\/fb81a55b6218459490a9c1dc841a34909185b81904c5337b4b27f7a6fd60c49e?s=96&d=mm&r=g\",\"url\":\"https:\\\/\\\/secure.gravatar.com\\\/avatar\\\/fb81a55b6218459490a9c1dc841a34909185b81904c5337b4b27f7a6fd60c49e?s=96&d=mm&r=g\",\"contentUrl\":\"https:\\\/\\\/secure.gravatar.com\\\/avatar\\\/fb81a55b6218459490a9c1dc841a34909185b81904c5337b4b27f7a6fd60c49e?s=96&d=mm&r=g\",\"caption\":\"Lorenzo Verduzco\"}}]}<\/script>\n<!-- \/ Yoast SEO plugin. -->","yoast_head_json":{"title":"L&#39;Inter-Am\u00e9rique fait le choix de ses d\u00e9l\u00e9gu\u00e9s qui feront partie d&#39;un groupe sp\u00e9cial en vue d&#39;\u00e9lire le pr\u00e9sident de l&#39;Eglise Adventiste Mondiale - \u00c9glise Adventiste Du Septieme Jour - Inter Am\u00e9rique Division","robots":{"index":"index","follow":"follow","max-snippet":"max-snippet:-1","max-image-preview":"max-image-preview:large","max-video-preview":"max-video-preview:-1"},"canonical":"https:\/\/interamerica.org\/fr\/2010\/06\/linter-amerique-fait-le-choix-de-ses-delegues-qui-feront-partie-dun-groupe-special-en-vue-delire-le-president-de-leglise-adventiste-mondiale\/","og_locale":"fr_FR","og_type":"article","og_title":"L&#39;Inter-Am\u00e9rique fait le choix de ses d\u00e9l\u00e9gu\u00e9s qui feront partie d&#39;un groupe sp\u00e9cial en vue d&#39;\u00e9lire le pr\u00e9sident de l&#39;Eglise Adventiste Mondiale - \u00c9glise Adventiste Du Septieme Jour - Inter Am\u00e9rique Division","og_description":"En moins de 24 heures apr\u00e8s l&#39;ouverture officielle de la 59\u00e8me Session de la Conf\u00e9rence G\u00e9n\u00e9rale d&#39;Atlanta, en Georgie, plus de 400 d\u00e9l\u00e9gu\u00e9s et de principaux responsables d&#39;\u00e9glis","og_url":"https:\/\/interamerica.org\/fr\/2010\/06\/linter-amerique-fait-le-choix-de-ses-delegues-qui-feront-partie-dun-groupe-special-en-vue-delire-le-president-de-leglise-adventiste-mondiale\/","og_site_name":"\u00c9glise Adventiste Du Septieme Jour - Inter Am\u00e9rique Division","article_published_time":"2010-06-24T04:00:00+00:00","article_modified_time":"2017-06-02T17:03:53+00:00","author":"Lorenzo Verduzco","twitter_card":"summary_large_image","twitter_misc":{"\u00c9crit par":"Lorenzo Verduzco","Dur\u00e9e de lecture estim\u00e9e":"2 minutes"},"schema":{"@context":"https:\/\/schema.org","@graph":[{"@type":"Article","@id":"https:\/\/interamerica.org\/fr\/2010\/06\/linter-amerique-fait-le-choix-de-ses-delegues-qui-feront-partie-dun-groupe-special-en-vue-delire-le-president-de-leglise-adventiste-mondiale\/#article","isPartOf":{"@id":"https:\/\/interamerica.org\/fr\/2010\/06\/linter-amerique-fait-le-choix-de-ses-delegues-qui-feront-partie-dun-groupe-special-en-vue-delire-le-president-de-leglise-adventiste-mondiale\/"},"author":{"name":"Lorenzo Verduzco","@id":"https:\/\/interamerica.org\/fr\/#\/schema\/person\/68ede8bdc292885bb76c1e3810e73c39"},"headline":"L&#39;Inter-Am\u00e9rique fait le choix de ses d\u00e9l\u00e9gu\u00e9s qui feront partie d&#39;un groupe sp\u00e9cial en vue d&#39;\u00e9lire le pr\u00e9sident de l&#39;Eglise Adventiste Mondiale","datePublished":"2010-06-24T04:00:00+00:00","dateModified":"2017-06-02T17:03:53+00:00","mainEntityOfPage":{"@id":"https:\/\/interamerica.org\/fr\/2010\/06\/linter-amerique-fait-le-choix-de-ses-delegues-qui-feront-partie-dun-groupe-special-en-vue-delire-le-president-de-leglise-adventiste-mondiale\/"},"wordCount":342,"articleSection":["Archive"],"inLanguage":"fr-FR"},{"@type":"WebPage","@id":"https:\/\/interamerica.org\/fr\/2010\/06\/linter-amerique-fait-le-choix-de-ses-delegues-qui-feront-partie-dun-groupe-special-en-vue-delire-le-president-de-leglise-adventiste-mondiale\/","url":"https:\/\/interamerica.org\/fr\/2010\/06\/linter-amerique-fait-le-choix-de-ses-delegues-qui-feront-partie-dun-groupe-special-en-vue-delire-le-president-de-leglise-adventiste-mondiale\/","name":"L&#39;Inter-Am\u00e9rique fait le choix de ses d\u00e9l\u00e9gu\u00e9s qui feront partie d&#39;un groupe sp\u00e9cial en vue d&#39;\u00e9lire le pr\u00e9sident de l&#39;Eglise Adventiste Mondiale - \u00c9glise Adventiste Du Septieme Jour - Inter Am\u00e9rique Division","isPartOf":{"@id":"https:\/\/interamerica.org\/fr\/#website"},"datePublished":"2010-06-24T04:00:00+00:00","dateModified":"2017-06-02T17:03:53+00:00","author":{"@id":"https:\/\/interamerica.org\/fr\/#\/schema\/person\/68ede8bdc292885bb76c1e3810e73c39"},"breadcrumb":{"@id":"https:\/\/interamerica.org\/fr\/2010\/06\/linter-amerique-fait-le-choix-de-ses-delegues-qui-feront-partie-dun-groupe-special-en-vue-delire-le-president-de-leglise-adventiste-mondiale\/#breadcrumb"},"inLanguage":"fr-FR","potentialAction":[{"@type":"ReadAction","target":["https:\/\/interamerica.org\/fr\/2010\/06\/linter-amerique-fait-le-choix-de-ses-delegues-qui-feront-partie-dun-groupe-special-en-vue-delire-le-president-de-leglise-adventiste-mondiale\/"]}]},{"@type":"BreadcrumbList","@id":"https:\/\/interamerica.org\/fr\/2010\/06\/linter-amerique-fait-le-choix-de-ses-delegues-qui-feront-partie-dun-groupe-special-en-vue-delire-le-president-de-leglise-adventiste-mondiale\/#breadcrumb","itemListElement":[{"@type":"ListItem","position":1,"name":"Home","item":"https:\/\/interamerica.org\/fr\/"},{"@type":"ListItem","position":2,"name":"L&#39;Inter-Am\u00e9rique fait le choix de ses d\u00e9l\u00e9gu\u00e9s qui feront partie d&#39;un groupe sp\u00e9cial en vue d&#39;\u00e9lire le pr\u00e9sident de l&#39;Eglise Adventiste Mondiale"}]},{"@type":"WebSite","@id":"https:\/\/interamerica.org\/fr\/#website","url":"https:\/\/interamerica.org\/fr\/","name":"\u00c9glise Adventiste Du Septieme Jour - Inter Am\u00e9rique Division","description":"","potentialAction":[{"@type":"SearchAction","target":{"@type":"EntryPoint","urlTemplate":"https:\/\/interamerica.org\/fr\/?s={search_term_string}"},"query-input":{"@type":"PropertyValueSpecification","valueRequired":true,"valueName":"search_term_string"}}],"inLanguage":"fr-FR"},{"@type":"Person","@id":"https:\/\/interamerica.org\/fr\/#\/schema\/person\/68ede8bdc292885bb76c1e3810e73c39","name":"Lorenzo Verduzco","image":{"@type":"ImageObject","inLanguage":"fr-FR","@id":"https:\/\/secure.gravatar.com\/avatar\/fb81a55b6218459490a9c1dc841a34909185b81904c5337b4b27f7a6fd60c49e?s=96&d=mm&r=g","url":"https:\/\/secure.gravatar.com\/avatar\/fb81a55b6218459490a9c1dc841a34909185b81904c5337b4b27f7a6fd60c49e?s=96&d=mm&r=g","contentUrl":"https:\/\/secure.gravatar.com\/avatar\/fb81a55b6218459490a9c1dc841a34909185b81904c5337b4b27f7a6fd60c49e?s=96&d=mm&r=g","caption":"Lorenzo Verduzco"}}]}},"_links":{"self":[{"href":"https:\/\/interamerica.org\/fr\/wp-json\/wp\/v2\/posts\/13370","targetHints":{"allow":["GET"]}}],"collection":[{"href":"https:\/\/interamerica.org\/fr\/wp-json\/wp\/v2\/posts"}],"about":[{"href":"https:\/\/interamerica.org\/fr\/wp-json\/wp\/v2\/types\/post"}],"author":[{"embeddable":true,"href":"https:\/\/interamerica.org\/fr\/wp-json\/wp\/v2\/users\/1"}],"replies":[{"embeddable":true,"href":"https:\/\/interamerica.org\/fr\/wp-json\/wp\/v2\/comments?post=13370"}],"version-history":[{"count":0,"href":"https:\/\/interamerica.org\/fr\/wp-json\/wp\/v2\/posts\/13370\/revisions"}],"wp:attachment":[{"href":"https:\/\/interamerica.org\/fr\/wp-json\/wp\/v2\/media?parent=13370"}],"wp:term":[{"taxonomy":"category","embeddable":true,"href":"https:\/\/interamerica.org\/fr\/wp-json\/wp\/v2\/categories?post=13370"},{"taxonomy":"post_tag","embeddable":true,"href":"https:\/\/interamerica.org\/fr\/wp-json\/wp\/v2\/tags?post=13370"}],"curies":[{"name":"wp","href":"https:\/\/api.w.org\/{rel}","templated":true}]}}