{"id":13372,"date":"2010-06-25T00:00:00","date_gmt":"2010-06-25T04:00:00","guid":{"rendered":"http:\/\/192.81.217.108\/interamerica\/2010\/06\/la-bible-itineranteconclut-son-periple-de-20-mois\/"},"modified":"2017-06-02T13:03:49","modified_gmt":"2017-06-02T17:03:49","slug":"la-bible-itineranteconclut-son-periple-de-20-mois","status":"publish","type":"post","link":"https:\/\/interamerica.org\/fr\/2010\/06\/la-bible-itineranteconclut-son-periple-de-20-mois\/","title":{"rendered":"La Bible itin\u00e9ranteconclut son p\u00e9riple de 20 mois"},"content":{"rendered":"<p>24 Juin 2010,Atlanta, G\u00e9orgie, Etats Unis&#8230;Arin Gencer\/ANN<\/p>\n<p>Pendant 20 mois,elle a voyag\u00e9 dans des endroits aussi \u00e9loign\u00e9s que Narok au Kenya et Duba\u00ef auxEmirats Arabes Unis.<\/p>\n<p>La grande Bible sp\u00e9cialementcon\u00e7ue pour s&#39;embarquer dans ce p\u00e9riple mondial a termin\u00e9 son voyage au cours d&#39;unerencontre administrative Jeudi soir pendant la 59eme Session Mondiale de l&#39;EgliseAdventiste du Septi\u00e8me jour.<\/p>\n<p>\u00ab CetteBible a parcouru le monde comme un symbole de l&#39;engagement qu&#39;ont lesAdventistes du Septi\u00e8me jour envers la parole de Dieu, \u00bb a d\u00e9clar\u00e9 Mark Finley,l&#39;un des vice-pr\u00e9sidents de l&#39;\u00e9glise. \u00ab Les Adventistes s&#39;appuientfermement sur la Bible. \u00bb<\/p>\n<p>Mark Finley s&#39;esttenu devant des repr\u00e9sentants de chaque r\u00e9gion &#8211; certains rev\u00eatus de costumeslocaux &#8211; qui s&#39;\u00e9taient plac\u00e9s tout au long de l&#39;estrade jeudi soir. Lesquelques 70 hommes, femmes et enfants ont fait passer la Bible de 30 cm sur 45cm  de main en main le long de la filealors qu&#39;une vid\u00e9o \u00e9tait diffus\u00e9e sur son parcours plan\u00e9taire.<\/p>\n<p>Cette Bible encuir noir faisait partie de l&#39;op\u00e9ration \u00ab Suivez La Bible \u00bb, visant \u00e0encourager l&#39;\u00e9tude de la Bible parmi les membres et dans la communaut\u00e9. Lesdirigeants de l&#39;\u00e9glise ont lanc\u00e9 l&#39;op\u00e9ration en 2008, apr\u00e8s que des \u00e9tudesaient sugg\u00e9r\u00e9 qu&#39;environ 50 pourcent des membres \u00e9tudient r\u00e9guli\u00e8rement les Ecritures.<\/p>\n<p>Les dirigeants del&#39;\u00e9glise ont d\u00e9clar\u00e9 que ce livre avait contribu\u00e9 \u00e0 unir les Adventistes dumonde entier, les encourageant \u00e0 se reconsacrer \u00e0 l&#39;\u00e9tude.<\/p>\n<p>\u00ab L&#39;op\u00e9rationa raviv\u00e9 l&#39;int\u00e9r\u00eat des gens pour la lecture de la Bible, \u00bb a d\u00e9clar\u00e9 dansla video Gilbert Wari, pr\u00e9sident de la division de l&#39;Afrique CentraleOccidentale.<\/p>\n<p>Plus de deuxmillions de Bibles ont \u00e9t\u00e9 distribu\u00e9es dans la division Inter Am\u00e9ricaine au coursde la campagne a ajout\u00e9 son pr\u00e9sident, Isra\u00ebl Leito, alors qu&#39;il d\u00e9crivait lesefforts missionnaires dans sa r\u00e9gion.<\/p>\n<p>Jeudi soir, les d\u00e9l\u00e9gu\u00e9sont approuv\u00e9 une r\u00e9solution qui r\u00e9affirme \u00ab la confiance dans la r\u00e9v\u00e9lationet l&#39;inspiration divines de la Bible, \u00bb  et invite les membres et les \u00ab Chr\u00e9tiensde partout \u00e0 faire de la Bible leur source quotidienne pour l&#39;\u00e9tude personnelle. \u00bb<\/p>\n<p>La Bible contienttout ce que nous ch\u00e9rissons et r\u00e9v\u00e9rons; tout ce qui nous d\u00e9finit en tant quepeuple, en tant que communaut\u00e9 religieuse, repose sur la Bible, \u00bb a ditjeudi soir le pr\u00e9sident de la Conf\u00e9rence G\u00e9n\u00e9rale, Jan Paulsen. \u00ab La Bibleest le moyen par lequel Dieu nous parle. \u00bb<\/p>\n<p>Ecrite en 66langues &#8211; y compris le Gujarati, le Lituanien, le Xhosa et le Vietnamien &#8211; la grandeBible itin\u00e9rante s&#39;est retrouv\u00e9e au centre de programmes tenus dans des stades,dans des rallyes et des d\u00e9fil\u00e9s dans pr\u00e8s de 130 pays ; elle a \u00e9t\u00e9 tenuepar des gouverneurs, des chefs tribaux, des pr\u00e9sidents, des rois et des reines.Elle a d\u00e9but\u00e9 son voyage dans les Philippines et est retourn\u00e9e aux Etats Unis lemois dernier, arrivant \u00e0 l&#39;A\u00e9roport International Dulles \u00e0 Washington DC.<\/p>\n<p>Des photos dusite web de l&#39;op\u00e9ration montrent la Bible alors qu&#39;elle est lue en Islande, expos\u00e9elors d&#39;un rallye aux Iles Fiji et pr\u00e9sent\u00e9e lors de d\u00e9fil\u00e9s au Kenya.<\/p>\n","protected":false},"excerpt":{"rendered":"<p>Pendant 20 mois,elle a voyag\u00e9 dans des endroits aussi \u00e9loign\u00e9s que Narok au Kenya et Duba\u00ef auxEmirats Arabes Unis.<\/p>\n","protected":false},"author":1,"featured_media":0,"comment_status":"closed","ping_status":"closed","sticky":false,"template":"","format":"standard","meta":{"_acf_changed":false,"footnotes":""},"categories":[9],"tags":[],"class_list":["post-13372","post","type-post","status-publish","format-standard","hentry","category-archive-fr"],"acf":[],"yoast_head":"<!-- This site is optimized with the Yoast SEO plugin v27.3 - https:\/\/yoast.com\/product\/yoast-seo-wordpress\/ -->\n<title>La Bible itin\u00e9ranteconclut son p\u00e9riple de 20 mois - \u00c9glise Adventiste Du Septieme Jour - Inter Am\u00e9rique Division<\/title>\n<meta name=\"robots\" content=\"index, follow, max-snippet:-1, max-image-preview:large, max-video-preview:-1\" \/>\n<link rel=\"canonical\" href=\"https:\/\/interamerica.org\/fr\/2010\/06\/la-bible-itineranteconclut-son-periple-de-20-mois\/\" \/>\n<meta property=\"og:locale\" content=\"fr_FR\" \/>\n<meta property=\"og:type\" content=\"article\" \/>\n<meta property=\"og:title\" content=\"La Bible itin\u00e9ranteconclut son p\u00e9riple de 20 mois - \u00c9glise Adventiste Du Septieme Jour - Inter Am\u00e9rique Division\" \/>\n<meta property=\"og:description\" content=\"Pendant 20 mois,elle a voyag\u00e9 dans des endroits aussi \u00e9loign\u00e9s que Narok au Kenya et Duba\u00ef auxEmirats Arabes Unis.\" \/>\n<meta property=\"og:url\" content=\"https:\/\/interamerica.org\/fr\/2010\/06\/la-bible-itineranteconclut-son-periple-de-20-mois\/\" \/>\n<meta property=\"og:site_name\" content=\"\u00c9glise Adventiste Du Septieme Jour - Inter Am\u00e9rique Division\" \/>\n<meta property=\"article:published_time\" content=\"2010-06-25T04:00:00+00:00\" \/>\n<meta property=\"article:modified_time\" content=\"2017-06-02T17:03:49+00:00\" \/>\n<meta name=\"author\" content=\"Lorenzo Verduzco\" \/>\n<meta name=\"twitter:card\" content=\"summary_large_image\" \/>\n<meta name=\"twitter:label1\" content=\"\u00c9crit par\" \/>\n\t<meta name=\"twitter:data1\" content=\"Lorenzo Verduzco\" \/>\n\t<meta name=\"twitter:label2\" content=\"Dur\u00e9e de lecture estim\u00e9e\" \/>\n\t<meta name=\"twitter:data2\" content=\"3 minutes\" \/>\n<script type=\"application\/ld+json\" class=\"yoast-schema-graph\">{\"@context\":\"https:\\\/\\\/schema.org\",\"@graph\":[{\"@type\":\"Article\",\"@id\":\"https:\\\/\\\/interamerica.org\\\/fr\\\/2010\\\/06\\\/la-bible-itineranteconclut-son-periple-de-20-mois\\\/#article\",\"isPartOf\":{\"@id\":\"https:\\\/\\\/interamerica.org\\\/fr\\\/2010\\\/06\\\/la-bible-itineranteconclut-son-periple-de-20-mois\\\/\"},\"author\":{\"name\":\"Lorenzo Verduzco\",\"@id\":\"https:\\\/\\\/interamerica.org\\\/fr\\\/#\\\/schema\\\/person\\\/68ede8bdc292885bb76c1e3810e73c39\"},\"headline\":\"La Bible itin\u00e9ranteconclut son p\u00e9riple de 20 mois\",\"datePublished\":\"2010-06-25T04:00:00+00:00\",\"dateModified\":\"2017-06-02T17:03:49+00:00\",\"mainEntityOfPage\":{\"@id\":\"https:\\\/\\\/interamerica.org\\\/fr\\\/2010\\\/06\\\/la-bible-itineranteconclut-son-periple-de-20-mois\\\/\"},\"wordCount\":559,\"articleSection\":[\"Archive\"],\"inLanguage\":\"fr-FR\"},{\"@type\":\"WebPage\",\"@id\":\"https:\\\/\\\/interamerica.org\\\/fr\\\/2010\\\/06\\\/la-bible-itineranteconclut-son-periple-de-20-mois\\\/\",\"url\":\"https:\\\/\\\/interamerica.org\\\/fr\\\/2010\\\/06\\\/la-bible-itineranteconclut-son-periple-de-20-mois\\\/\",\"name\":\"La Bible itin\u00e9ranteconclut son p\u00e9riple de 20 mois - \u00c9glise Adventiste Du Septieme Jour - Inter Am\u00e9rique Division\",\"isPartOf\":{\"@id\":\"https:\\\/\\\/interamerica.org\\\/fr\\\/#website\"},\"datePublished\":\"2010-06-25T04:00:00+00:00\",\"dateModified\":\"2017-06-02T17:03:49+00:00\",\"author\":{\"@id\":\"https:\\\/\\\/interamerica.org\\\/fr\\\/#\\\/schema\\\/person\\\/68ede8bdc292885bb76c1e3810e73c39\"},\"breadcrumb\":{\"@id\":\"https:\\\/\\\/interamerica.org\\\/fr\\\/2010\\\/06\\\/la-bible-itineranteconclut-son-periple-de-20-mois\\\/#breadcrumb\"},\"inLanguage\":\"fr-FR\",\"potentialAction\":[{\"@type\":\"ReadAction\",\"target\":[\"https:\\\/\\\/interamerica.org\\\/fr\\\/2010\\\/06\\\/la-bible-itineranteconclut-son-periple-de-20-mois\\\/\"]}]},{\"@type\":\"BreadcrumbList\",\"@id\":\"https:\\\/\\\/interamerica.org\\\/fr\\\/2010\\\/06\\\/la-bible-itineranteconclut-son-periple-de-20-mois\\\/#breadcrumb\",\"itemListElement\":[{\"@type\":\"ListItem\",\"position\":1,\"name\":\"Home\",\"item\":\"https:\\\/\\\/interamerica.org\\\/fr\\\/\"},{\"@type\":\"ListItem\",\"position\":2,\"name\":\"La Bible itin\u00e9ranteconclut son p\u00e9riple de 20 mois\"}]},{\"@type\":\"WebSite\",\"@id\":\"https:\\\/\\\/interamerica.org\\\/fr\\\/#website\",\"url\":\"https:\\\/\\\/interamerica.org\\\/fr\\\/\",\"name\":\"\u00c9glise Adventiste Du Septieme Jour - Inter Am\u00e9rique Division\",\"description\":\"\",\"potentialAction\":[{\"@type\":\"SearchAction\",\"target\":{\"@type\":\"EntryPoint\",\"urlTemplate\":\"https:\\\/\\\/interamerica.org\\\/fr\\\/?s={search_term_string}\"},\"query-input\":{\"@type\":\"PropertyValueSpecification\",\"valueRequired\":true,\"valueName\":\"search_term_string\"}}],\"inLanguage\":\"fr-FR\"},{\"@type\":\"Person\",\"@id\":\"https:\\\/\\\/interamerica.org\\\/fr\\\/#\\\/schema\\\/person\\\/68ede8bdc292885bb76c1e3810e73c39\",\"name\":\"Lorenzo Verduzco\",\"image\":{\"@type\":\"ImageObject\",\"inLanguage\":\"fr-FR\",\"@id\":\"https:\\\/\\\/secure.gravatar.com\\\/avatar\\\/fb81a55b6218459490a9c1dc841a34909185b81904c5337b4b27f7a6fd60c49e?s=96&d=mm&r=g\",\"url\":\"https:\\\/\\\/secure.gravatar.com\\\/avatar\\\/fb81a55b6218459490a9c1dc841a34909185b81904c5337b4b27f7a6fd60c49e?s=96&d=mm&r=g\",\"contentUrl\":\"https:\\\/\\\/secure.gravatar.com\\\/avatar\\\/fb81a55b6218459490a9c1dc841a34909185b81904c5337b4b27f7a6fd60c49e?s=96&d=mm&r=g\",\"caption\":\"Lorenzo Verduzco\"}}]}<\/script>\n<!-- \/ Yoast SEO plugin. -->","yoast_head_json":{"title":"La Bible itin\u00e9ranteconclut son p\u00e9riple de 20 mois - \u00c9glise Adventiste Du Septieme Jour - Inter Am\u00e9rique Division","robots":{"index":"index","follow":"follow","max-snippet":"max-snippet:-1","max-image-preview":"max-image-preview:large","max-video-preview":"max-video-preview:-1"},"canonical":"https:\/\/interamerica.org\/fr\/2010\/06\/la-bible-itineranteconclut-son-periple-de-20-mois\/","og_locale":"fr_FR","og_type":"article","og_title":"La Bible itin\u00e9ranteconclut son p\u00e9riple de 20 mois - \u00c9glise Adventiste Du Septieme Jour - Inter Am\u00e9rique Division","og_description":"Pendant 20 mois,elle a voyag\u00e9 dans des endroits aussi \u00e9loign\u00e9s que Narok au Kenya et Duba\u00ef auxEmirats Arabes Unis.","og_url":"https:\/\/interamerica.org\/fr\/2010\/06\/la-bible-itineranteconclut-son-periple-de-20-mois\/","og_site_name":"\u00c9glise Adventiste Du Septieme Jour - Inter Am\u00e9rique Division","article_published_time":"2010-06-25T04:00:00+00:00","article_modified_time":"2017-06-02T17:03:49+00:00","author":"Lorenzo Verduzco","twitter_card":"summary_large_image","twitter_misc":{"\u00c9crit par":"Lorenzo Verduzco","Dur\u00e9e de lecture estim\u00e9e":"3 minutes"},"schema":{"@context":"https:\/\/schema.org","@graph":[{"@type":"Article","@id":"https:\/\/interamerica.org\/fr\/2010\/06\/la-bible-itineranteconclut-son-periple-de-20-mois\/#article","isPartOf":{"@id":"https:\/\/interamerica.org\/fr\/2010\/06\/la-bible-itineranteconclut-son-periple-de-20-mois\/"},"author":{"name":"Lorenzo Verduzco","@id":"https:\/\/interamerica.org\/fr\/#\/schema\/person\/68ede8bdc292885bb76c1e3810e73c39"},"headline":"La Bible itin\u00e9ranteconclut son p\u00e9riple de 20 mois","datePublished":"2010-06-25T04:00:00+00:00","dateModified":"2017-06-02T17:03:49+00:00","mainEntityOfPage":{"@id":"https:\/\/interamerica.org\/fr\/2010\/06\/la-bible-itineranteconclut-son-periple-de-20-mois\/"},"wordCount":559,"articleSection":["Archive"],"inLanguage":"fr-FR"},{"@type":"WebPage","@id":"https:\/\/interamerica.org\/fr\/2010\/06\/la-bible-itineranteconclut-son-periple-de-20-mois\/","url":"https:\/\/interamerica.org\/fr\/2010\/06\/la-bible-itineranteconclut-son-periple-de-20-mois\/","name":"La Bible itin\u00e9ranteconclut son p\u00e9riple de 20 mois - \u00c9glise Adventiste Du Septieme Jour - Inter Am\u00e9rique Division","isPartOf":{"@id":"https:\/\/interamerica.org\/fr\/#website"},"datePublished":"2010-06-25T04:00:00+00:00","dateModified":"2017-06-02T17:03:49+00:00","author":{"@id":"https:\/\/interamerica.org\/fr\/#\/schema\/person\/68ede8bdc292885bb76c1e3810e73c39"},"breadcrumb":{"@id":"https:\/\/interamerica.org\/fr\/2010\/06\/la-bible-itineranteconclut-son-periple-de-20-mois\/#breadcrumb"},"inLanguage":"fr-FR","potentialAction":[{"@type":"ReadAction","target":["https:\/\/interamerica.org\/fr\/2010\/06\/la-bible-itineranteconclut-son-periple-de-20-mois\/"]}]},{"@type":"BreadcrumbList","@id":"https:\/\/interamerica.org\/fr\/2010\/06\/la-bible-itineranteconclut-son-periple-de-20-mois\/#breadcrumb","itemListElement":[{"@type":"ListItem","position":1,"name":"Home","item":"https:\/\/interamerica.org\/fr\/"},{"@type":"ListItem","position":2,"name":"La Bible itin\u00e9ranteconclut son p\u00e9riple de 20 mois"}]},{"@type":"WebSite","@id":"https:\/\/interamerica.org\/fr\/#website","url":"https:\/\/interamerica.org\/fr\/","name":"\u00c9glise Adventiste Du Septieme Jour - Inter Am\u00e9rique Division","description":"","potentialAction":[{"@type":"SearchAction","target":{"@type":"EntryPoint","urlTemplate":"https:\/\/interamerica.org\/fr\/?s={search_term_string}"},"query-input":{"@type":"PropertyValueSpecification","valueRequired":true,"valueName":"search_term_string"}}],"inLanguage":"fr-FR"},{"@type":"Person","@id":"https:\/\/interamerica.org\/fr\/#\/schema\/person\/68ede8bdc292885bb76c1e3810e73c39","name":"Lorenzo Verduzco","image":{"@type":"ImageObject","inLanguage":"fr-FR","@id":"https:\/\/secure.gravatar.com\/avatar\/fb81a55b6218459490a9c1dc841a34909185b81904c5337b4b27f7a6fd60c49e?s=96&d=mm&r=g","url":"https:\/\/secure.gravatar.com\/avatar\/fb81a55b6218459490a9c1dc841a34909185b81904c5337b4b27f7a6fd60c49e?s=96&d=mm&r=g","contentUrl":"https:\/\/secure.gravatar.com\/avatar\/fb81a55b6218459490a9c1dc841a34909185b81904c5337b4b27f7a6fd60c49e?s=96&d=mm&r=g","caption":"Lorenzo Verduzco"}}]}},"_links":{"self":[{"href":"https:\/\/interamerica.org\/fr\/wp-json\/wp\/v2\/posts\/13372","targetHints":{"allow":["GET"]}}],"collection":[{"href":"https:\/\/interamerica.org\/fr\/wp-json\/wp\/v2\/posts"}],"about":[{"href":"https:\/\/interamerica.org\/fr\/wp-json\/wp\/v2\/types\/post"}],"author":[{"embeddable":true,"href":"https:\/\/interamerica.org\/fr\/wp-json\/wp\/v2\/users\/1"}],"replies":[{"embeddable":true,"href":"https:\/\/interamerica.org\/fr\/wp-json\/wp\/v2\/comments?post=13372"}],"version-history":[{"count":0,"href":"https:\/\/interamerica.org\/fr\/wp-json\/wp\/v2\/posts\/13372\/revisions"}],"wp:attachment":[{"href":"https:\/\/interamerica.org\/fr\/wp-json\/wp\/v2\/media?parent=13372"}],"wp:term":[{"taxonomy":"category","embeddable":true,"href":"https:\/\/interamerica.org\/fr\/wp-json\/wp\/v2\/categories?post=13372"},{"taxonomy":"post_tag","embeddable":true,"href":"https:\/\/interamerica.org\/fr\/wp-json\/wp\/v2\/tags?post=13372"}],"curies":[{"name":"wp","href":"https:\/\/api.w.org\/{rel}","templated":true}]}}