{"id":133744,"date":"2025-09-24T17:26:57","date_gmt":"2025-09-24T21:26:57","guid":{"rendered":"https:\/\/interamerica.org\/?p=133744"},"modified":"2025-09-25T06:55:29","modified_gmt":"2025-09-25T10:55:29","slug":"le-benevolat-eveille-la-foi-et-amene-une-transformation-chez-une-jeune-participante","status":"publish","type":"post","link":"https:\/\/interamerica.org\/fr\/2025\/09\/le-benevolat-eveille-la-foi-et-amene-une-transformation-chez-une-jeune-participante\/","title":{"rendered":"Le b\u00e9n\u00e9volat \u00e9veille la foi et am\u00e8ne une transformation chez une jeune participante"},"content":{"rendered":"<p><div id=\"attachment_133705\" style=\"width: 1015px\" class=\"wp-caption aligncenter\"><img fetchpriority=\"high\" decoding=\"async\" aria-describedby=\"caption-attachment-133705\" class=\" wp-image-133704\" src=\"https:\/\/interamerica.org\/wp-content\/uploads\/2025\/09\/nocu-1dsc00952-1024x683.jpeg\" alt=\"\" width=\"1005\" height=\"670\" srcset=\"https:\/\/interamerica.org\/wp-content\/uploads\/2025\/09\/nocu-1dsc00952-1024x683.jpeg 1024w, https:\/\/interamerica.org\/wp-content\/uploads\/2025\/09\/nocu-1dsc00952-300x200.jpeg 300w, https:\/\/interamerica.org\/wp-content\/uploads\/2025\/09\/nocu-1dsc00952-768x512.jpeg 768w, https:\/\/interamerica.org\/wp-content\/uploads\/2025\/09\/nocu-1dsc00952-1536x1024.jpeg 1536w, https:\/\/interamerica.org\/wp-content\/uploads\/2025\/09\/nocu-1dsc00952-2048x1365.jpeg 2048w\" sizes=\"(max-width: 1005px) 100vw, 1005px\" \/><p id=\"caption-attachment-133705\" class=\"wp-caption-text\">Lemis G\u00f3mez Mendoza (troisi\u00e8me \u00e0 partir de la gauche) avec son conjoint et sa belle-famille. \u00c2g\u00e9e de 20 ans et non adventiste, elle a particip\u00e9 \u00e0 \u00ab Mission Transformer Arauca \u00bb et a v\u00e9cu une transformation spirituelle gr\u00e2ce \u00e0 cette mission. [Photo : Union Nord Colombienne]<\/p><\/div><em>Une semaine de service et d\u2019adoration a aid\u00e9 une personne qui n\u2019\u00e9tait pas membre d\u2019\u00e9glise \u00e0 d\u00e9couvrir une connexion avec Dieu.<\/em><\/p>\n<p>24 Septembre 2025 | Medell\u00edn, Antioquia | Cristin Serrano et Service d\u2019Information de la DIA<\/p>\n<p data-start=\"394\" data-end=\"613\">Le fait de camper pour la premi\u00e8re fois, de servir les autres et de participer au culte quotidien a profond\u00e9ment marqu\u00e9 Lemis G\u00f3mez Mendoza, une jeune femme de 20 ans qui a d\u00e9couvert un chemin de foi et d\u2019esp\u00e9rance gr\u00e2ce au projet <em>Mission Transformer<\/em>.<\/p>\n<p data-start=\"615\" data-end=\"948\">La dixi\u00e8me \u00e9dition de <em data-start=\"636\" data-end=\"655\">Mission Transformer<\/em>, organis\u00e9e dans le d\u00e9partement d\u2019Arauca, dans le nord de la Colombie, a profond\u00e9ment marqu\u00e9 la vie de Lemis Mendoza. Elle avait accept\u00e9 l\u2019invitation de ses beaux-parents \u00e0 prendre part au projet, sans se douter de ce que cela impliquerait pour elle. Bien qu\u2019elle ne soit pas adventiste du septi\u00e8me jour, elle a rapidement d\u00e9couvert une communaut\u00e9 diff\u00e9rente de toutes celles qu\u2019elle avait connues.<\/p>\n<div id=\"attachment_133711\" style=\"width: 1034px\" class=\"wp-caption aligncenter\"><img decoding=\"async\" aria-describedby=\"caption-attachment-133711\" class=\"size-large wp-image-133710\" src=\"https:\/\/interamerica.org\/wp-content\/uploads\/2025\/09\/nocu-dsc00548-1024x683.jpeg\" alt=\"\" width=\"1024\" height=\"683\" srcset=\"https:\/\/interamerica.org\/wp-content\/uploads\/2025\/09\/nocu-dsc00548-1024x683.jpeg 1024w, https:\/\/interamerica.org\/wp-content\/uploads\/2025\/09\/nocu-dsc00548-300x200.jpeg 300w, https:\/\/interamerica.org\/wp-content\/uploads\/2025\/09\/nocu-dsc00548-768x512.jpeg 768w, https:\/\/interamerica.org\/wp-content\/uploads\/2025\/09\/nocu-dsc00548-1536x1024.jpeg 1536w, https:\/\/interamerica.org\/wp-content\/uploads\/2025\/09\/nocu-dsc00548-2048x1365.jpeg 2048w\" sizes=\"(max-width: 1024px) 100vw, 1024px\" \/><p id=\"caption-attachment-133711\" class=\"wp-caption-text\">Marta dans sa maison en bois avant l\u2019intervention de Mission Transformer \u00e0 Saravena, \u00e0 Arauca. La maison \u00e9tait inond\u00e9e \u00e0 chaque fois qu\u2019il pleuvait et mena\u00e7ait de s\u2019effondrer. [Photo : Union Nord Colombienne]<\/p><\/div>\n<p data-start=\"950\" data-end=\"1138\">\u00ab J\u2019ai ressenti de la paix, du calme \u2013 un environnement compl\u00e8tement diff\u00e9rent de ce que je connais habituellement, \u00bb a-t-elle confi\u00e9. \u00ab J\u2019ai m\u00eame imagin\u00e9 ce que ce serait de donner ma vie \u00e0 Christ. \u00bb<\/p>\n<p data-start=\"1140\" data-end=\"1407\">Pour Lemis Mendoza, l\u2019exp\u00e9rience qui l\u2019a amen\u00e9e \u00e0 \u00eatre au service aux autres, \u00e0 camper pour la premi\u00e8re fois et \u00e0 participer au culte quotidien a laiss\u00e9 une impression ind\u00e9l\u00e9bile. \u00ab Vous ressentez une proximit\u00e9 avec Dieu, quelque chose que je d\u00e9sire partager avec mes amis et que je les encourage \u00e0 vivre, \u00bb a-t-elle ajout\u00e9 avec enthousiasme.<\/p>\n<p>Alors que Lemis Mendoza entamait son cheminement spirituel, une autre histoire a touch\u00e9 le c\u0153ur d\u2019autres membres de la communaut\u00e9.<\/p>\n<div id=\"attachment_133714\" style=\"width: 999px\" class=\"wp-caption aligncenter\"><img decoding=\"async\" aria-describedby=\"caption-attachment-133714\" class=\" wp-image-133713\" src=\"https:\/\/interamerica.org\/wp-content\/uploads\/2025\/09\/nocu-dsc00528-1024x683.jpeg\" alt=\"\" width=\"989\" height=\"660\" srcset=\"https:\/\/interamerica.org\/wp-content\/uploads\/2025\/09\/nocu-dsc00528-1024x683.jpeg 1024w, https:\/\/interamerica.org\/wp-content\/uploads\/2025\/09\/nocu-dsc00528-300x200.jpeg 300w, https:\/\/interamerica.org\/wp-content\/uploads\/2025\/09\/nocu-dsc00528-768x512.jpeg 768w, https:\/\/interamerica.org\/wp-content\/uploads\/2025\/09\/nocu-dsc00528-1536x1024.jpeg 1536w, https:\/\/interamerica.org\/wp-content\/uploads\/2025\/09\/nocu-dsc00528-2048x1365.jpeg 2048w\" sizes=\"(max-width: 989px) 100vw, 989px\" \/><p id=\"caption-attachment-133714\" class=\"wp-caption-text\">Des b\u00e9n\u00e9voles de Mission Transformer Arauca m\u00e9langent du ciment dans le cadre de travaux de construction au profit de la communaut\u00e9 locale [Photo : Union Nord Colombienne]<\/p><\/div>\n<p data-start=\"1510\" data-end=\"2100\">Marta P\u00e9rez (nom modifi\u00e9 pour pr\u00e9server son anonymat), adventiste du septi\u00e8me jour, vit avec sa fille dans une petite maison en bois qui autrefois \u00e9tait inond\u00e9e d\u00e8s qu\u2019il pleuvait, et qui mena\u00e7ait de s\u2019effondrer. Touch\u00e9s par sa situation, des b\u00e9n\u00e9voles sont intervenus pour aider : ils ont reconstruit les murs, install\u00e9 une nouvelle porte et r\u00e9par\u00e9 le toit.<\/p>\n<p>Les larmes aux yeux, Marta Perez, qui vit dans la communaut\u00e9 de Saravena, a d\u00e9clar\u00e9 : \u00ab Maintenant, je peux laisser ma fille \u00e0 la maison en toute confiance, car elle est en s\u00e9curit\u00e9. Nous ne serons plus tremp\u00e9s, gr\u00e2ce \u00e0 mon pr\u00e9cieux Seigneur. \u00bb<\/p>\n<p>Reconnaissante pour le soutien apport\u00e9, Marta Perez a ajout\u00e9 : \u00ab Ces jeunes ont un c\u0153ur si grand. Ils ont renonc\u00e9 \u00e0 leur propre confort pour venir aider sans rien attendre en retour. Seul Dieu pouvait leur inspirer cela. \u00bb<\/p>\n<p><div id=\"attachment_133717\" style=\"width: 1015px\" class=\"wp-caption aligncenter\"><img loading=\"lazy\" decoding=\"async\" aria-describedby=\"caption-attachment-133717\" class=\" wp-image-133716\" src=\"https:\/\/interamerica.org\/wp-content\/uploads\/2025\/09\/nocu-dsc00258-1024x683.jpeg\" alt=\"\" width=\"1005\" height=\"670\" srcset=\"https:\/\/interamerica.org\/wp-content\/uploads\/2025\/09\/nocu-dsc00258-1024x683.jpeg 1024w, https:\/\/interamerica.org\/wp-content\/uploads\/2025\/09\/nocu-dsc00258-300x200.jpeg 300w, https:\/\/interamerica.org\/wp-content\/uploads\/2025\/09\/nocu-dsc00258-768x512.jpeg 768w, https:\/\/interamerica.org\/wp-content\/uploads\/2025\/09\/nocu-dsc00258-1536x1024.jpeg 1536w, https:\/\/interamerica.org\/wp-content\/uploads\/2025\/09\/nocu-dsc00258-2048x1365.jpeg 2048w\" sizes=\"(max-width: 1005px) 100vw, 1005px\" \/><p id=\"caption-attachment-133717\" class=\"wp-caption-text\">Un b\u00e9n\u00e9vole plus \u00e2g\u00e9 apporte son exp\u00e9rience et ses efforts aux travaux de peinture lors de l\u2019initiative Mission Transformer Arauca. [Photo : Union du Nord de la Colombie]<\/p><\/div>L\u2019exp\u00e9rience de Lemis Mendoza et l\u2019espoir retrouv\u00e9 par la famille de Marta Perez s\u2019inscrivaient dans le cadre d\u2019une d\u00e9marche plus vaste qui a mobilis\u00e9 plus de 150 b\u00e9n\u00e9voles \u00e0 travers Arauca. En une semaine, quatre projets ont vu le jour : la construction d\u2019un auditorium pouvant accueillir 1000 personnes, la r\u00e9novation d\u2019une \u00e9cole adventiste, la construction d\u2019une salle de jeunes et l\u2019agrandissement de la maison de Marta Perez.<\/p>\n<p data-start=\"2495\" data-end=\"2731\">Les b\u00e9n\u00e9voles ont dit qu\u2019au-del\u00e0 de la fatigue physique, la mission avait consolid\u00e9 leur foi. \u00ab Peu importe notre profession, nous pouvons tous travailler pour Dieu et donner le meilleur de nous-m\u00eames pour les autres, \u00bb a dit Milton Due\u00f1as, un agriculteur de 40 ans. Pour Miriam Acevedo, 64 ans, cette exp\u00e9rience a \u00e9t\u00e9 un v\u00e9ritable cadeau. \u00ab Je suis tr\u00e8s reconnaissante \u00e0 Dieu de m\u2019avoir donn\u00e9 la chance de contribuer \u00e0 son \u0153uvre, \u00bb a-t-elle d\u00e9clar\u00e9. \u00ab Cela a \u00e9t\u00e9 une exp\u00e9rience formidable, riche en fraternit\u00e9 et en service. \u00bb<\/p>\n<p><div id=\"attachment_133720\" style=\"width: 1034px\" class=\"wp-caption aligncenter\"><img loading=\"lazy\" decoding=\"async\" aria-describedby=\"caption-attachment-133720\" class=\"size-large wp-image-133719\" src=\"https:\/\/interamerica.org\/wp-content\/uploads\/2025\/09\/nocu-dsc00047-1024x683.jpeg\" alt=\"\" width=\"1024\" height=\"683\" srcset=\"https:\/\/interamerica.org\/wp-content\/uploads\/2025\/09\/nocu-dsc00047-1024x683.jpeg 1024w, https:\/\/interamerica.org\/wp-content\/uploads\/2025\/09\/nocu-dsc00047-300x200.jpeg 300w, https:\/\/interamerica.org\/wp-content\/uploads\/2025\/09\/nocu-dsc00047-768x512.jpeg 768w, https:\/\/interamerica.org\/wp-content\/uploads\/2025\/09\/nocu-dsc00047-1536x1024.jpeg 1536w, https:\/\/interamerica.org\/wp-content\/uploads\/2025\/09\/nocu-dsc00047-2048x1365.jpeg 2048w\" sizes=\"(max-width: 1024px) 100vw, 1024px\" \/><p id=\"caption-attachment-133720\" class=\"wp-caption-text\">Le pasteur Mauricio Buitrago (\u00e0 gauche), directeur des minist\u00e8res de la jeunesse de l\u2019Union Nord-Colombienne, discute avec le pasteur Omar Pi\u00f1a (\u00e0 droite), directeur des minist\u00e8res de la jeunesse de la F\u00e9d\u00e9ration du Nord-Est, lors de l\u2019initiative Mission Transformer Arauca. [Photo : Union Nord-Colombienne]<\/p><\/div>Pasteur Mauricio Buitrago, directeur des minist\u00e8res de la jeunesse de l\u2019Union Nord-Colombienne et principal organisateur de l\u2019initiative, a saisi l\u2019esprit de la mission en d\u00e9clarant que J\u00e9sus \u00ab nous a appris \u00e0 nous m\u00ealer aux gens, \u00e0 leur t\u00e9moigner de la sympathie et \u00e0 r\u00e9pondre \u00e0 leurs besoins. C\u2019est ce qu\u2019accomplit Mission Transformer. \u00bb<\/p>\n<p>Se faisant l\u2019\u00e9cho de ce sentiment, pasteur Omar Pi\u00f1a, directeur des minist\u00e8res de la jeunesse de la F\u00e9d\u00e9ration du Nord-Est, a \u00e9voqu\u00e9 l\u2019exp\u00e9rience des b\u00e9n\u00e9voles en disant qu\u2019ils ont : \u00ab vu la main de Dieu pourvoir dans chaque d\u00e9tail. Partout o\u00f9 il manquait quelque chose, il a ouvert la voie. \u00bb<\/p>\n<p>\u00c0 la fin de la mission, pasteur Ra\u00fal Torra, secr\u00e9taire ex\u00e9cutif de la F\u00e9d\u00e9ration du Nord-Est, a soulign\u00e9 l\u2019impact durable, faisant observer que \u00ab ce projet a non seulement permis de construire des murs, mais aussi de d\u00e9velopper la formation de disciples. Les jeunes ont appris que l\u2019\u00c9glise est une famille qui pratique le service et le partage. \u00bb<\/p>\n<p>Traduction: Patrick Luciathe<\/p>\n","protected":false},"excerpt":{"rendered":"<p>Une semaine de service et d\u2019adoration a aid\u00e9 une personne qui n\u2019\u00e9tait pas membre d\u2019\u00e9glise \u00e0 d\u00e9couvrir une connexion avec Dieu. 24 Septembre 2025 | Medell\u00edn, Antioquia | Cristin Serrano&#8230;<\/p>\n","protected":false},"author":3,"featured_media":133705,"comment_status":"closed","ping_status":"closed","sticky":false,"template":"","format":"standard","meta":{"_acf_changed":false,"footnotes":""},"categories":[21,19],"tags":[],"class_list":["post-133744","post","type-post","status-publish","format-standard","has-post-thumbnail","hentry","category-nouvelles-du-territoire","category-rss-francais"],"acf":[],"yoast_head":"<!-- This site is optimized with the Yoast SEO plugin v27.3 - https:\/\/yoast.com\/product\/yoast-seo-wordpress\/ -->\n<title>Le b\u00e9n\u00e9volat \u00e9veille la foi et am\u00e8ne une transformation chez une jeune participante - \u00c9glise Adventiste Du Septieme Jour - Inter Am\u00e9rique Division<\/title>\n<meta name=\"robots\" content=\"index, follow, max-snippet:-1, max-image-preview:large, max-video-preview:-1\" \/>\n<link rel=\"canonical\" href=\"https:\/\/interamerica.org\/fr\/2025\/09\/le-benevolat-eveille-la-foi-et-amene-une-transformation-chez-une-jeune-participante\/\" \/>\n<meta property=\"og:locale\" content=\"fr_FR\" \/>\n<meta property=\"og:type\" content=\"article\" \/>\n<meta property=\"og:title\" content=\"Le b\u00e9n\u00e9volat \u00e9veille la foi et am\u00e8ne une transformation chez une jeune participante - \u00c9glise Adventiste Du Septieme Jour - Inter Am\u00e9rique Division\" \/>\n<meta property=\"og:description\" content=\"Une semaine de service et d\u2019adoration a aid\u00e9 une personne qui n\u2019\u00e9tait pas membre d\u2019\u00e9glise \u00e0 d\u00e9couvrir une connexion avec Dieu. 24 Septembre 2025 | Medell\u00edn, Antioquia | Cristin Serrano...\" \/>\n<meta property=\"og:url\" content=\"https:\/\/interamerica.org\/fr\/2025\/09\/le-benevolat-eveille-la-foi-et-amene-une-transformation-chez-une-jeune-participante\/\" \/>\n<meta property=\"og:site_name\" content=\"\u00c9glise Adventiste Du Septieme Jour - Inter Am\u00e9rique Division\" \/>\n<meta property=\"article:published_time\" content=\"2025-09-24T21:26:57+00:00\" \/>\n<meta property=\"article:modified_time\" content=\"2025-09-25T10:55:29+00:00\" \/>\n<meta property=\"og:image\" content=\"https:\/\/interamerica.org\/wp-content\/uploads\/2025\/09\/nocu-1dsc00952-scaled.jpeg\" \/>\n\t<meta property=\"og:image:width\" content=\"2560\" \/>\n\t<meta property=\"og:image:height\" content=\"1707\" \/>\n\t<meta property=\"og:image:type\" content=\"image\/jpeg\" \/>\n<meta name=\"author\" content=\"libna\" \/>\n<meta name=\"twitter:card\" content=\"summary_large_image\" \/>\n<meta name=\"twitter:label1\" content=\"\u00c9crit par\" \/>\n\t<meta name=\"twitter:data1\" content=\"libna\" \/>\n\t<meta name=\"twitter:label2\" content=\"Dur\u00e9e de lecture estim\u00e9e\" \/>\n\t<meta name=\"twitter:data2\" content=\"6 minutes\" \/>\n<script type=\"application\/ld+json\" class=\"yoast-schema-graph\">{\"@context\":\"https:\\\/\\\/schema.org\",\"@graph\":[{\"@type\":\"Article\",\"@id\":\"https:\\\/\\\/interamerica.org\\\/fr\\\/2025\\\/09\\\/le-benevolat-eveille-la-foi-et-amene-une-transformation-chez-une-jeune-participante\\\/#article\",\"isPartOf\":{\"@id\":\"https:\\\/\\\/interamerica.org\\\/fr\\\/2025\\\/09\\\/le-benevolat-eveille-la-foi-et-amene-une-transformation-chez-une-jeune-participante\\\/\"},\"author\":{\"name\":\"libna\",\"@id\":\"https:\\\/\\\/interamerica.org\\\/fr\\\/#\\\/schema\\\/person\\\/29998f2bc2d8bd0d38662909289b54f1\"},\"headline\":\"Le b\u00e9n\u00e9volat \u00e9veille la foi et am\u00e8ne une transformation chez une jeune participante\",\"datePublished\":\"2025-09-24T21:26:57+00:00\",\"dateModified\":\"2025-09-25T10:55:29+00:00\",\"mainEntityOfPage\":{\"@id\":\"https:\\\/\\\/interamerica.org\\\/fr\\\/2025\\\/09\\\/le-benevolat-eveille-la-foi-et-amene-une-transformation-chez-une-jeune-participante\\\/\"},\"wordCount\":1027,\"image\":{\"@id\":\"https:\\\/\\\/interamerica.org\\\/fr\\\/2025\\\/09\\\/le-benevolat-eveille-la-foi-et-amene-une-transformation-chez-une-jeune-participante\\\/#primaryimage\"},\"thumbnailUrl\":\"https:\\\/\\\/interamerica.org\\\/wp-content\\\/uploads\\\/2025\\\/09\\\/nocu-1dsc00952-scaled.jpeg\",\"articleSection\":[\"Nouvelles du territoire\",\"RSS Fran\u00e7ais\"],\"inLanguage\":\"fr-FR\"},{\"@type\":\"WebPage\",\"@id\":\"https:\\\/\\\/interamerica.org\\\/fr\\\/2025\\\/09\\\/le-benevolat-eveille-la-foi-et-amene-une-transformation-chez-une-jeune-participante\\\/\",\"url\":\"https:\\\/\\\/interamerica.org\\\/fr\\\/2025\\\/09\\\/le-benevolat-eveille-la-foi-et-amene-une-transformation-chez-une-jeune-participante\\\/\",\"name\":\"Le b\u00e9n\u00e9volat \u00e9veille la foi et am\u00e8ne une transformation chez une jeune participante - \u00c9glise Adventiste Du Septieme Jour - Inter Am\u00e9rique Division\",\"isPartOf\":{\"@id\":\"https:\\\/\\\/interamerica.org\\\/fr\\\/#website\"},\"primaryImageOfPage\":{\"@id\":\"https:\\\/\\\/interamerica.org\\\/fr\\\/2025\\\/09\\\/le-benevolat-eveille-la-foi-et-amene-une-transformation-chez-une-jeune-participante\\\/#primaryimage\"},\"image\":{\"@id\":\"https:\\\/\\\/interamerica.org\\\/fr\\\/2025\\\/09\\\/le-benevolat-eveille-la-foi-et-amene-une-transformation-chez-une-jeune-participante\\\/#primaryimage\"},\"thumbnailUrl\":\"https:\\\/\\\/interamerica.org\\\/wp-content\\\/uploads\\\/2025\\\/09\\\/nocu-1dsc00952-scaled.jpeg\",\"datePublished\":\"2025-09-24T21:26:57+00:00\",\"dateModified\":\"2025-09-25T10:55:29+00:00\",\"author\":{\"@id\":\"https:\\\/\\\/interamerica.org\\\/fr\\\/#\\\/schema\\\/person\\\/29998f2bc2d8bd0d38662909289b54f1\"},\"breadcrumb\":{\"@id\":\"https:\\\/\\\/interamerica.org\\\/fr\\\/2025\\\/09\\\/le-benevolat-eveille-la-foi-et-amene-une-transformation-chez-une-jeune-participante\\\/#breadcrumb\"},\"inLanguage\":\"fr-FR\",\"potentialAction\":[{\"@type\":\"ReadAction\",\"target\":[\"https:\\\/\\\/interamerica.org\\\/fr\\\/2025\\\/09\\\/le-benevolat-eveille-la-foi-et-amene-une-transformation-chez-une-jeune-participante\\\/\"]}]},{\"@type\":\"ImageObject\",\"inLanguage\":\"fr-FR\",\"@id\":\"https:\\\/\\\/interamerica.org\\\/fr\\\/2025\\\/09\\\/le-benevolat-eveille-la-foi-et-amene-une-transformation-chez-une-jeune-participante\\\/#primaryimage\",\"url\":\"https:\\\/\\\/interamerica.org\\\/wp-content\\\/uploads\\\/2025\\\/09\\\/nocu-1dsc00952-scaled.jpeg\",\"contentUrl\":\"https:\\\/\\\/interamerica.org\\\/wp-content\\\/uploads\\\/2025\\\/09\\\/nocu-1dsc00952-scaled.jpeg\",\"width\":2560,\"height\":1707,\"caption\":\"Lemis G\u00f3mez Mendoza (third from let) with her partner and in-laws. The 20-year-old, a non-Adventist, participated in Mission Transform Arauca and experienced a spiritual transformation through the mission. [Credit: UCN Press Team]\"},{\"@type\":\"BreadcrumbList\",\"@id\":\"https:\\\/\\\/interamerica.org\\\/fr\\\/2025\\\/09\\\/le-benevolat-eveille-la-foi-et-amene-une-transformation-chez-une-jeune-participante\\\/#breadcrumb\",\"itemListElement\":[{\"@type\":\"ListItem\",\"position\":1,\"name\":\"Home\",\"item\":\"https:\\\/\\\/interamerica.org\\\/fr\\\/\"},{\"@type\":\"ListItem\",\"position\":2,\"name\":\"Le b\u00e9n\u00e9volat \u00e9veille la foi et am\u00e8ne une transformation chez une jeune participante\"}]},{\"@type\":\"WebSite\",\"@id\":\"https:\\\/\\\/interamerica.org\\\/fr\\\/#website\",\"url\":\"https:\\\/\\\/interamerica.org\\\/fr\\\/\",\"name\":\"\u00c9glise Adventiste Du Septieme Jour - Inter Am\u00e9rique Division\",\"description\":\"\",\"potentialAction\":[{\"@type\":\"SearchAction\",\"target\":{\"@type\":\"EntryPoint\",\"urlTemplate\":\"https:\\\/\\\/interamerica.org\\\/fr\\\/?s={search_term_string}\"},\"query-input\":{\"@type\":\"PropertyValueSpecification\",\"valueRequired\":true,\"valueName\":\"search_term_string\"}}],\"inLanguage\":\"fr-FR\"},{\"@type\":\"Person\",\"@id\":\"https:\\\/\\\/interamerica.org\\\/fr\\\/#\\\/schema\\\/person\\\/29998f2bc2d8bd0d38662909289b54f1\",\"name\":\"libna\",\"image\":{\"@type\":\"ImageObject\",\"inLanguage\":\"fr-FR\",\"@id\":\"https:\\\/\\\/secure.gravatar.com\\\/avatar\\\/7c5bd30ae4b47a9ba3c856590957fd1d96dc588bf3ac05719d247e126840331f?s=96&d=mm&r=g\",\"url\":\"https:\\\/\\\/secure.gravatar.com\\\/avatar\\\/7c5bd30ae4b47a9ba3c856590957fd1d96dc588bf3ac05719d247e126840331f?s=96&d=mm&r=g\",\"contentUrl\":\"https:\\\/\\\/secure.gravatar.com\\\/avatar\\\/7c5bd30ae4b47a9ba3c856590957fd1d96dc588bf3ac05719d247e126840331f?s=96&d=mm&r=g\",\"caption\":\"libna\"}}]}<\/script>\n<!-- \/ Yoast SEO plugin. -->","yoast_head_json":{"title":"Le b\u00e9n\u00e9volat \u00e9veille la foi et am\u00e8ne une transformation chez une jeune participante - \u00c9glise Adventiste Du Septieme Jour - Inter Am\u00e9rique Division","robots":{"index":"index","follow":"follow","max-snippet":"max-snippet:-1","max-image-preview":"max-image-preview:large","max-video-preview":"max-video-preview:-1"},"canonical":"https:\/\/interamerica.org\/fr\/2025\/09\/le-benevolat-eveille-la-foi-et-amene-une-transformation-chez-une-jeune-participante\/","og_locale":"fr_FR","og_type":"article","og_title":"Le b\u00e9n\u00e9volat \u00e9veille la foi et am\u00e8ne une transformation chez une jeune participante - \u00c9glise Adventiste Du Septieme Jour - Inter Am\u00e9rique Division","og_description":"Une semaine de service et d\u2019adoration a aid\u00e9 une personne qui n\u2019\u00e9tait pas membre d\u2019\u00e9glise \u00e0 d\u00e9couvrir une connexion avec Dieu. 24 Septembre 2025 | Medell\u00edn, Antioquia | Cristin Serrano...","og_url":"https:\/\/interamerica.org\/fr\/2025\/09\/le-benevolat-eveille-la-foi-et-amene-une-transformation-chez-une-jeune-participante\/","og_site_name":"\u00c9glise Adventiste Du Septieme Jour - Inter Am\u00e9rique Division","article_published_time":"2025-09-24T21:26:57+00:00","article_modified_time":"2025-09-25T10:55:29+00:00","og_image":[{"width":2560,"height":1707,"url":"https:\/\/interamerica.org\/wp-content\/uploads\/2025\/09\/nocu-1dsc00952-scaled.jpeg","type":"image\/jpeg"}],"author":"libna","twitter_card":"summary_large_image","twitter_misc":{"\u00c9crit par":"libna","Dur\u00e9e de lecture estim\u00e9e":"6 minutes"},"schema":{"@context":"https:\/\/schema.org","@graph":[{"@type":"Article","@id":"https:\/\/interamerica.org\/fr\/2025\/09\/le-benevolat-eveille-la-foi-et-amene-une-transformation-chez-une-jeune-participante\/#article","isPartOf":{"@id":"https:\/\/interamerica.org\/fr\/2025\/09\/le-benevolat-eveille-la-foi-et-amene-une-transformation-chez-une-jeune-participante\/"},"author":{"name":"libna","@id":"https:\/\/interamerica.org\/fr\/#\/schema\/person\/29998f2bc2d8bd0d38662909289b54f1"},"headline":"Le b\u00e9n\u00e9volat \u00e9veille la foi et am\u00e8ne une transformation chez une jeune participante","datePublished":"2025-09-24T21:26:57+00:00","dateModified":"2025-09-25T10:55:29+00:00","mainEntityOfPage":{"@id":"https:\/\/interamerica.org\/fr\/2025\/09\/le-benevolat-eveille-la-foi-et-amene-une-transformation-chez-une-jeune-participante\/"},"wordCount":1027,"image":{"@id":"https:\/\/interamerica.org\/fr\/2025\/09\/le-benevolat-eveille-la-foi-et-amene-une-transformation-chez-une-jeune-participante\/#primaryimage"},"thumbnailUrl":"https:\/\/interamerica.org\/wp-content\/uploads\/2025\/09\/nocu-1dsc00952-scaled.jpeg","articleSection":["Nouvelles du territoire","RSS Fran\u00e7ais"],"inLanguage":"fr-FR"},{"@type":"WebPage","@id":"https:\/\/interamerica.org\/fr\/2025\/09\/le-benevolat-eveille-la-foi-et-amene-une-transformation-chez-une-jeune-participante\/","url":"https:\/\/interamerica.org\/fr\/2025\/09\/le-benevolat-eveille-la-foi-et-amene-une-transformation-chez-une-jeune-participante\/","name":"Le b\u00e9n\u00e9volat \u00e9veille la foi et am\u00e8ne une transformation chez une jeune participante - \u00c9glise Adventiste Du Septieme Jour - Inter Am\u00e9rique Division","isPartOf":{"@id":"https:\/\/interamerica.org\/fr\/#website"},"primaryImageOfPage":{"@id":"https:\/\/interamerica.org\/fr\/2025\/09\/le-benevolat-eveille-la-foi-et-amene-une-transformation-chez-une-jeune-participante\/#primaryimage"},"image":{"@id":"https:\/\/interamerica.org\/fr\/2025\/09\/le-benevolat-eveille-la-foi-et-amene-une-transformation-chez-une-jeune-participante\/#primaryimage"},"thumbnailUrl":"https:\/\/interamerica.org\/wp-content\/uploads\/2025\/09\/nocu-1dsc00952-scaled.jpeg","datePublished":"2025-09-24T21:26:57+00:00","dateModified":"2025-09-25T10:55:29+00:00","author":{"@id":"https:\/\/interamerica.org\/fr\/#\/schema\/person\/29998f2bc2d8bd0d38662909289b54f1"},"breadcrumb":{"@id":"https:\/\/interamerica.org\/fr\/2025\/09\/le-benevolat-eveille-la-foi-et-amene-une-transformation-chez-une-jeune-participante\/#breadcrumb"},"inLanguage":"fr-FR","potentialAction":[{"@type":"ReadAction","target":["https:\/\/interamerica.org\/fr\/2025\/09\/le-benevolat-eveille-la-foi-et-amene-une-transformation-chez-une-jeune-participante\/"]}]},{"@type":"ImageObject","inLanguage":"fr-FR","@id":"https:\/\/interamerica.org\/fr\/2025\/09\/le-benevolat-eveille-la-foi-et-amene-une-transformation-chez-une-jeune-participante\/#primaryimage","url":"https:\/\/interamerica.org\/wp-content\/uploads\/2025\/09\/nocu-1dsc00952-scaled.jpeg","contentUrl":"https:\/\/interamerica.org\/wp-content\/uploads\/2025\/09\/nocu-1dsc00952-scaled.jpeg","width":2560,"height":1707,"caption":"Lemis G\u00f3mez Mendoza (third from let) with her partner and in-laws. The 20-year-old, a non-Adventist, participated in Mission Transform Arauca and experienced a spiritual transformation through the mission. [Credit: UCN Press Team]"},{"@type":"BreadcrumbList","@id":"https:\/\/interamerica.org\/fr\/2025\/09\/le-benevolat-eveille-la-foi-et-amene-une-transformation-chez-une-jeune-participante\/#breadcrumb","itemListElement":[{"@type":"ListItem","position":1,"name":"Home","item":"https:\/\/interamerica.org\/fr\/"},{"@type":"ListItem","position":2,"name":"Le b\u00e9n\u00e9volat \u00e9veille la foi et am\u00e8ne une transformation chez une jeune participante"}]},{"@type":"WebSite","@id":"https:\/\/interamerica.org\/fr\/#website","url":"https:\/\/interamerica.org\/fr\/","name":"\u00c9glise Adventiste Du Septieme Jour - Inter Am\u00e9rique Division","description":"","potentialAction":[{"@type":"SearchAction","target":{"@type":"EntryPoint","urlTemplate":"https:\/\/interamerica.org\/fr\/?s={search_term_string}"},"query-input":{"@type":"PropertyValueSpecification","valueRequired":true,"valueName":"search_term_string"}}],"inLanguage":"fr-FR"},{"@type":"Person","@id":"https:\/\/interamerica.org\/fr\/#\/schema\/person\/29998f2bc2d8bd0d38662909289b54f1","name":"libna","image":{"@type":"ImageObject","inLanguage":"fr-FR","@id":"https:\/\/secure.gravatar.com\/avatar\/7c5bd30ae4b47a9ba3c856590957fd1d96dc588bf3ac05719d247e126840331f?s=96&d=mm&r=g","url":"https:\/\/secure.gravatar.com\/avatar\/7c5bd30ae4b47a9ba3c856590957fd1d96dc588bf3ac05719d247e126840331f?s=96&d=mm&r=g","contentUrl":"https:\/\/secure.gravatar.com\/avatar\/7c5bd30ae4b47a9ba3c856590957fd1d96dc588bf3ac05719d247e126840331f?s=96&d=mm&r=g","caption":"libna"}}]}},"_links":{"self":[{"href":"https:\/\/interamerica.org\/fr\/wp-json\/wp\/v2\/posts\/133744","targetHints":{"allow":["GET"]}}],"collection":[{"href":"https:\/\/interamerica.org\/fr\/wp-json\/wp\/v2\/posts"}],"about":[{"href":"https:\/\/interamerica.org\/fr\/wp-json\/wp\/v2\/types\/post"}],"author":[{"embeddable":true,"href":"https:\/\/interamerica.org\/fr\/wp-json\/wp\/v2\/users\/3"}],"replies":[{"embeddable":true,"href":"https:\/\/interamerica.org\/fr\/wp-json\/wp\/v2\/comments?post=133744"}],"version-history":[{"count":1,"href":"https:\/\/interamerica.org\/fr\/wp-json\/wp\/v2\/posts\/133744\/revisions"}],"predecessor-version":[{"id":133769,"href":"https:\/\/interamerica.org\/fr\/wp-json\/wp\/v2\/posts\/133744\/revisions\/133769"}],"wp:featuredmedia":[{"embeddable":true,"href":"https:\/\/interamerica.org\/fr\/wp-json\/wp\/v2\/media\/133705"}],"wp:attachment":[{"href":"https:\/\/interamerica.org\/fr\/wp-json\/wp\/v2\/media?parent=133744"}],"wp:term":[{"taxonomy":"category","embeddable":true,"href":"https:\/\/interamerica.org\/fr\/wp-json\/wp\/v2\/categories?post=133744"},{"taxonomy":"post_tag","embeddable":true,"href":"https:\/\/interamerica.org\/fr\/wp-json\/wp\/v2\/tags?post=133744"}],"curies":[{"name":"wp","href":"https:\/\/api.w.org\/{rel}","templated":true}]}}