{"id":13375,"date":"2010-06-25T00:00:00","date_gmt":"2010-06-25T04:00:00","guid":{"rendered":"http:\/\/192.81.217.108\/interamerica\/2010\/06\/les-expositionsde-la-session-de-la-conference-generale-en-phase-avec-les-evenements-du-moment\/"},"modified":"2017-06-02T13:03:51","modified_gmt":"2017-06-02T17:03:51","slug":"les-expositionsde-la-session-de-la-conference-generale-en-phase-avec-les-evenements-du-moment","status":"publish","type":"post","link":"https:\/\/interamerica.org\/fr\/2010\/06\/les-expositionsde-la-session-de-la-conference-generale-en-phase-avec-les-evenements-du-moment\/","title":{"rendered":"Les expositionsde la Session de la Conf\u00e9rence G\u00e9n\u00e9rale en phase avec les \u00e9v\u00e9nements du moment"},"content":{"rendered":"<p>24 Juin 2010 -Atlanta, G\u00e9orgie &#8230; (Lizbeth Elejalde\/DIA)<\/p>\n<p>Un des stands d&#39;expositionles plus visit\u00e9s lors de la 59\u00e8me Session de la Conf\u00e9rence G\u00e9n\u00e9rale \u00e0Atlanta enG\u00e9orgie est celui qui repr\u00e9sente la Division de l&#39;Afrique du Sud et de l&#39;Oc\u00e9anIndien. Dans le stand sont expos\u00e9s des cornes qui sont en fait des instruments traditionnels,du gazon et un grand ballon servant d&#39;arri\u00e8re plan pour les photos souvenirsprises par les visiteurs.<\/p>\n<p>Les cornes expos\u00e9essont des Vuvuzelas et des Kuduzelas, qui sont des instruments populaires durantla Coupe du Monde de football de la FIFA qui se d\u00e9roule maintenant en Afriquedu Sud. L&#39;Afrique du Sud est l&#39;un des 23 pays repr\u00e9sent\u00e9s par la Division de l&#39;Afriquedu Sud et de l&#39;Oc\u00e9an Indien.<\/p>\n<p>Derri\u00e8re la r\u00e9alisationde ce stand d&#39;exposition se trouvent quelques 20 jeunes gens sous la directiondu coordonateur de stand, pasteur Gilberto Araujo. Les jeunes ex\u00e9cutaient l\u00e0 quelquechose qui t\u00e9moignait de leur objectif : s&#39;impliquer davantage dans lamission de l&#39;\u00e9glise, avoir un leadership actif, et \u00e9tablir des relations avecde jeunes leaders d&#39;autres divisions dans le but de pr\u00e9senter l&#39;\u00e9glise comme unpuissant v\u00e9hicule du message de salut.<\/p>\n<p>La Division de l&#39;Afriquedu Sud et de l&#39;Oc\u00e9an indien a connu une croissance de 34,77% dans son effectifde membres au cours des cinq derni\u00e8res ann\u00e9es. Aujourd&#39;hui il y a plus de2512000 membres d&#39;\u00e9glise dans le territoire. Des plans sont en cours pourconstruire davantage d&#39;\u00e9glises au cours des cinq ann\u00e9es \u00e0 venir. De plus, lesdirigeants de la division veulent se concentrer sur la formation de plus de pr\u00e9dicateursla\u00efcs et d&#39;administrateurs dans un effort visant \u00e0 proclamer l&#39;Evangile \u00e0 plusde personnes et combattre le p\u00e9ch\u00e9 dans les communaut\u00e9s locales.<\/p>\n","protected":false},"excerpt":{"rendered":"<p>Un des stands d&#39;expositionles plus visit\u00e9s lors de la 59\u00e8me Session de la Conf\u00e9rence G\u00e9n\u00e9rale a Atlanta enG\u00e9orgie est celui qui repr\u00e9sente la Division de l&#39;Afrique du Sud et de l&#39;Oc&#038;ea<\/p>\n","protected":false},"author":1,"featured_media":0,"comment_status":"closed","ping_status":"closed","sticky":false,"template":"","format":"standard","meta":{"_acf_changed":false,"footnotes":""},"categories":[9],"tags":[],"class_list":["post-13375","post","type-post","status-publish","format-standard","hentry","category-archive-fr"],"acf":[],"yoast_head":"<!-- This site is optimized with the Yoast SEO plugin v27.3 - https:\/\/yoast.com\/product\/yoast-seo-wordpress\/ -->\n<title>Les expositionsde la Session de la Conf\u00e9rence G\u00e9n\u00e9rale en phase avec les \u00e9v\u00e9nements du moment - \u00c9glise Adventiste Du Septieme Jour - Inter Am\u00e9rique Division<\/title>\n<meta name=\"robots\" content=\"index, follow, max-snippet:-1, max-image-preview:large, max-video-preview:-1\" \/>\n<link rel=\"canonical\" href=\"https:\/\/interamerica.org\/fr\/2010\/06\/les-expositionsde-la-session-de-la-conference-generale-en-phase-avec-les-evenements-du-moment\/\" \/>\n<meta property=\"og:locale\" content=\"fr_FR\" \/>\n<meta property=\"og:type\" content=\"article\" \/>\n<meta property=\"og:title\" content=\"Les expositionsde la Session de la Conf\u00e9rence G\u00e9n\u00e9rale en phase avec les \u00e9v\u00e9nements du moment - \u00c9glise Adventiste Du Septieme Jour - Inter Am\u00e9rique Division\" \/>\n<meta property=\"og:description\" content=\"Un des stands d&#039;expositionles plus visit\u00e9s lors de la 59\u00e8me Session de la Conf\u00e9rence G\u00e9n\u00e9rale a Atlanta enG\u00e9orgie est celui qui repr\u00e9sente la Division de l&#039;Afrique du Sud et de l&#039;Oc&amp;ea\" \/>\n<meta property=\"og:url\" content=\"https:\/\/interamerica.org\/fr\/2010\/06\/les-expositionsde-la-session-de-la-conference-generale-en-phase-avec-les-evenements-du-moment\/\" \/>\n<meta property=\"og:site_name\" content=\"\u00c9glise Adventiste Du Septieme Jour - Inter Am\u00e9rique Division\" \/>\n<meta property=\"article:published_time\" content=\"2010-06-25T04:00:00+00:00\" \/>\n<meta property=\"article:modified_time\" content=\"2017-06-02T17:03:51+00:00\" \/>\n<meta name=\"author\" content=\"Lorenzo Verduzco\" \/>\n<meta name=\"twitter:card\" content=\"summary_large_image\" \/>\n<meta name=\"twitter:label1\" content=\"\u00c9crit par\" \/>\n\t<meta name=\"twitter:data1\" content=\"Lorenzo Verduzco\" \/>\n\t<meta name=\"twitter:label2\" content=\"Dur\u00e9e de lecture estim\u00e9e\" \/>\n\t<meta name=\"twitter:data2\" content=\"2 minutes\" \/>\n<script type=\"application\/ld+json\" class=\"yoast-schema-graph\">{\"@context\":\"https:\\\/\\\/schema.org\",\"@graph\":[{\"@type\":\"Article\",\"@id\":\"https:\\\/\\\/interamerica.org\\\/fr\\\/2010\\\/06\\\/les-expositionsde-la-session-de-la-conference-generale-en-phase-avec-les-evenements-du-moment\\\/#article\",\"isPartOf\":{\"@id\":\"https:\\\/\\\/interamerica.org\\\/fr\\\/2010\\\/06\\\/les-expositionsde-la-session-de-la-conference-generale-en-phase-avec-les-evenements-du-moment\\\/\"},\"author\":{\"name\":\"Lorenzo Verduzco\",\"@id\":\"https:\\\/\\\/interamerica.org\\\/fr\\\/#\\\/schema\\\/person\\\/68ede8bdc292885bb76c1e3810e73c39\"},\"headline\":\"Les expositionsde la Session de la Conf\u00e9rence G\u00e9n\u00e9rale en phase avec les \u00e9v\u00e9nements du moment\",\"datePublished\":\"2010-06-25T04:00:00+00:00\",\"dateModified\":\"2017-06-02T17:03:51+00:00\",\"mainEntityOfPage\":{\"@id\":\"https:\\\/\\\/interamerica.org\\\/fr\\\/2010\\\/06\\\/les-expositionsde-la-session-de-la-conference-generale-en-phase-avec-les-evenements-du-moment\\\/\"},\"wordCount\":326,\"articleSection\":[\"Archive\"],\"inLanguage\":\"fr-FR\"},{\"@type\":\"WebPage\",\"@id\":\"https:\\\/\\\/interamerica.org\\\/fr\\\/2010\\\/06\\\/les-expositionsde-la-session-de-la-conference-generale-en-phase-avec-les-evenements-du-moment\\\/\",\"url\":\"https:\\\/\\\/interamerica.org\\\/fr\\\/2010\\\/06\\\/les-expositionsde-la-session-de-la-conference-generale-en-phase-avec-les-evenements-du-moment\\\/\",\"name\":\"Les expositionsde la Session de la Conf\u00e9rence G\u00e9n\u00e9rale en phase avec les \u00e9v\u00e9nements du moment - \u00c9glise Adventiste Du Septieme Jour - Inter Am\u00e9rique Division\",\"isPartOf\":{\"@id\":\"https:\\\/\\\/interamerica.org\\\/fr\\\/#website\"},\"datePublished\":\"2010-06-25T04:00:00+00:00\",\"dateModified\":\"2017-06-02T17:03:51+00:00\",\"author\":{\"@id\":\"https:\\\/\\\/interamerica.org\\\/fr\\\/#\\\/schema\\\/person\\\/68ede8bdc292885bb76c1e3810e73c39\"},\"breadcrumb\":{\"@id\":\"https:\\\/\\\/interamerica.org\\\/fr\\\/2010\\\/06\\\/les-expositionsde-la-session-de-la-conference-generale-en-phase-avec-les-evenements-du-moment\\\/#breadcrumb\"},\"inLanguage\":\"fr-FR\",\"potentialAction\":[{\"@type\":\"ReadAction\",\"target\":[\"https:\\\/\\\/interamerica.org\\\/fr\\\/2010\\\/06\\\/les-expositionsde-la-session-de-la-conference-generale-en-phase-avec-les-evenements-du-moment\\\/\"]}]},{\"@type\":\"BreadcrumbList\",\"@id\":\"https:\\\/\\\/interamerica.org\\\/fr\\\/2010\\\/06\\\/les-expositionsde-la-session-de-la-conference-generale-en-phase-avec-les-evenements-du-moment\\\/#breadcrumb\",\"itemListElement\":[{\"@type\":\"ListItem\",\"position\":1,\"name\":\"Home\",\"item\":\"https:\\\/\\\/interamerica.org\\\/fr\\\/\"},{\"@type\":\"ListItem\",\"position\":2,\"name\":\"Les expositionsde la Session de la Conf\u00e9rence G\u00e9n\u00e9rale en phase avec les \u00e9v\u00e9nements du moment\"}]},{\"@type\":\"WebSite\",\"@id\":\"https:\\\/\\\/interamerica.org\\\/fr\\\/#website\",\"url\":\"https:\\\/\\\/interamerica.org\\\/fr\\\/\",\"name\":\"\u00c9glise Adventiste Du Septieme Jour - Inter Am\u00e9rique Division\",\"description\":\"\",\"potentialAction\":[{\"@type\":\"SearchAction\",\"target\":{\"@type\":\"EntryPoint\",\"urlTemplate\":\"https:\\\/\\\/interamerica.org\\\/fr\\\/?s={search_term_string}\"},\"query-input\":{\"@type\":\"PropertyValueSpecification\",\"valueRequired\":true,\"valueName\":\"search_term_string\"}}],\"inLanguage\":\"fr-FR\"},{\"@type\":\"Person\",\"@id\":\"https:\\\/\\\/interamerica.org\\\/fr\\\/#\\\/schema\\\/person\\\/68ede8bdc292885bb76c1e3810e73c39\",\"name\":\"Lorenzo Verduzco\",\"image\":{\"@type\":\"ImageObject\",\"inLanguage\":\"fr-FR\",\"@id\":\"https:\\\/\\\/secure.gravatar.com\\\/avatar\\\/fb81a55b6218459490a9c1dc841a34909185b81904c5337b4b27f7a6fd60c49e?s=96&d=mm&r=g\",\"url\":\"https:\\\/\\\/secure.gravatar.com\\\/avatar\\\/fb81a55b6218459490a9c1dc841a34909185b81904c5337b4b27f7a6fd60c49e?s=96&d=mm&r=g\",\"contentUrl\":\"https:\\\/\\\/secure.gravatar.com\\\/avatar\\\/fb81a55b6218459490a9c1dc841a34909185b81904c5337b4b27f7a6fd60c49e?s=96&d=mm&r=g\",\"caption\":\"Lorenzo Verduzco\"}}]}<\/script>\n<!-- \/ Yoast SEO plugin. -->","yoast_head_json":{"title":"Les expositionsde la Session de la Conf\u00e9rence G\u00e9n\u00e9rale en phase avec les \u00e9v\u00e9nements du moment - \u00c9glise Adventiste Du Septieme Jour - Inter Am\u00e9rique Division","robots":{"index":"index","follow":"follow","max-snippet":"max-snippet:-1","max-image-preview":"max-image-preview:large","max-video-preview":"max-video-preview:-1"},"canonical":"https:\/\/interamerica.org\/fr\/2010\/06\/les-expositionsde-la-session-de-la-conference-generale-en-phase-avec-les-evenements-du-moment\/","og_locale":"fr_FR","og_type":"article","og_title":"Les expositionsde la Session de la Conf\u00e9rence G\u00e9n\u00e9rale en phase avec les \u00e9v\u00e9nements du moment - \u00c9glise Adventiste Du Septieme Jour - Inter Am\u00e9rique Division","og_description":"Un des stands d&#39;expositionles plus visit\u00e9s lors de la 59\u00e8me Session de la Conf\u00e9rence G\u00e9n\u00e9rale a Atlanta enG\u00e9orgie est celui qui repr\u00e9sente la Division de l&#39;Afrique du Sud et de l&#39;Oc&ea","og_url":"https:\/\/interamerica.org\/fr\/2010\/06\/les-expositionsde-la-session-de-la-conference-generale-en-phase-avec-les-evenements-du-moment\/","og_site_name":"\u00c9glise Adventiste Du Septieme Jour - Inter Am\u00e9rique Division","article_published_time":"2010-06-25T04:00:00+00:00","article_modified_time":"2017-06-02T17:03:51+00:00","author":"Lorenzo Verduzco","twitter_card":"summary_large_image","twitter_misc":{"\u00c9crit par":"Lorenzo Verduzco","Dur\u00e9e de lecture estim\u00e9e":"2 minutes"},"schema":{"@context":"https:\/\/schema.org","@graph":[{"@type":"Article","@id":"https:\/\/interamerica.org\/fr\/2010\/06\/les-expositionsde-la-session-de-la-conference-generale-en-phase-avec-les-evenements-du-moment\/#article","isPartOf":{"@id":"https:\/\/interamerica.org\/fr\/2010\/06\/les-expositionsde-la-session-de-la-conference-generale-en-phase-avec-les-evenements-du-moment\/"},"author":{"name":"Lorenzo Verduzco","@id":"https:\/\/interamerica.org\/fr\/#\/schema\/person\/68ede8bdc292885bb76c1e3810e73c39"},"headline":"Les expositionsde la Session de la Conf\u00e9rence G\u00e9n\u00e9rale en phase avec les \u00e9v\u00e9nements du moment","datePublished":"2010-06-25T04:00:00+00:00","dateModified":"2017-06-02T17:03:51+00:00","mainEntityOfPage":{"@id":"https:\/\/interamerica.org\/fr\/2010\/06\/les-expositionsde-la-session-de-la-conference-generale-en-phase-avec-les-evenements-du-moment\/"},"wordCount":326,"articleSection":["Archive"],"inLanguage":"fr-FR"},{"@type":"WebPage","@id":"https:\/\/interamerica.org\/fr\/2010\/06\/les-expositionsde-la-session-de-la-conference-generale-en-phase-avec-les-evenements-du-moment\/","url":"https:\/\/interamerica.org\/fr\/2010\/06\/les-expositionsde-la-session-de-la-conference-generale-en-phase-avec-les-evenements-du-moment\/","name":"Les expositionsde la Session de la Conf\u00e9rence G\u00e9n\u00e9rale en phase avec les \u00e9v\u00e9nements du moment - \u00c9glise Adventiste Du Septieme Jour - Inter Am\u00e9rique Division","isPartOf":{"@id":"https:\/\/interamerica.org\/fr\/#website"},"datePublished":"2010-06-25T04:00:00+00:00","dateModified":"2017-06-02T17:03:51+00:00","author":{"@id":"https:\/\/interamerica.org\/fr\/#\/schema\/person\/68ede8bdc292885bb76c1e3810e73c39"},"breadcrumb":{"@id":"https:\/\/interamerica.org\/fr\/2010\/06\/les-expositionsde-la-session-de-la-conference-generale-en-phase-avec-les-evenements-du-moment\/#breadcrumb"},"inLanguage":"fr-FR","potentialAction":[{"@type":"ReadAction","target":["https:\/\/interamerica.org\/fr\/2010\/06\/les-expositionsde-la-session-de-la-conference-generale-en-phase-avec-les-evenements-du-moment\/"]}]},{"@type":"BreadcrumbList","@id":"https:\/\/interamerica.org\/fr\/2010\/06\/les-expositionsde-la-session-de-la-conference-generale-en-phase-avec-les-evenements-du-moment\/#breadcrumb","itemListElement":[{"@type":"ListItem","position":1,"name":"Home","item":"https:\/\/interamerica.org\/fr\/"},{"@type":"ListItem","position":2,"name":"Les expositionsde la Session de la Conf\u00e9rence G\u00e9n\u00e9rale en phase avec les \u00e9v\u00e9nements du moment"}]},{"@type":"WebSite","@id":"https:\/\/interamerica.org\/fr\/#website","url":"https:\/\/interamerica.org\/fr\/","name":"\u00c9glise Adventiste Du Septieme Jour - Inter Am\u00e9rique Division","description":"","potentialAction":[{"@type":"SearchAction","target":{"@type":"EntryPoint","urlTemplate":"https:\/\/interamerica.org\/fr\/?s={search_term_string}"},"query-input":{"@type":"PropertyValueSpecification","valueRequired":true,"valueName":"search_term_string"}}],"inLanguage":"fr-FR"},{"@type":"Person","@id":"https:\/\/interamerica.org\/fr\/#\/schema\/person\/68ede8bdc292885bb76c1e3810e73c39","name":"Lorenzo Verduzco","image":{"@type":"ImageObject","inLanguage":"fr-FR","@id":"https:\/\/secure.gravatar.com\/avatar\/fb81a55b6218459490a9c1dc841a34909185b81904c5337b4b27f7a6fd60c49e?s=96&d=mm&r=g","url":"https:\/\/secure.gravatar.com\/avatar\/fb81a55b6218459490a9c1dc841a34909185b81904c5337b4b27f7a6fd60c49e?s=96&d=mm&r=g","contentUrl":"https:\/\/secure.gravatar.com\/avatar\/fb81a55b6218459490a9c1dc841a34909185b81904c5337b4b27f7a6fd60c49e?s=96&d=mm&r=g","caption":"Lorenzo Verduzco"}}]}},"_links":{"self":[{"href":"https:\/\/interamerica.org\/fr\/wp-json\/wp\/v2\/posts\/13375","targetHints":{"allow":["GET"]}}],"collection":[{"href":"https:\/\/interamerica.org\/fr\/wp-json\/wp\/v2\/posts"}],"about":[{"href":"https:\/\/interamerica.org\/fr\/wp-json\/wp\/v2\/types\/post"}],"author":[{"embeddable":true,"href":"https:\/\/interamerica.org\/fr\/wp-json\/wp\/v2\/users\/1"}],"replies":[{"embeddable":true,"href":"https:\/\/interamerica.org\/fr\/wp-json\/wp\/v2\/comments?post=13375"}],"version-history":[{"count":0,"href":"https:\/\/interamerica.org\/fr\/wp-json\/wp\/v2\/posts\/13375\/revisions"}],"wp:attachment":[{"href":"https:\/\/interamerica.org\/fr\/wp-json\/wp\/v2\/media?parent=13375"}],"wp:term":[{"taxonomy":"category","embeddable":true,"href":"https:\/\/interamerica.org\/fr\/wp-json\/wp\/v2\/categories?post=13375"},{"taxonomy":"post_tag","embeddable":true,"href":"https:\/\/interamerica.org\/fr\/wp-json\/wp\/v2\/tags?post=13375"}],"curies":[{"name":"wp","href":"https:\/\/api.w.org\/{rel}","templated":true}]}}