{"id":13377,"date":"2010-06-26T00:00:00","date_gmt":"2010-06-26T04:00:00","guid":{"rendered":"http:\/\/192.81.217.108\/interamerica\/2010\/06\/les-delegues-approuvent-ng-en-tant-que-secretaire-et-lemon-comme-tresorier\/"},"modified":"2017-06-02T13:03:46","modified_gmt":"2017-06-02T17:03:46","slug":"les-delegues-approuvent-ng-en-tant-que-secretaire-et-lemon-comme-tresorier","status":"publish","type":"post","link":"https:\/\/interamerica.org\/fr\/2010\/06\/les-delegues-approuvent-ng-en-tant-que-secretaire-et-lemon-comme-tresorier\/","title":{"rendered":"Les d\u00e9l\u00e9gu\u00e9s approuvent Ng en tant que Secr\u00e9taire et Lemon comme tr\u00e9sorier"},"content":{"rendered":"<p>26 juin 2020, Atlanta, Georgie, Etats-unis&#8230; Edwin Manuel Garcia\/ANN <\/p>\n<p>Le Tr\u00e9sorier Bob Lemon a \u00e9t\u00e9 r\u00e9\u00e9lu pour un autre mandat de cinq ans jeudi, et le Secr\u00e9taire Adjoint G.T. Ng a \u00e9t\u00e9 promu Secr\u00e9taire le deuxi\u00e8me jour de la Session des Affaires de la Conf\u00e9rence G\u00e9n\u00e9rale. <\/p>\n<p>Les d\u00e9l\u00e9gu\u00e9s qui votaient au Georgia Dome ont \u00e0 l&#39;unanimit\u00e9 approuv\u00e9 les recommandations, qui ont \u00e9t\u00e9 faites quatre heures apr\u00e8s la selection de Ted Wilson en tant que pr\u00e9sident de la Conf\u00e9rence G\u00e9n\u00e9rale &#8211;trois d\u00e9cisions qui, d&#39;apr\u00e8s les observateurs ont \u00e9t\u00e9 prises avec une c\u00e9l\u00e9rit\u00e9 remarquable. <\/p>\n<p>Ng, un natif de Singapoure, a d\u00e9but\u00e9 son minist\u00e8re au Cambodge ravag\u00e9 par la guerre dans les ann\u00e9es 1970 d&#39;o\u00f9 lui et sa femme se sont \u00e9chapp\u00e9s avant que la capitale Phnom Penh soit prise par le parti politique des Kmers Rouges.  Il a par la suite occup\u00e9 plusieurs positions en Asie, y compris celle  de professeur, et \u00e9ventuellement il a re\u00e7u un appel au si\u00e8ge principal de l&#39;\u00e9glise mondiale de Silver Spring, Maryland, l\u00e0 o\u00f9 il a servi en tant que secr\u00e9taire de liaison entre la CG et trois des 13 r\u00e9gions de l&#39;\u00e9glise. <\/p>\n<p>En s&#39;adressant aux d\u00e9l\u00e9gu\u00e9s qui l&#39;avaient \u00e9lus au poste pour les cinq ans, Ng a d\u00e9clar\u00e9 qu&#39;il acceptait la position en toute humilit\u00e9. <\/p>\n<p>\u00ab\u00a0Jamais, m\u00eame \u00e0 travers mes r\u00eaves les plus insens\u00e9s, j&#39;aurais pu imaginer que j&#39;occuperais ce poste de responsabilit\u00e9,\u00a0\u00bb a d\u00e9clar\u00e9 NG, \u00ab\u00a0mais le Seigneur a ses voies. <\/p>\n<p>Il remplace Matthew Bediako, qui a \u00e9t\u00e9 \u00e9lu en 2000.        <\/p>\n","protected":false},"excerpt":{"rendered":"<p>Le Tr\u00e9sorier Bob Lemon a \u00e9t\u00e9 r\u00e9\u00e9lu pour un autre mandat de cinq ans jeudi, et le Secr\u00e9taire Adjoint G.T. Ng a \u00e9t\u00e9 promu Secr\u00e9taire le deuxi\u00e8me jour de la Session des Affaires de la Conf<\/p>\n","protected":false},"author":1,"featured_media":0,"comment_status":"closed","ping_status":"closed","sticky":false,"template":"","format":"standard","meta":{"_acf_changed":false,"footnotes":""},"categories":[9],"tags":[],"class_list":["post-13377","post","type-post","status-publish","format-standard","hentry","category-archive-fr"],"acf":[],"yoast_head":"<!-- This site is optimized with the Yoast SEO plugin v27.3 - https:\/\/yoast.com\/product\/yoast-seo-wordpress\/ -->\n<title>Les d\u00e9l\u00e9gu\u00e9s approuvent Ng en tant que Secr\u00e9taire et Lemon comme tr\u00e9sorier - \u00c9glise Adventiste Du Septieme Jour - Inter Am\u00e9rique Division<\/title>\n<meta name=\"robots\" content=\"index, follow, max-snippet:-1, max-image-preview:large, max-video-preview:-1\" \/>\n<link rel=\"canonical\" href=\"https:\/\/interamerica.org\/fr\/2010\/06\/les-delegues-approuvent-ng-en-tant-que-secretaire-et-lemon-comme-tresorier\/\" \/>\n<meta property=\"og:locale\" content=\"fr_FR\" \/>\n<meta property=\"og:type\" content=\"article\" \/>\n<meta property=\"og:title\" content=\"Les d\u00e9l\u00e9gu\u00e9s approuvent Ng en tant que Secr\u00e9taire et Lemon comme tr\u00e9sorier - \u00c9glise Adventiste Du Septieme Jour - Inter Am\u00e9rique Division\" \/>\n<meta property=\"og:description\" content=\"Le Tr\u00e9sorier Bob Lemon a \u00e9t\u00e9 r\u00e9\u00e9lu pour un autre mandat de cinq ans jeudi, et le Secr\u00e9taire Adjoint G.T. Ng a \u00e9t\u00e9 promu Secr\u00e9taire le deuxi\u00e8me jour de la Session des Affaires de la Conf\" \/>\n<meta property=\"og:url\" content=\"https:\/\/interamerica.org\/fr\/2010\/06\/les-delegues-approuvent-ng-en-tant-que-secretaire-et-lemon-comme-tresorier\/\" \/>\n<meta property=\"og:site_name\" content=\"\u00c9glise Adventiste Du Septieme Jour - Inter Am\u00e9rique Division\" \/>\n<meta property=\"article:published_time\" content=\"2010-06-26T04:00:00+00:00\" \/>\n<meta property=\"article:modified_time\" content=\"2017-06-02T17:03:46+00:00\" \/>\n<meta name=\"author\" content=\"Lorenzo Verduzco\" \/>\n<meta name=\"twitter:card\" content=\"summary_large_image\" \/>\n<meta name=\"twitter:label1\" content=\"\u00c9crit par\" \/>\n\t<meta name=\"twitter:data1\" content=\"Lorenzo Verduzco\" \/>\n\t<meta name=\"twitter:label2\" content=\"Dur\u00e9e de lecture estim\u00e9e\" \/>\n\t<meta name=\"twitter:data2\" content=\"1 minute\" \/>\n<script type=\"application\/ld+json\" class=\"yoast-schema-graph\">{\"@context\":\"https:\\\/\\\/schema.org\",\"@graph\":[{\"@type\":\"Article\",\"@id\":\"https:\\\/\\\/interamerica.org\\\/fr\\\/2010\\\/06\\\/les-delegues-approuvent-ng-en-tant-que-secretaire-et-lemon-comme-tresorier\\\/#article\",\"isPartOf\":{\"@id\":\"https:\\\/\\\/interamerica.org\\\/fr\\\/2010\\\/06\\\/les-delegues-approuvent-ng-en-tant-que-secretaire-et-lemon-comme-tresorier\\\/\"},\"author\":{\"name\":\"Lorenzo Verduzco\",\"@id\":\"https:\\\/\\\/interamerica.org\\\/fr\\\/#\\\/schema\\\/person\\\/68ede8bdc292885bb76c1e3810e73c39\"},\"headline\":\"Les d\u00e9l\u00e9gu\u00e9s approuvent Ng en tant que Secr\u00e9taire et Lemon comme tr\u00e9sorier\",\"datePublished\":\"2010-06-26T04:00:00+00:00\",\"dateModified\":\"2017-06-02T17:03:46+00:00\",\"mainEntityOfPage\":{\"@id\":\"https:\\\/\\\/interamerica.org\\\/fr\\\/2010\\\/06\\\/les-delegues-approuvent-ng-en-tant-que-secretaire-et-lemon-comme-tresorier\\\/\"},\"wordCount\":305,\"articleSection\":[\"Archive\"],\"inLanguage\":\"fr-FR\"},{\"@type\":\"WebPage\",\"@id\":\"https:\\\/\\\/interamerica.org\\\/fr\\\/2010\\\/06\\\/les-delegues-approuvent-ng-en-tant-que-secretaire-et-lemon-comme-tresorier\\\/\",\"url\":\"https:\\\/\\\/interamerica.org\\\/fr\\\/2010\\\/06\\\/les-delegues-approuvent-ng-en-tant-que-secretaire-et-lemon-comme-tresorier\\\/\",\"name\":\"Les d\u00e9l\u00e9gu\u00e9s approuvent Ng en tant que Secr\u00e9taire et Lemon comme tr\u00e9sorier - \u00c9glise Adventiste Du Septieme Jour - Inter Am\u00e9rique Division\",\"isPartOf\":{\"@id\":\"https:\\\/\\\/interamerica.org\\\/fr\\\/#website\"},\"datePublished\":\"2010-06-26T04:00:00+00:00\",\"dateModified\":\"2017-06-02T17:03:46+00:00\",\"author\":{\"@id\":\"https:\\\/\\\/interamerica.org\\\/fr\\\/#\\\/schema\\\/person\\\/68ede8bdc292885bb76c1e3810e73c39\"},\"breadcrumb\":{\"@id\":\"https:\\\/\\\/interamerica.org\\\/fr\\\/2010\\\/06\\\/les-delegues-approuvent-ng-en-tant-que-secretaire-et-lemon-comme-tresorier\\\/#breadcrumb\"},\"inLanguage\":\"fr-FR\",\"potentialAction\":[{\"@type\":\"ReadAction\",\"target\":[\"https:\\\/\\\/interamerica.org\\\/fr\\\/2010\\\/06\\\/les-delegues-approuvent-ng-en-tant-que-secretaire-et-lemon-comme-tresorier\\\/\"]}]},{\"@type\":\"BreadcrumbList\",\"@id\":\"https:\\\/\\\/interamerica.org\\\/fr\\\/2010\\\/06\\\/les-delegues-approuvent-ng-en-tant-que-secretaire-et-lemon-comme-tresorier\\\/#breadcrumb\",\"itemListElement\":[{\"@type\":\"ListItem\",\"position\":1,\"name\":\"Home\",\"item\":\"https:\\\/\\\/interamerica.org\\\/fr\\\/\"},{\"@type\":\"ListItem\",\"position\":2,\"name\":\"Les d\u00e9l\u00e9gu\u00e9s approuvent Ng en tant que Secr\u00e9taire et Lemon comme tr\u00e9sorier\"}]},{\"@type\":\"WebSite\",\"@id\":\"https:\\\/\\\/interamerica.org\\\/fr\\\/#website\",\"url\":\"https:\\\/\\\/interamerica.org\\\/fr\\\/\",\"name\":\"\u00c9glise Adventiste Du Septieme Jour - Inter Am\u00e9rique Division\",\"description\":\"\",\"potentialAction\":[{\"@type\":\"SearchAction\",\"target\":{\"@type\":\"EntryPoint\",\"urlTemplate\":\"https:\\\/\\\/interamerica.org\\\/fr\\\/?s={search_term_string}\"},\"query-input\":{\"@type\":\"PropertyValueSpecification\",\"valueRequired\":true,\"valueName\":\"search_term_string\"}}],\"inLanguage\":\"fr-FR\"},{\"@type\":\"Person\",\"@id\":\"https:\\\/\\\/interamerica.org\\\/fr\\\/#\\\/schema\\\/person\\\/68ede8bdc292885bb76c1e3810e73c39\",\"name\":\"Lorenzo Verduzco\",\"image\":{\"@type\":\"ImageObject\",\"inLanguage\":\"fr-FR\",\"@id\":\"https:\\\/\\\/secure.gravatar.com\\\/avatar\\\/fb81a55b6218459490a9c1dc841a34909185b81904c5337b4b27f7a6fd60c49e?s=96&d=mm&r=g\",\"url\":\"https:\\\/\\\/secure.gravatar.com\\\/avatar\\\/fb81a55b6218459490a9c1dc841a34909185b81904c5337b4b27f7a6fd60c49e?s=96&d=mm&r=g\",\"contentUrl\":\"https:\\\/\\\/secure.gravatar.com\\\/avatar\\\/fb81a55b6218459490a9c1dc841a34909185b81904c5337b4b27f7a6fd60c49e?s=96&d=mm&r=g\",\"caption\":\"Lorenzo Verduzco\"}}]}<\/script>\n<!-- \/ Yoast SEO plugin. -->","yoast_head_json":{"title":"Les d\u00e9l\u00e9gu\u00e9s approuvent Ng en tant que Secr\u00e9taire et Lemon comme tr\u00e9sorier - \u00c9glise Adventiste Du Septieme Jour - Inter Am\u00e9rique Division","robots":{"index":"index","follow":"follow","max-snippet":"max-snippet:-1","max-image-preview":"max-image-preview:large","max-video-preview":"max-video-preview:-1"},"canonical":"https:\/\/interamerica.org\/fr\/2010\/06\/les-delegues-approuvent-ng-en-tant-que-secretaire-et-lemon-comme-tresorier\/","og_locale":"fr_FR","og_type":"article","og_title":"Les d\u00e9l\u00e9gu\u00e9s approuvent Ng en tant que Secr\u00e9taire et Lemon comme tr\u00e9sorier - \u00c9glise Adventiste Du Septieme Jour - Inter Am\u00e9rique Division","og_description":"Le Tr\u00e9sorier Bob Lemon a \u00e9t\u00e9 r\u00e9\u00e9lu pour un autre mandat de cinq ans jeudi, et le Secr\u00e9taire Adjoint G.T. Ng a \u00e9t\u00e9 promu Secr\u00e9taire le deuxi\u00e8me jour de la Session des Affaires de la Conf","og_url":"https:\/\/interamerica.org\/fr\/2010\/06\/les-delegues-approuvent-ng-en-tant-que-secretaire-et-lemon-comme-tresorier\/","og_site_name":"\u00c9glise Adventiste Du Septieme Jour - Inter Am\u00e9rique Division","article_published_time":"2010-06-26T04:00:00+00:00","article_modified_time":"2017-06-02T17:03:46+00:00","author":"Lorenzo Verduzco","twitter_card":"summary_large_image","twitter_misc":{"\u00c9crit par":"Lorenzo Verduzco","Dur\u00e9e de lecture estim\u00e9e":"1 minute"},"schema":{"@context":"https:\/\/schema.org","@graph":[{"@type":"Article","@id":"https:\/\/interamerica.org\/fr\/2010\/06\/les-delegues-approuvent-ng-en-tant-que-secretaire-et-lemon-comme-tresorier\/#article","isPartOf":{"@id":"https:\/\/interamerica.org\/fr\/2010\/06\/les-delegues-approuvent-ng-en-tant-que-secretaire-et-lemon-comme-tresorier\/"},"author":{"name":"Lorenzo Verduzco","@id":"https:\/\/interamerica.org\/fr\/#\/schema\/person\/68ede8bdc292885bb76c1e3810e73c39"},"headline":"Les d\u00e9l\u00e9gu\u00e9s approuvent Ng en tant que Secr\u00e9taire et Lemon comme tr\u00e9sorier","datePublished":"2010-06-26T04:00:00+00:00","dateModified":"2017-06-02T17:03:46+00:00","mainEntityOfPage":{"@id":"https:\/\/interamerica.org\/fr\/2010\/06\/les-delegues-approuvent-ng-en-tant-que-secretaire-et-lemon-comme-tresorier\/"},"wordCount":305,"articleSection":["Archive"],"inLanguage":"fr-FR"},{"@type":"WebPage","@id":"https:\/\/interamerica.org\/fr\/2010\/06\/les-delegues-approuvent-ng-en-tant-que-secretaire-et-lemon-comme-tresorier\/","url":"https:\/\/interamerica.org\/fr\/2010\/06\/les-delegues-approuvent-ng-en-tant-que-secretaire-et-lemon-comme-tresorier\/","name":"Les d\u00e9l\u00e9gu\u00e9s approuvent Ng en tant que Secr\u00e9taire et Lemon comme tr\u00e9sorier - \u00c9glise Adventiste Du Septieme Jour - Inter Am\u00e9rique Division","isPartOf":{"@id":"https:\/\/interamerica.org\/fr\/#website"},"datePublished":"2010-06-26T04:00:00+00:00","dateModified":"2017-06-02T17:03:46+00:00","author":{"@id":"https:\/\/interamerica.org\/fr\/#\/schema\/person\/68ede8bdc292885bb76c1e3810e73c39"},"breadcrumb":{"@id":"https:\/\/interamerica.org\/fr\/2010\/06\/les-delegues-approuvent-ng-en-tant-que-secretaire-et-lemon-comme-tresorier\/#breadcrumb"},"inLanguage":"fr-FR","potentialAction":[{"@type":"ReadAction","target":["https:\/\/interamerica.org\/fr\/2010\/06\/les-delegues-approuvent-ng-en-tant-que-secretaire-et-lemon-comme-tresorier\/"]}]},{"@type":"BreadcrumbList","@id":"https:\/\/interamerica.org\/fr\/2010\/06\/les-delegues-approuvent-ng-en-tant-que-secretaire-et-lemon-comme-tresorier\/#breadcrumb","itemListElement":[{"@type":"ListItem","position":1,"name":"Home","item":"https:\/\/interamerica.org\/fr\/"},{"@type":"ListItem","position":2,"name":"Les d\u00e9l\u00e9gu\u00e9s approuvent Ng en tant que Secr\u00e9taire et Lemon comme tr\u00e9sorier"}]},{"@type":"WebSite","@id":"https:\/\/interamerica.org\/fr\/#website","url":"https:\/\/interamerica.org\/fr\/","name":"\u00c9glise Adventiste Du Septieme Jour - Inter Am\u00e9rique Division","description":"","potentialAction":[{"@type":"SearchAction","target":{"@type":"EntryPoint","urlTemplate":"https:\/\/interamerica.org\/fr\/?s={search_term_string}"},"query-input":{"@type":"PropertyValueSpecification","valueRequired":true,"valueName":"search_term_string"}}],"inLanguage":"fr-FR"},{"@type":"Person","@id":"https:\/\/interamerica.org\/fr\/#\/schema\/person\/68ede8bdc292885bb76c1e3810e73c39","name":"Lorenzo Verduzco","image":{"@type":"ImageObject","inLanguage":"fr-FR","@id":"https:\/\/secure.gravatar.com\/avatar\/fb81a55b6218459490a9c1dc841a34909185b81904c5337b4b27f7a6fd60c49e?s=96&d=mm&r=g","url":"https:\/\/secure.gravatar.com\/avatar\/fb81a55b6218459490a9c1dc841a34909185b81904c5337b4b27f7a6fd60c49e?s=96&d=mm&r=g","contentUrl":"https:\/\/secure.gravatar.com\/avatar\/fb81a55b6218459490a9c1dc841a34909185b81904c5337b4b27f7a6fd60c49e?s=96&d=mm&r=g","caption":"Lorenzo Verduzco"}}]}},"_links":{"self":[{"href":"https:\/\/interamerica.org\/fr\/wp-json\/wp\/v2\/posts\/13377","targetHints":{"allow":["GET"]}}],"collection":[{"href":"https:\/\/interamerica.org\/fr\/wp-json\/wp\/v2\/posts"}],"about":[{"href":"https:\/\/interamerica.org\/fr\/wp-json\/wp\/v2\/types\/post"}],"author":[{"embeddable":true,"href":"https:\/\/interamerica.org\/fr\/wp-json\/wp\/v2\/users\/1"}],"replies":[{"embeddable":true,"href":"https:\/\/interamerica.org\/fr\/wp-json\/wp\/v2\/comments?post=13377"}],"version-history":[{"count":0,"href":"https:\/\/interamerica.org\/fr\/wp-json\/wp\/v2\/posts\/13377\/revisions"}],"wp:attachment":[{"href":"https:\/\/interamerica.org\/fr\/wp-json\/wp\/v2\/media?parent=13377"}],"wp:term":[{"taxonomy":"category","embeddable":true,"href":"https:\/\/interamerica.org\/fr\/wp-json\/wp\/v2\/categories?post=13377"},{"taxonomy":"post_tag","embeddable":true,"href":"https:\/\/interamerica.org\/fr\/wp-json\/wp\/v2\/tags?post=13377"}],"curies":[{"name":"wp","href":"https:\/\/api.w.org\/{rel}","templated":true}]}}