{"id":13378,"date":"2010-06-26T00:00:00","date_gmt":"2010-06-26T04:00:00","guid":{"rendered":"http:\/\/192.81.217.108\/interamerica\/2010\/06\/lenouveau-president-ted-wilson-sexprime-sur-le-leadership-les-benevoles-et-lunitede-leglise\/"},"modified":"2017-06-02T13:03:47","modified_gmt":"2017-06-02T17:03:47","slug":"lenouveau-president-ted-wilson-sexprime-sur-le-leadership-les-benevoles-et-lunitede-leglise","status":"publish","type":"post","link":"https:\/\/interamerica.org\/fr\/2010\/06\/lenouveau-president-ted-wilson-sexprime-sur-le-leadership-les-benevoles-et-lunitede-leglise\/","title":{"rendered":"Lenouveau pr\u00e9sident Ted Wilson s&#39;exprime sur le leadership, les b\u00e9n\u00e9voles et l&#39;unit\u00e9de l&#39;\u00e9glise"},"content":{"rendered":"<p>26Juin 2010, Atlanta, G\u00e9orgie, Etats Unis&#8230;Bill Knott et Rajmund Dabrowski<\/p>\n<p>Quelquesheures apr\u00e8s son \u00e9lection en tant que 20\u00e8me pr\u00e9sident de la Conf\u00e9rence G\u00e9n\u00e9raledes Adventistes du Septi\u00e8me jour, pasteur Ted Wilson s&#39;est assis avec l&#39;\u00e9diteurde Adventist Review\/Adventist World, Bill Knott ainsi qu&#39;avec le directeur decommunication de la Conf\u00e9rence G\u00e9n\u00e9rale afin de parler de son nouveau r\u00f4le :<\/p>\n<p>Knott :Vous avez eu une vaste exp\u00e9rience internationale dans la vie de l&#39;\u00e9gliseAdventiste. Vous avez servi en tant que leader dans plusieurs divisions. Qu&#39;estce que toute cette exp\u00e9rience mondiale a apport\u00e9 pour un moment commecelui-ci ?<\/p>\n<p>Wilson :Il est impossible de calculer les b\u00e9n\u00e9dictions et les b\u00e9n\u00e9fices d&#39;une telle exp\u00e9rience- absolument impossible. Grandir en Egypte, travailler en Afrique de l&#39;Ouest eten Russie, \u00eatre en contact avec d&#39;autres divisions par rapport \u00e0 ma fonction auSecr\u00e9tariat &#8212;  cela aide vraiment un individu\u00e0 voir une image plus globale. Vous ne vous concentrez pas seulement sur lespoints de vue de votre chapelle : vous commencez \u00e0 comprendre que noussommes vraiment une famille mondiale. Ce qui nous unit ce ne sont pas lesman\u0153uvres politiques et les r\u00e8glements. Le message, les Ecritures et le SaintEsprit nous rassemblent en tant que famille internationale.<\/p>\n<p>Dabrowski:Quand vous consid\u00e9rez votre premier mandat en tant que pasteur il y a des ann\u00e9es- est que cela a quelque part contribu\u00e9 \u00e0 vous fa\u00e7onner pour votre nouveau r\u00f4le?<\/p>\n<p>Wilson :Absolument. J&#39;ai appris davantage dans les neuf premiers mois de pastorat queje n&#39;ai appris au cours de toute ma formation \u00e0 l&#39;universit\u00e9 et au S\u00e9minaire.Vous apprenez n\u00e9cessairement beaucoup de choses au niveau acad\u00e9mique et th\u00e9orique,mais les premiers mois de minist\u00e8re pastoral vous placent d&#39;embl\u00e9e sur la lignede front. Vous \u00eates en relation avec des gens, vous confrontez des situations r\u00e9elleso\u00f9 vous \u00eates appel\u00e9s \u00e0 tenter de r\u00e9soudre des probl\u00e8mes ing\u00e9rables. Apres uncertain temps, cela vous aide lorsque vous tombez sur vos genoux, lorsque vouscherchez la direction divine. Une des choses que j&#39;essaie de faire le matin estde r\u00e9clamer la promesse de Jacques 1 : 5, afin de demandez la sagesse. Jen&#39;ai pas la sagesse : je dois l&#39;obtenir d&#39;en haut. Et quand vous \u00eates dansune situation difficile, que ca soit en tant que jeune pasteur, ou comme unleader exp\u00e9riment\u00e9, vous avez constamment besoin de cette sagesse. Ces premiersmoments dans le minist\u00e8re pastoral m&#39;ont form\u00e9 au del\u00e0 de ce que je pourrais d\u00e9crire.Je loue le Seigneur pour toutes les exp\u00e9riences que j&#39;ai eues.<\/p>\n<p>Knott:Certaines de ces premi\u00e8res exp\u00e9riences \u00e9taient aussi des exp\u00e9riences en milieuurbain. Dites nous en quoi le fait de travailler dans un contexte urbain aaffect\u00e9 votre vision de l&#39;\u00e9vang\u00e9lisation dans les grandes villes du monde.<\/p>\n<p>Wilson :Tr\u00e8s t\u00f4t, j&#39;ai re\u00e7u une invitation \u00e0 travailler dans une f\u00e9d\u00e9ration de l&#39;\u00e9tatde New York. Alors que j&#39;en discutais avec mon p\u00e8re, il m&#39;a dit :\u00ab si tu veux r\u00e9ellement un d\u00e9fi, va \u00e0 New York City. \u00bb J&#39;ai suivi sonconseil et cela a chang\u00e9 ma vie. New York a encore une place tr\u00e8s importantedans ma vie et dans mon c\u0153ur. New York, comme le dit Ellen White est un symbolede la mani\u00e8re dont on peut travailler dans le reste du monde. Nous vivons \u00e0 une\u00e9poque o\u00f9 50 pourcent ou plus de la population mondiale vit dans des grandesvilles. Cela signifie que nous devons tous avoir le souci de toutes ces \u00e2mesqui vivent dans les grandes villes. Vous ne pouvez \u00e9vang\u00e9liser New York ou SaoPaulo, ou Mexico City ou Tokyo ou Hong Kong \u00e0 partir d&#39;un seul endroit. Il vousfaut avoir une approche compl\u00e8te, et l&#39;Esprit de Proph\u00e9tie nous a donn\u00e9beaucoup d&#39;instructions sur la mani\u00e8re de toucher les villes. Je suis vraiment d\u00e9termin\u00e9\u00e0 voir un r\u00e9veil de l&#39;\u0153uvre missionnaire m\u00e9dicale pratique avec des gens qui saventcomment venir en aide aux autres qui ont un besoin sp\u00e9cifique.<\/p>\n<p>Dabrowski:Quelles qualit\u00e9s de leadership sont n\u00e9cessaires pour inspirer une nouvelle g\u00e9n\u00e9ration?Il y a une nouvelle g\u00e9n\u00e9ration de jeunes, certains d&#39;entre eux sont m\u00e9contents,m\u00eame dans l&#39;\u00e9glise.<\/p>\n<p>Wilson:C&#39;est une tr\u00e8s grande question, et elle m\u00e9rite une r\u00e9ponse assez longue. Leplus important pour les jeunes est de comprendre que les leaders dans l&#39;EgliseAdventiste du Septi\u00e8me jour ne sont pas simplement des personnes qui sont dansl&#39;administration et qui appuient sur tous les bons boutons, mais des personnesqui sont vraiment spirituelles, des personnes qui ont une relation vivante avecla parole de Dieu et avec le Seigneur Lui-m\u00eame \u00e0 travers la pri\u00e8re, et quicroient dans ce que cette \u00e9glise est appel\u00e9e \u00e0 accomplir. J&#39;esp\u00e8re qu&#39;aucunjeune ou aucune personne plus \u00e2g\u00e9e ne pensera jamais que faire partie de l&#39;\u00e9gliseAdventiste est la m\u00eame chose qu&#39;appartenir \u00e0 une autre organisation ou une d\u00e9nominationquelconque. Nous avons un appel, et j&#39;ose esp\u00e9rer que les jeunes serontrevigor\u00e9s par cet appel. Oui, il se peut qu&#39;ils constatent de l&#39;hypocrisie oud&#39;autres choses qu&#39;ils n&#39;aiment pas, ils peuvent penser que l&#39;\u00e9glise devraitmettre l&#39;accent sur autre chose. Mais il faut qu&#39;ils aient une vision d&#39;ensemble,avec le th\u00e8me de la grande controverse qui illumine toute question sur la vraieraison de notre pr\u00e9sence dans ce monde. Lorsque les jeunes adultes voient le d\u00e9butet la fin &#8211; et tout ce qu&#39;il y a entre les deux &#8212;  alors ils sont revigor\u00e9s pour s&#39;impliquerdans l&#39;\u0153uvre que nous devons tous accomplir. Nos dirigeants doivent \u00eatrehumbles : ils doivent \u00eatre en \u00e9troite relation avec J\u00e9sus, et ils doivent \u00eatreaccessibles, et non pas distants et exclusifs. Ils doivent aussi \u00eatre \u00e9quilibr\u00e9s:ils doivent pouvoir \u00e9couter avec attention plut\u00f4t que d&#39;avoir la bonne r\u00e9ponse \u00e0chaque fois. Il vous faut beaucoup \u00e9couter. Les leaders doivent \u00e9galement \u00eatreenracin\u00e9s dans Parole de Dieu et l&#39;Esprit de Proph\u00e9tie de fa\u00e7on \u00e0 comprendrequi ils sont et comment r\u00e9aliser leur t\u00e2che.<\/p>\n<p>Knott:La grande majorit\u00e9 des personnes qui sont dans des positions de leadership dansl&#39;\u00e9glise sont des b\u00e9n\u00e9voles, des gens qui ne sont pas pay\u00e9s pour faire cetravail. Je sais que vous \u00eates actuellement le premier ancien d&#39;une \u00e9gliselocale &#8211; une de ces positions b\u00e9n\u00e9voles. Que diriez vous  maintenant \u00e0 cette grande force b\u00e9n\u00e9vole quifonctionne dans les \u00e9glises locales, \u00e0 ceux qui pr\u00eachent le sabbat, ous&#39;occupent du b\u00e2timent, ou g\u00e8rent les diff\u00e9rents minist\u00e8res de l&#39;\u00e9glise ?<\/p>\n<p>Wilson :Les volontaires sont absolument des personnes d&#39;une grande valeur pour l&#39;\u00e9glise.Il est impossible pour nous d&#39;avancer sans eux. Quand vous \u00eates membres d&#39;une \u00e9gliselocale, vous n&#39;avez pas vraiment besoin de paiement pour \u00e7a. Le paiement c&#39;estle r\u00e9sultat que vous constatez chez les gens dont la vie est transform\u00e9e, c&#39;estaussi l&#39;enthousiasme que les jeunes trouvent dans leur foi, et la mani\u00e8re dontles choses progressent dans l&#39;\u00e9glise.<\/p>\n<p>Dabrowski :Une des valeurs fondamentales de l&#39;\u00e9glise c&#39;est l&#39;unit\u00e9. Que veut dire l&#39;unit\u00e9de l&#39;\u00e9glise, et comment peut-on l&#39;atteindre ?<\/p>\n<p>Wilson:L&#39;unit\u00e9 de l&#39;\u00e9glise ne signifie pas n\u00e9cessairement que tout le monde marche aupas et salue quand on leur demande. On peut avoir des opinionsdivergentes : nous venons de cultures diff\u00e9rentes, de zones linguistiques diff\u00e9rentes,de contextes et d&#39;environnements sociaux diff\u00e9rents. Ce qui nous unit va au del\u00e0de nos r\u00e8glements, au del\u00e0 du mat\u00e9riel produit en masse. Par-dessus tout, c&#39;estle Saint Esprit qui nous unit. J&#39;ai fait remarquer \u00e0 ma merveilleuse \u00e9pouse Nancy,que c&#39;est extraordinaire de voyager \u00e0 travers le monde et de voir toutes ces diff\u00e9rentescultures, mais l&#39;\u00e9vidence que l&#39;Eglise Adventiste du Septi\u00e8me jour est l&#39;\u00e9glisesp\u00e9ciale de Dieu c&#39;est que le Saint Esprit nous rassemble. Je ne crois pas quenous devrions suivre l&#39;habitude actuelle de toujours \u00eatre \u00ab politiquementcorrect. \u00bb il nous faut \u00eatre \u00e9quilibr\u00e9s, il nous faut faire attention, ilnous faut faire preuve de sensibilit\u00e9. Mais l&#39;unit\u00e9 n&#39;est pas n\u00e9cessairementquelque chose que nous fabriquons. Oui, en tant que leaders nous esp\u00e9ronscontinuer de faire avancer le peuple dans une certaine direction. Mais si nous tournonsleurs regards vers Christ et la puissance du Saint esprit, vers un message enracin\u00e9dans la parole de Dieu, et une vie de pri\u00e8re active, une activit\u00e9 \u00e9vang\u00e9lique,ce peuple sera uni parce que le Saint Esprit les unit.<\/p>\n<p>Knott :Pouvez vous dire un mot \u00e0 ceux qui dans l&#39;\u00e9glise qui se demandent si ladirection peut vraiment faire une diff\u00e9rence maintenant. Qu&#39;est ce qui d&#39;apr\u00e8svous pourrait changer dans les ann\u00e9es \u00e0 venir gr\u00e2ce \u00e0 votre minist\u00e8re et celuides autres ?<\/p>\n<p>Wilson:Eh bien, je ne me fais pas d&#39;illusion quant \u00e0 ma capacit\u00e9 d&#39;effectuer unchangement extraordinaire \u00e0 moi tout seul. Seul le Saint Esprit fera cela. Laplupart des gens ne savent pas grand-chose au sujet du leadership de l&#39;\u00e9glise.Et pour \u00eatre honn\u00eate, ils ne s&#39;en soucient gu\u00e8re. Ils connaissent le pasteur deleur \u00e9glise, et \u00e7a c&#39;est important. Mais \u00e0 part \u00e7a, certains savent peut \u00eatre  qui est le pr\u00e9sident de la Conf\u00e9rence G\u00e9n\u00e9rale,ou peut \u00eatre leur pr\u00e9sident de f\u00e9d\u00e9ration. Mais ce n&#39;est pas important qu&#39;ilssachent toutes ces choses. Ce qui est important c&#39;est l&#39;influence qui se d\u00e9gagede l&#39;\u00e9glise &#8211; si l&#39;\u00e9glise est un mouvement spirituel, r\u00e9ellement enracin\u00e9 dansla Parole, et que le Saint Esprit nous transforme pour ressembler davantage \u00e0Christ de sorte que nous puissions accomplir cette mission. Si ce typed&#39;influence peut \u00eatre ressenti sans \u00eatre attach\u00e9e \u00e0 aucun nom, aucune personne,aucune administration ou op\u00e9ration, je serais absolument enchant\u00e9.<\/p>\n<p>Dabrowski :Su un plan personnel : Quand vous avez appel\u00e9 Nancy et vos filles pourleur faire part de la nouvelle, qu&#39;avez-vous entendu ?<\/p>\n<p>Wilson: Ma femmeest merveilleuse. Elle est une colonne vert\u00e9brale spirituelle; elle aime leSeigneur intens\u00e9ment; elle \u00e9tudie les Ecritures et l&#39;Esprit de proph\u00e9tie ;elle a une confiance totale dans ce mouvement. Quand je l&#39;ai appel\u00e9e &#8211; j&#39;esp\u00e8requ&#39;elle ne m&#39;en voudra pas de le dire &#8211; elle a commenc\u00e9 \u00e0 pleurer. Elle estconsciente et elle connait le genre de pression et de responsabilit\u00e9s qui vontavec cette fonction vu que nous avons observ\u00e9 d&#39;autres leaders. Comme nousl&#39;avons fait dans d&#39;autres situations, notre famille comptera simplement sur leSeigneur pour l&#39;encouragement et la direction qui sont si n\u00e9cessaires lorsquevous rencontrez des d\u00e9fis qui vous d\u00e9passent. Vous vous appuyez simplement surle Seigneur. Je soupire apr\u00e8s les pri\u00e8res de chacun, et des gens m&#39;ont ditqu&#39;ils prient pour moi. C&#39;est la meilleure nouvelle que je puisse recevoir. Cen&#39;est pas seulement pour moi ; je pense qu&#39;ils prient aussi pour l&#39;\u00e9glise.Ils prient pour ce merveilleux mouvement auquel nous appartenons, le mouvementAdventiste.<\/p>\n","protected":false},"excerpt":{"rendered":"<p>Quelques heures apr\u00e8s son \u00e9lection en tant que20\u00e8me pr\u00e9sident de la Conf\u00e9rence G\u00e9n\u00e9rale des Adventistes du Septi\u00e8me jour,pasteur Ted Wilson s&#39;est assis avec l&#39;\u00e9diteur de Adventis<\/p>\n","protected":false},"author":1,"featured_media":0,"comment_status":"closed","ping_status":"closed","sticky":false,"template":"","format":"standard","meta":{"_acf_changed":false,"footnotes":""},"categories":[9],"tags":[],"class_list":["post-13378","post","type-post","status-publish","format-standard","hentry","category-archive-fr"],"acf":[],"yoast_head":"<!-- This site is optimized with the Yoast SEO plugin v27.3 - https:\/\/yoast.com\/product\/yoast-seo-wordpress\/ -->\n<title>Lenouveau pr\u00e9sident Ted Wilson s&#039;exprime sur le leadership, les b\u00e9n\u00e9voles et l&#039;unit\u00e9de l&#039;\u00e9glise - \u00c9glise Adventiste Du Septieme Jour - Inter Am\u00e9rique Division<\/title>\n<meta name=\"robots\" content=\"index, follow, max-snippet:-1, max-image-preview:large, max-video-preview:-1\" \/>\n<link rel=\"canonical\" href=\"https:\/\/interamerica.org\/fr\/2010\/06\/lenouveau-president-ted-wilson-sexprime-sur-le-leadership-les-benevoles-et-lunitede-leglise\/\" \/>\n<meta property=\"og:locale\" content=\"fr_FR\" \/>\n<meta property=\"og:type\" content=\"article\" \/>\n<meta property=\"og:title\" content=\"Lenouveau pr\u00e9sident Ted Wilson s&#039;exprime sur le leadership, les b\u00e9n\u00e9voles et l&#039;unit\u00e9de l&#039;\u00e9glise - \u00c9glise Adventiste Du Septieme Jour - Inter Am\u00e9rique Division\" \/>\n<meta property=\"og:description\" content=\"Quelques heures apr\u00e8s son \u00e9lection en tant que20\u00e8me pr\u00e9sident de la Conf\u00e9rence G\u00e9n\u00e9rale des Adventistes du Septi\u00e8me jour,pasteur Ted Wilson s&#039;est assis avec l&#039;\u00e9diteur de Adventis\" \/>\n<meta property=\"og:url\" content=\"https:\/\/interamerica.org\/fr\/2010\/06\/lenouveau-president-ted-wilson-sexprime-sur-le-leadership-les-benevoles-et-lunitede-leglise\/\" \/>\n<meta property=\"og:site_name\" content=\"\u00c9glise Adventiste Du Septieme Jour - Inter Am\u00e9rique Division\" \/>\n<meta property=\"article:published_time\" content=\"2010-06-26T04:00:00+00:00\" \/>\n<meta property=\"article:modified_time\" content=\"2017-06-02T17:03:47+00:00\" \/>\n<meta name=\"author\" content=\"Lorenzo Verduzco\" \/>\n<meta name=\"twitter:card\" content=\"summary_large_image\" \/>\n<meta name=\"twitter:label1\" content=\"\u00c9crit par\" \/>\n\t<meta name=\"twitter:data1\" content=\"Lorenzo Verduzco\" \/>\n\t<meta name=\"twitter:label2\" content=\"Dur\u00e9e de lecture estim\u00e9e\" \/>\n\t<meta name=\"twitter:data2\" content=\"9 minutes\" \/>\n<script type=\"application\/ld+json\" class=\"yoast-schema-graph\">{\"@context\":\"https:\\\/\\\/schema.org\",\"@graph\":[{\"@type\":\"Article\",\"@id\":\"https:\\\/\\\/interamerica.org\\\/fr\\\/2010\\\/06\\\/lenouveau-president-ted-wilson-sexprime-sur-le-leadership-les-benevoles-et-lunitede-leglise\\\/#article\",\"isPartOf\":{\"@id\":\"https:\\\/\\\/interamerica.org\\\/fr\\\/2010\\\/06\\\/lenouveau-president-ted-wilson-sexprime-sur-le-leadership-les-benevoles-et-lunitede-leglise\\\/\"},\"author\":{\"name\":\"Lorenzo Verduzco\",\"@id\":\"https:\\\/\\\/interamerica.org\\\/fr\\\/#\\\/schema\\\/person\\\/68ede8bdc292885bb76c1e3810e73c39\"},\"headline\":\"Lenouveau pr\u00e9sident Ted Wilson s&#39;exprime sur le leadership, les b\u00e9n\u00e9voles et l&#39;unit\u00e9de l&#39;\u00e9glise\",\"datePublished\":\"2010-06-26T04:00:00+00:00\",\"dateModified\":\"2017-06-02T17:03:47+00:00\",\"mainEntityOfPage\":{\"@id\":\"https:\\\/\\\/interamerica.org\\\/fr\\\/2010\\\/06\\\/lenouveau-president-ted-wilson-sexprime-sur-le-leadership-les-benevoles-et-lunitede-leglise\\\/\"},\"wordCount\":1912,\"articleSection\":[\"Archive\"],\"inLanguage\":\"fr-FR\"},{\"@type\":\"WebPage\",\"@id\":\"https:\\\/\\\/interamerica.org\\\/fr\\\/2010\\\/06\\\/lenouveau-president-ted-wilson-sexprime-sur-le-leadership-les-benevoles-et-lunitede-leglise\\\/\",\"url\":\"https:\\\/\\\/interamerica.org\\\/fr\\\/2010\\\/06\\\/lenouveau-president-ted-wilson-sexprime-sur-le-leadership-les-benevoles-et-lunitede-leglise\\\/\",\"name\":\"Lenouveau pr\u00e9sident Ted Wilson s&#39;exprime sur le leadership, les b\u00e9n\u00e9voles et l&#39;unit\u00e9de l&#39;\u00e9glise - \u00c9glise Adventiste Du Septieme Jour - Inter Am\u00e9rique Division\",\"isPartOf\":{\"@id\":\"https:\\\/\\\/interamerica.org\\\/fr\\\/#website\"},\"datePublished\":\"2010-06-26T04:00:00+00:00\",\"dateModified\":\"2017-06-02T17:03:47+00:00\",\"author\":{\"@id\":\"https:\\\/\\\/interamerica.org\\\/fr\\\/#\\\/schema\\\/person\\\/68ede8bdc292885bb76c1e3810e73c39\"},\"breadcrumb\":{\"@id\":\"https:\\\/\\\/interamerica.org\\\/fr\\\/2010\\\/06\\\/lenouveau-president-ted-wilson-sexprime-sur-le-leadership-les-benevoles-et-lunitede-leglise\\\/#breadcrumb\"},\"inLanguage\":\"fr-FR\",\"potentialAction\":[{\"@type\":\"ReadAction\",\"target\":[\"https:\\\/\\\/interamerica.org\\\/fr\\\/2010\\\/06\\\/lenouveau-president-ted-wilson-sexprime-sur-le-leadership-les-benevoles-et-lunitede-leglise\\\/\"]}]},{\"@type\":\"BreadcrumbList\",\"@id\":\"https:\\\/\\\/interamerica.org\\\/fr\\\/2010\\\/06\\\/lenouveau-president-ted-wilson-sexprime-sur-le-leadership-les-benevoles-et-lunitede-leglise\\\/#breadcrumb\",\"itemListElement\":[{\"@type\":\"ListItem\",\"position\":1,\"name\":\"Home\",\"item\":\"https:\\\/\\\/interamerica.org\\\/fr\\\/\"},{\"@type\":\"ListItem\",\"position\":2,\"name\":\"Lenouveau pr\u00e9sident Ted Wilson s&#39;exprime sur le leadership, les b\u00e9n\u00e9voles et l&#39;unit\u00e9de l&#39;\u00e9glise\"}]},{\"@type\":\"WebSite\",\"@id\":\"https:\\\/\\\/interamerica.org\\\/fr\\\/#website\",\"url\":\"https:\\\/\\\/interamerica.org\\\/fr\\\/\",\"name\":\"\u00c9glise Adventiste Du Septieme Jour - Inter Am\u00e9rique Division\",\"description\":\"\",\"potentialAction\":[{\"@type\":\"SearchAction\",\"target\":{\"@type\":\"EntryPoint\",\"urlTemplate\":\"https:\\\/\\\/interamerica.org\\\/fr\\\/?s={search_term_string}\"},\"query-input\":{\"@type\":\"PropertyValueSpecification\",\"valueRequired\":true,\"valueName\":\"search_term_string\"}}],\"inLanguage\":\"fr-FR\"},{\"@type\":\"Person\",\"@id\":\"https:\\\/\\\/interamerica.org\\\/fr\\\/#\\\/schema\\\/person\\\/68ede8bdc292885bb76c1e3810e73c39\",\"name\":\"Lorenzo Verduzco\",\"image\":{\"@type\":\"ImageObject\",\"inLanguage\":\"fr-FR\",\"@id\":\"https:\\\/\\\/secure.gravatar.com\\\/avatar\\\/fb81a55b6218459490a9c1dc841a34909185b81904c5337b4b27f7a6fd60c49e?s=96&d=mm&r=g\",\"url\":\"https:\\\/\\\/secure.gravatar.com\\\/avatar\\\/fb81a55b6218459490a9c1dc841a34909185b81904c5337b4b27f7a6fd60c49e?s=96&d=mm&r=g\",\"contentUrl\":\"https:\\\/\\\/secure.gravatar.com\\\/avatar\\\/fb81a55b6218459490a9c1dc841a34909185b81904c5337b4b27f7a6fd60c49e?s=96&d=mm&r=g\",\"caption\":\"Lorenzo Verduzco\"}}]}<\/script>\n<!-- \/ Yoast SEO plugin. -->","yoast_head_json":{"title":"Lenouveau pr\u00e9sident Ted Wilson s&#39;exprime sur le leadership, les b\u00e9n\u00e9voles et l&#39;unit\u00e9de l&#39;\u00e9glise - \u00c9glise Adventiste Du Septieme Jour - Inter Am\u00e9rique Division","robots":{"index":"index","follow":"follow","max-snippet":"max-snippet:-1","max-image-preview":"max-image-preview:large","max-video-preview":"max-video-preview:-1"},"canonical":"https:\/\/interamerica.org\/fr\/2010\/06\/lenouveau-president-ted-wilson-sexprime-sur-le-leadership-les-benevoles-et-lunitede-leglise\/","og_locale":"fr_FR","og_type":"article","og_title":"Lenouveau pr\u00e9sident Ted Wilson s&#39;exprime sur le leadership, les b\u00e9n\u00e9voles et l&#39;unit\u00e9de l&#39;\u00e9glise - \u00c9glise Adventiste Du Septieme Jour - Inter Am\u00e9rique Division","og_description":"Quelques heures apr\u00e8s son \u00e9lection en tant que20\u00e8me pr\u00e9sident de la Conf\u00e9rence G\u00e9n\u00e9rale des Adventistes du Septi\u00e8me jour,pasteur Ted Wilson s&#39;est assis avec l&#39;\u00e9diteur de Adventis","og_url":"https:\/\/interamerica.org\/fr\/2010\/06\/lenouveau-president-ted-wilson-sexprime-sur-le-leadership-les-benevoles-et-lunitede-leglise\/","og_site_name":"\u00c9glise Adventiste Du Septieme Jour - Inter Am\u00e9rique Division","article_published_time":"2010-06-26T04:00:00+00:00","article_modified_time":"2017-06-02T17:03:47+00:00","author":"Lorenzo Verduzco","twitter_card":"summary_large_image","twitter_misc":{"\u00c9crit par":"Lorenzo Verduzco","Dur\u00e9e de lecture estim\u00e9e":"9 minutes"},"schema":{"@context":"https:\/\/schema.org","@graph":[{"@type":"Article","@id":"https:\/\/interamerica.org\/fr\/2010\/06\/lenouveau-president-ted-wilson-sexprime-sur-le-leadership-les-benevoles-et-lunitede-leglise\/#article","isPartOf":{"@id":"https:\/\/interamerica.org\/fr\/2010\/06\/lenouveau-president-ted-wilson-sexprime-sur-le-leadership-les-benevoles-et-lunitede-leglise\/"},"author":{"name":"Lorenzo Verduzco","@id":"https:\/\/interamerica.org\/fr\/#\/schema\/person\/68ede8bdc292885bb76c1e3810e73c39"},"headline":"Lenouveau pr\u00e9sident Ted Wilson s&#39;exprime sur le leadership, les b\u00e9n\u00e9voles et l&#39;unit\u00e9de l&#39;\u00e9glise","datePublished":"2010-06-26T04:00:00+00:00","dateModified":"2017-06-02T17:03:47+00:00","mainEntityOfPage":{"@id":"https:\/\/interamerica.org\/fr\/2010\/06\/lenouveau-president-ted-wilson-sexprime-sur-le-leadership-les-benevoles-et-lunitede-leglise\/"},"wordCount":1912,"articleSection":["Archive"],"inLanguage":"fr-FR"},{"@type":"WebPage","@id":"https:\/\/interamerica.org\/fr\/2010\/06\/lenouveau-president-ted-wilson-sexprime-sur-le-leadership-les-benevoles-et-lunitede-leglise\/","url":"https:\/\/interamerica.org\/fr\/2010\/06\/lenouveau-president-ted-wilson-sexprime-sur-le-leadership-les-benevoles-et-lunitede-leglise\/","name":"Lenouveau pr\u00e9sident Ted Wilson s&#39;exprime sur le leadership, les b\u00e9n\u00e9voles et l&#39;unit\u00e9de l&#39;\u00e9glise - \u00c9glise Adventiste Du Septieme Jour - Inter Am\u00e9rique Division","isPartOf":{"@id":"https:\/\/interamerica.org\/fr\/#website"},"datePublished":"2010-06-26T04:00:00+00:00","dateModified":"2017-06-02T17:03:47+00:00","author":{"@id":"https:\/\/interamerica.org\/fr\/#\/schema\/person\/68ede8bdc292885bb76c1e3810e73c39"},"breadcrumb":{"@id":"https:\/\/interamerica.org\/fr\/2010\/06\/lenouveau-president-ted-wilson-sexprime-sur-le-leadership-les-benevoles-et-lunitede-leglise\/#breadcrumb"},"inLanguage":"fr-FR","potentialAction":[{"@type":"ReadAction","target":["https:\/\/interamerica.org\/fr\/2010\/06\/lenouveau-president-ted-wilson-sexprime-sur-le-leadership-les-benevoles-et-lunitede-leglise\/"]}]},{"@type":"BreadcrumbList","@id":"https:\/\/interamerica.org\/fr\/2010\/06\/lenouveau-president-ted-wilson-sexprime-sur-le-leadership-les-benevoles-et-lunitede-leglise\/#breadcrumb","itemListElement":[{"@type":"ListItem","position":1,"name":"Home","item":"https:\/\/interamerica.org\/fr\/"},{"@type":"ListItem","position":2,"name":"Lenouveau pr\u00e9sident Ted Wilson s&#39;exprime sur le leadership, les b\u00e9n\u00e9voles et l&#39;unit\u00e9de l&#39;\u00e9glise"}]},{"@type":"WebSite","@id":"https:\/\/interamerica.org\/fr\/#website","url":"https:\/\/interamerica.org\/fr\/","name":"\u00c9glise Adventiste Du Septieme Jour - Inter Am\u00e9rique Division","description":"","potentialAction":[{"@type":"SearchAction","target":{"@type":"EntryPoint","urlTemplate":"https:\/\/interamerica.org\/fr\/?s={search_term_string}"},"query-input":{"@type":"PropertyValueSpecification","valueRequired":true,"valueName":"search_term_string"}}],"inLanguage":"fr-FR"},{"@type":"Person","@id":"https:\/\/interamerica.org\/fr\/#\/schema\/person\/68ede8bdc292885bb76c1e3810e73c39","name":"Lorenzo Verduzco","image":{"@type":"ImageObject","inLanguage":"fr-FR","@id":"https:\/\/secure.gravatar.com\/avatar\/fb81a55b6218459490a9c1dc841a34909185b81904c5337b4b27f7a6fd60c49e?s=96&d=mm&r=g","url":"https:\/\/secure.gravatar.com\/avatar\/fb81a55b6218459490a9c1dc841a34909185b81904c5337b4b27f7a6fd60c49e?s=96&d=mm&r=g","contentUrl":"https:\/\/secure.gravatar.com\/avatar\/fb81a55b6218459490a9c1dc841a34909185b81904c5337b4b27f7a6fd60c49e?s=96&d=mm&r=g","caption":"Lorenzo Verduzco"}}]}},"_links":{"self":[{"href":"https:\/\/interamerica.org\/fr\/wp-json\/wp\/v2\/posts\/13378","targetHints":{"allow":["GET"]}}],"collection":[{"href":"https:\/\/interamerica.org\/fr\/wp-json\/wp\/v2\/posts"}],"about":[{"href":"https:\/\/interamerica.org\/fr\/wp-json\/wp\/v2\/types\/post"}],"author":[{"embeddable":true,"href":"https:\/\/interamerica.org\/fr\/wp-json\/wp\/v2\/users\/1"}],"replies":[{"embeddable":true,"href":"https:\/\/interamerica.org\/fr\/wp-json\/wp\/v2\/comments?post=13378"}],"version-history":[{"count":0,"href":"https:\/\/interamerica.org\/fr\/wp-json\/wp\/v2\/posts\/13378\/revisions"}],"wp:attachment":[{"href":"https:\/\/interamerica.org\/fr\/wp-json\/wp\/v2\/media?parent=13378"}],"wp:term":[{"taxonomy":"category","embeddable":true,"href":"https:\/\/interamerica.org\/fr\/wp-json\/wp\/v2\/categories?post=13378"},{"taxonomy":"post_tag","embeddable":true,"href":"https:\/\/interamerica.org\/fr\/wp-json\/wp\/v2\/tags?post=13378"}],"curies":[{"name":"wp","href":"https:\/\/api.w.org\/{rel}","templated":true}]}}