{"id":13379,"date":"2010-06-26T00:00:00","date_gmt":"2010-06-26T04:00:00","guid":{"rendered":"http:\/\/192.81.217.108\/interamerica\/2010\/06\/on-se-souvient-des-victimes-de-la-fuite-du-petrole-dans-le-golfe-au-cours-dun-service-dadoration\/"},"modified":"2017-06-02T13:03:47","modified_gmt":"2017-06-02T17:03:47","slug":"on-se-souvient-des-victimes-de-la-fuite-du-petrole-dans-le-golfe-au-cours-dun-service-dadoration","status":"publish","type":"post","link":"https:\/\/interamerica.org\/fr\/2010\/06\/on-se-souvient-des-victimes-de-la-fuite-du-petrole-dans-le-golfe-au-cours-dun-service-dadoration\/","title":{"rendered":"On se souvient des victimes de la fuite du p\u00e9trole dans le Golfe au cours d&#39;un service d&#39;adoration"},"content":{"rendered":"<p>26 juin 2010, Atlanta, Georgie, Etats-unis&#8230; Stephen Chavez, Revue Adventiste <\/p>\n<p>Au cours du service d&#39;adoration du premier Sabbat de la Session de la Conf\u00e9rence G\u00e9n\u00e9rale un service sp\u00e9cial de pri\u00e8re a \u00e9t\u00e9 organis\u00e9 en faveur de ceux qui sont affect\u00e9s par le d\u00e9versement continu du p\u00e9trole de BP dans le Golfe du Mexique. <\/p>\n<p>La d\u00e9monstration publique repr\u00e9sente le ferme soutien des Adventiste aux appels \u00e0 la pri\u00e8re faits par les gouverneurs de quatre \u00e9tats du golfe:  la Louisiane, l&#39;Alabama, le Mississippi et le Texas. <\/p>\n<p>Bobby Jindal, gouverneur de la Louisiane, l&#39;\u00e9tat le plus directement affect\u00e9 par le d\u00e9sastre, avait publi\u00e9 une proclamation jeudi d\u00e9clarant le dimanche 27 juin \u00ab\u00a0Jour de Pri\u00e8re sur toute l&#39;\u00e9tendue de l&#39;Etat.\u00a0\u00bb <\/p>\n<p>Dans sa d\u00e9claration le gouverneur du Texas Rick Perry a dit, \u00ab\u00a0Je convie tous les Texans de toutes les confessions et de toutes les traditions religieuses \u00e0 offrir des pri\u00e8res en ce jour pour la gu\u00e9rison des individus, la reconstruction des communaut\u00e9s, et la restauration de l&#39;environnement de toute la C\u00f4te du Golfe par suite de ce d\u00e9sastre.\u00a0\u00bb <\/p>\n<p>Environ 40.000 Adventistes du Septi\u00e8me jour r\u00e9unis ce matin au Georgia Dome \u00e0 l&#39;occasion de la Session de la Conf\u00e9rence G\u00e9n\u00e9rale ont mis \u00e0 part quelques minutes du service d&#39;adoration en vue de permettre \u00e0 Lowell Cooper, un vice-pr\u00e9sident de l&#39;\u00e9glise Adventiste Mondiale, de prier en faveur de ceux qui \u00e9taient affect\u00e9s par la trag\u00e9die. <\/p>\n<p>Au cours de cette pri\u00e8re, \u00ab\u00a0Nous pensons sp\u00e9cialement en ce moment \u00e0 ceux qui sont profond\u00e9ment affect\u00e9s par la famine, la guerre, et les d\u00e9sastres.  Nous prions pour ceux de ce pays dont la vie est en danger par l&#39;\u00e9coulement du p\u00e9trole dans la r\u00e9gion du golfe.  Que nos pr\u00e9occupations et notre sympathie collectives inspirent de l&#39;espoir et apportent de l&#39;aide \u00e0 ceux qui souffrent le plus.\u00a0\u00bb <\/p>\n<p>C&#39;est Jan Paulsen, pr\u00e9sident de l&#39;\u00e9glise mondiale des Adventistes r\u00e9cemment retrait\u00e9, qui a eu l&#39;id\u00e9e de soumettre cette proposition dans la matin\u00e9 du vendredi 25 juin, au cours de la R\u00e9union de D\u00e9votion matinale, avant que les Adventistes arrivent au Georgia Dome.  Par suite des rapports des m\u00e9dias concernant les proclamations faites par les gouverneurs, Paulsen a encourag\u00e9 ceux qui organisaient le service d&#39;adoration d&#39;en faire un sujet de pri\u00e8ere au cours du service du culte. <\/p>\n<p>Les gouverneurs de ces \u00e9tats demandent qu&#39;on prie,\u00a0\u00bb a dit Paulsen.  \u00ab\u00a0La pri\u00e8re fait partie de nos vies.  Nous devons exprimer notre ferme solidarit\u00e9 \u00e0 ceux qu ont \u00e9t\u00e9 directement affect\u00e9s par cette trag\u00e9die.\u00a0\u00bb <\/p>\n","protected":false},"excerpt":{"rendered":"<p>Au cours du service d&#39;adoration du premier Sabbat de la Session de la Conf\u00e9rence G\u00e9n\u00e9rale un service sp\u00e9cial de pri\u00e8re a \u00e9t\u00e9 organis\u00e9 en faveur de ceux qui sont affect\u00e9s par le d\u00e9ve<\/p>\n","protected":false},"author":1,"featured_media":0,"comment_status":"closed","ping_status":"closed","sticky":false,"template":"","format":"standard","meta":{"_acf_changed":false,"footnotes":""},"categories":[9],"tags":[],"class_list":["post-13379","post","type-post","status-publish","format-standard","hentry","category-archive-fr"],"acf":[],"yoast_head":"<!-- This site is optimized with the Yoast SEO plugin v27.3 - https:\/\/yoast.com\/product\/yoast-seo-wordpress\/ -->\n<title>On se souvient des victimes de la fuite du p\u00e9trole dans le Golfe au cours d&#039;un service d&#039;adoration - \u00c9glise Adventiste Du Septieme Jour - Inter Am\u00e9rique Division<\/title>\n<meta name=\"robots\" content=\"index, follow, max-snippet:-1, max-image-preview:large, max-video-preview:-1\" \/>\n<link rel=\"canonical\" href=\"https:\/\/interamerica.org\/fr\/2010\/06\/on-se-souvient-des-victimes-de-la-fuite-du-petrole-dans-le-golfe-au-cours-dun-service-dadoration\/\" \/>\n<meta property=\"og:locale\" content=\"fr_FR\" \/>\n<meta property=\"og:type\" content=\"article\" \/>\n<meta property=\"og:title\" content=\"On se souvient des victimes de la fuite du p\u00e9trole dans le Golfe au cours d&#039;un service d&#039;adoration - \u00c9glise Adventiste Du Septieme Jour - Inter Am\u00e9rique Division\" \/>\n<meta property=\"og:description\" content=\"Au cours du service d&#039;adoration du premier Sabbat de la Session de la Conf\u00e9rence G\u00e9n\u00e9rale un service sp\u00e9cial de pri\u00e8re a \u00e9t\u00e9 organis\u00e9 en faveur de ceux qui sont affect\u00e9s par le d\u00e9ve\" \/>\n<meta property=\"og:url\" content=\"https:\/\/interamerica.org\/fr\/2010\/06\/on-se-souvient-des-victimes-de-la-fuite-du-petrole-dans-le-golfe-au-cours-dun-service-dadoration\/\" \/>\n<meta property=\"og:site_name\" content=\"\u00c9glise Adventiste Du Septieme Jour - Inter Am\u00e9rique Division\" \/>\n<meta property=\"article:published_time\" content=\"2010-06-26T04:00:00+00:00\" \/>\n<meta property=\"article:modified_time\" content=\"2017-06-02T17:03:47+00:00\" \/>\n<meta name=\"author\" content=\"Lorenzo Verduzco\" \/>\n<meta name=\"twitter:card\" content=\"summary_large_image\" \/>\n<meta name=\"twitter:label1\" content=\"\u00c9crit par\" \/>\n\t<meta name=\"twitter:data1\" content=\"Lorenzo Verduzco\" \/>\n\t<meta name=\"twitter:label2\" content=\"Dur\u00e9e de lecture estim\u00e9e\" \/>\n\t<meta name=\"twitter:data2\" content=\"2 minutes\" \/>\n<script type=\"application\/ld+json\" class=\"yoast-schema-graph\">{\"@context\":\"https:\\\/\\\/schema.org\",\"@graph\":[{\"@type\":\"Article\",\"@id\":\"https:\\\/\\\/interamerica.org\\\/fr\\\/2010\\\/06\\\/on-se-souvient-des-victimes-de-la-fuite-du-petrole-dans-le-golfe-au-cours-dun-service-dadoration\\\/#article\",\"isPartOf\":{\"@id\":\"https:\\\/\\\/interamerica.org\\\/fr\\\/2010\\\/06\\\/on-se-souvient-des-victimes-de-la-fuite-du-petrole-dans-le-golfe-au-cours-dun-service-dadoration\\\/\"},\"author\":{\"name\":\"Lorenzo Verduzco\",\"@id\":\"https:\\\/\\\/interamerica.org\\\/fr\\\/#\\\/schema\\\/person\\\/68ede8bdc292885bb76c1e3810e73c39\"},\"headline\":\"On se souvient des victimes de la fuite du p\u00e9trole dans le Golfe au cours d&#39;un service d&#39;adoration\",\"datePublished\":\"2010-06-26T04:00:00+00:00\",\"dateModified\":\"2017-06-02T17:03:47+00:00\",\"mainEntityOfPage\":{\"@id\":\"https:\\\/\\\/interamerica.org\\\/fr\\\/2010\\\/06\\\/on-se-souvient-des-victimes-de-la-fuite-du-petrole-dans-le-golfe-au-cours-dun-service-dadoration\\\/\"},\"wordCount\":478,\"articleSection\":[\"Archive\"],\"inLanguage\":\"fr-FR\"},{\"@type\":\"WebPage\",\"@id\":\"https:\\\/\\\/interamerica.org\\\/fr\\\/2010\\\/06\\\/on-se-souvient-des-victimes-de-la-fuite-du-petrole-dans-le-golfe-au-cours-dun-service-dadoration\\\/\",\"url\":\"https:\\\/\\\/interamerica.org\\\/fr\\\/2010\\\/06\\\/on-se-souvient-des-victimes-de-la-fuite-du-petrole-dans-le-golfe-au-cours-dun-service-dadoration\\\/\",\"name\":\"On se souvient des victimes de la fuite du p\u00e9trole dans le Golfe au cours d&#39;un service d&#39;adoration - \u00c9glise Adventiste Du Septieme Jour - Inter Am\u00e9rique Division\",\"isPartOf\":{\"@id\":\"https:\\\/\\\/interamerica.org\\\/fr\\\/#website\"},\"datePublished\":\"2010-06-26T04:00:00+00:00\",\"dateModified\":\"2017-06-02T17:03:47+00:00\",\"author\":{\"@id\":\"https:\\\/\\\/interamerica.org\\\/fr\\\/#\\\/schema\\\/person\\\/68ede8bdc292885bb76c1e3810e73c39\"},\"breadcrumb\":{\"@id\":\"https:\\\/\\\/interamerica.org\\\/fr\\\/2010\\\/06\\\/on-se-souvient-des-victimes-de-la-fuite-du-petrole-dans-le-golfe-au-cours-dun-service-dadoration\\\/#breadcrumb\"},\"inLanguage\":\"fr-FR\",\"potentialAction\":[{\"@type\":\"ReadAction\",\"target\":[\"https:\\\/\\\/interamerica.org\\\/fr\\\/2010\\\/06\\\/on-se-souvient-des-victimes-de-la-fuite-du-petrole-dans-le-golfe-au-cours-dun-service-dadoration\\\/\"]}]},{\"@type\":\"BreadcrumbList\",\"@id\":\"https:\\\/\\\/interamerica.org\\\/fr\\\/2010\\\/06\\\/on-se-souvient-des-victimes-de-la-fuite-du-petrole-dans-le-golfe-au-cours-dun-service-dadoration\\\/#breadcrumb\",\"itemListElement\":[{\"@type\":\"ListItem\",\"position\":1,\"name\":\"Home\",\"item\":\"https:\\\/\\\/interamerica.org\\\/fr\\\/\"},{\"@type\":\"ListItem\",\"position\":2,\"name\":\"On se souvient des victimes de la fuite du p\u00e9trole dans le Golfe au cours d&#39;un service d&#39;adoration\"}]},{\"@type\":\"WebSite\",\"@id\":\"https:\\\/\\\/interamerica.org\\\/fr\\\/#website\",\"url\":\"https:\\\/\\\/interamerica.org\\\/fr\\\/\",\"name\":\"\u00c9glise Adventiste Du Septieme Jour - Inter Am\u00e9rique Division\",\"description\":\"\",\"potentialAction\":[{\"@type\":\"SearchAction\",\"target\":{\"@type\":\"EntryPoint\",\"urlTemplate\":\"https:\\\/\\\/interamerica.org\\\/fr\\\/?s={search_term_string}\"},\"query-input\":{\"@type\":\"PropertyValueSpecification\",\"valueRequired\":true,\"valueName\":\"search_term_string\"}}],\"inLanguage\":\"fr-FR\"},{\"@type\":\"Person\",\"@id\":\"https:\\\/\\\/interamerica.org\\\/fr\\\/#\\\/schema\\\/person\\\/68ede8bdc292885bb76c1e3810e73c39\",\"name\":\"Lorenzo Verduzco\",\"image\":{\"@type\":\"ImageObject\",\"inLanguage\":\"fr-FR\",\"@id\":\"https:\\\/\\\/secure.gravatar.com\\\/avatar\\\/fb81a55b6218459490a9c1dc841a34909185b81904c5337b4b27f7a6fd60c49e?s=96&d=mm&r=g\",\"url\":\"https:\\\/\\\/secure.gravatar.com\\\/avatar\\\/fb81a55b6218459490a9c1dc841a34909185b81904c5337b4b27f7a6fd60c49e?s=96&d=mm&r=g\",\"contentUrl\":\"https:\\\/\\\/secure.gravatar.com\\\/avatar\\\/fb81a55b6218459490a9c1dc841a34909185b81904c5337b4b27f7a6fd60c49e?s=96&d=mm&r=g\",\"caption\":\"Lorenzo Verduzco\"}}]}<\/script>\n<!-- \/ Yoast SEO plugin. -->","yoast_head_json":{"title":"On se souvient des victimes de la fuite du p\u00e9trole dans le Golfe au cours d&#39;un service d&#39;adoration - \u00c9glise Adventiste Du Septieme Jour - Inter Am\u00e9rique Division","robots":{"index":"index","follow":"follow","max-snippet":"max-snippet:-1","max-image-preview":"max-image-preview:large","max-video-preview":"max-video-preview:-1"},"canonical":"https:\/\/interamerica.org\/fr\/2010\/06\/on-se-souvient-des-victimes-de-la-fuite-du-petrole-dans-le-golfe-au-cours-dun-service-dadoration\/","og_locale":"fr_FR","og_type":"article","og_title":"On se souvient des victimes de la fuite du p\u00e9trole dans le Golfe au cours d&#39;un service d&#39;adoration - \u00c9glise Adventiste Du Septieme Jour - Inter Am\u00e9rique Division","og_description":"Au cours du service d&#39;adoration du premier Sabbat de la Session de la Conf\u00e9rence G\u00e9n\u00e9rale un service sp\u00e9cial de pri\u00e8re a \u00e9t\u00e9 organis\u00e9 en faveur de ceux qui sont affect\u00e9s par le d\u00e9ve","og_url":"https:\/\/interamerica.org\/fr\/2010\/06\/on-se-souvient-des-victimes-de-la-fuite-du-petrole-dans-le-golfe-au-cours-dun-service-dadoration\/","og_site_name":"\u00c9glise Adventiste Du Septieme Jour - Inter Am\u00e9rique Division","article_published_time":"2010-06-26T04:00:00+00:00","article_modified_time":"2017-06-02T17:03:47+00:00","author":"Lorenzo Verduzco","twitter_card":"summary_large_image","twitter_misc":{"\u00c9crit par":"Lorenzo Verduzco","Dur\u00e9e de lecture estim\u00e9e":"2 minutes"},"schema":{"@context":"https:\/\/schema.org","@graph":[{"@type":"Article","@id":"https:\/\/interamerica.org\/fr\/2010\/06\/on-se-souvient-des-victimes-de-la-fuite-du-petrole-dans-le-golfe-au-cours-dun-service-dadoration\/#article","isPartOf":{"@id":"https:\/\/interamerica.org\/fr\/2010\/06\/on-se-souvient-des-victimes-de-la-fuite-du-petrole-dans-le-golfe-au-cours-dun-service-dadoration\/"},"author":{"name":"Lorenzo Verduzco","@id":"https:\/\/interamerica.org\/fr\/#\/schema\/person\/68ede8bdc292885bb76c1e3810e73c39"},"headline":"On se souvient des victimes de la fuite du p\u00e9trole dans le Golfe au cours d&#39;un service d&#39;adoration","datePublished":"2010-06-26T04:00:00+00:00","dateModified":"2017-06-02T17:03:47+00:00","mainEntityOfPage":{"@id":"https:\/\/interamerica.org\/fr\/2010\/06\/on-se-souvient-des-victimes-de-la-fuite-du-petrole-dans-le-golfe-au-cours-dun-service-dadoration\/"},"wordCount":478,"articleSection":["Archive"],"inLanguage":"fr-FR"},{"@type":"WebPage","@id":"https:\/\/interamerica.org\/fr\/2010\/06\/on-se-souvient-des-victimes-de-la-fuite-du-petrole-dans-le-golfe-au-cours-dun-service-dadoration\/","url":"https:\/\/interamerica.org\/fr\/2010\/06\/on-se-souvient-des-victimes-de-la-fuite-du-petrole-dans-le-golfe-au-cours-dun-service-dadoration\/","name":"On se souvient des victimes de la fuite du p\u00e9trole dans le Golfe au cours d&#39;un service d&#39;adoration - \u00c9glise Adventiste Du Septieme Jour - Inter Am\u00e9rique Division","isPartOf":{"@id":"https:\/\/interamerica.org\/fr\/#website"},"datePublished":"2010-06-26T04:00:00+00:00","dateModified":"2017-06-02T17:03:47+00:00","author":{"@id":"https:\/\/interamerica.org\/fr\/#\/schema\/person\/68ede8bdc292885bb76c1e3810e73c39"},"breadcrumb":{"@id":"https:\/\/interamerica.org\/fr\/2010\/06\/on-se-souvient-des-victimes-de-la-fuite-du-petrole-dans-le-golfe-au-cours-dun-service-dadoration\/#breadcrumb"},"inLanguage":"fr-FR","potentialAction":[{"@type":"ReadAction","target":["https:\/\/interamerica.org\/fr\/2010\/06\/on-se-souvient-des-victimes-de-la-fuite-du-petrole-dans-le-golfe-au-cours-dun-service-dadoration\/"]}]},{"@type":"BreadcrumbList","@id":"https:\/\/interamerica.org\/fr\/2010\/06\/on-se-souvient-des-victimes-de-la-fuite-du-petrole-dans-le-golfe-au-cours-dun-service-dadoration\/#breadcrumb","itemListElement":[{"@type":"ListItem","position":1,"name":"Home","item":"https:\/\/interamerica.org\/fr\/"},{"@type":"ListItem","position":2,"name":"On se souvient des victimes de la fuite du p\u00e9trole dans le Golfe au cours d&#39;un service d&#39;adoration"}]},{"@type":"WebSite","@id":"https:\/\/interamerica.org\/fr\/#website","url":"https:\/\/interamerica.org\/fr\/","name":"\u00c9glise Adventiste Du Septieme Jour - Inter Am\u00e9rique Division","description":"","potentialAction":[{"@type":"SearchAction","target":{"@type":"EntryPoint","urlTemplate":"https:\/\/interamerica.org\/fr\/?s={search_term_string}"},"query-input":{"@type":"PropertyValueSpecification","valueRequired":true,"valueName":"search_term_string"}}],"inLanguage":"fr-FR"},{"@type":"Person","@id":"https:\/\/interamerica.org\/fr\/#\/schema\/person\/68ede8bdc292885bb76c1e3810e73c39","name":"Lorenzo Verduzco","image":{"@type":"ImageObject","inLanguage":"fr-FR","@id":"https:\/\/secure.gravatar.com\/avatar\/fb81a55b6218459490a9c1dc841a34909185b81904c5337b4b27f7a6fd60c49e?s=96&d=mm&r=g","url":"https:\/\/secure.gravatar.com\/avatar\/fb81a55b6218459490a9c1dc841a34909185b81904c5337b4b27f7a6fd60c49e?s=96&d=mm&r=g","contentUrl":"https:\/\/secure.gravatar.com\/avatar\/fb81a55b6218459490a9c1dc841a34909185b81904c5337b4b27f7a6fd60c49e?s=96&d=mm&r=g","caption":"Lorenzo Verduzco"}}]}},"_links":{"self":[{"href":"https:\/\/interamerica.org\/fr\/wp-json\/wp\/v2\/posts\/13379","targetHints":{"allow":["GET"]}}],"collection":[{"href":"https:\/\/interamerica.org\/fr\/wp-json\/wp\/v2\/posts"}],"about":[{"href":"https:\/\/interamerica.org\/fr\/wp-json\/wp\/v2\/types\/post"}],"author":[{"embeddable":true,"href":"https:\/\/interamerica.org\/fr\/wp-json\/wp\/v2\/users\/1"}],"replies":[{"embeddable":true,"href":"https:\/\/interamerica.org\/fr\/wp-json\/wp\/v2\/comments?post=13379"}],"version-history":[{"count":0,"href":"https:\/\/interamerica.org\/fr\/wp-json\/wp\/v2\/posts\/13379\/revisions"}],"wp:attachment":[{"href":"https:\/\/interamerica.org\/fr\/wp-json\/wp\/v2\/media?parent=13379"}],"wp:term":[{"taxonomy":"category","embeddable":true,"href":"https:\/\/interamerica.org\/fr\/wp-json\/wp\/v2\/categories?post=13379"},{"taxonomy":"post_tag","embeddable":true,"href":"https:\/\/interamerica.org\/fr\/wp-json\/wp\/v2\/tags?post=13379"}],"curies":[{"name":"wp","href":"https:\/\/api.w.org\/{rel}","templated":true}]}}