{"id":13380,"date":"2010-06-25T00:00:00","date_gmt":"2010-06-25T04:00:00","guid":{"rendered":"http:\/\/192.81.217.108\/interamerica\/2010\/06\/des-pays-eloignes-saluent-la-jeunesse-de-linter-amerique\/"},"modified":"2017-06-02T13:03:52","modified_gmt":"2017-06-02T17:03:52","slug":"des-pays-eloignes-saluent-la-jeunesse-de-linter-amerique","status":"publish","type":"post","link":"https:\/\/interamerica.org\/fr\/2010\/06\/des-pays-eloignes-saluent-la-jeunesse-de-linter-amerique\/","title":{"rendered":"Des pays \u00e9loign\u00e9s saluent la jeunesse de l&#39;Inter-Am\u00e9rique"},"content":{"rendered":"<p>25 juin 2010 &#8211; Atlanta, Georgia, Etats-Unis&#8230; Elizabeth Eledjalde\/DIA <\/p>\n<p>Bien qu&#39;ils soient s\u00e9par\u00e9s par de longues distances, un seul but les unit. <\/p>\n<p>Des milliers d&#39;Adventistes du Septi\u00e8me jour de pays et de cultures diff\u00e9rents du monde entier se sont rassembl\u00e9s \u00e0 la 59\u00e8me Session de la Conf\u00e9rence G\u00e9n\u00e9rale d&#39;Atlanta, en Georgie, joints par un lien unique:  leur foi en Christ et le d\u00e9sir de poursuivre l&#39;oeuvre du salut. <\/p>\n<p>Kwon Young Sook et Chun Eun Kyung viennent de l&#39;Eglise Adventiste de Cor\u00e9e.  Ils sont venus rencontrer des jeunes d&#39;autres pays du monde et se lier \u00e0 eux. <\/p>\n<p>Ils ont d\u00e9clar\u00e9 que des pasteurs et des groupes de missionnaires de leur division sont partis dans le but d&#39;organiser des \u00e9glises dans d&#39;autres pays tels le Japon, la Chine, la Mongolie et Ta\u00efwan, parmi tant d&#39;autres. <\/p>\n<p>\u00ab\u00a0Nous savons que (l&#39;Inter-Am\u00e9rique) est l&#39;une des divisions qui se d\u00e9veloppe tr\u00e8s rapidement et vraiment ceci nous r\u00e9jouit grandement,\u00a0\u00bb ont-ils exprim\u00e9. \u00ab\u00a0Il font du bon travail et nous sommes fiers qu&#39;ils soient nos fr\u00e8res et soeurs.\u00a0\u00bb <\/p>\n<p>Daniel Cane Alkan, \u00e2g\u00e9 de 15 ans, vient de l&#39;Eglise Adventiste de Smyrne en Turkie.  Il travaille de concert avec son p\u00e8re Kemal Alkan dans l&#39;\u00e9laboration de projets d&#39;\u00e9vang\u00e9lisation et l&#39;organisation de groupes de touristes pour les visites des sites bibliques tels la Gr\u00e8ce, l&#39;Israel, la Syrie, la Jordanie et le Liban. <\/p>\n<p>\u00ab\u00a0Nous avions travaill\u00e9 de concert avec nos familles pour que les gens exp\u00e9riment la joie de vivre une vie Chr\u00e9tienne,\u00a0\u00bb disent-ils.  Mais nous sommes certains que les gens de vos pays se sont \u00e9vertu\u00e9s \u00e0 faire de m\u00eame.\u00a0\u00bb <\/p>\n<p>\u00ab\u00a0Nous vous faisons part de nos projets et nous vous invitons \u00e0 visiter notre pays,\u00a0\u00bb  a dit Alkan.  \u00ab\u00a0Nous vous souhaitons du courage pour poursuivre le travail qui nous a \u00e9t\u00e9 confi\u00e9.\u00a0\u00bb         <\/p><\/p>\n","protected":false},"excerpt":{"rendered":"<p>Bien qu&#39;ils soient s\u00e9par\u00e9s par de longues distances, un seul but les unit.<\/p>\n","protected":false},"author":1,"featured_media":0,"comment_status":"closed","ping_status":"closed","sticky":false,"template":"","format":"standard","meta":{"_acf_changed":false,"footnotes":""},"categories":[9],"tags":[],"class_list":["post-13380","post","type-post","status-publish","format-standard","hentry","category-archive-fr"],"acf":[],"yoast_head":"<!-- This site is optimized with the Yoast SEO plugin v27.3 - https:\/\/yoast.com\/product\/yoast-seo-wordpress\/ -->\n<title>Des pays \u00e9loign\u00e9s saluent la jeunesse de l&#039;Inter-Am\u00e9rique - \u00c9glise Adventiste Du Septieme Jour - Inter Am\u00e9rique Division<\/title>\n<meta name=\"robots\" content=\"index, follow, max-snippet:-1, max-image-preview:large, max-video-preview:-1\" \/>\n<link rel=\"canonical\" href=\"https:\/\/interamerica.org\/fr\/2010\/06\/des-pays-eloignes-saluent-la-jeunesse-de-linter-amerique\/\" \/>\n<meta property=\"og:locale\" content=\"fr_FR\" \/>\n<meta property=\"og:type\" content=\"article\" \/>\n<meta property=\"og:title\" content=\"Des pays \u00e9loign\u00e9s saluent la jeunesse de l&#039;Inter-Am\u00e9rique - \u00c9glise Adventiste Du Septieme Jour - Inter Am\u00e9rique Division\" \/>\n<meta property=\"og:description\" content=\"Bien qu&#039;ils soient s\u00e9par\u00e9s par de longues distances, un seul but les unit.\" \/>\n<meta property=\"og:url\" content=\"https:\/\/interamerica.org\/fr\/2010\/06\/des-pays-eloignes-saluent-la-jeunesse-de-linter-amerique\/\" \/>\n<meta property=\"og:site_name\" content=\"\u00c9glise Adventiste Du Septieme Jour - Inter Am\u00e9rique Division\" \/>\n<meta property=\"article:published_time\" content=\"2010-06-25T04:00:00+00:00\" \/>\n<meta property=\"article:modified_time\" content=\"2017-06-02T17:03:52+00:00\" \/>\n<meta name=\"author\" content=\"Lorenzo Verduzco\" \/>\n<meta name=\"twitter:card\" content=\"summary_large_image\" \/>\n<meta name=\"twitter:label1\" content=\"\u00c9crit par\" \/>\n\t<meta name=\"twitter:data1\" content=\"Lorenzo Verduzco\" \/>\n\t<meta name=\"twitter:label2\" content=\"Dur\u00e9e de lecture estim\u00e9e\" \/>\n\t<meta name=\"twitter:data2\" content=\"2 minutes\" \/>\n<script type=\"application\/ld+json\" class=\"yoast-schema-graph\">{\"@context\":\"https:\\\/\\\/schema.org\",\"@graph\":[{\"@type\":\"Article\",\"@id\":\"https:\\\/\\\/interamerica.org\\\/fr\\\/2010\\\/06\\\/des-pays-eloignes-saluent-la-jeunesse-de-linter-amerique\\\/#article\",\"isPartOf\":{\"@id\":\"https:\\\/\\\/interamerica.org\\\/fr\\\/2010\\\/06\\\/des-pays-eloignes-saluent-la-jeunesse-de-linter-amerique\\\/\"},\"author\":{\"name\":\"Lorenzo Verduzco\",\"@id\":\"https:\\\/\\\/interamerica.org\\\/fr\\\/#\\\/schema\\\/person\\\/68ede8bdc292885bb76c1e3810e73c39\"},\"headline\":\"Des pays \u00e9loign\u00e9s saluent la jeunesse de l&#39;Inter-Am\u00e9rique\",\"datePublished\":\"2010-06-25T04:00:00+00:00\",\"dateModified\":\"2017-06-02T17:03:52+00:00\",\"mainEntityOfPage\":{\"@id\":\"https:\\\/\\\/interamerica.org\\\/fr\\\/2010\\\/06\\\/des-pays-eloignes-saluent-la-jeunesse-de-linter-amerique\\\/\"},\"wordCount\":337,\"articleSection\":[\"Archive\"],\"inLanguage\":\"fr-FR\"},{\"@type\":\"WebPage\",\"@id\":\"https:\\\/\\\/interamerica.org\\\/fr\\\/2010\\\/06\\\/des-pays-eloignes-saluent-la-jeunesse-de-linter-amerique\\\/\",\"url\":\"https:\\\/\\\/interamerica.org\\\/fr\\\/2010\\\/06\\\/des-pays-eloignes-saluent-la-jeunesse-de-linter-amerique\\\/\",\"name\":\"Des pays \u00e9loign\u00e9s saluent la jeunesse de l&#39;Inter-Am\u00e9rique - \u00c9glise Adventiste Du Septieme Jour - Inter Am\u00e9rique Division\",\"isPartOf\":{\"@id\":\"https:\\\/\\\/interamerica.org\\\/fr\\\/#website\"},\"datePublished\":\"2010-06-25T04:00:00+00:00\",\"dateModified\":\"2017-06-02T17:03:52+00:00\",\"author\":{\"@id\":\"https:\\\/\\\/interamerica.org\\\/fr\\\/#\\\/schema\\\/person\\\/68ede8bdc292885bb76c1e3810e73c39\"},\"breadcrumb\":{\"@id\":\"https:\\\/\\\/interamerica.org\\\/fr\\\/2010\\\/06\\\/des-pays-eloignes-saluent-la-jeunesse-de-linter-amerique\\\/#breadcrumb\"},\"inLanguage\":\"fr-FR\",\"potentialAction\":[{\"@type\":\"ReadAction\",\"target\":[\"https:\\\/\\\/interamerica.org\\\/fr\\\/2010\\\/06\\\/des-pays-eloignes-saluent-la-jeunesse-de-linter-amerique\\\/\"]}]},{\"@type\":\"BreadcrumbList\",\"@id\":\"https:\\\/\\\/interamerica.org\\\/fr\\\/2010\\\/06\\\/des-pays-eloignes-saluent-la-jeunesse-de-linter-amerique\\\/#breadcrumb\",\"itemListElement\":[{\"@type\":\"ListItem\",\"position\":1,\"name\":\"Home\",\"item\":\"https:\\\/\\\/interamerica.org\\\/fr\\\/\"},{\"@type\":\"ListItem\",\"position\":2,\"name\":\"Des pays \u00e9loign\u00e9s saluent la jeunesse de l&#39;Inter-Am\u00e9rique\"}]},{\"@type\":\"WebSite\",\"@id\":\"https:\\\/\\\/interamerica.org\\\/fr\\\/#website\",\"url\":\"https:\\\/\\\/interamerica.org\\\/fr\\\/\",\"name\":\"\u00c9glise Adventiste Du Septieme Jour - Inter Am\u00e9rique Division\",\"description\":\"\",\"potentialAction\":[{\"@type\":\"SearchAction\",\"target\":{\"@type\":\"EntryPoint\",\"urlTemplate\":\"https:\\\/\\\/interamerica.org\\\/fr\\\/?s={search_term_string}\"},\"query-input\":{\"@type\":\"PropertyValueSpecification\",\"valueRequired\":true,\"valueName\":\"search_term_string\"}}],\"inLanguage\":\"fr-FR\"},{\"@type\":\"Person\",\"@id\":\"https:\\\/\\\/interamerica.org\\\/fr\\\/#\\\/schema\\\/person\\\/68ede8bdc292885bb76c1e3810e73c39\",\"name\":\"Lorenzo Verduzco\",\"image\":{\"@type\":\"ImageObject\",\"inLanguage\":\"fr-FR\",\"@id\":\"https:\\\/\\\/secure.gravatar.com\\\/avatar\\\/fb81a55b6218459490a9c1dc841a34909185b81904c5337b4b27f7a6fd60c49e?s=96&d=mm&r=g\",\"url\":\"https:\\\/\\\/secure.gravatar.com\\\/avatar\\\/fb81a55b6218459490a9c1dc841a34909185b81904c5337b4b27f7a6fd60c49e?s=96&d=mm&r=g\",\"contentUrl\":\"https:\\\/\\\/secure.gravatar.com\\\/avatar\\\/fb81a55b6218459490a9c1dc841a34909185b81904c5337b4b27f7a6fd60c49e?s=96&d=mm&r=g\",\"caption\":\"Lorenzo Verduzco\"}}]}<\/script>\n<!-- \/ Yoast SEO plugin. -->","yoast_head_json":{"title":"Des pays \u00e9loign\u00e9s saluent la jeunesse de l&#39;Inter-Am\u00e9rique - \u00c9glise Adventiste Du Septieme Jour - Inter Am\u00e9rique Division","robots":{"index":"index","follow":"follow","max-snippet":"max-snippet:-1","max-image-preview":"max-image-preview:large","max-video-preview":"max-video-preview:-1"},"canonical":"https:\/\/interamerica.org\/fr\/2010\/06\/des-pays-eloignes-saluent-la-jeunesse-de-linter-amerique\/","og_locale":"fr_FR","og_type":"article","og_title":"Des pays \u00e9loign\u00e9s saluent la jeunesse de l&#39;Inter-Am\u00e9rique - \u00c9glise Adventiste Du Septieme Jour - Inter Am\u00e9rique Division","og_description":"Bien qu&#39;ils soient s\u00e9par\u00e9s par de longues distances, un seul but les unit.","og_url":"https:\/\/interamerica.org\/fr\/2010\/06\/des-pays-eloignes-saluent-la-jeunesse-de-linter-amerique\/","og_site_name":"\u00c9glise Adventiste Du Septieme Jour - Inter Am\u00e9rique Division","article_published_time":"2010-06-25T04:00:00+00:00","article_modified_time":"2017-06-02T17:03:52+00:00","author":"Lorenzo Verduzco","twitter_card":"summary_large_image","twitter_misc":{"\u00c9crit par":"Lorenzo Verduzco","Dur\u00e9e de lecture estim\u00e9e":"2 minutes"},"schema":{"@context":"https:\/\/schema.org","@graph":[{"@type":"Article","@id":"https:\/\/interamerica.org\/fr\/2010\/06\/des-pays-eloignes-saluent-la-jeunesse-de-linter-amerique\/#article","isPartOf":{"@id":"https:\/\/interamerica.org\/fr\/2010\/06\/des-pays-eloignes-saluent-la-jeunesse-de-linter-amerique\/"},"author":{"name":"Lorenzo Verduzco","@id":"https:\/\/interamerica.org\/fr\/#\/schema\/person\/68ede8bdc292885bb76c1e3810e73c39"},"headline":"Des pays \u00e9loign\u00e9s saluent la jeunesse de l&#39;Inter-Am\u00e9rique","datePublished":"2010-06-25T04:00:00+00:00","dateModified":"2017-06-02T17:03:52+00:00","mainEntityOfPage":{"@id":"https:\/\/interamerica.org\/fr\/2010\/06\/des-pays-eloignes-saluent-la-jeunesse-de-linter-amerique\/"},"wordCount":337,"articleSection":["Archive"],"inLanguage":"fr-FR"},{"@type":"WebPage","@id":"https:\/\/interamerica.org\/fr\/2010\/06\/des-pays-eloignes-saluent-la-jeunesse-de-linter-amerique\/","url":"https:\/\/interamerica.org\/fr\/2010\/06\/des-pays-eloignes-saluent-la-jeunesse-de-linter-amerique\/","name":"Des pays \u00e9loign\u00e9s saluent la jeunesse de l&#39;Inter-Am\u00e9rique - \u00c9glise Adventiste Du Septieme Jour - Inter Am\u00e9rique Division","isPartOf":{"@id":"https:\/\/interamerica.org\/fr\/#website"},"datePublished":"2010-06-25T04:00:00+00:00","dateModified":"2017-06-02T17:03:52+00:00","author":{"@id":"https:\/\/interamerica.org\/fr\/#\/schema\/person\/68ede8bdc292885bb76c1e3810e73c39"},"breadcrumb":{"@id":"https:\/\/interamerica.org\/fr\/2010\/06\/des-pays-eloignes-saluent-la-jeunesse-de-linter-amerique\/#breadcrumb"},"inLanguage":"fr-FR","potentialAction":[{"@type":"ReadAction","target":["https:\/\/interamerica.org\/fr\/2010\/06\/des-pays-eloignes-saluent-la-jeunesse-de-linter-amerique\/"]}]},{"@type":"BreadcrumbList","@id":"https:\/\/interamerica.org\/fr\/2010\/06\/des-pays-eloignes-saluent-la-jeunesse-de-linter-amerique\/#breadcrumb","itemListElement":[{"@type":"ListItem","position":1,"name":"Home","item":"https:\/\/interamerica.org\/fr\/"},{"@type":"ListItem","position":2,"name":"Des pays \u00e9loign\u00e9s saluent la jeunesse de l&#39;Inter-Am\u00e9rique"}]},{"@type":"WebSite","@id":"https:\/\/interamerica.org\/fr\/#website","url":"https:\/\/interamerica.org\/fr\/","name":"\u00c9glise Adventiste Du Septieme Jour - Inter Am\u00e9rique Division","description":"","potentialAction":[{"@type":"SearchAction","target":{"@type":"EntryPoint","urlTemplate":"https:\/\/interamerica.org\/fr\/?s={search_term_string}"},"query-input":{"@type":"PropertyValueSpecification","valueRequired":true,"valueName":"search_term_string"}}],"inLanguage":"fr-FR"},{"@type":"Person","@id":"https:\/\/interamerica.org\/fr\/#\/schema\/person\/68ede8bdc292885bb76c1e3810e73c39","name":"Lorenzo Verduzco","image":{"@type":"ImageObject","inLanguage":"fr-FR","@id":"https:\/\/secure.gravatar.com\/avatar\/fb81a55b6218459490a9c1dc841a34909185b81904c5337b4b27f7a6fd60c49e?s=96&d=mm&r=g","url":"https:\/\/secure.gravatar.com\/avatar\/fb81a55b6218459490a9c1dc841a34909185b81904c5337b4b27f7a6fd60c49e?s=96&d=mm&r=g","contentUrl":"https:\/\/secure.gravatar.com\/avatar\/fb81a55b6218459490a9c1dc841a34909185b81904c5337b4b27f7a6fd60c49e?s=96&d=mm&r=g","caption":"Lorenzo Verduzco"}}]}},"_links":{"self":[{"href":"https:\/\/interamerica.org\/fr\/wp-json\/wp\/v2\/posts\/13380","targetHints":{"allow":["GET"]}}],"collection":[{"href":"https:\/\/interamerica.org\/fr\/wp-json\/wp\/v2\/posts"}],"about":[{"href":"https:\/\/interamerica.org\/fr\/wp-json\/wp\/v2\/types\/post"}],"author":[{"embeddable":true,"href":"https:\/\/interamerica.org\/fr\/wp-json\/wp\/v2\/users\/1"}],"replies":[{"embeddable":true,"href":"https:\/\/interamerica.org\/fr\/wp-json\/wp\/v2\/comments?post=13380"}],"version-history":[{"count":0,"href":"https:\/\/interamerica.org\/fr\/wp-json\/wp\/v2\/posts\/13380\/revisions"}],"wp:attachment":[{"href":"https:\/\/interamerica.org\/fr\/wp-json\/wp\/v2\/media?parent=13380"}],"wp:term":[{"taxonomy":"category","embeddable":true,"href":"https:\/\/interamerica.org\/fr\/wp-json\/wp\/v2\/categories?post=13380"},{"taxonomy":"post_tag","embeddable":true,"href":"https:\/\/interamerica.org\/fr\/wp-json\/wp\/v2\/tags?post=13380"}],"curies":[{"name":"wp","href":"https:\/\/api.w.org\/{rel}","templated":true}]}}