{"id":13381,"date":"2010-06-26T00:00:00","date_gmt":"2010-06-26T04:00:00","guid":{"rendered":"http:\/\/192.81.217.108\/interamerica\/2010\/06\/lafrique-du-sudet-lamerique-du-nord-presentent-leurs-rapports-quinquennaux-a-la-session\/"},"modified":"2017-06-02T13:03:48","modified_gmt":"2017-06-02T17:03:48","slug":"lafrique-du-sudet-lamerique-du-nord-presentent-leurs-rapports-quinquennaux-a-la-session","status":"publish","type":"post","link":"https:\/\/interamerica.org\/fr\/2010\/06\/lafrique-du-sudet-lamerique-du-nord-presentent-leurs-rapports-quinquennaux-a-la-session\/","title":{"rendered":"L&#39;Afrique du Sudet l&#39;Am\u00e9rique du Nord pr\u00e9sentent leurs rapports quinquennaux \u00e0 la Session."},"content":{"rendered":"<p>26 Juin 2010,Atlanta, G\u00e9orgie, Etats Unis&#8230;Edwin Manuel Garcia\/ANN<\/p>\n<p>Les campagnes d&#39;\u00e9vang\u00e9lisationAdventistes en g\u00e9n\u00e9ral attirent des dizaines de milliers d&#39;adorateurs dans desstades en Afrique du Sud o\u00f9 l&#39;effectif de l&#39;\u00e9glise est pass\u00e9 \u00e0 2,5 millions demembres.<\/p>\n<p>En Am\u00e9rique duNord, l&#39;effectif a augment\u00e9 pour atteindre un record et d\u00e9passer le million, ycompris pr\u00e8s de 50000 baptis\u00e9s en 2009.<\/p>\n<p>C&#39;\u00e9tait l\u00e0 lespoints forts des rapports pr\u00e9sent\u00e9s par le pr\u00e9sident de la Division de l&#39;Afriquedu Sud et de l&#39;Oc\u00e9an Indien, Paul Ratsara, et le pr\u00e9sident de la Division Nord Am\u00e9ricaine,Don Schneider ainsi que d&#39;autres leaders des deux divisions samedi soir lors dela Session de la Conf\u00e9rence G\u00e9n\u00e9rale.<\/p>\n<p>En Afrique duSud, plusieurs des membres nouvellement baptis\u00e9s ont re\u00e7u une formation en \u00e9vang\u00e9lisation,alors que d&#39;autres ont particip\u00e9 \u00e0 un programme visant \u00e0 r\u00e9pondre aux besoins importantstels que l&#39;aide apport\u00e9e aux enfants dont les parents sont morts du SIDA.<\/p>\n<p>Ratsara a d\u00e9but\u00e9le rapport depuis l&#39;estrade, debout avec des dizaines de membres venant de ladivision qui comprend 23 pays, parmi lesquels l&#39;Angola, l&#39;Afrique du Sud etMadagascar.<\/p>\n<p>Plusieurs d&#39;entreeux avaient une longue corne en plastique appel\u00e9e vuvuzela, une sorte d&#39;instrumentnational tr\u00e8s populaire chez les supporters de l&#39;Afrique du Sud pendant lesmatches de la coupe du monde de football 2010 ; des \u00e9quipes se sont plaintdu son bruyant des vuvuzulas qui rappelle le bourdonnement d&#39;un essaim d&#39;abeille.<\/p>\n<p>\u00ab C&#39;est letambour de l&#39;Afrique au cours du 21\u00e8me si\u00e8cle, \u00bb a d\u00e9clar\u00e9 Paul Ratsara auxmilliers de personnes venues assister \u00e0 la pr\u00e9sentation au Georgia Dome, avantque la d\u00e9l\u00e9gation ne fasse r\u00e9sonner les cornes.<\/p>\n<p>La vid\u00e9o de 20minutes de la division a mis l&#39;accent essentiellement sur les efforts d&#39;\u00e9vang\u00e9lisation,sur l&#39;explosion dans la construction d&#39;\u00e9glise, d&#39;\u00e9coles, d&#39;universit\u00e9s, d&#39;h\u00f4pitauxet de centre audiovisuels, et sur l&#39;influence positive qu&#39;a l&#39;\u00e9glise sur lecontinent.<\/p>\n<p>Un des segments amis l&#39;emphase sur le programme \u00ab Les P\u00eacheurs d&#39;Hommes \u00bb en Zambie,une op\u00e9ration d&#39;\u00e9vang\u00e9lisation qui a form\u00e9 3000 nouveaux membres \u00e0 partager leurfoi des le  lendemain de leur bapt\u00eame. Leprogramme a \u00e9t\u00e9 mis en place dans plusieurs pays, permettant ainsi \u00e0 la r\u00e9gionde devenir l&#39;une des divisions connaissant la croissance la plus rapide dans lemonde.<\/p>\n<p>La video de laDivision Nord Am\u00e9ricaine a d\u00e9but\u00e9 avec une sc\u00e8ne repr\u00e9sentant le mouvementAdventiste depuis 1844 et les origines de l&#39;\u00e9glise Adventiste du Septi\u00e8me jourqui connait aujourd&#39;hui une croissance rapide.<\/p>\n<p>Certaines des sc\u00e8nespr\u00e9sent\u00e9es avec une coloration s\u00e9pia montraient une salle de conf\u00e9rence o\u00f9 lespionniers parlaient de la croissance de l&#39;\u00e9glise &#8211; les cameras ont alors fait unetransition en fondu enchain\u00e9 vers une salle de conf\u00e9rence moderne o\u00f9 lesdirigeants d&#39;aujourd&#39;hui examinaient avec satisfaction des statistiques cl\u00e9safin de d\u00e9montrer la croissance dans l&#39;\u00e9glise, par exemple : <\/p>\n<p>&#8211;         200000bapt\u00eames au cours des cinq derni\u00e8res ann\u00e9es<\/p>\n<p>&#8211;         Plusde 300 institutions m\u00e9dicales<\/p>\n<p>&#8211;         109 \u00e9colessecondaires, 15 universit\u00e9s, plus de 750 \u00e9coles primaires et pr\u00e8s de 400 maternelles<\/p>\n<p>\u00ab L&#39;\u00e9ducationAdventiste, c&#39;est de l&#39;\u00e9vang\u00e9lisation.<\/p>\n<p>La vid\u00e9o montraitaussi des efforts d&#39;\u00e9vang\u00e9lisation aux Etats Unis et au Canada avec le Minist\u00e8redes Femmes, le D\u00e9partement de Jeunesse, le D\u00e9partement de BienfaisanceCommunautaire, et les Minist\u00e8res audiovisuels Adventistes entre autres d\u00e9partements.<\/p>\n<p>La video a aussiracont\u00e9 l&#39;histoire de Judith Miranda, membre d&#39;\u00e9glise dans le Sud de la Californie,qui avec un ami et dans le cadre de leur effort d&#39;\u00e9vang\u00e9lisation personnel, afrapp\u00e9 \u00e0 des milliers de portes dans la ville baln\u00e9aire de Malibu.<\/p>\n<p>Le r\u00e9sultat decet effort a \u00e9t\u00e9 satisfaisant : l&#39;\u00e9t\u00e9 2008 a vu la tenue des premiersservices pour l&#39;ouverture de la Congr\u00e9gation Adventiste de Malibu.<\/p>\n","protected":false},"excerpt":{"rendered":"<p>Les campagnes d&#39;\u00e9vang\u00e9lisationAdventistes en g\u00e9n\u00e9ral attirent des dizaines de milliers d&#39;adorateurs dans desstades en Afrique du Sud o\u00f9 l&#39;effectif de l&#39;\u00e9glise est pass\u00e9 \u00e0 2,<\/p>\n","protected":false},"author":1,"featured_media":0,"comment_status":"closed","ping_status":"closed","sticky":false,"template":"","format":"standard","meta":{"_acf_changed":false,"footnotes":""},"categories":[9],"tags":[],"class_list":["post-13381","post","type-post","status-publish","format-standard","hentry","category-archive-fr"],"acf":[],"yoast_head":"<!-- This site is optimized with the Yoast SEO plugin v27.3 - https:\/\/yoast.com\/product\/yoast-seo-wordpress\/ -->\n<title>L&#039;Afrique du Sudet l&#039;Am\u00e9rique du Nord pr\u00e9sentent leurs rapports quinquennaux \u00e0 la Session. - \u00c9glise Adventiste Du Septieme Jour - Inter Am\u00e9rique Division<\/title>\n<meta name=\"robots\" content=\"index, follow, max-snippet:-1, max-image-preview:large, max-video-preview:-1\" \/>\n<link rel=\"canonical\" href=\"https:\/\/interamerica.org\/fr\/2010\/06\/lafrique-du-sudet-lamerique-du-nord-presentent-leurs-rapports-quinquennaux-a-la-session\/\" \/>\n<meta property=\"og:locale\" content=\"fr_FR\" \/>\n<meta property=\"og:type\" content=\"article\" \/>\n<meta property=\"og:title\" content=\"L&#039;Afrique du Sudet l&#039;Am\u00e9rique du Nord pr\u00e9sentent leurs rapports quinquennaux \u00e0 la Session. - \u00c9glise Adventiste Du Septieme Jour - Inter Am\u00e9rique Division\" \/>\n<meta property=\"og:description\" content=\"Les campagnes d&#039;\u00e9vang\u00e9lisationAdventistes en g\u00e9n\u00e9ral attirent des dizaines de milliers d&#039;adorateurs dans desstades en Afrique du Sud o\u00f9 l&#039;effectif de l&#039;\u00e9glise est pass\u00e9 \u00e0 2,\" \/>\n<meta property=\"og:url\" content=\"https:\/\/interamerica.org\/fr\/2010\/06\/lafrique-du-sudet-lamerique-du-nord-presentent-leurs-rapports-quinquennaux-a-la-session\/\" \/>\n<meta property=\"og:site_name\" content=\"\u00c9glise Adventiste Du Septieme Jour - Inter Am\u00e9rique Division\" \/>\n<meta property=\"article:published_time\" content=\"2010-06-26T04:00:00+00:00\" \/>\n<meta property=\"article:modified_time\" content=\"2017-06-02T17:03:48+00:00\" \/>\n<meta name=\"author\" content=\"Lorenzo Verduzco\" \/>\n<meta name=\"twitter:card\" content=\"summary_large_image\" \/>\n<meta name=\"twitter:label1\" content=\"\u00c9crit par\" \/>\n\t<meta name=\"twitter:data1\" content=\"Lorenzo Verduzco\" \/>\n\t<meta name=\"twitter:label2\" content=\"Dur\u00e9e de lecture estim\u00e9e\" \/>\n\t<meta name=\"twitter:data2\" content=\"3 minutes\" \/>\n<script type=\"application\/ld+json\" class=\"yoast-schema-graph\">{\"@context\":\"https:\\\/\\\/schema.org\",\"@graph\":[{\"@type\":\"Article\",\"@id\":\"https:\\\/\\\/interamerica.org\\\/fr\\\/2010\\\/06\\\/lafrique-du-sudet-lamerique-du-nord-presentent-leurs-rapports-quinquennaux-a-la-session\\\/#article\",\"isPartOf\":{\"@id\":\"https:\\\/\\\/interamerica.org\\\/fr\\\/2010\\\/06\\\/lafrique-du-sudet-lamerique-du-nord-presentent-leurs-rapports-quinquennaux-a-la-session\\\/\"},\"author\":{\"name\":\"Lorenzo Verduzco\",\"@id\":\"https:\\\/\\\/interamerica.org\\\/fr\\\/#\\\/schema\\\/person\\\/68ede8bdc292885bb76c1e3810e73c39\"},\"headline\":\"L&#39;Afrique du Sudet l&#39;Am\u00e9rique du Nord pr\u00e9sentent leurs rapports quinquennaux \u00e0 la Session.\",\"datePublished\":\"2010-06-26T04:00:00+00:00\",\"dateModified\":\"2017-06-02T17:03:48+00:00\",\"mainEntityOfPage\":{\"@id\":\"https:\\\/\\\/interamerica.org\\\/fr\\\/2010\\\/06\\\/lafrique-du-sudet-lamerique-du-nord-presentent-leurs-rapports-quinquennaux-a-la-session\\\/\"},\"wordCount\":672,\"articleSection\":[\"Archive\"],\"inLanguage\":\"fr-FR\"},{\"@type\":\"WebPage\",\"@id\":\"https:\\\/\\\/interamerica.org\\\/fr\\\/2010\\\/06\\\/lafrique-du-sudet-lamerique-du-nord-presentent-leurs-rapports-quinquennaux-a-la-session\\\/\",\"url\":\"https:\\\/\\\/interamerica.org\\\/fr\\\/2010\\\/06\\\/lafrique-du-sudet-lamerique-du-nord-presentent-leurs-rapports-quinquennaux-a-la-session\\\/\",\"name\":\"L&#39;Afrique du Sudet l&#39;Am\u00e9rique du Nord pr\u00e9sentent leurs rapports quinquennaux \u00e0 la Session. - \u00c9glise Adventiste Du Septieme Jour - Inter Am\u00e9rique Division\",\"isPartOf\":{\"@id\":\"https:\\\/\\\/interamerica.org\\\/fr\\\/#website\"},\"datePublished\":\"2010-06-26T04:00:00+00:00\",\"dateModified\":\"2017-06-02T17:03:48+00:00\",\"author\":{\"@id\":\"https:\\\/\\\/interamerica.org\\\/fr\\\/#\\\/schema\\\/person\\\/68ede8bdc292885bb76c1e3810e73c39\"},\"breadcrumb\":{\"@id\":\"https:\\\/\\\/interamerica.org\\\/fr\\\/2010\\\/06\\\/lafrique-du-sudet-lamerique-du-nord-presentent-leurs-rapports-quinquennaux-a-la-session\\\/#breadcrumb\"},\"inLanguage\":\"fr-FR\",\"potentialAction\":[{\"@type\":\"ReadAction\",\"target\":[\"https:\\\/\\\/interamerica.org\\\/fr\\\/2010\\\/06\\\/lafrique-du-sudet-lamerique-du-nord-presentent-leurs-rapports-quinquennaux-a-la-session\\\/\"]}]},{\"@type\":\"BreadcrumbList\",\"@id\":\"https:\\\/\\\/interamerica.org\\\/fr\\\/2010\\\/06\\\/lafrique-du-sudet-lamerique-du-nord-presentent-leurs-rapports-quinquennaux-a-la-session\\\/#breadcrumb\",\"itemListElement\":[{\"@type\":\"ListItem\",\"position\":1,\"name\":\"Home\",\"item\":\"https:\\\/\\\/interamerica.org\\\/fr\\\/\"},{\"@type\":\"ListItem\",\"position\":2,\"name\":\"L&#39;Afrique du Sudet l&#39;Am\u00e9rique du Nord pr\u00e9sentent leurs rapports quinquennaux \u00e0 la Session.\"}]},{\"@type\":\"WebSite\",\"@id\":\"https:\\\/\\\/interamerica.org\\\/fr\\\/#website\",\"url\":\"https:\\\/\\\/interamerica.org\\\/fr\\\/\",\"name\":\"\u00c9glise Adventiste Du Septieme Jour - Inter Am\u00e9rique Division\",\"description\":\"\",\"potentialAction\":[{\"@type\":\"SearchAction\",\"target\":{\"@type\":\"EntryPoint\",\"urlTemplate\":\"https:\\\/\\\/interamerica.org\\\/fr\\\/?s={search_term_string}\"},\"query-input\":{\"@type\":\"PropertyValueSpecification\",\"valueRequired\":true,\"valueName\":\"search_term_string\"}}],\"inLanguage\":\"fr-FR\"},{\"@type\":\"Person\",\"@id\":\"https:\\\/\\\/interamerica.org\\\/fr\\\/#\\\/schema\\\/person\\\/68ede8bdc292885bb76c1e3810e73c39\",\"name\":\"Lorenzo Verduzco\",\"image\":{\"@type\":\"ImageObject\",\"inLanguage\":\"fr-FR\",\"@id\":\"https:\\\/\\\/secure.gravatar.com\\\/avatar\\\/fb81a55b6218459490a9c1dc841a34909185b81904c5337b4b27f7a6fd60c49e?s=96&d=mm&r=g\",\"url\":\"https:\\\/\\\/secure.gravatar.com\\\/avatar\\\/fb81a55b6218459490a9c1dc841a34909185b81904c5337b4b27f7a6fd60c49e?s=96&d=mm&r=g\",\"contentUrl\":\"https:\\\/\\\/secure.gravatar.com\\\/avatar\\\/fb81a55b6218459490a9c1dc841a34909185b81904c5337b4b27f7a6fd60c49e?s=96&d=mm&r=g\",\"caption\":\"Lorenzo Verduzco\"}}]}<\/script>\n<!-- \/ Yoast SEO plugin. -->","yoast_head_json":{"title":"L&#39;Afrique du Sudet l&#39;Am\u00e9rique du Nord pr\u00e9sentent leurs rapports quinquennaux \u00e0 la Session. - \u00c9glise Adventiste Du Septieme Jour - Inter Am\u00e9rique Division","robots":{"index":"index","follow":"follow","max-snippet":"max-snippet:-1","max-image-preview":"max-image-preview:large","max-video-preview":"max-video-preview:-1"},"canonical":"https:\/\/interamerica.org\/fr\/2010\/06\/lafrique-du-sudet-lamerique-du-nord-presentent-leurs-rapports-quinquennaux-a-la-session\/","og_locale":"fr_FR","og_type":"article","og_title":"L&#39;Afrique du Sudet l&#39;Am\u00e9rique du Nord pr\u00e9sentent leurs rapports quinquennaux \u00e0 la Session. - \u00c9glise Adventiste Du Septieme Jour - Inter Am\u00e9rique Division","og_description":"Les campagnes d&#39;\u00e9vang\u00e9lisationAdventistes en g\u00e9n\u00e9ral attirent des dizaines de milliers d&#39;adorateurs dans desstades en Afrique du Sud o\u00f9 l&#39;effectif de l&#39;\u00e9glise est pass\u00e9 \u00e0 2,","og_url":"https:\/\/interamerica.org\/fr\/2010\/06\/lafrique-du-sudet-lamerique-du-nord-presentent-leurs-rapports-quinquennaux-a-la-session\/","og_site_name":"\u00c9glise Adventiste Du Septieme Jour - Inter Am\u00e9rique Division","article_published_time":"2010-06-26T04:00:00+00:00","article_modified_time":"2017-06-02T17:03:48+00:00","author":"Lorenzo Verduzco","twitter_card":"summary_large_image","twitter_misc":{"\u00c9crit par":"Lorenzo Verduzco","Dur\u00e9e de lecture estim\u00e9e":"3 minutes"},"schema":{"@context":"https:\/\/schema.org","@graph":[{"@type":"Article","@id":"https:\/\/interamerica.org\/fr\/2010\/06\/lafrique-du-sudet-lamerique-du-nord-presentent-leurs-rapports-quinquennaux-a-la-session\/#article","isPartOf":{"@id":"https:\/\/interamerica.org\/fr\/2010\/06\/lafrique-du-sudet-lamerique-du-nord-presentent-leurs-rapports-quinquennaux-a-la-session\/"},"author":{"name":"Lorenzo Verduzco","@id":"https:\/\/interamerica.org\/fr\/#\/schema\/person\/68ede8bdc292885bb76c1e3810e73c39"},"headline":"L&#39;Afrique du Sudet l&#39;Am\u00e9rique du Nord pr\u00e9sentent leurs rapports quinquennaux \u00e0 la Session.","datePublished":"2010-06-26T04:00:00+00:00","dateModified":"2017-06-02T17:03:48+00:00","mainEntityOfPage":{"@id":"https:\/\/interamerica.org\/fr\/2010\/06\/lafrique-du-sudet-lamerique-du-nord-presentent-leurs-rapports-quinquennaux-a-la-session\/"},"wordCount":672,"articleSection":["Archive"],"inLanguage":"fr-FR"},{"@type":"WebPage","@id":"https:\/\/interamerica.org\/fr\/2010\/06\/lafrique-du-sudet-lamerique-du-nord-presentent-leurs-rapports-quinquennaux-a-la-session\/","url":"https:\/\/interamerica.org\/fr\/2010\/06\/lafrique-du-sudet-lamerique-du-nord-presentent-leurs-rapports-quinquennaux-a-la-session\/","name":"L&#39;Afrique du Sudet l&#39;Am\u00e9rique du Nord pr\u00e9sentent leurs rapports quinquennaux \u00e0 la Session. - \u00c9glise Adventiste Du Septieme Jour - Inter Am\u00e9rique Division","isPartOf":{"@id":"https:\/\/interamerica.org\/fr\/#website"},"datePublished":"2010-06-26T04:00:00+00:00","dateModified":"2017-06-02T17:03:48+00:00","author":{"@id":"https:\/\/interamerica.org\/fr\/#\/schema\/person\/68ede8bdc292885bb76c1e3810e73c39"},"breadcrumb":{"@id":"https:\/\/interamerica.org\/fr\/2010\/06\/lafrique-du-sudet-lamerique-du-nord-presentent-leurs-rapports-quinquennaux-a-la-session\/#breadcrumb"},"inLanguage":"fr-FR","potentialAction":[{"@type":"ReadAction","target":["https:\/\/interamerica.org\/fr\/2010\/06\/lafrique-du-sudet-lamerique-du-nord-presentent-leurs-rapports-quinquennaux-a-la-session\/"]}]},{"@type":"BreadcrumbList","@id":"https:\/\/interamerica.org\/fr\/2010\/06\/lafrique-du-sudet-lamerique-du-nord-presentent-leurs-rapports-quinquennaux-a-la-session\/#breadcrumb","itemListElement":[{"@type":"ListItem","position":1,"name":"Home","item":"https:\/\/interamerica.org\/fr\/"},{"@type":"ListItem","position":2,"name":"L&#39;Afrique du Sudet l&#39;Am\u00e9rique du Nord pr\u00e9sentent leurs rapports quinquennaux \u00e0 la Session."}]},{"@type":"WebSite","@id":"https:\/\/interamerica.org\/fr\/#website","url":"https:\/\/interamerica.org\/fr\/","name":"\u00c9glise Adventiste Du Septieme Jour - Inter Am\u00e9rique Division","description":"","potentialAction":[{"@type":"SearchAction","target":{"@type":"EntryPoint","urlTemplate":"https:\/\/interamerica.org\/fr\/?s={search_term_string}"},"query-input":{"@type":"PropertyValueSpecification","valueRequired":true,"valueName":"search_term_string"}}],"inLanguage":"fr-FR"},{"@type":"Person","@id":"https:\/\/interamerica.org\/fr\/#\/schema\/person\/68ede8bdc292885bb76c1e3810e73c39","name":"Lorenzo Verduzco","image":{"@type":"ImageObject","inLanguage":"fr-FR","@id":"https:\/\/secure.gravatar.com\/avatar\/fb81a55b6218459490a9c1dc841a34909185b81904c5337b4b27f7a6fd60c49e?s=96&d=mm&r=g","url":"https:\/\/secure.gravatar.com\/avatar\/fb81a55b6218459490a9c1dc841a34909185b81904c5337b4b27f7a6fd60c49e?s=96&d=mm&r=g","contentUrl":"https:\/\/secure.gravatar.com\/avatar\/fb81a55b6218459490a9c1dc841a34909185b81904c5337b4b27f7a6fd60c49e?s=96&d=mm&r=g","caption":"Lorenzo Verduzco"}}]}},"_links":{"self":[{"href":"https:\/\/interamerica.org\/fr\/wp-json\/wp\/v2\/posts\/13381","targetHints":{"allow":["GET"]}}],"collection":[{"href":"https:\/\/interamerica.org\/fr\/wp-json\/wp\/v2\/posts"}],"about":[{"href":"https:\/\/interamerica.org\/fr\/wp-json\/wp\/v2\/types\/post"}],"author":[{"embeddable":true,"href":"https:\/\/interamerica.org\/fr\/wp-json\/wp\/v2\/users\/1"}],"replies":[{"embeddable":true,"href":"https:\/\/interamerica.org\/fr\/wp-json\/wp\/v2\/comments?post=13381"}],"version-history":[{"count":0,"href":"https:\/\/interamerica.org\/fr\/wp-json\/wp\/v2\/posts\/13381\/revisions"}],"wp:attachment":[{"href":"https:\/\/interamerica.org\/fr\/wp-json\/wp\/v2\/media?parent=13381"}],"wp:term":[{"taxonomy":"category","embeddable":true,"href":"https:\/\/interamerica.org\/fr\/wp-json\/wp\/v2\/categories?post=13381"},{"taxonomy":"post_tag","embeddable":true,"href":"https:\/\/interamerica.org\/fr\/wp-json\/wp\/v2\/tags?post=13381"}],"curies":[{"name":"wp","href":"https:\/\/api.w.org\/{rel}","templated":true}]}}