{"id":13382,"date":"2010-06-26T00:00:00","date_gmt":"2010-06-26T04:00:00","guid":{"rendered":"http:\/\/192.81.217.108\/interamerica\/2010\/06\/inter-ameriquedes-milliers-de-visiteurs-affluent-au-stand-dexposition-lors-du-premier-sabbatde-la-session-de-la-conference-generale\/"},"modified":"2017-06-02T13:03:48","modified_gmt":"2017-06-02T17:03:48","slug":"inter-ameriquedes-milliers-de-visiteurs-affluent-au-stand-dexposition-lors-du-premier-sabbatde-la-session-de-la-conference-generale","status":"publish","type":"post","link":"https:\/\/interamerica.org\/fr\/2010\/06\/inter-ameriquedes-milliers-de-visiteurs-affluent-au-stand-dexposition-lors-du-premier-sabbatde-la-session-de-la-conference-generale\/","title":{"rendered":"Inter Am\u00e9rique:Des milliers de visiteurs affluent au stand d&#39;exposition lors du premier Sabbatde la Session de la Conf\u00e9rence G\u00e9n\u00e9rale"},"content":{"rendered":"<p><em >26 Juin 2010<\/em > &#8211; Atlanta, G\u00e9orgie, Etats Unis&#8230;[LibnaStevens\/DIA]<\/p>\n<p>Des milliers depersonnes ont afflu\u00e9 dans le hall d&#39;exposition du Georgia World Congress Centerle 26 juin 2010 lors du premier Sabbat de la Session de la Conf\u00e9rence G\u00e9n\u00e9ralequi doit durer 10 jours et se tient \u00e0 Atlanta en G\u00e9orgie.<\/p>\n<p>Dans le stand dela Division Inter Am\u00e9ricaine, les deux unions qui \u00e9taient pr\u00e9sent\u00e9es ont attir\u00e9des centaines d&#39;Adventistes qui ont pu appr\u00e9cier plusieurs prestationsmusicales et aussi r\u00e9colter quelques souvenirs.<\/p>\n<p>Avec pr\u00e8s de300000 membres, l&#39;\u00e9glise Adventiste en R\u00e9publique Dominicaine g\u00e8re plusieursinstitutions et six champs locaux sur toute l&#39;ile.<\/p>\n<p>\u00ab\u00a0Dans notreile, nous sommes un peuple heureux, chaleureux et craignant Dieu,\u00a0\u00bb a ditpasteur Cesario Acevedo, pr\u00e9sident de l&#39;\u00e9glise Adventiste en R\u00e9publiqueDominicaine. \u00ab\u00a0Notre \u00e9glise progresse gr\u00e2ce aux efforts de nos pasteurs etde nos la\u00efcs.\u00a0\u00bb L&#39;ann\u00e9e derni\u00e8re plus de 17000 personnes ont \u00e9t\u00e9 baptis\u00e9esa indiqu\u00e9 pasteur Acevedo.<\/p>\n<p>Selon pasteurAcevedo, le tout nouvel h\u00f4pital g\u00e9r\u00e9 par l&#39;Union, offre un excellent service \u00e0la communaut\u00e9 dans la ville capitale, Santo Domingo.<\/p>\n<p>L&#39;EgliseAdventiste g\u00e8re aussi quelques 618 \u00e9glises et groupes, plusieurs stations deradio et des dizaines d&#39;\u00e9coles.<\/p>\n<p>L&#39;Union NordMexicaine a \u00e9galement attir\u00e9 des centaines de visiteurs avec leurs d\u00e9corationscolor\u00e9es et folkloriques. Les visiteurs ont fait la queue pour faire des photosavec l&#39;\u00e9charpe et le chapeau Mexicains.<\/p>\n<p>Couvrant un vasteterritoire, l&#39;Union Nord Mexicaine compte plus de 122000 membres d&#39;\u00e9glise.<\/p>\n<p>\u00ab\u00a0Nous avonsun grand d\u00e9fi parce que notre territoire inclut 14 des 31 \u00e9tats qui composentle Mexique,\u00a0\u00bb a dit pasteur Abner De Los Santos, pr\u00e9sident de l&#39;\u00e9gliseAdventiste dans le Nord du Mexique. \u00ab\u00a0Mais face \u00e0 ce grand d\u00e9fi pouttoucher les millions de personnes qui se trouvent dans notre territoire, nosdirigeants et nos membres travaillent dur dans l&#39;\u00e9vang\u00e9lisation de notre champ,h\u00e2tant ainsi la Seconde Venue de J\u00e9sus.\u00a0\u00bb<\/p>\n<p>En plus dedizaines d&#39;\u00e9coles, l&#39;\u00e9glise Adventiste dans le Nord du Mexique g\u00e8re 517 \u00e9gliseset groupes.<\/p>\n<p>Pour voir un reportage vid\u00e9o des activit\u00e9sd&#39;aujourd&#39;hui dans le stand de la Division Inter Am\u00e9ricaine, <a  href=\"https:\/\/recursing-golick.147-182-135-0.plesk.page\/users\/index.php?language=en&#038;type=subsection&#038;id=289\">cliquez ici<\/a ><\/p>\n","protected":false},"excerpt":{"rendered":"<p>Des milliers depersonnes ont afflu\u00e9 dans le hall d&#39;exposition du Georgia World Congress Centerle 26 juin 2010 lors du premier Sabbat de la Session de la Conf\u00e9rence G\u00e9n\u00e9ralequi doit durer 10 jours et se tient &#038;ag<\/p>\n","protected":false},"author":1,"featured_media":0,"comment_status":"closed","ping_status":"closed","sticky":false,"template":"","format":"standard","meta":{"_acf_changed":false,"footnotes":""},"categories":[9],"tags":[],"class_list":["post-13382","post","type-post","status-publish","format-standard","hentry","category-archive-fr"],"acf":[],"yoast_head":"<!-- This site is optimized with the Yoast SEO plugin v27.3 - https:\/\/yoast.com\/product\/yoast-seo-wordpress\/ -->\n<title>Inter Am\u00e9rique:Des milliers de visiteurs affluent au stand d&#039;exposition lors du premier Sabbatde la Session de la Conf\u00e9rence G\u00e9n\u00e9rale - \u00c9glise Adventiste Du Septieme Jour - Inter Am\u00e9rique Division<\/title>\n<meta name=\"robots\" content=\"index, follow, max-snippet:-1, max-image-preview:large, max-video-preview:-1\" \/>\n<link rel=\"canonical\" href=\"https:\/\/interamerica.org\/fr\/2010\/06\/inter-ameriquedes-milliers-de-visiteurs-affluent-au-stand-dexposition-lors-du-premier-sabbatde-la-session-de-la-conference-generale\/\" \/>\n<meta property=\"og:locale\" content=\"fr_FR\" \/>\n<meta property=\"og:type\" content=\"article\" \/>\n<meta property=\"og:title\" content=\"Inter Am\u00e9rique:Des milliers de visiteurs affluent au stand d&#039;exposition lors du premier Sabbatde la Session de la Conf\u00e9rence G\u00e9n\u00e9rale - \u00c9glise Adventiste Du Septieme Jour - Inter Am\u00e9rique Division\" \/>\n<meta property=\"og:description\" content=\"Des milliers depersonnes ont afflu\u00e9 dans le hall d&#039;exposition du Georgia World Congress Centerle 26 juin 2010 lors du premier Sabbat de la Session de la Conf\u00e9rence G\u00e9n\u00e9ralequi doit durer 10 jours et se tient &amp;ag\" \/>\n<meta property=\"og:url\" content=\"https:\/\/interamerica.org\/fr\/2010\/06\/inter-ameriquedes-milliers-de-visiteurs-affluent-au-stand-dexposition-lors-du-premier-sabbatde-la-session-de-la-conference-generale\/\" \/>\n<meta property=\"og:site_name\" content=\"\u00c9glise Adventiste Du Septieme Jour - Inter Am\u00e9rique Division\" \/>\n<meta property=\"article:published_time\" content=\"2010-06-26T04:00:00+00:00\" \/>\n<meta property=\"article:modified_time\" content=\"2017-06-02T17:03:48+00:00\" \/>\n<meta name=\"author\" content=\"Lorenzo Verduzco\" \/>\n<meta name=\"twitter:card\" content=\"summary_large_image\" \/>\n<meta name=\"twitter:label1\" content=\"\u00c9crit par\" \/>\n\t<meta name=\"twitter:data1\" content=\"Lorenzo Verduzco\" \/>\n\t<meta name=\"twitter:label2\" content=\"Dur\u00e9e de lecture estim\u00e9e\" \/>\n\t<meta name=\"twitter:data2\" content=\"2 minutes\" \/>\n<script type=\"application\/ld+json\" class=\"yoast-schema-graph\">{\"@context\":\"https:\\\/\\\/schema.org\",\"@graph\":[{\"@type\":\"Article\",\"@id\":\"https:\\\/\\\/interamerica.org\\\/fr\\\/2010\\\/06\\\/inter-ameriquedes-milliers-de-visiteurs-affluent-au-stand-dexposition-lors-du-premier-sabbatde-la-session-de-la-conference-generale\\\/#article\",\"isPartOf\":{\"@id\":\"https:\\\/\\\/interamerica.org\\\/fr\\\/2010\\\/06\\\/inter-ameriquedes-milliers-de-visiteurs-affluent-au-stand-dexposition-lors-du-premier-sabbatde-la-session-de-la-conference-generale\\\/\"},\"author\":{\"name\":\"Lorenzo Verduzco\",\"@id\":\"https:\\\/\\\/interamerica.org\\\/fr\\\/#\\\/schema\\\/person\\\/68ede8bdc292885bb76c1e3810e73c39\"},\"headline\":\"Inter Am\u00e9rique:Des milliers de visiteurs affluent au stand d&#39;exposition lors du premier Sabbatde la Session de la Conf\u00e9rence G\u00e9n\u00e9rale\",\"datePublished\":\"2010-06-26T04:00:00+00:00\",\"dateModified\":\"2017-06-02T17:03:48+00:00\",\"mainEntityOfPage\":{\"@id\":\"https:\\\/\\\/interamerica.org\\\/fr\\\/2010\\\/06\\\/inter-ameriquedes-milliers-de-visiteurs-affluent-au-stand-dexposition-lors-du-premier-sabbatde-la-session-de-la-conference-generale\\\/\"},\"wordCount\":382,\"articleSection\":[\"Archive\"],\"inLanguage\":\"fr-FR\"},{\"@type\":\"WebPage\",\"@id\":\"https:\\\/\\\/interamerica.org\\\/fr\\\/2010\\\/06\\\/inter-ameriquedes-milliers-de-visiteurs-affluent-au-stand-dexposition-lors-du-premier-sabbatde-la-session-de-la-conference-generale\\\/\",\"url\":\"https:\\\/\\\/interamerica.org\\\/fr\\\/2010\\\/06\\\/inter-ameriquedes-milliers-de-visiteurs-affluent-au-stand-dexposition-lors-du-premier-sabbatde-la-session-de-la-conference-generale\\\/\",\"name\":\"Inter Am\u00e9rique:Des milliers de visiteurs affluent au stand d&#39;exposition lors du premier Sabbatde la Session de la Conf\u00e9rence G\u00e9n\u00e9rale - \u00c9glise Adventiste Du Septieme Jour - Inter Am\u00e9rique Division\",\"isPartOf\":{\"@id\":\"https:\\\/\\\/interamerica.org\\\/fr\\\/#website\"},\"datePublished\":\"2010-06-26T04:00:00+00:00\",\"dateModified\":\"2017-06-02T17:03:48+00:00\",\"author\":{\"@id\":\"https:\\\/\\\/interamerica.org\\\/fr\\\/#\\\/schema\\\/person\\\/68ede8bdc292885bb76c1e3810e73c39\"},\"breadcrumb\":{\"@id\":\"https:\\\/\\\/interamerica.org\\\/fr\\\/2010\\\/06\\\/inter-ameriquedes-milliers-de-visiteurs-affluent-au-stand-dexposition-lors-du-premier-sabbatde-la-session-de-la-conference-generale\\\/#breadcrumb\"},\"inLanguage\":\"fr-FR\",\"potentialAction\":[{\"@type\":\"ReadAction\",\"target\":[\"https:\\\/\\\/interamerica.org\\\/fr\\\/2010\\\/06\\\/inter-ameriquedes-milliers-de-visiteurs-affluent-au-stand-dexposition-lors-du-premier-sabbatde-la-session-de-la-conference-generale\\\/\"]}]},{\"@type\":\"BreadcrumbList\",\"@id\":\"https:\\\/\\\/interamerica.org\\\/fr\\\/2010\\\/06\\\/inter-ameriquedes-milliers-de-visiteurs-affluent-au-stand-dexposition-lors-du-premier-sabbatde-la-session-de-la-conference-generale\\\/#breadcrumb\",\"itemListElement\":[{\"@type\":\"ListItem\",\"position\":1,\"name\":\"Home\",\"item\":\"https:\\\/\\\/interamerica.org\\\/fr\\\/\"},{\"@type\":\"ListItem\",\"position\":2,\"name\":\"Inter Am\u00e9rique:Des milliers de visiteurs affluent au stand d&#39;exposition lors du premier Sabbatde la Session de la Conf\u00e9rence G\u00e9n\u00e9rale\"}]},{\"@type\":\"WebSite\",\"@id\":\"https:\\\/\\\/interamerica.org\\\/fr\\\/#website\",\"url\":\"https:\\\/\\\/interamerica.org\\\/fr\\\/\",\"name\":\"\u00c9glise Adventiste Du Septieme Jour - Inter Am\u00e9rique Division\",\"description\":\"\",\"potentialAction\":[{\"@type\":\"SearchAction\",\"target\":{\"@type\":\"EntryPoint\",\"urlTemplate\":\"https:\\\/\\\/interamerica.org\\\/fr\\\/?s={search_term_string}\"},\"query-input\":{\"@type\":\"PropertyValueSpecification\",\"valueRequired\":true,\"valueName\":\"search_term_string\"}}],\"inLanguage\":\"fr-FR\"},{\"@type\":\"Person\",\"@id\":\"https:\\\/\\\/interamerica.org\\\/fr\\\/#\\\/schema\\\/person\\\/68ede8bdc292885bb76c1e3810e73c39\",\"name\":\"Lorenzo Verduzco\",\"image\":{\"@type\":\"ImageObject\",\"inLanguage\":\"fr-FR\",\"@id\":\"https:\\\/\\\/secure.gravatar.com\\\/avatar\\\/fb81a55b6218459490a9c1dc841a34909185b81904c5337b4b27f7a6fd60c49e?s=96&d=mm&r=g\",\"url\":\"https:\\\/\\\/secure.gravatar.com\\\/avatar\\\/fb81a55b6218459490a9c1dc841a34909185b81904c5337b4b27f7a6fd60c49e?s=96&d=mm&r=g\",\"contentUrl\":\"https:\\\/\\\/secure.gravatar.com\\\/avatar\\\/fb81a55b6218459490a9c1dc841a34909185b81904c5337b4b27f7a6fd60c49e?s=96&d=mm&r=g\",\"caption\":\"Lorenzo Verduzco\"}}]}<\/script>\n<!-- \/ Yoast SEO plugin. -->","yoast_head_json":{"title":"Inter Am\u00e9rique:Des milliers de visiteurs affluent au stand d&#39;exposition lors du premier Sabbatde la Session de la Conf\u00e9rence G\u00e9n\u00e9rale - \u00c9glise Adventiste Du Septieme Jour - Inter Am\u00e9rique Division","robots":{"index":"index","follow":"follow","max-snippet":"max-snippet:-1","max-image-preview":"max-image-preview:large","max-video-preview":"max-video-preview:-1"},"canonical":"https:\/\/interamerica.org\/fr\/2010\/06\/inter-ameriquedes-milliers-de-visiteurs-affluent-au-stand-dexposition-lors-du-premier-sabbatde-la-session-de-la-conference-generale\/","og_locale":"fr_FR","og_type":"article","og_title":"Inter Am\u00e9rique:Des milliers de visiteurs affluent au stand d&#39;exposition lors du premier Sabbatde la Session de la Conf\u00e9rence G\u00e9n\u00e9rale - \u00c9glise Adventiste Du Septieme Jour - Inter Am\u00e9rique Division","og_description":"Des milliers depersonnes ont afflu\u00e9 dans le hall d&#39;exposition du Georgia World Congress Centerle 26 juin 2010 lors du premier Sabbat de la Session de la Conf\u00e9rence G\u00e9n\u00e9ralequi doit durer 10 jours et se tient &ag","og_url":"https:\/\/interamerica.org\/fr\/2010\/06\/inter-ameriquedes-milliers-de-visiteurs-affluent-au-stand-dexposition-lors-du-premier-sabbatde-la-session-de-la-conference-generale\/","og_site_name":"\u00c9glise Adventiste Du Septieme Jour - Inter Am\u00e9rique Division","article_published_time":"2010-06-26T04:00:00+00:00","article_modified_time":"2017-06-02T17:03:48+00:00","author":"Lorenzo Verduzco","twitter_card":"summary_large_image","twitter_misc":{"\u00c9crit par":"Lorenzo Verduzco","Dur\u00e9e de lecture estim\u00e9e":"2 minutes"},"schema":{"@context":"https:\/\/schema.org","@graph":[{"@type":"Article","@id":"https:\/\/interamerica.org\/fr\/2010\/06\/inter-ameriquedes-milliers-de-visiteurs-affluent-au-stand-dexposition-lors-du-premier-sabbatde-la-session-de-la-conference-generale\/#article","isPartOf":{"@id":"https:\/\/interamerica.org\/fr\/2010\/06\/inter-ameriquedes-milliers-de-visiteurs-affluent-au-stand-dexposition-lors-du-premier-sabbatde-la-session-de-la-conference-generale\/"},"author":{"name":"Lorenzo Verduzco","@id":"https:\/\/interamerica.org\/fr\/#\/schema\/person\/68ede8bdc292885bb76c1e3810e73c39"},"headline":"Inter Am\u00e9rique:Des milliers de visiteurs affluent au stand d&#39;exposition lors du premier Sabbatde la Session de la Conf\u00e9rence G\u00e9n\u00e9rale","datePublished":"2010-06-26T04:00:00+00:00","dateModified":"2017-06-02T17:03:48+00:00","mainEntityOfPage":{"@id":"https:\/\/interamerica.org\/fr\/2010\/06\/inter-ameriquedes-milliers-de-visiteurs-affluent-au-stand-dexposition-lors-du-premier-sabbatde-la-session-de-la-conference-generale\/"},"wordCount":382,"articleSection":["Archive"],"inLanguage":"fr-FR"},{"@type":"WebPage","@id":"https:\/\/interamerica.org\/fr\/2010\/06\/inter-ameriquedes-milliers-de-visiteurs-affluent-au-stand-dexposition-lors-du-premier-sabbatde-la-session-de-la-conference-generale\/","url":"https:\/\/interamerica.org\/fr\/2010\/06\/inter-ameriquedes-milliers-de-visiteurs-affluent-au-stand-dexposition-lors-du-premier-sabbatde-la-session-de-la-conference-generale\/","name":"Inter Am\u00e9rique:Des milliers de visiteurs affluent au stand d&#39;exposition lors du premier Sabbatde la Session de la Conf\u00e9rence G\u00e9n\u00e9rale - \u00c9glise Adventiste Du Septieme Jour - Inter Am\u00e9rique Division","isPartOf":{"@id":"https:\/\/interamerica.org\/fr\/#website"},"datePublished":"2010-06-26T04:00:00+00:00","dateModified":"2017-06-02T17:03:48+00:00","author":{"@id":"https:\/\/interamerica.org\/fr\/#\/schema\/person\/68ede8bdc292885bb76c1e3810e73c39"},"breadcrumb":{"@id":"https:\/\/interamerica.org\/fr\/2010\/06\/inter-ameriquedes-milliers-de-visiteurs-affluent-au-stand-dexposition-lors-du-premier-sabbatde-la-session-de-la-conference-generale\/#breadcrumb"},"inLanguage":"fr-FR","potentialAction":[{"@type":"ReadAction","target":["https:\/\/interamerica.org\/fr\/2010\/06\/inter-ameriquedes-milliers-de-visiteurs-affluent-au-stand-dexposition-lors-du-premier-sabbatde-la-session-de-la-conference-generale\/"]}]},{"@type":"BreadcrumbList","@id":"https:\/\/interamerica.org\/fr\/2010\/06\/inter-ameriquedes-milliers-de-visiteurs-affluent-au-stand-dexposition-lors-du-premier-sabbatde-la-session-de-la-conference-generale\/#breadcrumb","itemListElement":[{"@type":"ListItem","position":1,"name":"Home","item":"https:\/\/interamerica.org\/fr\/"},{"@type":"ListItem","position":2,"name":"Inter Am\u00e9rique:Des milliers de visiteurs affluent au stand d&#39;exposition lors du premier Sabbatde la Session de la Conf\u00e9rence G\u00e9n\u00e9rale"}]},{"@type":"WebSite","@id":"https:\/\/interamerica.org\/fr\/#website","url":"https:\/\/interamerica.org\/fr\/","name":"\u00c9glise Adventiste Du Septieme Jour - Inter Am\u00e9rique Division","description":"","potentialAction":[{"@type":"SearchAction","target":{"@type":"EntryPoint","urlTemplate":"https:\/\/interamerica.org\/fr\/?s={search_term_string}"},"query-input":{"@type":"PropertyValueSpecification","valueRequired":true,"valueName":"search_term_string"}}],"inLanguage":"fr-FR"},{"@type":"Person","@id":"https:\/\/interamerica.org\/fr\/#\/schema\/person\/68ede8bdc292885bb76c1e3810e73c39","name":"Lorenzo Verduzco","image":{"@type":"ImageObject","inLanguage":"fr-FR","@id":"https:\/\/secure.gravatar.com\/avatar\/fb81a55b6218459490a9c1dc841a34909185b81904c5337b4b27f7a6fd60c49e?s=96&d=mm&r=g","url":"https:\/\/secure.gravatar.com\/avatar\/fb81a55b6218459490a9c1dc841a34909185b81904c5337b4b27f7a6fd60c49e?s=96&d=mm&r=g","contentUrl":"https:\/\/secure.gravatar.com\/avatar\/fb81a55b6218459490a9c1dc841a34909185b81904c5337b4b27f7a6fd60c49e?s=96&d=mm&r=g","caption":"Lorenzo Verduzco"}}]}},"_links":{"self":[{"href":"https:\/\/interamerica.org\/fr\/wp-json\/wp\/v2\/posts\/13382","targetHints":{"allow":["GET"]}}],"collection":[{"href":"https:\/\/interamerica.org\/fr\/wp-json\/wp\/v2\/posts"}],"about":[{"href":"https:\/\/interamerica.org\/fr\/wp-json\/wp\/v2\/types\/post"}],"author":[{"embeddable":true,"href":"https:\/\/interamerica.org\/fr\/wp-json\/wp\/v2\/users\/1"}],"replies":[{"embeddable":true,"href":"https:\/\/interamerica.org\/fr\/wp-json\/wp\/v2\/comments?post=13382"}],"version-history":[{"count":0,"href":"https:\/\/interamerica.org\/fr\/wp-json\/wp\/v2\/posts\/13382\/revisions"}],"wp:attachment":[{"href":"https:\/\/interamerica.org\/fr\/wp-json\/wp\/v2\/media?parent=13382"}],"wp:term":[{"taxonomy":"category","embeddable":true,"href":"https:\/\/interamerica.org\/fr\/wp-json\/wp\/v2\/categories?post=13382"},{"taxonomy":"post_tag","embeddable":true,"href":"https:\/\/interamerica.org\/fr\/wp-json\/wp\/v2\/tags?post=13382"}],"curies":[{"name":"wp","href":"https:\/\/api.w.org\/{rel}","templated":true}]}}