{"id":13383,"date":"2010-06-27T00:00:00","date_gmt":"2010-06-27T04:00:00","guid":{"rendered":"http:\/\/192.81.217.108\/interamerica\/2010\/06\/rejet-de-la-propositionvisant-a-changer-le-moment-de-lelection-des-adjoints-aux-departements\/"},"modified":"2017-06-02T13:03:43","modified_gmt":"2017-06-02T17:03:43","slug":"rejet-de-la-propositionvisant-a-changer-le-moment-de-lelection-des-adjoints-aux-departements","status":"publish","type":"post","link":"https:\/\/interamerica.org\/fr\/2010\/06\/rejet-de-la-propositionvisant-a-changer-le-moment-de-lelection-des-adjoints-aux-departements\/","title":{"rendered":"Rejet de la propositionvisant \u00e0 changer le moment de l&#39;\u00e9lection des adjoints aux d\u00e9partements"},"content":{"rendered":"<p>27 Juin 2010,Atlanta, G\u00e9orgie, Etats Unis&#8230;Elizabeth Lechleitner\/ANN<\/p>\n<p>Les d\u00e9l\u00e9gu\u00e9s de l&#39;\u00e9gliseAdventiste du Septi\u00e8me jour ont rejet\u00e9 aujourd&#39;hui une proposition qui auraitchang\u00e9 le calendrier pour le choix des directeurs adjoints aux d\u00e9partements au si\u00e8gemondial de l&#39;\u00e9glise.<\/p>\n<p>La propositionaurait repouss\u00e9 ces nominations de la Session de la Conf\u00e9rence G\u00e9n\u00e9rale \u00e0 la premi\u00e8rerencontre administrative tenue apr\u00e8s la session, c&#39;est \u00e0 dire au cours du moisd&#39;octobre.<\/p>\n<p>Les officiels del&#39;\u00e9glise ont \u00e9mis cette proposition afin de donner aux responsables de d\u00e9partementsnouvellement \u00e9lus plus de temps pour mettre en place leurs d\u00e9partementsrespectifs en choisissant des adjoints compl\u00e9mentaires. Dans le pass\u00e9, certainsd\u00e9l\u00e9gu\u00e9s avaient sugg\u00e9r\u00e9, qu&#39;au vu du grand nombre de votes devant \u00eatre prislors de la Session, la proc\u00e9dure pour le choix des adjoints se d\u00e9roulait de mani\u00e8reexp\u00e9ditive, laissant peu de place pour la discussion et la consid\u00e9ration.<\/p>\n<p>\u00ab Sommes-nousen train de demander \u00e0 la Commission de Nomination de faire trop et troprapidement ? \u00bb a dit aux d\u00e9l\u00e9gu\u00e9s l&#39;ancien pr\u00e9sident de l&#39;\u00e9glisemondiale, Jan Paulsen, alors qu&#39;il introduisait la discussion sur ce point de r\u00e8glementau Georgia Dome ce matin.<\/p>\n<p>La Constitutionet les r\u00e8glements de l&#39;Eglise doivent permettre a l&#39;eglise de conduire sesaffaires \u00ab de la mani\u00e8re la plus efficace et performante possible, \u00bb a-t-ildit, invitant les d\u00e9l\u00e9gu\u00e9s \u00e0 consid\u00e9rer s&#39;il \u00e9tait n\u00e9cessaire d&#39;effectuer unajustement pour servir au mieux la mission de l&#39;\u00e9glise.<\/p>\n<p>Apres une longuediscussion au cours de laquelle les diverses opinions se sont exprim\u00e9es, la majorit\u00e9aux deux tiers n\u00e9cessaire pour passer une proposition Constitutionnelle n&#39;a pas\u00e9t\u00e9 atteinte. Les d\u00e9l\u00e9gu\u00e9s en faveur et ceux qui \u00e9taient oppos\u00e9s ontrespectivement lev\u00e9 leurs cartes de vote jaunes pour un d\u00e9compte main par main \u00e0l&#39;issue duquel il s&#39;est av\u00e9r\u00e9 que seules 828 des 1028 voix n\u00e9cessaires avaient \u00e9t\u00e9r\u00e9colt\u00e9es, faisant ainsi couler la proposition. <\/p>\n<p>Plusieurs d\u00e9l\u00e9gu\u00e9ss&#39;opposant \u00e0 la proposition ont cit\u00e9 la repr\u00e9sentation et la logistique.Certains semblaient redouter le fait que cette proposition puisse menacer l&#39;autorit\u00e9qu&#39;a la Commission de Nomination de choisir les adjoints, alors que d&#39;autres ontremis en question le caract\u00e8re pratique de la proposition.<\/p>\n<p>\u00ab Ledirecteur de d\u00e9partement portera la charge de deux  jusqu&#39;\u00e0 ce que l&#39;adjoint puisse venir etservir, \u00bb a dit Heather-Dawn Small, directrice du Minist\u00e8re des Femmespour l&#39;\u00e9glise mondiale ; d&#39;apr\u00e8s ses sp\u00e9culations un adjoint \u00e9lu enoctobre pourrait ne pas arriver \u00e0 son d\u00e9partement avant huit ou dix mois, \u00e0cause des questions relatives aux visas d&#39;immigration pour les nomin\u00e9s \u00e9trangers.<\/p>\n<p>Ceux qui \u00e9taienten faveur ont indiqu\u00e9 que fonctionner pendant quelques mois sans un adjoint permettraitde s&#39;assurer que le meilleur candidat possible soit choisi.<\/p>\n<p>\u00ab Nos activit\u00e9sd\u00e9partementales sont sp\u00e9cialis\u00e9es, il nous faut des experts pour faire letravail, \u00bb a d\u00e9clar\u00e9 Kone Alla-Ridy qui repr\u00e9sente l&#39;Afrique CentraleOccidentale.<\/p>\n<p>Pourquoi ne pas d\u00e9buterle travail de la Commission de Nomination plus t\u00f4t dans la Session, a sugg\u00e9r\u00e9un d\u00e9l\u00e9gu\u00e9, bl\u00e2mant le manque de temps pour expliquer une grande partie de lapression que les membres ressentent lorsqu&#39;ils \u00e9lisent les adjoints au cours dela rencontre administrative de 10 jours.<\/p>\n<p>Si nous pouvonschoisir le pr\u00e9sident de l&#39;\u00e9glise mondiale en moins de quatre heures, nouspouvons certainement choisir des adjoints dans une p\u00e9riode similaire, \u00bb adit Gina Brown, membre de la Commission de Nomination et repr\u00e9sentant l&#39;Am\u00e9riquedu Nord. Elle a remis en question le fait que le probl\u00e8me soit r\u00e9ellement unequestion de temps.<\/p>\n<p>Le rejet de laproposition laisse les membres de la Commission de Nomination avec seulement 15minutes pour s\u00e9lectionner chaque officier restant, compte tenu du nombre importantde votes et le temps qui reste pour la Session, a d\u00e9clar\u00e9 Robert Kyte, pr\u00e9sidentde la Commission de Nomination.<\/p>\n<p>Si les d\u00e9l\u00e9gu\u00e9savaient vot\u00e9 la proposition, les membres du comit\u00e9 auraient dispos\u00e9 de 21minutes a dit Kyte aux d\u00e9l\u00e9gu\u00e9s.<\/p>\n<p>Plusieurs d\u00e9l\u00e9gu\u00e9sont d\u00e9battu pour savoir si le fait de renvoyer la d\u00e9cision \u00e0 la rencontre duComit\u00e9 Ex\u00e9cutif de l&#39;Eglise en Octobre faisait une grande diff\u00e9rence en termesde repr\u00e9sentation. Kevin Jackson, de la division du Pacifique Sud, a indiqu\u00e9que la \u00ab diff\u00e9rence majeure \u00bb \u00e9tait l&#39;inclusion des pr\u00e9sidents dechacune des divisions mondiales de l&#39;\u00e9glise dans le Comit\u00e9 Ex\u00e9cutif.<\/p>\n<p>\u00ab J&#39;aurais sugg\u00e9r\u00e9que leur inclusion en fait am\u00e8ne de la rigueur au processus, am\u00e9liorant ainsila qualit\u00e9 des d\u00e9cisions, \u00bb  a ajout\u00e9 Jackson.<\/p>\n<p>Les officiels del&#39;\u00e9glise qui servaient de mod\u00e9rateurs pour la discussion ont confirm\u00e9 que leComit\u00e9 Ex\u00e9cutif, avec ses 305 membres, est un groupe plus grand que laCommission de Nomination, qui compte un peu plus de 200 membres.<\/p>\n<p>Cependant, les d\u00e9l\u00e9gu\u00e9sont fait remarquer que voter la proposition signifiait bloquer le vote de la d\u00e9l\u00e9gationde pr\u00e8s de 2400 membres. Les d\u00e9l\u00e9gu\u00e9s de la Session peuvent voter d&#39;accepter oude rejeter toute recommandation faite par le Comit\u00e9 de Nomination, en \u00e9largissantle groupe de personnes pouvant proposer, pendant le Concile Annuel, il n&#39;y aalors plus de tel corps constitu\u00e9 pour peser dans un sens ou un autre sur les d\u00e9cisionsdu Comit\u00e9 Ex\u00e9cutif.<\/p>\n<p>Mais les d\u00e9l\u00e9gu\u00e9s\u00e0 la Session \u00e9lisent le Comite de Nomination de l&#39;Eglise, pourquoi neferaient-ils pas confiance \u00e0 ses d\u00e9cisions a demand\u00e9 Gideon Chiaeze Nwaogwugwu,repr\u00e9sentant l&#39;\u00e9glise Adventiste dans la division de l&#39;Afrique CentraleOccidentale. \u00ab Avons-nous perdu confiance dans le Comit\u00e9 Ex\u00e9cutif ?Si c&#39;est le cas, cela signifie qu&#39;il nous faut remettre en question toute lastructure de l&#39;\u00e9glise, \u00bb a-t-il ajout\u00e9.<\/p>\n<p>A noter que plusieursresponsables de d\u00e9partement au si\u00e8ge de l&#39;\u00e9glise mondiale, y compris HeatherSmall et Garland Dulan qui dirige le d\u00e9partement de l&#39;\u00e9ducation de l&#39;\u00e9glisemondiale, ont exprim\u00e9 leur opposition \u00e0 la proposition. Le gros du soutien \u00e0 lamesure propos\u00e9e semblait venir de d\u00e9l\u00e9gu\u00e9s repr\u00e9sentant d&#39;autres niveauxadministratifs.<\/p>\n<p>Il y a eucependant deux exceptions. Richard Osborn, un d\u00e9l\u00e9gu\u00e9 repr\u00e9sentant la Conf\u00e9renceG\u00e9n\u00e9rale et ayant d\u00e9j\u00e0 servi dans une Commission de Nomination a d\u00e9clar\u00e9 quelui et d&#39;autres coll\u00e8gues ont ressenti \u00ab une \u00e9norme pression \u00bb pourfaire un travail rapide plut\u00f4t que de prendre des d\u00e9cisions r\u00e9fl\u00e9chies. \u00ab Lechaos qui s&#39;est install\u00e9 vers la fin de la semaine a conduit \u00e0 prendre de pi\u00e8tresd\u00e9cisions \u00bb a-t-il indiqu\u00e9.<\/p>\n<p>Nous prenons plusde temps pour choisir un enseignant de l&#39;\u00e9cole primaire que nous n&#39;en prenonspour choisir certains des principaux leaders de l&#39;\u00e9glise. \u00bb<\/p>\n","protected":false},"excerpt":{"rendered":"<p>Les d\u00e9l\u00e9gu\u00e9s de l&#39;\u00e9gliseAdventiste du Septi\u00e8me jour ont rejet\u00e9 aujourd&#39;hui une proposition qui auraitchang\u00e9 le calendrier pour le choix des directeurs adjoints aux d\u00e9partements au<\/p>\n","protected":false},"author":1,"featured_media":0,"comment_status":"closed","ping_status":"closed","sticky":false,"template":"","format":"standard","meta":{"_acf_changed":false,"footnotes":""},"categories":[9],"tags":[],"class_list":["post-13383","post","type-post","status-publish","format-standard","hentry","category-archive-fr"],"acf":[],"yoast_head":"<!-- This site is optimized with the Yoast SEO plugin v27.3 - https:\/\/yoast.com\/product\/yoast-seo-wordpress\/ -->\n<title>Rejet de la propositionvisant \u00e0 changer le moment de l&#039;\u00e9lection des adjoints aux d\u00e9partements - \u00c9glise Adventiste Du Septieme Jour - Inter Am\u00e9rique Division<\/title>\n<meta name=\"robots\" content=\"index, follow, max-snippet:-1, max-image-preview:large, max-video-preview:-1\" \/>\n<link rel=\"canonical\" href=\"https:\/\/interamerica.org\/fr\/2010\/06\/rejet-de-la-propositionvisant-a-changer-le-moment-de-lelection-des-adjoints-aux-departements\/\" \/>\n<meta property=\"og:locale\" content=\"fr_FR\" \/>\n<meta property=\"og:type\" content=\"article\" \/>\n<meta property=\"og:title\" content=\"Rejet de la propositionvisant \u00e0 changer le moment de l&#039;\u00e9lection des adjoints aux d\u00e9partements - \u00c9glise Adventiste Du Septieme Jour - Inter Am\u00e9rique Division\" \/>\n<meta property=\"og:description\" content=\"Les d\u00e9l\u00e9gu\u00e9s de l&#039;\u00e9gliseAdventiste du Septi\u00e8me jour ont rejet\u00e9 aujourd&#039;hui une proposition qui auraitchang\u00e9 le calendrier pour le choix des directeurs adjoints aux d\u00e9partements au\" \/>\n<meta property=\"og:url\" content=\"https:\/\/interamerica.org\/fr\/2010\/06\/rejet-de-la-propositionvisant-a-changer-le-moment-de-lelection-des-adjoints-aux-departements\/\" \/>\n<meta property=\"og:site_name\" content=\"\u00c9glise Adventiste Du Septieme Jour - Inter Am\u00e9rique Division\" \/>\n<meta property=\"article:published_time\" content=\"2010-06-27T04:00:00+00:00\" \/>\n<meta property=\"article:modified_time\" content=\"2017-06-02T17:03:43+00:00\" \/>\n<meta name=\"author\" content=\"Lorenzo Verduzco\" \/>\n<meta name=\"twitter:card\" content=\"summary_large_image\" \/>\n<meta name=\"twitter:label1\" content=\"\u00c9crit par\" \/>\n\t<meta name=\"twitter:data1\" content=\"Lorenzo Verduzco\" \/>\n\t<meta name=\"twitter:label2\" content=\"Dur\u00e9e de lecture estim\u00e9e\" \/>\n\t<meta name=\"twitter:data2\" content=\"6 minutes\" \/>\n<script type=\"application\/ld+json\" class=\"yoast-schema-graph\">{\"@context\":\"https:\\\/\\\/schema.org\",\"@graph\":[{\"@type\":\"Article\",\"@id\":\"https:\\\/\\\/interamerica.org\\\/fr\\\/2010\\\/06\\\/rejet-de-la-propositionvisant-a-changer-le-moment-de-lelection-des-adjoints-aux-departements\\\/#article\",\"isPartOf\":{\"@id\":\"https:\\\/\\\/interamerica.org\\\/fr\\\/2010\\\/06\\\/rejet-de-la-propositionvisant-a-changer-le-moment-de-lelection-des-adjoints-aux-departements\\\/\"},\"author\":{\"name\":\"Lorenzo Verduzco\",\"@id\":\"https:\\\/\\\/interamerica.org\\\/fr\\\/#\\\/schema\\\/person\\\/68ede8bdc292885bb76c1e3810e73c39\"},\"headline\":\"Rejet de la propositionvisant \u00e0 changer le moment de l&#39;\u00e9lection des adjoints aux d\u00e9partements\",\"datePublished\":\"2010-06-27T04:00:00+00:00\",\"dateModified\":\"2017-06-02T17:03:43+00:00\",\"mainEntityOfPage\":{\"@id\":\"https:\\\/\\\/interamerica.org\\\/fr\\\/2010\\\/06\\\/rejet-de-la-propositionvisant-a-changer-le-moment-de-lelection-des-adjoints-aux-departements\\\/\"},\"wordCount\":1147,\"articleSection\":[\"Archive\"],\"inLanguage\":\"fr-FR\"},{\"@type\":\"WebPage\",\"@id\":\"https:\\\/\\\/interamerica.org\\\/fr\\\/2010\\\/06\\\/rejet-de-la-propositionvisant-a-changer-le-moment-de-lelection-des-adjoints-aux-departements\\\/\",\"url\":\"https:\\\/\\\/interamerica.org\\\/fr\\\/2010\\\/06\\\/rejet-de-la-propositionvisant-a-changer-le-moment-de-lelection-des-adjoints-aux-departements\\\/\",\"name\":\"Rejet de la propositionvisant \u00e0 changer le moment de l&#39;\u00e9lection des adjoints aux d\u00e9partements - \u00c9glise Adventiste Du Septieme Jour - Inter Am\u00e9rique Division\",\"isPartOf\":{\"@id\":\"https:\\\/\\\/interamerica.org\\\/fr\\\/#website\"},\"datePublished\":\"2010-06-27T04:00:00+00:00\",\"dateModified\":\"2017-06-02T17:03:43+00:00\",\"author\":{\"@id\":\"https:\\\/\\\/interamerica.org\\\/fr\\\/#\\\/schema\\\/person\\\/68ede8bdc292885bb76c1e3810e73c39\"},\"breadcrumb\":{\"@id\":\"https:\\\/\\\/interamerica.org\\\/fr\\\/2010\\\/06\\\/rejet-de-la-propositionvisant-a-changer-le-moment-de-lelection-des-adjoints-aux-departements\\\/#breadcrumb\"},\"inLanguage\":\"fr-FR\",\"potentialAction\":[{\"@type\":\"ReadAction\",\"target\":[\"https:\\\/\\\/interamerica.org\\\/fr\\\/2010\\\/06\\\/rejet-de-la-propositionvisant-a-changer-le-moment-de-lelection-des-adjoints-aux-departements\\\/\"]}]},{\"@type\":\"BreadcrumbList\",\"@id\":\"https:\\\/\\\/interamerica.org\\\/fr\\\/2010\\\/06\\\/rejet-de-la-propositionvisant-a-changer-le-moment-de-lelection-des-adjoints-aux-departements\\\/#breadcrumb\",\"itemListElement\":[{\"@type\":\"ListItem\",\"position\":1,\"name\":\"Home\",\"item\":\"https:\\\/\\\/interamerica.org\\\/fr\\\/\"},{\"@type\":\"ListItem\",\"position\":2,\"name\":\"Rejet de la propositionvisant \u00e0 changer le moment de l&#39;\u00e9lection des adjoints aux d\u00e9partements\"}]},{\"@type\":\"WebSite\",\"@id\":\"https:\\\/\\\/interamerica.org\\\/fr\\\/#website\",\"url\":\"https:\\\/\\\/interamerica.org\\\/fr\\\/\",\"name\":\"\u00c9glise Adventiste Du Septieme Jour - Inter Am\u00e9rique Division\",\"description\":\"\",\"potentialAction\":[{\"@type\":\"SearchAction\",\"target\":{\"@type\":\"EntryPoint\",\"urlTemplate\":\"https:\\\/\\\/interamerica.org\\\/fr\\\/?s={search_term_string}\"},\"query-input\":{\"@type\":\"PropertyValueSpecification\",\"valueRequired\":true,\"valueName\":\"search_term_string\"}}],\"inLanguage\":\"fr-FR\"},{\"@type\":\"Person\",\"@id\":\"https:\\\/\\\/interamerica.org\\\/fr\\\/#\\\/schema\\\/person\\\/68ede8bdc292885bb76c1e3810e73c39\",\"name\":\"Lorenzo Verduzco\",\"image\":{\"@type\":\"ImageObject\",\"inLanguage\":\"fr-FR\",\"@id\":\"https:\\\/\\\/secure.gravatar.com\\\/avatar\\\/fb81a55b6218459490a9c1dc841a34909185b81904c5337b4b27f7a6fd60c49e?s=96&d=mm&r=g\",\"url\":\"https:\\\/\\\/secure.gravatar.com\\\/avatar\\\/fb81a55b6218459490a9c1dc841a34909185b81904c5337b4b27f7a6fd60c49e?s=96&d=mm&r=g\",\"contentUrl\":\"https:\\\/\\\/secure.gravatar.com\\\/avatar\\\/fb81a55b6218459490a9c1dc841a34909185b81904c5337b4b27f7a6fd60c49e?s=96&d=mm&r=g\",\"caption\":\"Lorenzo Verduzco\"}}]}<\/script>\n<!-- \/ Yoast SEO plugin. -->","yoast_head_json":{"title":"Rejet de la propositionvisant \u00e0 changer le moment de l&#39;\u00e9lection des adjoints aux d\u00e9partements - \u00c9glise Adventiste Du Septieme Jour - Inter Am\u00e9rique Division","robots":{"index":"index","follow":"follow","max-snippet":"max-snippet:-1","max-image-preview":"max-image-preview:large","max-video-preview":"max-video-preview:-1"},"canonical":"https:\/\/interamerica.org\/fr\/2010\/06\/rejet-de-la-propositionvisant-a-changer-le-moment-de-lelection-des-adjoints-aux-departements\/","og_locale":"fr_FR","og_type":"article","og_title":"Rejet de la propositionvisant \u00e0 changer le moment de l&#39;\u00e9lection des adjoints aux d\u00e9partements - \u00c9glise Adventiste Du Septieme Jour - Inter Am\u00e9rique Division","og_description":"Les d\u00e9l\u00e9gu\u00e9s de l&#39;\u00e9gliseAdventiste du Septi\u00e8me jour ont rejet\u00e9 aujourd&#39;hui une proposition qui auraitchang\u00e9 le calendrier pour le choix des directeurs adjoints aux d\u00e9partements au","og_url":"https:\/\/interamerica.org\/fr\/2010\/06\/rejet-de-la-propositionvisant-a-changer-le-moment-de-lelection-des-adjoints-aux-departements\/","og_site_name":"\u00c9glise Adventiste Du Septieme Jour - Inter Am\u00e9rique Division","article_published_time":"2010-06-27T04:00:00+00:00","article_modified_time":"2017-06-02T17:03:43+00:00","author":"Lorenzo Verduzco","twitter_card":"summary_large_image","twitter_misc":{"\u00c9crit par":"Lorenzo Verduzco","Dur\u00e9e de lecture estim\u00e9e":"6 minutes"},"schema":{"@context":"https:\/\/schema.org","@graph":[{"@type":"Article","@id":"https:\/\/interamerica.org\/fr\/2010\/06\/rejet-de-la-propositionvisant-a-changer-le-moment-de-lelection-des-adjoints-aux-departements\/#article","isPartOf":{"@id":"https:\/\/interamerica.org\/fr\/2010\/06\/rejet-de-la-propositionvisant-a-changer-le-moment-de-lelection-des-adjoints-aux-departements\/"},"author":{"name":"Lorenzo Verduzco","@id":"https:\/\/interamerica.org\/fr\/#\/schema\/person\/68ede8bdc292885bb76c1e3810e73c39"},"headline":"Rejet de la propositionvisant \u00e0 changer le moment de l&#39;\u00e9lection des adjoints aux d\u00e9partements","datePublished":"2010-06-27T04:00:00+00:00","dateModified":"2017-06-02T17:03:43+00:00","mainEntityOfPage":{"@id":"https:\/\/interamerica.org\/fr\/2010\/06\/rejet-de-la-propositionvisant-a-changer-le-moment-de-lelection-des-adjoints-aux-departements\/"},"wordCount":1147,"articleSection":["Archive"],"inLanguage":"fr-FR"},{"@type":"WebPage","@id":"https:\/\/interamerica.org\/fr\/2010\/06\/rejet-de-la-propositionvisant-a-changer-le-moment-de-lelection-des-adjoints-aux-departements\/","url":"https:\/\/interamerica.org\/fr\/2010\/06\/rejet-de-la-propositionvisant-a-changer-le-moment-de-lelection-des-adjoints-aux-departements\/","name":"Rejet de la propositionvisant \u00e0 changer le moment de l&#39;\u00e9lection des adjoints aux d\u00e9partements - \u00c9glise Adventiste Du Septieme Jour - Inter Am\u00e9rique Division","isPartOf":{"@id":"https:\/\/interamerica.org\/fr\/#website"},"datePublished":"2010-06-27T04:00:00+00:00","dateModified":"2017-06-02T17:03:43+00:00","author":{"@id":"https:\/\/interamerica.org\/fr\/#\/schema\/person\/68ede8bdc292885bb76c1e3810e73c39"},"breadcrumb":{"@id":"https:\/\/interamerica.org\/fr\/2010\/06\/rejet-de-la-propositionvisant-a-changer-le-moment-de-lelection-des-adjoints-aux-departements\/#breadcrumb"},"inLanguage":"fr-FR","potentialAction":[{"@type":"ReadAction","target":["https:\/\/interamerica.org\/fr\/2010\/06\/rejet-de-la-propositionvisant-a-changer-le-moment-de-lelection-des-adjoints-aux-departements\/"]}]},{"@type":"BreadcrumbList","@id":"https:\/\/interamerica.org\/fr\/2010\/06\/rejet-de-la-propositionvisant-a-changer-le-moment-de-lelection-des-adjoints-aux-departements\/#breadcrumb","itemListElement":[{"@type":"ListItem","position":1,"name":"Home","item":"https:\/\/interamerica.org\/fr\/"},{"@type":"ListItem","position":2,"name":"Rejet de la propositionvisant \u00e0 changer le moment de l&#39;\u00e9lection des adjoints aux d\u00e9partements"}]},{"@type":"WebSite","@id":"https:\/\/interamerica.org\/fr\/#website","url":"https:\/\/interamerica.org\/fr\/","name":"\u00c9glise Adventiste Du Septieme Jour - Inter Am\u00e9rique Division","description":"","potentialAction":[{"@type":"SearchAction","target":{"@type":"EntryPoint","urlTemplate":"https:\/\/interamerica.org\/fr\/?s={search_term_string}"},"query-input":{"@type":"PropertyValueSpecification","valueRequired":true,"valueName":"search_term_string"}}],"inLanguage":"fr-FR"},{"@type":"Person","@id":"https:\/\/interamerica.org\/fr\/#\/schema\/person\/68ede8bdc292885bb76c1e3810e73c39","name":"Lorenzo Verduzco","image":{"@type":"ImageObject","inLanguage":"fr-FR","@id":"https:\/\/secure.gravatar.com\/avatar\/fb81a55b6218459490a9c1dc841a34909185b81904c5337b4b27f7a6fd60c49e?s=96&d=mm&r=g","url":"https:\/\/secure.gravatar.com\/avatar\/fb81a55b6218459490a9c1dc841a34909185b81904c5337b4b27f7a6fd60c49e?s=96&d=mm&r=g","contentUrl":"https:\/\/secure.gravatar.com\/avatar\/fb81a55b6218459490a9c1dc841a34909185b81904c5337b4b27f7a6fd60c49e?s=96&d=mm&r=g","caption":"Lorenzo Verduzco"}}]}},"_links":{"self":[{"href":"https:\/\/interamerica.org\/fr\/wp-json\/wp\/v2\/posts\/13383","targetHints":{"allow":["GET"]}}],"collection":[{"href":"https:\/\/interamerica.org\/fr\/wp-json\/wp\/v2\/posts"}],"about":[{"href":"https:\/\/interamerica.org\/fr\/wp-json\/wp\/v2\/types\/post"}],"author":[{"embeddable":true,"href":"https:\/\/interamerica.org\/fr\/wp-json\/wp\/v2\/users\/1"}],"replies":[{"embeddable":true,"href":"https:\/\/interamerica.org\/fr\/wp-json\/wp\/v2\/comments?post=13383"}],"version-history":[{"count":0,"href":"https:\/\/interamerica.org\/fr\/wp-json\/wp\/v2\/posts\/13383\/revisions"}],"wp:attachment":[{"href":"https:\/\/interamerica.org\/fr\/wp-json\/wp\/v2\/media?parent=13383"}],"wp:term":[{"taxonomy":"category","embeddable":true,"href":"https:\/\/interamerica.org\/fr\/wp-json\/wp\/v2\/categories?post=13383"},{"taxonomy":"post_tag","embeddable":true,"href":"https:\/\/interamerica.org\/fr\/wp-json\/wp\/v2\/tags?post=13383"}],"curies":[{"name":"wp","href":"https:\/\/api.w.org\/{rel}","templated":true}]}}