{"id":13385,"date":"2010-06-27T00:00:00","date_gmt":"2010-06-27T04:00:00","guid":{"rendered":"http:\/\/192.81.217.108\/interamerica\/2010\/06\/la-temperance-est-encore-le-pilier-de-leglise\/"},"modified":"2017-06-02T13:03:44","modified_gmt":"2017-06-02T17:03:44","slug":"la-temperance-est-encore-le-pilier-de-leglise","status":"publish","type":"post","link":"https:\/\/interamerica.org\/fr\/2010\/06\/la-temperance-est-encore-le-pilier-de-leglise\/","title":{"rendered":"La temp\u00e9rance est encore le pilier de l&#39;\u00e9glise"},"content":{"rendered":"<p>27 juin 2010, Atlanta, Georgie, Etats-Unis&#8230; Arin Gencer <\/p>\n<p>Des dirigeants et des d\u00e9l\u00e9gu\u00e9s du monde ont sign\u00e9 un contrat de temp\u00e9rance dimanche apr\u00e8s-midi au cours de la Session de la Conf\u00e9rence G\u00e9n\u00e9rale. <\/p>\n<p>Le contrat, propos\u00e9 dans l&#39;apr\u00e8s-midi de la r\u00e9union d&#39;affaires tenue au Georgia Dome, enjoint le signataire \u00ab\u00a0\u00e0 \u00e9viter l&#39;alcool et le tabac, ainsi que toutes les autres substances et pratiques nuisibles.\u00a0\u00bb <\/p>\n<p>La petite carte du contrat peut \u00eatre ins\u00e9r\u00e9e dans les portefeuilles et sacs de telle sorte qu&#39;on puisse l&#39;avoir constamment en vue de se souvenir du contenu,\u00a0\u00bb a dit Peter Landless, directeur associ\u00e9 du Minist\u00e8re de Sant\u00e9 de l&#39;\u00e9glise mondiale. <\/p>\n<p>Landless et James Nix, directeur du fiduciaire d&#39;Ellen G. White, ont  pr\u00e9sent\u00e9 le contrat aux d\u00e9l\u00e9gu\u00e9s imm\u00e9diatement apr\u00e8s que la Responsable en Chef du Service de la Sant\u00e9 Publique Regina M. Benjamin eut pris la parole et mis l&#39;emphase sur l&#39;importance d&#39;une vie saine. <\/p>\n<p>Nix a pr\u00e9sent\u00e9 un contrat encadr\u00e9 sign\u00e9 par John Harvey Kellogg, un m\u00e9decin qui fonda le sanatorium Adventiste du Septi\u00e8me jour de Battle Creek, \u00e0 Michigan, sanatorium devenu c\u00e9l\u00e8bre apr\u00e8s qu&#39;il eut pris la direction en 1875. Une pi\u00e8ce c\u00e9l\u00e8bre du d\u00e9but du mouvement de temp\u00e9rance de l&#39;\u00e9glise, le document est accroch\u00e9 au bureau de Nix, a-t-il dit.\u00a0\u00bb <\/p>\n<p>Ellen White avait vraiment, vraiment promu de fa\u00e7on \u00e9nergique la signature de ce contrat de temp\u00e9rance, et nous savons qu&#39;elle l&#39;avait sign\u00e9 personellement.\u00a0\u00bb dit Nix se ref\u00e9rant \u00e0 ce membre fondateur de l&#39;Eglise Adventiste. <\/p>\n<p>White d\u00e9finit la temp\u00e9rance comme \u00e9tant un abandon \u00ab\u00a0complet de tout ce qui est nuisible\u00a0\u00bb et l&#39;utilisation judicieuse de ce qui est sain, a-t-il ajout\u00e9. <\/p>\n<p>Le contrat stipule, \u00ab\u00a0Etant conscient de la responsabilit\u00e9 et envers moi-m\u00eame et envers les autres, par la gr\u00e2ce de Dieu, je m&#39;engage \u00e0 \u00e9viter l&#39;acool et le tabac, ainsi que toutes les autres substances et pratiques nuisibles.\u00a0\u00bb <\/p>\n<p>L&#39;\u00e9glise s&#39;est toujours oppos\u00e9 \u00e0 l&#39;usage de l&#39;alcool, du tabac et d&#39;autres drogues d\u00e8sses d\u00e9buts au cours du 19\u00e8me si\u00e8cle.  L&#39;abstention de substances nuisibles est l&#39;une des croyances fondamentales de l&#39;\u00e9glise, qui d\u00e9clare que \u00ab\u00a0puisque les boissons alcooliques et l&#39;usage incontr\u00f4l\u00e9e des drogues et des narcotiques sont nuisibles \u00e0 notre corps, nous devons nous en abstenir.\u00a0\u00bb <\/p>\n<p>La d\u00e9claration se poursuit ainsi et dit que \u00ab\u00a0nous devons nous engager \u00e0 tout ce qui apporte \u00e0 nos pens\u00e9es et notre corps la discipline du Christ, qui d\u00e9sire notre saintet\u00e9, notre joie et notre bien-\u00eatre.\u00a0\u00bb <\/p>\n<p>En s&#39;appuyant sur cette position, l&#39;\u00e9glise et ses institutions affili\u00e9es n&#39;acceptent pas de dons des fabriques d&#39;alcool et de tabac.  En 1992, les responsables du Concile Annuel ont demand\u00e9 que ses principes de temp\u00e9rance soient renouvel\u00e9s et une fois de plus a recommand\u00e9 aux gens et aux organisations de rejeter tout don et faveur en provenance de ces industries. <\/p>\n","protected":false},"excerpt":{"rendered":"<p>Des dirigeants et des d\u00e9l\u00e9gu\u00e9s du monde ont sign\u00e9 un contrat de temp\u00e9rance dimanche apr\u00e8s-midi au cours de la Session de la Conf\u00e9rence G\u00e9n\u00e9rale.<\/p>\n","protected":false},"author":1,"featured_media":0,"comment_status":"closed","ping_status":"closed","sticky":false,"template":"","format":"standard","meta":{"_acf_changed":false,"footnotes":""},"categories":[9],"tags":[],"class_list":["post-13385","post","type-post","status-publish","format-standard","hentry","category-archive-fr"],"acf":[],"yoast_head":"<!-- This site is optimized with the Yoast SEO plugin v27.3 - https:\/\/yoast.com\/product\/yoast-seo-wordpress\/ -->\n<title>La temp\u00e9rance est encore le pilier de l&#039;\u00e9glise - \u00c9glise Adventiste Du Septieme Jour - Inter Am\u00e9rique Division<\/title>\n<meta name=\"robots\" content=\"index, follow, max-snippet:-1, max-image-preview:large, max-video-preview:-1\" \/>\n<link rel=\"canonical\" href=\"https:\/\/interamerica.org\/fr\/2010\/06\/la-temperance-est-encore-le-pilier-de-leglise\/\" \/>\n<meta property=\"og:locale\" content=\"fr_FR\" \/>\n<meta property=\"og:type\" content=\"article\" \/>\n<meta property=\"og:title\" content=\"La temp\u00e9rance est encore le pilier de l&#039;\u00e9glise - \u00c9glise Adventiste Du Septieme Jour - Inter Am\u00e9rique Division\" \/>\n<meta property=\"og:description\" content=\"Des dirigeants et des d\u00e9l\u00e9gu\u00e9s du monde ont sign\u00e9 un contrat de temp\u00e9rance dimanche apr\u00e8s-midi au cours de la Session de la Conf\u00e9rence G\u00e9n\u00e9rale.\" \/>\n<meta property=\"og:url\" content=\"https:\/\/interamerica.org\/fr\/2010\/06\/la-temperance-est-encore-le-pilier-de-leglise\/\" \/>\n<meta property=\"og:site_name\" content=\"\u00c9glise Adventiste Du Septieme Jour - Inter Am\u00e9rique Division\" \/>\n<meta property=\"article:published_time\" content=\"2010-06-27T04:00:00+00:00\" \/>\n<meta property=\"article:modified_time\" content=\"2017-06-02T17:03:44+00:00\" \/>\n<meta name=\"author\" content=\"Lorenzo Verduzco\" \/>\n<meta name=\"twitter:card\" content=\"summary_large_image\" \/>\n<meta name=\"twitter:label1\" content=\"\u00c9crit par\" \/>\n\t<meta name=\"twitter:data1\" content=\"Lorenzo Verduzco\" \/>\n\t<meta name=\"twitter:label2\" content=\"Dur\u00e9e de lecture estim\u00e9e\" \/>\n\t<meta name=\"twitter:data2\" content=\"3 minutes\" \/>\n<script type=\"application\/ld+json\" class=\"yoast-schema-graph\">{\"@context\":\"https:\\\/\\\/schema.org\",\"@graph\":[{\"@type\":\"Article\",\"@id\":\"https:\\\/\\\/interamerica.org\\\/fr\\\/2010\\\/06\\\/la-temperance-est-encore-le-pilier-de-leglise\\\/#article\",\"isPartOf\":{\"@id\":\"https:\\\/\\\/interamerica.org\\\/fr\\\/2010\\\/06\\\/la-temperance-est-encore-le-pilier-de-leglise\\\/\"},\"author\":{\"name\":\"Lorenzo Verduzco\",\"@id\":\"https:\\\/\\\/interamerica.org\\\/fr\\\/#\\\/schema\\\/person\\\/68ede8bdc292885bb76c1e3810e73c39\"},\"headline\":\"La temp\u00e9rance est encore le pilier de l&#39;\u00e9glise\",\"datePublished\":\"2010-06-27T04:00:00+00:00\",\"dateModified\":\"2017-06-02T17:03:44+00:00\",\"mainEntityOfPage\":{\"@id\":\"https:\\\/\\\/interamerica.org\\\/fr\\\/2010\\\/06\\\/la-temperance-est-encore-le-pilier-de-leglise\\\/\"},\"wordCount\":531,\"articleSection\":[\"Archive\"],\"inLanguage\":\"fr-FR\"},{\"@type\":\"WebPage\",\"@id\":\"https:\\\/\\\/interamerica.org\\\/fr\\\/2010\\\/06\\\/la-temperance-est-encore-le-pilier-de-leglise\\\/\",\"url\":\"https:\\\/\\\/interamerica.org\\\/fr\\\/2010\\\/06\\\/la-temperance-est-encore-le-pilier-de-leglise\\\/\",\"name\":\"La temp\u00e9rance est encore le pilier de l&#39;\u00e9glise - \u00c9glise Adventiste Du Septieme Jour - Inter Am\u00e9rique Division\",\"isPartOf\":{\"@id\":\"https:\\\/\\\/interamerica.org\\\/fr\\\/#website\"},\"datePublished\":\"2010-06-27T04:00:00+00:00\",\"dateModified\":\"2017-06-02T17:03:44+00:00\",\"author\":{\"@id\":\"https:\\\/\\\/interamerica.org\\\/fr\\\/#\\\/schema\\\/person\\\/68ede8bdc292885bb76c1e3810e73c39\"},\"breadcrumb\":{\"@id\":\"https:\\\/\\\/interamerica.org\\\/fr\\\/2010\\\/06\\\/la-temperance-est-encore-le-pilier-de-leglise\\\/#breadcrumb\"},\"inLanguage\":\"fr-FR\",\"potentialAction\":[{\"@type\":\"ReadAction\",\"target\":[\"https:\\\/\\\/interamerica.org\\\/fr\\\/2010\\\/06\\\/la-temperance-est-encore-le-pilier-de-leglise\\\/\"]}]},{\"@type\":\"BreadcrumbList\",\"@id\":\"https:\\\/\\\/interamerica.org\\\/fr\\\/2010\\\/06\\\/la-temperance-est-encore-le-pilier-de-leglise\\\/#breadcrumb\",\"itemListElement\":[{\"@type\":\"ListItem\",\"position\":1,\"name\":\"Home\",\"item\":\"https:\\\/\\\/interamerica.org\\\/fr\\\/\"},{\"@type\":\"ListItem\",\"position\":2,\"name\":\"La temp\u00e9rance est encore le pilier de l&#39;\u00e9glise\"}]},{\"@type\":\"WebSite\",\"@id\":\"https:\\\/\\\/interamerica.org\\\/fr\\\/#website\",\"url\":\"https:\\\/\\\/interamerica.org\\\/fr\\\/\",\"name\":\"\u00c9glise Adventiste Du Septieme Jour - Inter Am\u00e9rique Division\",\"description\":\"\",\"potentialAction\":[{\"@type\":\"SearchAction\",\"target\":{\"@type\":\"EntryPoint\",\"urlTemplate\":\"https:\\\/\\\/interamerica.org\\\/fr\\\/?s={search_term_string}\"},\"query-input\":{\"@type\":\"PropertyValueSpecification\",\"valueRequired\":true,\"valueName\":\"search_term_string\"}}],\"inLanguage\":\"fr-FR\"},{\"@type\":\"Person\",\"@id\":\"https:\\\/\\\/interamerica.org\\\/fr\\\/#\\\/schema\\\/person\\\/68ede8bdc292885bb76c1e3810e73c39\",\"name\":\"Lorenzo Verduzco\",\"image\":{\"@type\":\"ImageObject\",\"inLanguage\":\"fr-FR\",\"@id\":\"https:\\\/\\\/secure.gravatar.com\\\/avatar\\\/fb81a55b6218459490a9c1dc841a34909185b81904c5337b4b27f7a6fd60c49e?s=96&d=mm&r=g\",\"url\":\"https:\\\/\\\/secure.gravatar.com\\\/avatar\\\/fb81a55b6218459490a9c1dc841a34909185b81904c5337b4b27f7a6fd60c49e?s=96&d=mm&r=g\",\"contentUrl\":\"https:\\\/\\\/secure.gravatar.com\\\/avatar\\\/fb81a55b6218459490a9c1dc841a34909185b81904c5337b4b27f7a6fd60c49e?s=96&d=mm&r=g\",\"caption\":\"Lorenzo Verduzco\"}}]}<\/script>\n<!-- \/ Yoast SEO plugin. -->","yoast_head_json":{"title":"La temp\u00e9rance est encore le pilier de l&#39;\u00e9glise - \u00c9glise Adventiste Du Septieme Jour - Inter Am\u00e9rique Division","robots":{"index":"index","follow":"follow","max-snippet":"max-snippet:-1","max-image-preview":"max-image-preview:large","max-video-preview":"max-video-preview:-1"},"canonical":"https:\/\/interamerica.org\/fr\/2010\/06\/la-temperance-est-encore-le-pilier-de-leglise\/","og_locale":"fr_FR","og_type":"article","og_title":"La temp\u00e9rance est encore le pilier de l&#39;\u00e9glise - \u00c9glise Adventiste Du Septieme Jour - Inter Am\u00e9rique Division","og_description":"Des dirigeants et des d\u00e9l\u00e9gu\u00e9s du monde ont sign\u00e9 un contrat de temp\u00e9rance dimanche apr\u00e8s-midi au cours de la Session de la Conf\u00e9rence G\u00e9n\u00e9rale.","og_url":"https:\/\/interamerica.org\/fr\/2010\/06\/la-temperance-est-encore-le-pilier-de-leglise\/","og_site_name":"\u00c9glise Adventiste Du Septieme Jour - Inter Am\u00e9rique Division","article_published_time":"2010-06-27T04:00:00+00:00","article_modified_time":"2017-06-02T17:03:44+00:00","author":"Lorenzo Verduzco","twitter_card":"summary_large_image","twitter_misc":{"\u00c9crit par":"Lorenzo Verduzco","Dur\u00e9e de lecture estim\u00e9e":"3 minutes"},"schema":{"@context":"https:\/\/schema.org","@graph":[{"@type":"Article","@id":"https:\/\/interamerica.org\/fr\/2010\/06\/la-temperance-est-encore-le-pilier-de-leglise\/#article","isPartOf":{"@id":"https:\/\/interamerica.org\/fr\/2010\/06\/la-temperance-est-encore-le-pilier-de-leglise\/"},"author":{"name":"Lorenzo Verduzco","@id":"https:\/\/interamerica.org\/fr\/#\/schema\/person\/68ede8bdc292885bb76c1e3810e73c39"},"headline":"La temp\u00e9rance est encore le pilier de l&#39;\u00e9glise","datePublished":"2010-06-27T04:00:00+00:00","dateModified":"2017-06-02T17:03:44+00:00","mainEntityOfPage":{"@id":"https:\/\/interamerica.org\/fr\/2010\/06\/la-temperance-est-encore-le-pilier-de-leglise\/"},"wordCount":531,"articleSection":["Archive"],"inLanguage":"fr-FR"},{"@type":"WebPage","@id":"https:\/\/interamerica.org\/fr\/2010\/06\/la-temperance-est-encore-le-pilier-de-leglise\/","url":"https:\/\/interamerica.org\/fr\/2010\/06\/la-temperance-est-encore-le-pilier-de-leglise\/","name":"La temp\u00e9rance est encore le pilier de l&#39;\u00e9glise - \u00c9glise Adventiste Du Septieme Jour - Inter Am\u00e9rique Division","isPartOf":{"@id":"https:\/\/interamerica.org\/fr\/#website"},"datePublished":"2010-06-27T04:00:00+00:00","dateModified":"2017-06-02T17:03:44+00:00","author":{"@id":"https:\/\/interamerica.org\/fr\/#\/schema\/person\/68ede8bdc292885bb76c1e3810e73c39"},"breadcrumb":{"@id":"https:\/\/interamerica.org\/fr\/2010\/06\/la-temperance-est-encore-le-pilier-de-leglise\/#breadcrumb"},"inLanguage":"fr-FR","potentialAction":[{"@type":"ReadAction","target":["https:\/\/interamerica.org\/fr\/2010\/06\/la-temperance-est-encore-le-pilier-de-leglise\/"]}]},{"@type":"BreadcrumbList","@id":"https:\/\/interamerica.org\/fr\/2010\/06\/la-temperance-est-encore-le-pilier-de-leglise\/#breadcrumb","itemListElement":[{"@type":"ListItem","position":1,"name":"Home","item":"https:\/\/interamerica.org\/fr\/"},{"@type":"ListItem","position":2,"name":"La temp\u00e9rance est encore le pilier de l&#39;\u00e9glise"}]},{"@type":"WebSite","@id":"https:\/\/interamerica.org\/fr\/#website","url":"https:\/\/interamerica.org\/fr\/","name":"\u00c9glise Adventiste Du Septieme Jour - Inter Am\u00e9rique Division","description":"","potentialAction":[{"@type":"SearchAction","target":{"@type":"EntryPoint","urlTemplate":"https:\/\/interamerica.org\/fr\/?s={search_term_string}"},"query-input":{"@type":"PropertyValueSpecification","valueRequired":true,"valueName":"search_term_string"}}],"inLanguage":"fr-FR"},{"@type":"Person","@id":"https:\/\/interamerica.org\/fr\/#\/schema\/person\/68ede8bdc292885bb76c1e3810e73c39","name":"Lorenzo Verduzco","image":{"@type":"ImageObject","inLanguage":"fr-FR","@id":"https:\/\/secure.gravatar.com\/avatar\/fb81a55b6218459490a9c1dc841a34909185b81904c5337b4b27f7a6fd60c49e?s=96&d=mm&r=g","url":"https:\/\/secure.gravatar.com\/avatar\/fb81a55b6218459490a9c1dc841a34909185b81904c5337b4b27f7a6fd60c49e?s=96&d=mm&r=g","contentUrl":"https:\/\/secure.gravatar.com\/avatar\/fb81a55b6218459490a9c1dc841a34909185b81904c5337b4b27f7a6fd60c49e?s=96&d=mm&r=g","caption":"Lorenzo Verduzco"}}]}},"_links":{"self":[{"href":"https:\/\/interamerica.org\/fr\/wp-json\/wp\/v2\/posts\/13385","targetHints":{"allow":["GET"]}}],"collection":[{"href":"https:\/\/interamerica.org\/fr\/wp-json\/wp\/v2\/posts"}],"about":[{"href":"https:\/\/interamerica.org\/fr\/wp-json\/wp\/v2\/types\/post"}],"author":[{"embeddable":true,"href":"https:\/\/interamerica.org\/fr\/wp-json\/wp\/v2\/users\/1"}],"replies":[{"embeddable":true,"href":"https:\/\/interamerica.org\/fr\/wp-json\/wp\/v2\/comments?post=13385"}],"version-history":[{"count":0,"href":"https:\/\/interamerica.org\/fr\/wp-json\/wp\/v2\/posts\/13385\/revisions"}],"wp:attachment":[{"href":"https:\/\/interamerica.org\/fr\/wp-json\/wp\/v2\/media?parent=13385"}],"wp:term":[{"taxonomy":"category","embeddable":true,"href":"https:\/\/interamerica.org\/fr\/wp-json\/wp\/v2\/categories?post=13385"},{"taxonomy":"post_tag","embeddable":true,"href":"https:\/\/interamerica.org\/fr\/wp-json\/wp\/v2\/tags?post=13385"}],"curies":[{"name":"wp","href":"https:\/\/api.w.org\/{rel}","templated":true}]}}