{"id":13388,"date":"2010-06-28T00:00:00","date_gmt":"2010-06-28T04:00:00","guid":{"rendered":"http:\/\/192.81.217.108\/interamerica\/2010\/06\/inter-ameriqueles-delegues-elisent-le-secretaire-et-le-tresorier-de-la-division\/"},"modified":"2017-06-02T13:03:41","modified_gmt":"2017-06-02T17:03:41","slug":"inter-ameriqueles-delegues-elisent-le-secretaire-et-le-tresorier-de-la-division","status":"publish","type":"post","link":"https:\/\/interamerica.org\/fr\/2010\/06\/inter-ameriqueles-delegues-elisent-le-secretaire-et-le-tresorier-de-la-division\/","title":{"rendered":"Inter Am\u00e9rique:Les d\u00e9l\u00e9gu\u00e9s \u00e9lisent le secr\u00e9taire et le tr\u00e9sorier de la division"},"content":{"rendered":"<p><em >28 Juin 2010<\/em > &#8211; Atlanta, G\u00e9orgie, Etats Unis&#8230;[LibnaStevens\/DIA]<\/p>\n<p>Quelques heuresapr\u00e8s que la Conf\u00e9rence G\u00e9n\u00e9rale ait vot\u00e9 de r\u00e9\u00e9lire pasteur Isra\u00ebl Leito commepr\u00e9sident de l&#39;\u00e9glise Adventiste en Inter Am\u00e9rique ainsi que d&#39;autresdirigeants mondiaux de l&#39;\u00e9glise, Dr Elie Henry a \u00e9t\u00e9 \u00e9lu secr\u00e9taire ex\u00e9cutif etFiliberto Verduzco a \u00e9t\u00e9 r\u00e9\u00e9lu en tant que tr\u00e9sorier de la Division InterAm\u00e9ricaine (DIA).<\/p>\n<p>Dr Elie henry, 54ans, a servi comme l&#39;un des trois vice-pr\u00e9sidents de la DIA depuis l&#39;an 2000.Pasteur Henry compte plus de 31 ans de service dans la d\u00e9nomination en InterAm\u00e9rique et est titulaire d&#39;un doctorat en th\u00e9ologie (ThD.) et d&#39;une maitriseen th\u00e9ologie de la Facult\u00e9 de th\u00e9ologie de Strasbourg en France.<\/p>\n<p>Natif d&#39;Ha\u00efti, DrHenry a d\u00e9but\u00e9 sa carri\u00e8re en tant que pasteur de district en Ha\u00efti, puis il a\u00e9t\u00e9 pr\u00e9sident d&#39;union. Il a \u00e9galement servi en tant que directeur desressources humaines de la DIA.<\/p>\n<p>Dr Henry estmari\u00e9 \u00e0 Ketlie Henry et a trois filles.<\/p>\n<p>FilibertoVerduzco, 58 ans, a servi comme tr\u00e9sorier de l&#39;\u00e9glise en Inter Am\u00e9rique depuisl&#39;an 2000. Filiberto verduzco a plus de 30 ann\u00e9es de service dans la d\u00e9nominationen Inter Am\u00e9rique et est titulaire d&#39;une maitrise en Administrationd&#39;entreprise de l&#39;Institut Technologique de Sonora.<\/p>\n<p>N\u00e9 au Mexique, leservice de Verduzco \u00e0 l&#39;\u00e9glise a d\u00e9but\u00e9 quand il a servi en tant que managerg\u00e9n\u00e9ral de la branche Colpac de la Compagnie de Produits Di\u00e9t\u00e9tiques de l&#39;InterAm\u00e9rique. Ses ann\u00e9es de service incluent aussi son mandat en tant quevice-pr\u00e9sident des affaires financi\u00e8res et vice-pr\u00e9sident en charge dud\u00e9veloppement \u00e0 l&#39;Universit\u00e9 de Montemorelos au Mexique.<\/p>\n<p>Filiberto Verduzcoest mari\u00e9 \u00e0 Alma Yanes Verduzco et a deux fils et cinq petits enfants.<\/p>\n<\/p>\n<p>D&#39;autres leadersde l&#39;\u00e9glise Adventiste seront \u00e9lus cette semaine.<\/p>\n<p>Pour les derni\u00e8resinformations au sujet de la Session de la Conf\u00e9rence G\u00e9n\u00e9rale, visitez le site <a  href=\"https:\/\/recursing-golick.147-182-135-0.plesk.page\/\">www.interamerica.org<\/a ><\/p>\n","protected":false},"excerpt":{"rendered":"<p>Quelques heuresapr\u00e8s que la Conf\u00e9rence G\u00e9n\u00e9rale ait vot\u00e9 de r\u00e9\u00e9lire pasteur Isra\u00ebl Leito commepr\u00e9sident de l&#39;\u00e9glise Adventiste en Inter Am\u00e9rique ainsi que d&#39;aut<\/p>\n","protected":false},"author":1,"featured_media":0,"comment_status":"closed","ping_status":"closed","sticky":false,"template":"","format":"standard","meta":{"_acf_changed":false,"footnotes":""},"categories":[9],"tags":[],"class_list":["post-13388","post","type-post","status-publish","format-standard","hentry","category-archive-fr"],"acf":[],"yoast_head":"<!-- This site is optimized with the Yoast SEO plugin v27.3 - https:\/\/yoast.com\/product\/yoast-seo-wordpress\/ -->\n<title>Inter Am\u00e9rique:Les d\u00e9l\u00e9gu\u00e9s \u00e9lisent le secr\u00e9taire et le tr\u00e9sorier de la division - \u00c9glise Adventiste Du Septieme Jour - Inter Am\u00e9rique Division<\/title>\n<meta name=\"robots\" content=\"index, follow, max-snippet:-1, max-image-preview:large, max-video-preview:-1\" \/>\n<link rel=\"canonical\" href=\"https:\/\/interamerica.org\/fr\/2010\/06\/inter-ameriqueles-delegues-elisent-le-secretaire-et-le-tresorier-de-la-division\/\" \/>\n<meta property=\"og:locale\" content=\"fr_FR\" \/>\n<meta property=\"og:type\" content=\"article\" \/>\n<meta property=\"og:title\" content=\"Inter Am\u00e9rique:Les d\u00e9l\u00e9gu\u00e9s \u00e9lisent le secr\u00e9taire et le tr\u00e9sorier de la division - \u00c9glise Adventiste Du Septieme Jour - Inter Am\u00e9rique Division\" \/>\n<meta property=\"og:description\" content=\"Quelques heuresapr\u00e8s que la Conf\u00e9rence G\u00e9n\u00e9rale ait vot\u00e9 de r\u00e9\u00e9lire pasteur Isra\u00ebl Leito commepr\u00e9sident de l&#039;\u00e9glise Adventiste en Inter Am\u00e9rique ainsi que d&#039;aut\" \/>\n<meta property=\"og:url\" content=\"https:\/\/interamerica.org\/fr\/2010\/06\/inter-ameriqueles-delegues-elisent-le-secretaire-et-le-tresorier-de-la-division\/\" \/>\n<meta property=\"og:site_name\" content=\"\u00c9glise Adventiste Du Septieme Jour - Inter Am\u00e9rique Division\" \/>\n<meta property=\"article:published_time\" content=\"2010-06-28T04:00:00+00:00\" \/>\n<meta property=\"article:modified_time\" content=\"2017-06-02T17:03:41+00:00\" \/>\n<meta name=\"author\" content=\"Lorenzo Verduzco\" \/>\n<meta name=\"twitter:card\" content=\"summary_large_image\" \/>\n<meta name=\"twitter:label1\" content=\"\u00c9crit par\" \/>\n\t<meta name=\"twitter:data1\" content=\"Lorenzo Verduzco\" \/>\n\t<meta name=\"twitter:label2\" content=\"Dur\u00e9e de lecture estim\u00e9e\" \/>\n\t<meta name=\"twitter:data2\" content=\"2 minutes\" \/>\n<script type=\"application\/ld+json\" class=\"yoast-schema-graph\">{\"@context\":\"https:\\\/\\\/schema.org\",\"@graph\":[{\"@type\":\"Article\",\"@id\":\"https:\\\/\\\/interamerica.org\\\/fr\\\/2010\\\/06\\\/inter-ameriqueles-delegues-elisent-le-secretaire-et-le-tresorier-de-la-division\\\/#article\",\"isPartOf\":{\"@id\":\"https:\\\/\\\/interamerica.org\\\/fr\\\/2010\\\/06\\\/inter-ameriqueles-delegues-elisent-le-secretaire-et-le-tresorier-de-la-division\\\/\"},\"author\":{\"name\":\"Lorenzo Verduzco\",\"@id\":\"https:\\\/\\\/interamerica.org\\\/fr\\\/#\\\/schema\\\/person\\\/68ede8bdc292885bb76c1e3810e73c39\"},\"headline\":\"Inter Am\u00e9rique:Les d\u00e9l\u00e9gu\u00e9s \u00e9lisent le secr\u00e9taire et le tr\u00e9sorier de la division\",\"datePublished\":\"2010-06-28T04:00:00+00:00\",\"dateModified\":\"2017-06-02T17:03:41+00:00\",\"mainEntityOfPage\":{\"@id\":\"https:\\\/\\\/interamerica.org\\\/fr\\\/2010\\\/06\\\/inter-ameriqueles-delegues-elisent-le-secretaire-et-le-tresorier-de-la-division\\\/\"},\"wordCount\":362,\"articleSection\":[\"Archive\"],\"inLanguage\":\"fr-FR\"},{\"@type\":\"WebPage\",\"@id\":\"https:\\\/\\\/interamerica.org\\\/fr\\\/2010\\\/06\\\/inter-ameriqueles-delegues-elisent-le-secretaire-et-le-tresorier-de-la-division\\\/\",\"url\":\"https:\\\/\\\/interamerica.org\\\/fr\\\/2010\\\/06\\\/inter-ameriqueles-delegues-elisent-le-secretaire-et-le-tresorier-de-la-division\\\/\",\"name\":\"Inter Am\u00e9rique:Les d\u00e9l\u00e9gu\u00e9s \u00e9lisent le secr\u00e9taire et le tr\u00e9sorier de la division - \u00c9glise Adventiste Du Septieme Jour - Inter Am\u00e9rique Division\",\"isPartOf\":{\"@id\":\"https:\\\/\\\/interamerica.org\\\/fr\\\/#website\"},\"datePublished\":\"2010-06-28T04:00:00+00:00\",\"dateModified\":\"2017-06-02T17:03:41+00:00\",\"author\":{\"@id\":\"https:\\\/\\\/interamerica.org\\\/fr\\\/#\\\/schema\\\/person\\\/68ede8bdc292885bb76c1e3810e73c39\"},\"breadcrumb\":{\"@id\":\"https:\\\/\\\/interamerica.org\\\/fr\\\/2010\\\/06\\\/inter-ameriqueles-delegues-elisent-le-secretaire-et-le-tresorier-de-la-division\\\/#breadcrumb\"},\"inLanguage\":\"fr-FR\",\"potentialAction\":[{\"@type\":\"ReadAction\",\"target\":[\"https:\\\/\\\/interamerica.org\\\/fr\\\/2010\\\/06\\\/inter-ameriqueles-delegues-elisent-le-secretaire-et-le-tresorier-de-la-division\\\/\"]}]},{\"@type\":\"BreadcrumbList\",\"@id\":\"https:\\\/\\\/interamerica.org\\\/fr\\\/2010\\\/06\\\/inter-ameriqueles-delegues-elisent-le-secretaire-et-le-tresorier-de-la-division\\\/#breadcrumb\",\"itemListElement\":[{\"@type\":\"ListItem\",\"position\":1,\"name\":\"Home\",\"item\":\"https:\\\/\\\/interamerica.org\\\/fr\\\/\"},{\"@type\":\"ListItem\",\"position\":2,\"name\":\"Inter Am\u00e9rique:Les d\u00e9l\u00e9gu\u00e9s \u00e9lisent le secr\u00e9taire et le tr\u00e9sorier de la division\"}]},{\"@type\":\"WebSite\",\"@id\":\"https:\\\/\\\/interamerica.org\\\/fr\\\/#website\",\"url\":\"https:\\\/\\\/interamerica.org\\\/fr\\\/\",\"name\":\"\u00c9glise Adventiste Du Septieme Jour - Inter Am\u00e9rique Division\",\"description\":\"\",\"potentialAction\":[{\"@type\":\"SearchAction\",\"target\":{\"@type\":\"EntryPoint\",\"urlTemplate\":\"https:\\\/\\\/interamerica.org\\\/fr\\\/?s={search_term_string}\"},\"query-input\":{\"@type\":\"PropertyValueSpecification\",\"valueRequired\":true,\"valueName\":\"search_term_string\"}}],\"inLanguage\":\"fr-FR\"},{\"@type\":\"Person\",\"@id\":\"https:\\\/\\\/interamerica.org\\\/fr\\\/#\\\/schema\\\/person\\\/68ede8bdc292885bb76c1e3810e73c39\",\"name\":\"Lorenzo Verduzco\",\"image\":{\"@type\":\"ImageObject\",\"inLanguage\":\"fr-FR\",\"@id\":\"https:\\\/\\\/secure.gravatar.com\\\/avatar\\\/fb81a55b6218459490a9c1dc841a34909185b81904c5337b4b27f7a6fd60c49e?s=96&d=mm&r=g\",\"url\":\"https:\\\/\\\/secure.gravatar.com\\\/avatar\\\/fb81a55b6218459490a9c1dc841a34909185b81904c5337b4b27f7a6fd60c49e?s=96&d=mm&r=g\",\"contentUrl\":\"https:\\\/\\\/secure.gravatar.com\\\/avatar\\\/fb81a55b6218459490a9c1dc841a34909185b81904c5337b4b27f7a6fd60c49e?s=96&d=mm&r=g\",\"caption\":\"Lorenzo Verduzco\"}}]}<\/script>\n<!-- \/ Yoast SEO plugin. -->","yoast_head_json":{"title":"Inter Am\u00e9rique:Les d\u00e9l\u00e9gu\u00e9s \u00e9lisent le secr\u00e9taire et le tr\u00e9sorier de la division - \u00c9glise Adventiste Du Septieme Jour - Inter Am\u00e9rique Division","robots":{"index":"index","follow":"follow","max-snippet":"max-snippet:-1","max-image-preview":"max-image-preview:large","max-video-preview":"max-video-preview:-1"},"canonical":"https:\/\/interamerica.org\/fr\/2010\/06\/inter-ameriqueles-delegues-elisent-le-secretaire-et-le-tresorier-de-la-division\/","og_locale":"fr_FR","og_type":"article","og_title":"Inter Am\u00e9rique:Les d\u00e9l\u00e9gu\u00e9s \u00e9lisent le secr\u00e9taire et le tr\u00e9sorier de la division - \u00c9glise Adventiste Du Septieme Jour - Inter Am\u00e9rique Division","og_description":"Quelques heuresapr\u00e8s que la Conf\u00e9rence G\u00e9n\u00e9rale ait vot\u00e9 de r\u00e9\u00e9lire pasteur Isra\u00ebl Leito commepr\u00e9sident de l&#39;\u00e9glise Adventiste en Inter Am\u00e9rique ainsi que d&#39;aut","og_url":"https:\/\/interamerica.org\/fr\/2010\/06\/inter-ameriqueles-delegues-elisent-le-secretaire-et-le-tresorier-de-la-division\/","og_site_name":"\u00c9glise Adventiste Du Septieme Jour - Inter Am\u00e9rique Division","article_published_time":"2010-06-28T04:00:00+00:00","article_modified_time":"2017-06-02T17:03:41+00:00","author":"Lorenzo Verduzco","twitter_card":"summary_large_image","twitter_misc":{"\u00c9crit par":"Lorenzo Verduzco","Dur\u00e9e de lecture estim\u00e9e":"2 minutes"},"schema":{"@context":"https:\/\/schema.org","@graph":[{"@type":"Article","@id":"https:\/\/interamerica.org\/fr\/2010\/06\/inter-ameriqueles-delegues-elisent-le-secretaire-et-le-tresorier-de-la-division\/#article","isPartOf":{"@id":"https:\/\/interamerica.org\/fr\/2010\/06\/inter-ameriqueles-delegues-elisent-le-secretaire-et-le-tresorier-de-la-division\/"},"author":{"name":"Lorenzo Verduzco","@id":"https:\/\/interamerica.org\/fr\/#\/schema\/person\/68ede8bdc292885bb76c1e3810e73c39"},"headline":"Inter Am\u00e9rique:Les d\u00e9l\u00e9gu\u00e9s \u00e9lisent le secr\u00e9taire et le tr\u00e9sorier de la division","datePublished":"2010-06-28T04:00:00+00:00","dateModified":"2017-06-02T17:03:41+00:00","mainEntityOfPage":{"@id":"https:\/\/interamerica.org\/fr\/2010\/06\/inter-ameriqueles-delegues-elisent-le-secretaire-et-le-tresorier-de-la-division\/"},"wordCount":362,"articleSection":["Archive"],"inLanguage":"fr-FR"},{"@type":"WebPage","@id":"https:\/\/interamerica.org\/fr\/2010\/06\/inter-ameriqueles-delegues-elisent-le-secretaire-et-le-tresorier-de-la-division\/","url":"https:\/\/interamerica.org\/fr\/2010\/06\/inter-ameriqueles-delegues-elisent-le-secretaire-et-le-tresorier-de-la-division\/","name":"Inter Am\u00e9rique:Les d\u00e9l\u00e9gu\u00e9s \u00e9lisent le secr\u00e9taire et le tr\u00e9sorier de la division - \u00c9glise Adventiste Du Septieme Jour - Inter Am\u00e9rique Division","isPartOf":{"@id":"https:\/\/interamerica.org\/fr\/#website"},"datePublished":"2010-06-28T04:00:00+00:00","dateModified":"2017-06-02T17:03:41+00:00","author":{"@id":"https:\/\/interamerica.org\/fr\/#\/schema\/person\/68ede8bdc292885bb76c1e3810e73c39"},"breadcrumb":{"@id":"https:\/\/interamerica.org\/fr\/2010\/06\/inter-ameriqueles-delegues-elisent-le-secretaire-et-le-tresorier-de-la-division\/#breadcrumb"},"inLanguage":"fr-FR","potentialAction":[{"@type":"ReadAction","target":["https:\/\/interamerica.org\/fr\/2010\/06\/inter-ameriqueles-delegues-elisent-le-secretaire-et-le-tresorier-de-la-division\/"]}]},{"@type":"BreadcrumbList","@id":"https:\/\/interamerica.org\/fr\/2010\/06\/inter-ameriqueles-delegues-elisent-le-secretaire-et-le-tresorier-de-la-division\/#breadcrumb","itemListElement":[{"@type":"ListItem","position":1,"name":"Home","item":"https:\/\/interamerica.org\/fr\/"},{"@type":"ListItem","position":2,"name":"Inter Am\u00e9rique:Les d\u00e9l\u00e9gu\u00e9s \u00e9lisent le secr\u00e9taire et le tr\u00e9sorier de la division"}]},{"@type":"WebSite","@id":"https:\/\/interamerica.org\/fr\/#website","url":"https:\/\/interamerica.org\/fr\/","name":"\u00c9glise Adventiste Du Septieme Jour - Inter Am\u00e9rique Division","description":"","potentialAction":[{"@type":"SearchAction","target":{"@type":"EntryPoint","urlTemplate":"https:\/\/interamerica.org\/fr\/?s={search_term_string}"},"query-input":{"@type":"PropertyValueSpecification","valueRequired":true,"valueName":"search_term_string"}}],"inLanguage":"fr-FR"},{"@type":"Person","@id":"https:\/\/interamerica.org\/fr\/#\/schema\/person\/68ede8bdc292885bb76c1e3810e73c39","name":"Lorenzo Verduzco","image":{"@type":"ImageObject","inLanguage":"fr-FR","@id":"https:\/\/secure.gravatar.com\/avatar\/fb81a55b6218459490a9c1dc841a34909185b81904c5337b4b27f7a6fd60c49e?s=96&d=mm&r=g","url":"https:\/\/secure.gravatar.com\/avatar\/fb81a55b6218459490a9c1dc841a34909185b81904c5337b4b27f7a6fd60c49e?s=96&d=mm&r=g","contentUrl":"https:\/\/secure.gravatar.com\/avatar\/fb81a55b6218459490a9c1dc841a34909185b81904c5337b4b27f7a6fd60c49e?s=96&d=mm&r=g","caption":"Lorenzo Verduzco"}}]}},"_links":{"self":[{"href":"https:\/\/interamerica.org\/fr\/wp-json\/wp\/v2\/posts\/13388","targetHints":{"allow":["GET"]}}],"collection":[{"href":"https:\/\/interamerica.org\/fr\/wp-json\/wp\/v2\/posts"}],"about":[{"href":"https:\/\/interamerica.org\/fr\/wp-json\/wp\/v2\/types\/post"}],"author":[{"embeddable":true,"href":"https:\/\/interamerica.org\/fr\/wp-json\/wp\/v2\/users\/1"}],"replies":[{"embeddable":true,"href":"https:\/\/interamerica.org\/fr\/wp-json\/wp\/v2\/comments?post=13388"}],"version-history":[{"count":0,"href":"https:\/\/interamerica.org\/fr\/wp-json\/wp\/v2\/posts\/13388\/revisions"}],"wp:attachment":[{"href":"https:\/\/interamerica.org\/fr\/wp-json\/wp\/v2\/media?parent=13388"}],"wp:term":[{"taxonomy":"category","embeddable":true,"href":"https:\/\/interamerica.org\/fr\/wp-json\/wp\/v2\/categories?post=13388"},{"taxonomy":"post_tag","embeddable":true,"href":"https:\/\/interamerica.org\/fr\/wp-json\/wp\/v2\/tags?post=13388"}],"curies":[{"name":"wp","href":"https:\/\/api.w.org\/{rel}","templated":true}]}}