{"id":133881,"date":"2025-09-25T20:14:01","date_gmt":"2025-09-26T00:14:01","guid":{"rendered":"https:\/\/interamerica.org\/?p=133881"},"modified":"2025-10-13T15:40:01","modified_gmt":"2025-10-13T19:40:01","slug":"la-campagne-devangelisation-en-ligne-au-mexique-bat-des-records-avec-pres-de-2-millions-de-personnes-touchees","status":"publish","type":"post","link":"https:\/\/interamerica.org\/fr\/2025\/09\/la-campagne-devangelisation-en-ligne-au-mexique-bat-des-records-avec-pres-de-2-millions-de-personnes-touchees\/","title":{"rendered":"La campagne d\u2019\u00e9vang\u00e9lisation en ligne au Mexique bat des records avec pr\u00e8s de 2 millions de personnes touch\u00e9es"},"content":{"rendered":"<p><div id=\"attachment_133812\" style=\"width: 1010px\" class=\"wp-caption aligncenter\"><img fetchpriority=\"high\" decoding=\"async\" aria-describedby=\"caption-attachment-133812\" class=\"size-full wp-image-133811\" src=\"https:\/\/interamerica.org\/wp-content\/uploads\/2025\/09\/mexcampaign-audience2025.jpg\" alt=\"\" width=\"1000\" height=\"667\" srcset=\"https:\/\/interamerica.org\/wp-content\/uploads\/2025\/09\/mexcampaign-audience2025.jpg 1000w, https:\/\/interamerica.org\/wp-content\/uploads\/2025\/09\/mexcampaign-audience2025-300x200.jpg 300w, https:\/\/interamerica.org\/wp-content\/uploads\/2025\/09\/mexcampaign-audience2025-768x512.jpg 768w\" sizes=\"(max-width: 1000px) 100vw, 1000px\" \/><p id=\"caption-attachment-133812\" class=\"wp-caption-text\">L\u2019\u00c9glise adventiste du septi\u00e8me jour au Mexique diffuse sa cinqui\u00e8me campagne nationale annuelle d\u2019\u00e9vang\u00e9lisation en ligne depuis l\u2019\u00e9glise adventiste de Las Lomas \u00e0 Monterrey le 13 septembre 2025, devant un public en direct. La s\u00e9rie <em data-start=\"304\" data-end=\"324\">Decide Vivir Feliz<\/em> qui s\u2019est d\u00e9roul\u00e9e pendant une semaine, a attir\u00e9 pr\u00e8s de deux millions de t\u00e9l\u00e9spectateurs \u00e0 travers le pays via les r\u00e9seaux sociaux, la radio et des milliers de Maisons de l\u2019Esp\u00e9rance. [Photo : Daniel Gallardo]<\/p><\/div><em>Les efforts conjoints de l\u2019\u00c9glise, de la radio et des plateformes num\u00e9riques, ainsi que des Maisons de l\u2019Esp\u00e9rance, produisent des r\u00e9sultats sans pr\u00e9c\u00e9dent.<\/em><\/p>\n<p>25 Septembre 2025 | Monterrey, Nuevo Le\u00f3n, Mexique | Libna Stevens, Actualit\u00e9s de la Division Inter Am\u00e9ricaine<\/p>\n<p>L\u2019\u00c9glise adventiste du septi\u00e8me jour au Mexique a r\u00e9cemment conclu sa campagne nationale annuelle d\u2019\u00e9vang\u00e9lisation en ligne, cl\u00f4turant des mois d\u2019efforts coordonn\u00e9s des dirigeants et des membres pour proclamer l\u2019\u00e9vangile dans les quartiers, les villes et les communaut\u00e9s num\u00e9riques \u00e0 travers le pays. Diffus\u00e9e en direct du 6 au 13 septembre 2025 depuis l\u2019\u00e9glise adventiste de Las Lomas \u00e0 Monterrey, cette s\u00e9rie \u00e9tait la cinqui\u00e8me campagne en ligne cons\u00e9cutive de l\u2019\u00c9glise, organis\u00e9e en collaboration avec les cinq unions, ou principales r\u00e9gions eccl\u00e9siales, du Mexique.<\/p>\n<p>La campagne, dont le th\u00e8me \u00e9tait \u00ab Decide Vivir Feliz \u00bb (D\u00e9cidez de Vivre Heureux) \u00e9tait tenue par le pasteur Luis Orozco, directeur des minist\u00e8res de la jeunesse de l\u2019Union Nord-Mexicaine. Chaque soir, pasteur Orozco invitait les t\u00e9l\u00e9spectateurs \u00e0 d\u00e9couvrir le v\u00e9ritable bonheur en J\u00e9sus et dans les \u00c9critures.<\/p>\n<p><div id=\"attachment_133818\" style=\"width: 973px\" class=\"wp-caption aligncenter\"><img decoding=\"async\" aria-describedby=\"caption-attachment-133818\" class=\" wp-image-133817\" src=\"https:\/\/interamerica.org\/wp-content\/uploads\/2025\/09\/mexcampaigh2025-singers.jpg\" alt=\"\" width=\"963\" height=\"631\" srcset=\"https:\/\/interamerica.org\/wp-content\/uploads\/2025\/09\/mexcampaigh2025-singers.jpg 920w, https:\/\/interamerica.org\/wp-content\/uploads\/2025\/09\/mexcampaigh2025-singers-300x197.jpg 300w, https:\/\/interamerica.org\/wp-content\/uploads\/2025\/09\/mexcampaigh2025-singers-768x503.jpg 768w\" sizes=\"(max-width: 963px) 100vw, 963px\" \/><p id=\"caption-attachment-133818\" class=\"wp-caption-text\">Ismir Mu\u00f1oz (\u00e0 gauche), de l\u2019Union Mexicaine du Chiapas et compositeur du chant th\u00e8me de la campagne, dirige le moment de louange avec VoxLaude de l\u2019Universit\u00e9 de Montemorelos, sous la direction d\u2019Arnel Pierre (\u00e0 droite), qui a supervis\u00e9 la musique de la s\u00e9rie diffus\u00e9e en streaming. [Photo : Daniel Gallardo\/DIA]<\/p><\/div>\u00ab On trouve le bonheur lorsque notre caract\u00e8re refl\u00e8te celui du Christ, \u00bb a dit pasteur Orozco, indiquant au public ce qu\u2019est la joie au-del\u00e0 des \u00e9motions ou des circonstances. \u00ab J\u00e9sus a su trouver la joie m\u00eame face \u00e0 la d\u00e9faite. En Dieu on trouve la compagnie, la force et la v\u00e9ritable identit\u00e9. \u00bb<\/p>\n<p>S\u2019appuyant sur des exp\u00e9riences personnelles de trag\u00e9die, de perte et de probl\u00e8mes physiques, pasteur Orozco a rappel\u00e9 aux t\u00e9l\u00e9spectateurs que la foi en Christ permet de s\u2019\u00e9lever au-dessus de la souffrance. \u00ab Plus votre caract\u00e8re ressemble \u00e0 J\u00e9sus, plus vous serez heureux, \u00bb a-t-il soulign\u00e9, tandis qu\u2019\u00e9taient pr\u00e9sent\u00e9s tout au long de la semaine, des t\u00e9moignages de croyants qui ont su surmonter le deuil et les \u00e9preuves.<\/p>\n<p><div id=\"attachment_133824\" style=\"width: 991px\" class=\"wp-caption aligncenter\"><img decoding=\"async\" aria-describedby=\"caption-attachment-133824\" class=\" wp-image-133823\" src=\"https:\/\/interamerica.org\/wp-content\/uploads\/2025\/09\/luisorozco-mexcampaign-2025.jpg\" alt=\"\" width=\"981\" height=\"654\" srcset=\"https:\/\/interamerica.org\/wp-content\/uploads\/2025\/09\/luisorozco-mexcampaign-2025.jpg 1000w, https:\/\/interamerica.org\/wp-content\/uploads\/2025\/09\/luisorozco-mexcampaign-2025-300x200.jpg 300w, https:\/\/interamerica.org\/wp-content\/uploads\/2025\/09\/luisorozco-mexcampaign-2025-768x512.jpg 768w\" sizes=\"(max-width: 981px) 100vw, 981px\" \/><p id=\"caption-attachment-133824\" class=\"wp-caption-text\">Pasteur Luis Orozco, directeur des minist\u00e8res de la jeunesse de l\u2019Union Nord-Mexicaine, intervient le 10 Septembre 2025 lors de la campagne d\u2019\u00e9vang\u00e9lisation en ligne, <em data-start=\"168\" data-end=\"188\">Decide Vivir Feliz<\/em> diffus\u00e9e depuis Monterrey, au Mexique. [Photo : Daniel Gallardo\/DIA]<\/p><\/div><strong>R\u00e9cits de transformation<\/strong><\/p>\n<p>\u00c0 la fin de la campagne, plus de 3500 nouveaux croyants ont \u00e9t\u00e9 baptis\u00e9s, tandis que des milliers d\u2019autres poursuivent des \u00e9tudes bibliques, ce qui donnera lieu \u00e0 d\u2019autres bapt\u00eames dans les semaines \u00e0 venir.<\/p>\n<p>Parmi eux se trouvait Alan Cedillo, 19 ans, \u00e9tudiant en communication \u00e0 l\u2019universit\u00e9 publique de Monterrey. Apr\u00e8s avoir lutt\u00e9 contre le stress et l\u2019anxi\u00e9t\u00e9 sociale, Alan a senti l\u2019appel de Dieu le septi\u00e8me soir de la campagne et a choisi de se faire baptiser. \u00ab Au milieu de mes difficult\u00e9s personnelles, j\u2019ai trouv\u00e9 la paix et j\u2019ai senti J\u00e9sus me transformer, \u00bb a-t-il dit. \u00ab J\u2019ai ressenti du calme, j\u2019ai compris une grande partie de mon anxi\u00e9t\u00e9 sociale, et petit \u00e0 petit, j\u2019ai commenc\u00e9 \u00e0 le consid\u00e9rer comme mon ami, mon soutien, mon guide. \u00bb<\/p>\n<p><div id=\"attachment_133785\" style=\"width: 997px\" class=\"wp-caption aligncenter\"><img loading=\"lazy\" decoding=\"async\" aria-describedby=\"caption-attachment-133785\" class=\" wp-image-133784\" src=\"https:\/\/interamerica.org\/wp-content\/uploads\/2025\/09\/mex-campaign2025-alan-baptism.jpg\" alt=\"\" width=\"987\" height=\"658\" srcset=\"https:\/\/interamerica.org\/wp-content\/uploads\/2025\/09\/mex-campaign2025-alan-baptism.jpg 1000w, https:\/\/interamerica.org\/wp-content\/uploads\/2025\/09\/mex-campaign2025-alan-baptism-300x200.jpg 300w, https:\/\/interamerica.org\/wp-content\/uploads\/2025\/09\/mex-campaign2025-alan-baptism-768x512.jpg 768w\" sizes=\"(max-width: 987px) 100vw, 987px\" \/><p id=\"caption-attachment-133785\" class=\"wp-caption-text\">Alan Cedillo sourit en sortant des eaux baptismales, assist\u00e9 du pasteur Iovanny Garc\u00eda de l\u2019\u00e9glise adventiste Alfa y Omega \u00e0 Monterrey, au Mexique, le 13 septembre 2025, lors de la campagne d\u2019\u00e9vang\u00e9lisation en ligne <em data-start=\"232\" data-end=\"252\">Decide Vivir Feliz<\/em>. [Photo: Daniel Gallardo\/DIA]<\/p><\/div>Cette transformation l\u2019a pouss\u00e9 \u00e0 t\u00e9moigner sur le campus de son universit\u00e9. Avec des amis de l\u2019\u00e9glise, il a commenc\u00e9 \u00e0 produire des interviews vid\u00e9o cr\u00e9atives qui invitaient ses camarades \u00e0 r\u00e9fl\u00e9chir sur des sujets comme la vie apr\u00e8s la mort, le jugement et l\u2019esp\u00e9rance que l\u2019on trouve en Christ. Pendant la campagne, il a scell\u00e9 son engagement par le bapt\u00eame.<\/p>\n<p>Elsi De Jes\u00fas Hern\u00e1ndez, une \u00e9l\u00e8ve du secondaire \u00e2g\u00e9e de 15 ans, a \u00e9galement \u00e9t\u00e9 baptis\u00e9e avec sa m\u00e8re. Elle avait d\u2019abord particip\u00e9 \u00e0 une campagne de quartier pr\u00e8s de chez sa grand-m\u00e8re et, d\u00e8s le mois de mai, elles suivaient d\u00e9j\u00e0 des \u00e9tudes bibliques ensemble. \u00ab Et quand est arriv\u00e9e cette semaine \u00ab D\u00e9cidez de Vivre Heureux, \u00bb j\u2019ai su que je voulais avoir J\u00e9sus dans ma vie ; il est mon guide, \u00bb a dit Elsi.<\/p>\n<p><div id=\"attachment_133782\" style=\"width: 997px\" class=\"wp-caption aligncenter\"><img loading=\"lazy\" decoding=\"async\" aria-describedby=\"caption-attachment-133782\" class=\" wp-image-133781\" src=\"https:\/\/interamerica.org\/wp-content\/uploads\/2025\/09\/mexcamp2025-elsi-de-jesus-hernandez.jpg\" alt=\"\" width=\"987\" height=\"658\" srcset=\"https:\/\/interamerica.org\/wp-content\/uploads\/2025\/09\/mexcamp2025-elsi-de-jesus-hernandez.jpg 1000w, https:\/\/interamerica.org\/wp-content\/uploads\/2025\/09\/mexcamp2025-elsi-de-jesus-hernandez-300x200.jpg 300w, https:\/\/interamerica.org\/wp-content\/uploads\/2025\/09\/mexcamp2025-elsi-de-jesus-hernandez-768x512.jpg 768w\" sizes=\"(max-width: 987px) 100vw, 987px\" \/><p id=\"caption-attachment-133782\" class=\"wp-caption-text\">Elsi De Jes\u00fas Hern\u00e1ndez embrasse sa m\u00e8re, alors qu\u2019elles sont assises ensemble apr\u00e8s leur bapt\u00eame \u00e0 l\u2019\u00e9glise adventiste Alfa y Omega \u00e0 Monterrey, au Mexique, le 13 septembre 2025, lors de la campagne d\u2019\u00e9vang\u00e9lisation en ligne <em data-start=\"229\" data-end=\"249\">Decide Vivir Feliz<\/em>. [Photo: Daniel Gallardo\/DIA]<\/p><\/div>Des r\u00e9cits comme celui d\u2019Elsi et d\u2019Alan refl\u00e8tent l\u2019impact plus large de la campagne. Des milliers de personnes ont \u00e9t\u00e9 mises en contact gr\u00e2ce \u00e0 des projets d\u2019action communautaire, des actions d\u2019\u00e9vang\u00e9lisation de quartier et des interactions num\u00e9riques avec des dizaines d\u2019influenceurs adventistes et de disciples cr\u00e9atifs dans les principales villes et \u00e9tats du Mexique, ont indiqu\u00e9 les dirigeants de l\u2019\u00c9glise.<\/p>\n<p><strong>Les Maisons de l\u2019Esp\u00e9rance se multiplient dans tout le pays <\/strong><\/p>\n<p>La campagne diffus\u00e9e en direct a touch\u00e9 pr\u00e8s de deux millions de personnes \u2013 une \u00e9tape historique \u2013 sur YouTube, Facebook, Hope Channel Inter-Am\u00e9rique, 3ABN Latino, 33 stations de radio (y compris des chaines s\u00e9culi\u00e8res) et des milliers de rassemblements en personne. Plus de 25000 petits groupes et \u00ab Maisons de l\u2019Esp\u00e9rance \u00bb ont invit\u00e9 amis et voisins \u00e0 regarder ensemble.<\/p>\n<p><div id=\"attachment_133827\" style=\"width: 977px\" class=\"wp-caption aligncenter\"><img loading=\"lazy\" decoding=\"async\" aria-describedby=\"caption-attachment-133827\" class=\" wp-image-133826\" src=\"https:\/\/interamerica.org\/wp-content\/uploads\/2025\/09\/nomu-monterrey-alfayomega.jpg\" alt=\"\" width=\"967\" height=\"645\" srcset=\"https:\/\/interamerica.org\/wp-content\/uploads\/2025\/09\/nomu-monterrey-alfayomega.jpg 1000w, https:\/\/interamerica.org\/wp-content\/uploads\/2025\/09\/nomu-monterrey-alfayomega-300x200.jpg 300w, https:\/\/interamerica.org\/wp-content\/uploads\/2025\/09\/nomu-monterrey-alfayomega-768x512.jpg 768w\" sizes=\"(max-width: 967px) 100vw, 967px\" \/><p id=\"caption-attachment-133827\" class=\"wp-caption-text\">Les membres de six congr\u00e9gations se sont r\u00e9unis dans un parc face \u00e0 l\u2019\u00e9glise adventiste Alfa y Omega \u00e0 Monterrey, au Mexique, le 13 septembre 2025, pour c\u00e9l\u00e9brer les bapt\u00eames et prendre part \u00e0 la cl\u00f4ture de la campagne d\u2019\u00e9vang\u00e9lisation en ligne <em data-start=\"238\" data-end=\"258\">Decide Vivir Feliz<\/em>. [Photo: Daniel Gallardo\/DIA]<\/p><\/div>\u00c0 l\u2019\u00e9glise adventiste Alfa y Omega \u00e0 Monterrey, 25 des 150 membres ont ouvert leurs portes, tandis que quatre petits groupes diffusaient la campagne ensemble. Dans les six congr\u00e9gations du district, l\u2019initiative a impliqu\u00e9 80 Maisons de l\u2019Esp\u00e9rance et 20 petits groupes ; 54 personnes ont particip\u00e9 au programme d\u2019une semaine.<\/p>\n<p>\u00ab Ce qui me touche le plus, c\u2019est de voir comment les membres adoptent cette nouvelle modalit\u00e9 d\u2019\u00e9vang\u00e9lisation, combinant m\u00e9thodes traditionnelles et non traditionnelles et utilisant au mieux tous les canaux de communication disponibles, \u00bb a dit pasteur Arturo King, pr\u00e9sident de l\u2019Union Nord-Mexicaine.<\/p>\n<p><div id=\"attachment_133800\" style=\"width: 974px\" class=\"wp-caption aligncenter\"><img loading=\"lazy\" decoding=\"async\" aria-describedby=\"caption-attachment-133800\" class=\" wp-image-133799\" src=\"https:\/\/interamerica.org\/wp-content\/uploads\/2025\/09\/arturoking-radio-mexcamp2025.jpg\" alt=\"\" width=\"964\" height=\"643\" srcset=\"https:\/\/interamerica.org\/wp-content\/uploads\/2025\/09\/arturoking-radio-mexcamp2025.jpg 1000w, https:\/\/interamerica.org\/wp-content\/uploads\/2025\/09\/arturoking-radio-mexcamp2025-300x200.jpg 300w, https:\/\/interamerica.org\/wp-content\/uploads\/2025\/09\/arturoking-radio-mexcamp2025-768x512.jpg 768w\" sizes=\"(max-width: 964px) 100vw, 964px\" \/><p id=\"caption-attachment-133800\" class=\"wp-caption-text\">Le pasteur Arturo King (\u00e0 droite) est interview\u00e9 par Jaime Armas, directeur de <em data-start=\"124\" data-end=\"148\">Esperanza M\u00e9xico Radio<\/em>, une station g\u00e9r\u00e9e par l\u2019\u00e9glise adventiste. Trente-trois stations, dont des cha\u00eenes s\u00e9culi\u00e8res, ont diffus\u00e9 la campagne <em data-start=\"210\" data-end=\"230\">Decide Vivir Feliz<\/em> chaque soir en direct. [Photo : Daniel Gallardo\/DIA]<\/p><\/div>L\u2019union, qui supervise plus de 138000 membres r\u00e9partis dans 1193 congr\u00e9gations, a constat\u00e9 une forte augmentation de l\u2019engagement des dirigeants et des membres dans ses neuf f\u00e9d\u00e9rations et ses deux champs de mission. \u00ab Pour nous, cette campagne ne se limite pas \u00e0 notre exp\u00e9rience actuelle, mais vise \u00e0 cr\u00e9er un \u00e9lan fort pour l\u2019avenir, \u00bb a d\u00e9clar\u00e9 pasteur King. \u00ab L\u2019impact le plus important est visible \u00e0 travers le fait que les membres touchent plus de personnes que jamais auparavant. \u00bb<\/p>\n<p><strong>Des salons aux espaces publics <\/strong><\/p>\n<p>Cette dynamique a \u00e9t\u00e9 aliment\u00e9e par des mois de pr\u00e9paration dans le nord du Mexique, avec notamment une caravane proph\u00e9tique illustrant Daniel 2, des \u00e9coles bibliques de vacances organis\u00e9es dans les parcs et sur les places, et des activit\u00e9s men\u00e9es par les \u00c9claireurs dans les quartiers. \u00ab Nous avons amen\u00e9 l\u2019\u00e9glise dans la rue, en organisant des programmes tout en promouvant notre initiative \u00ab Je Veux Vivre en Bonne Sant\u00e9 \u00bb et d\u2019autres projets communautaires, \u00bb a d\u00e9clar\u00e9 pasteur King. Plus de 70 campagnes d\u2019\u00e9vang\u00e9lisation ont \u00e9galement \u00e9t\u00e9 tenues \u00e0 Monterrey en mai, avec le soutien de la radio Adventiste Mondiale.<\/p>\n<p><div id=\"attachment_133821\" style=\"width: 973px\" class=\"wp-caption aligncenter\"><img loading=\"lazy\" decoding=\"async\" aria-describedby=\"caption-attachment-133821\" class=\" wp-image-133820\" src=\"https:\/\/interamerica.org\/wp-content\/uploads\/2025\/09\/mexcamp-2025-tania-orozco.jpg\" alt=\"\" width=\"963\" height=\"642\" srcset=\"https:\/\/interamerica.org\/wp-content\/uploads\/2025\/09\/mexcamp-2025-tania-orozco.jpg 1000w, https:\/\/interamerica.org\/wp-content\/uploads\/2025\/09\/mexcamp-2025-tania-orozco-300x200.jpg 300w, https:\/\/interamerica.org\/wp-content\/uploads\/2025\/09\/mexcamp-2025-tania-orozco-768x512.jpg 768w\" sizes=\"(max-width: 963px) 100vw, 963px\" \/><p id=\"caption-attachment-133821\" class=\"wp-caption-text\">La chanteuse Tania Orozco pr\u00e9sente un chant sp\u00e9cial chaque soir avant le message lors de la campagne d\u2019\u00e9vang\u00e9lisation en ligne d\u2019une semaine, <em data-start=\"186\" data-end=\"206\">Decide Vivir Feliz<\/em> qui s\u2019est d\u00e9roul\u00e9e \u00e0 Monterrey, au Mexique, du 6 au 13 septembre 2025. [Photo : Daniel Gallardo\/DIA]<\/p><\/div>Un facteur essentiel dans le succ\u00e8s de la campagne, a expliqu\u00e9 pasteur King, r\u00e9side dans les milliers de Maisons de l\u2019Esp\u00e9rance \u00e9tablies \u00e0 travers tout le pays. \u00ab Le concept est simple : une maison ouverte pour la pr\u00e9sentation de la campagne d\u2019\u00e9vang\u00e9lisation, o\u00f9 les gens peuvent \u00e9tablir le contact, partager des moments de communion et vivre une exp\u00e9rience communautaire, \u00bb a-t-il dit. \u00ab De nombreuses personnes qui n\u2019iraient pas \u00e0 l\u2019\u00e9glise ont appr\u00e9ci\u00e9 de se r\u00e9unir dans une maison. Dans certains districts, il y avait quatre \u00e0 cinq fois plus de Maisons de l\u2019Esp\u00e9rance que de petits groupes. \u00bb<\/p>\n<p>Pour pasteur King, les Maisons de l\u2019Esp\u00e9rance repr\u00e9sentent \u00e0 la fois une opportunit\u00e9 et une responsabilit\u00e9. \u00ab C\u2019est une fen\u00eatre d\u2019opportunit\u00e9 que nous avons maintenant, \u00bb a-t-il d\u00e9clar\u00e9. \u00ab Les choses peuvent changer rapidement, mais nous devons utiliser tous les m\u00e9dias et tous les contextes disponibles pour atteindre ceux qui ont encore besoin d\u2019entendre le message du salut. \u00bb<\/p>\n<p><div id=\"attachment_133830\" style=\"width: 960px\" class=\"wp-caption aligncenter\"><img loading=\"lazy\" decoding=\"async\" aria-describedby=\"caption-attachment-133830\" class=\"wp-image-133829 size-full\" src=\"https:\/\/interamerica.org\/wp-content\/uploads\/2025\/09\/rehabcenter-xoxocotlan-oaxaca-mexcamp2025.jpg\" alt=\"\" width=\"950\" height=\"678\" srcset=\"https:\/\/interamerica.org\/wp-content\/uploads\/2025\/09\/rehabcenter-xoxocotlan-oaxaca-mexcamp2025.jpg 950w, https:\/\/interamerica.org\/wp-content\/uploads\/2025\/09\/rehabcenter-xoxocotlan-oaxaca-mexcamp2025-300x214.jpg 300w, https:\/\/interamerica.org\/wp-content\/uploads\/2025\/09\/rehabcenter-xoxocotlan-oaxaca-mexcamp2025-768x548.jpg 768w\" sizes=\"(max-width: 950px) 100vw, 950px\" \/><p id=\"caption-attachment-133830\" class=\"wp-caption-text\">Un groupe d\u2019un centre de d\u00e9sintoxication \u00e0 Xoxocotlan, dans l\u2019\u00e9tat de Oaxaca, visionne la s\u00e9rie \u00e9vang\u00e9lique le soir. [Photo : Avec l&rsquo;aimable autorisation de Cesar Martinez]<\/p><\/div><strong>Des vies transform\u00e9es dans tout le Mexique<\/strong><\/p>\n<p>En p\u00e9riph\u00e9rie de Monterrey, Mar\u00eda del Carmen Cortez et son mari, Rafael Gonz\u00e1lez, ont ouvert leur maison pour la s\u00e9rie apr\u00e8s avoir re\u00e7u une invitation de Carolina Torres, responsable d\u2019un petit groupe, qui \u00e9tait devenue son amie. D\u00e8s le quatri\u00e8me soir, les voisins ont envahi les rues, chantant, regardant le programme et partageant des d\u00eeners de tamales et de tortillas. \u00ab Les t\u00e9moignages ont abord\u00e9 des probl\u00e8mes r\u00e9els auxquels les gens sont confront\u00e9s au quotidien et ont suscit\u00e9 des conversations qui ont ouvert la voie \u00e0 l\u2019exp\u00e9rience de disciple, \u00bb a d\u00e9clar\u00e9 Carolina Torres.<\/p>\n<p>Selon le pasteur Sergio Ar\u00e9valo Delgado, responsable du district de Ju\u00e1rez Norte o\u00f9 r\u00e9side Mar\u00eda Cortez, le groupe sera maintenant organis\u00e9 en petit groupe ; Plusieurs participent d\u00e9j\u00e0 \u00e0 des \u00e9tudes bibliques et des plans sont en cours pour mettre les enfants en contact avec les clubs des Aventuriers et des \u00c9claireurs d\u2019une \u00e9glise voisine.<\/p>\n<p><div id=\"attachment_133794\" style=\"width: 1010px\" class=\"wp-caption aligncenter\"><img loading=\"lazy\" decoding=\"async\" aria-describedby=\"caption-attachment-133794\" class=\"size-full wp-image-133793\" src=\"https:\/\/interamerica.org\/wp-content\/uploads\/2025\/09\/mex-camp2025-casaesperanza-monterrey.jpg\" alt=\"\" width=\"1000\" height=\"667\" srcset=\"https:\/\/interamerica.org\/wp-content\/uploads\/2025\/09\/mex-camp2025-casaesperanza-monterrey.jpg 1000w, https:\/\/interamerica.org\/wp-content\/uploads\/2025\/09\/mex-camp2025-casaesperanza-monterrey-300x200.jpg 300w, https:\/\/interamerica.org\/wp-content\/uploads\/2025\/09\/mex-camp2025-casaesperanza-monterrey-768x512.jpg 768w\" sizes=\"(max-width: 1000px) 100vw, 1000px\" \/><p id=\"caption-attachment-133794\" class=\"wp-caption-text\">Mar\u00eda del Carmen Cortez et son mari, Rafael Gonz\u00e1lez, assis avec plus de 25 voisins, regardent une projection sur leur maison lors de la campagne d\u2019\u00e9vang\u00e9lisation en ligne \u00e0 Monterrey, au Mexique, le vendredi 12 septembre 2025. [Photo : Daniel Gallardo\/DIA]<\/p><\/div>\u00c0 Catemaco, dans l\u2019\u00e9tat de Veracruz, Carmen Prados, autrefois pratiquante de longue date de la sorcellerie, a organis\u00e9 une Maison de l\u2019Esp\u00e9rance avec son mari, Salom\u00f3n. Depuis son bapt\u00eame il y a trois ans, elle est devenue un membre actif de son \u00e9glise locale, donnant des \u00e9tudes bibliques et animant des \u00e9tudes de la Bible dans plusieurs petits groupes. Elle fait partie des plus de 9200 responsables de petits groupes et des 4700 h\u00f4tes des Maisons de l\u2019Esp\u00e9rance sur le territoire de l\u2019Union Mexicaine Inter Oc\u00e9anique engag\u00e9s dans la formation de disciples tout au long de l\u2019ann\u00e9e.<\/p>\n<p>\u00ab Cette campagne nous a rappel\u00e9 de ne pas perdre de temps, \u00bb a-t-elle d\u00e9clar\u00e9. \u00ab Nous devons r\u00e9pandre la bonne nouvelle selon laquelle on peut vivre heureux en J\u00e9sus, quelles que soient les luttes et les difficult\u00e9s que l\u2019ennemi am\u00e8ne. \u00bb<\/p>\n<div id=\"attachment_133791\" style=\"width: 646px\" class=\"wp-caption aligncenter\"><img loading=\"lazy\" decoding=\"async\" aria-describedby=\"caption-attachment-133791\" class=\" wp-image-133790\" src=\"https:\/\/interamerica.org\/wp-content\/uploads\/2025\/09\/mex-camp2025-darnelly-chable.jpg\" alt=\"\" width=\"636\" height=\"816\" srcset=\"https:\/\/interamerica.org\/wp-content\/uploads\/2025\/09\/mex-camp2025-darnelly-chable.jpg 700w, https:\/\/interamerica.org\/wp-content\/uploads\/2025\/09\/mex-camp2025-darnelly-chable-234x300.jpg 234w\" sizes=\"(max-width: 636px) 100vw, 636px\" \/><p id=\"caption-attachment-133791\" class=\"wp-caption-text\">Darnelly Chabl\u00e9 avec son mari, Luis, et leur fils, Dylan, dans la Maison de l\u2019Esp\u00e9rance qu\u2019elle a tenue \u00e0 Mexico, et o\u00f9 les familles se r\u00e9unissaient chaque soir pour regarder la r\u00e9cente campagne d\u2019\u00e9vang\u00e9lisation en ligne. [Photo : Avec l\u2019aimable autorisation de Darnelly Chabl\u00e9]<\/p><\/div>\n<p data-start=\"1013\" data-end=\"1400\"><span style=\"font-size: 16px;\">Pour Darnelly Chabl\u00e9 \u00e0 Mexico, la campagne a approfondi son engagement dans le minist\u00e8re apr\u00e8s son bapt\u00eame, celui de son mari et de son fils qui a des besoins sp\u00e9ciaux, plus t\u00f4t cette ann\u00e9e. En en apprenant davantage au sujet de la campagne nationale en ligne, elle a commenc\u00e9 \u00e0 en faire la promotion sur son compte sur les r\u00e9seaux sociaux, et celui de son fils avant de d\u00e9cider d\u2019organiser une Maison de l\u2019Esp\u00e9rance dans une grande salle o\u00f9 pr\u00e8s d\u2019une douzaine de familles se sont r\u00e9unies chaque soir pour regarder la s\u00e9rie.<\/span><\/p>\n<p data-start=\"1013\" data-end=\"1400\">\u00ab Des personnes qui me suivent sur les r\u00e9seaux sont venues chaque soir, certains ayant des besoins \u00e9motionnels profonds, \u00bb a-t-elle d\u00e9clar\u00e9. \u00ab Mon t\u00e9moignage sur la fa\u00e7on dont Dieu a restaur\u00e9 mon mariage a renforc\u00e9 ma d\u00e9termination \u00e0 continuer d\u2019aller vers les autres. \u00bb Avec le soutien de son \u00e9glise locale, elle s\u2019est engag\u00e9e \u00e0 continuer d\u2019\u00e9tablir de nouveaux contacts dans la Maison de l\u2019Esp\u00e9rance qu\u2019elle dirigeait.<\/p>\n<p><div id=\"attachment_133788\" style=\"width: 917px\" class=\"wp-caption aligncenter\"><img loading=\"lazy\" decoding=\"async\" aria-describedby=\"caption-attachment-133788\" class=\"wp-image-133787\" src=\"https:\/\/interamerica.org\/wp-content\/uploads\/2025\/09\/mex-campaign-2025chiapas-patio.jpg\" alt=\"\" width=\"907\" height=\"681\" srcset=\"https:\/\/interamerica.org\/wp-content\/uploads\/2025\/09\/mex-campaign-2025chiapas-patio.jpg 950w, https:\/\/interamerica.org\/wp-content\/uploads\/2025\/09\/mex-campaign-2025chiapas-patio-300x225.jpg 300w, https:\/\/interamerica.org\/wp-content\/uploads\/2025\/09\/mex-campaign-2025chiapas-patio-768x576.jpg 768w\" sizes=\"(max-width: 907px) 100vw, 907px\" \/><p id=\"caption-attachment-133788\" class=\"wp-caption-text\">Des voisins se rassemblent sur la terrasse de la maison de Delfino Grajales et de sa famille \u00e0 Tuxtla Guti\u00e9rrez, dans le Chiapas, pendant la s\u00e9rie en ligne. La Maison de l\u2019Esp\u00e9rance attirait une trentaine de personnes chaque soir, dont 17 visiteurs. [Photo : Union Mexicaine du Chiapas]<\/p><\/div>\u00c0 Tuxtla Guti\u00e9rrez, dans le Chiapas, Delfino Grajales et sa famille ont accueilli 30 personnes, dont plus de la moiti\u00e9 \u00e9taient des visiteurs, chaque soir sur leur terrasse. Apr\u00e8s chaque r\u00e9union, le groupe partageait un repas et un moment de fraternit\u00e9, renfor\u00e7ant ainsi les liens d\u2019amiti\u00e9 et la foi. M\u00eame le maire de la ville, Enrique N\u00e1jera Reyes, \u00e9tait pr\u00e9sent avec son \u00e9pouse. \u00ab Je suis tr\u00e8s heureux de retourner dans les voies du Seigneur avec ma famille, \u00bb a dit Enrique N\u00e1jera. \u00ab C\u2019est un privil\u00e8ge de participer \u00e0 ces r\u00e9unions, o\u00f9 on se sent comme un membre de la famille et o\u00f9 on peut partager avec ses fr\u00e8res et ses amis, tout en accomplissant la mission de J\u00e9sus. \u00bb<\/p>\n<p><strong>Dans les coulisses et au-del\u00e0 <\/strong><\/p>\n<p>Chaque soir, le programme d\u2019une heure proposait de la musique originale, des pri\u00e8res, des activit\u00e9s pour les enfants et de courts segments consacr\u00e9s \u00e0 la sant\u00e9, aux possibilit\u00e9s, \u00e0 la jeunesse, aux publications ainsi qu\u2019aux minist\u00e8res des femmes. Plus de 60 personnes ont travaill\u00e9 \u00e0 la production, aux c\u00f4t\u00e9s de centaines de b\u00e9n\u00e9voles qui sont intervenus dans les centres d\u2019appels, ont g\u00e9r\u00e9 les campagnes marketing et coordonn\u00e9 les actions missionnaires num\u00e9riques.<\/p>\n<p><div id=\"attachment_133834\" style=\"width: 967px\" class=\"wp-caption aligncenter\"><img loading=\"lazy\" decoding=\"async\" aria-describedby=\"caption-attachment-133834\" class=\" wp-image-133833\" src=\"https:\/\/interamerica.org\/wp-content\/uploads\/2025\/09\/mex-camp2025-interpreter.jpg\" alt=\"\" width=\"957\" height=\"638\" srcset=\"https:\/\/interamerica.org\/wp-content\/uploads\/2025\/09\/mex-camp2025-interpreter.jpg 1000w, https:\/\/interamerica.org\/wp-content\/uploads\/2025\/09\/mex-camp2025-interpreter-300x200.jpg 300w, https:\/\/interamerica.org\/wp-content\/uploads\/2025\/09\/mex-camp2025-interpreter-768x512.jpg 768w\" sizes=\"(max-width: 957px) 100vw, 957px\" \/><p id=\"caption-attachment-133834\" class=\"wp-caption-text\">Un interpr\u00e8te signe pour la communaut\u00e9 des sourds lors de la soir\u00e9e d\u2019ouverture de la campagne d\u2019\u00e9vang\u00e9lisation en ligne <em data-start=\"120\" data-end=\"140\">Decide Vivir Feliz<\/em> \u00bb, le 6 septembre 2025. [Photo : Daniel Gallardo\/DIA]<\/p><\/div>Les r\u00e9sultats ont \u00e9t\u00e9 remarquables, selon les responsables : 900 messages re\u00e7us, 145 inscriptions \u00e0 des \u00e9tudes bibliques, pr\u00e8s de 500 demandes de pri\u00e8re et des dizaines d\u2019appels de suivi. Trente-trois fr\u00e9quences de radio, dont six stations commerciales, ont diffus\u00e9 la campagne gratuitement, tandis que 12 r\u00e9seaux sociaux amplifiaient sa port\u00e9e \u00e0 l\u2019\u00e9chelle nationale. L\u2019application Esperanza M\u00e9xico Radio a enregistr\u00e9 en moyenne 150 connexions en direct chaque soir et a d\u00e9j\u00e0 d\u00e9pass\u00e9 les 17000 t\u00e9l\u00e9chargements.<\/p>\n<p>Maintenant dans sa cinqui\u00e8me ann\u00e9e, la campagne en ligne a plus que doubl\u00e9 le nombre de bapt\u00eames depuis 2021, d\u00e9passant les 55400 bapt\u00eames au 13 septembre, et d\u2019autres sont attendus.<\/p>\n<p><div id=\"attachment_133803\" style=\"width: 960px\" class=\"wp-caption aligncenter\"><img loading=\"lazy\" decoding=\"async\" aria-describedby=\"caption-attachment-133803\" class=\"size-full wp-image-133802\" src=\"https:\/\/interamerica.org\/wp-content\/uploads\/2025\/09\/abdielpatraca-nomu-mexcamp2025.jpg\" alt=\"\" width=\"950\" height=\"665\" srcset=\"https:\/\/interamerica.org\/wp-content\/uploads\/2025\/09\/abdielpatraca-nomu-mexcamp2025.jpg 950w, https:\/\/interamerica.org\/wp-content\/uploads\/2025\/09\/abdielpatraca-nomu-mexcamp2025-300x210.jpg 300w, https:\/\/interamerica.org\/wp-content\/uploads\/2025\/09\/abdielpatraca-nomu-mexcamp2025-768x538.jpg 768w\" sizes=\"(max-width: 950px) 100vw, 950px\" \/><p id=\"caption-attachment-133803\" class=\"wp-caption-text\">Abdiel Patraca, directeur de la communication de l\u2019Union Nord Mexicaine et producteur de la s\u00e9rie en ligne <em data-start=\"133\" data-end=\"153\">Decide Vivir Feliz<\/em> a expliqu\u00e9 les analyses derri\u00e8re les strat\u00e9gies de m\u00e9dias num\u00e9riques aux dirigeants de l\u2019\u00e9glise dans les cinq unions du Mexique, le 13 septembre 2025. [Photo : Daniel Gallardo\/DIA]<\/p><\/div>Les dirigeants d\u2019\u00e9glise ont salu\u00e9 les r\u00e9sultats et la nouvelle vision de l\u2019\u00e9vang\u00e9lisation. \u00ab Nous voulons donner un \u00e9lan fort \u00e0 l\u2019\u00e9vang\u00e9lisation num\u00e9rique, en particulier \u00e0 la radio en ligne, \u00bb a dit pasteur King. \u00ab Les dirigeants au Mexique sont unis et nous croyons que c\u2019est l\u2019\u0153uvre du Saint-Esprit. Nous ne sommes pas l\u00e0 pour \u00eatre en comp\u00e9tition mais pour travailler ensemble. \u00bb<\/p>\n<p>Le pasteur Abraham Sandoval, pr\u00e9sident de l\u2019Union Inter Oc\u00e9anique, est du m\u00eame avis : \u00ab Dans nos \u00e9glises, nous doutons parfois de l\u2019impact des r\u00e9seaux sociaux, mais ce rapport t\u00e9moigne de leur grande port\u00e9e et de leurs r\u00e9sultats consid\u00e9rables. Nous sommes reconnaissants pour ce qui a \u00e9t\u00e9 accompli. \u00bb<\/p>\n<div class=\"mceTemp\"><\/div>\n<p><div id=\"attachment_133779\" style=\"width: 1034px\" class=\"wp-caption aligncenter\"><img loading=\"lazy\" decoding=\"async\" aria-describedby=\"caption-attachment-133779\" class=\"size-large wp-image-133778\" src=\"https:\/\/interamerica.org\/wp-content\/uploads\/2025\/09\/mexcampa-2025-influencers-1024x459.jpg\" alt=\"\" width=\"1024\" height=\"459\" srcset=\"https:\/\/interamerica.org\/wp-content\/uploads\/2025\/09\/mexcampa-2025-influencers-1024x459.jpg 1024w, https:\/\/interamerica.org\/wp-content\/uploads\/2025\/09\/mexcampa-2025-influencers-300x134.jpg 300w, https:\/\/interamerica.org\/wp-content\/uploads\/2025\/09\/mexcampa-2025-influencers-768x344.jpg 768w, https:\/\/interamerica.org\/wp-content\/uploads\/2025\/09\/mexcampa-2025-influencers-1536x688.jpg 1536w, https:\/\/interamerica.org\/wp-content\/uploads\/2025\/09\/mexcampa-2025-influencers.jpg 1600w\" sizes=\"(max-width: 1024px) 100vw, 1024px\" \/><p id=\"caption-attachment-133779\" class=\"wp-caption-text\">Un groupe de 300 influenceurs et cr\u00e9ateurs de contenu sur les r\u00e9seaux sociaux qui ont promu la campagne d\u2019\u00e9vang\u00e9lisation en ligne <em data-start=\"163\" data-end=\"183\">Decide Vivir Feliz<\/em> \u00e0 travers le Mexique en septembre 2025. [Photo : Union Nord Mexicaine]<\/p><\/div>Pasteur Ignacio Navarro, pr\u00e9sident de l\u2019Union du Chiapas, a d\u00e9clar\u00e9 que le potentiel \u00e9tait \u00e9norme : \u00ab Le Mexique compte 850000 membres, ce qui repr\u00e9sente 200000 familles. Si chaque famille devient une Maison de l\u2019Esp\u00e9rance, nous pourrions bient\u00f4t atteindre cet objectif. Je rends gloire \u00e0 Dieu pour ce travail formidable, et je suis convaincu que nous serons encore plus forts \u00e0 l\u2019avenir. \u00bb<\/p>\n<p>Des ondes radio aux salons, des panneaux d\u2019affichage \u00e0 Monterrey aux invitations sur WhatsApp dans les petites villes, les dirigeants ont d\u00e9clar\u00e9 que la campagne refl\u00e9tait une nouvelle \u00e8re de mission. \u00ab Nous croyons que Dieu conduit son \u00c9glise au Mexique vers quelque chose de tr\u00e8s grand, \u00bb a dit pasteur King.<\/p>\n<p>Des plans sont d\u00e9j\u00e0 en cours pour la campagne nationale d\u2019\u00e9vang\u00e9lisation en ligne de l\u2019ann\u00e9e prochaine ; elle devrait \u00eatre organis\u00e9e depuis l\u2019Union du Sud-Est Mexicain en ao\u00fbt 2026.<\/p>\n<p><div id=\"attachment_133797\" style=\"width: 1010px\" class=\"wp-caption aligncenter\"><img loading=\"lazy\" decoding=\"async\" aria-describedby=\"caption-attachment-133797\" class=\"size-full wp-image-133796\" src=\"https:\/\/interamerica.org\/wp-content\/uploads\/2025\/09\/production-staff-mex-camp-2025.jpg\" alt=\"\" width=\"1000\" height=\"611\" srcset=\"https:\/\/interamerica.org\/wp-content\/uploads\/2025\/09\/production-staff-mex-camp-2025.jpg 1000w, https:\/\/interamerica.org\/wp-content\/uploads\/2025\/09\/production-staff-mex-camp-2025-300x183.jpg 300w, https:\/\/interamerica.org\/wp-content\/uploads\/2025\/09\/production-staff-mex-camp-2025-768x469.jpg 768w\" sizes=\"(max-width: 1000px) 100vw, 1000px\" \/><p id=\"caption-attachment-133797\" class=\"wp-caption-text\">L\u2019\u00e9quipe de production de la campagne d\u2019\u00e9vang\u00e9lisation en ligne <em data-start=\"85\" data-end=\"105\">Decide Vivir Feliz<\/em> se rassemble pour une photo de groupe apr\u00e8s la fin du programme, le 13 septembre 2025, \u00e0 Monterrey, au Mexique. [Photo : Daniel Gallardo\/DIA]<\/p><\/div><em>Helena Corona, Gaby Chagolla, Mart\u00edn Olvera, C\u00e9sar Mart\u00ednez, et Yosainy Colina ont apport\u00e9 des informations pour la r\u00e9daction de cet article.<\/em><\/p>\n<p>Pour voir une galerie de photos de la production de la s\u00e9rie, cliquez <a href=\"https:\/\/flickr.com\/photos\/interamerica\/albums\/72177720329282933\">ICI<\/a>.<\/p>\n<p>Pour regarder la campagne d\u2019\u00e9vang\u00e9lisation en ligne du 6 au 13 septembre 2025, qui a \u00e9t\u00e9 diffus\u00e9e depuis Monterrey, au Mexique, sur la cha\u00eene YouTube de Hope Channel Inter-Am\u00e9rique, cliquez <a href=\"https:\/\/www.youtube.com\/watch?v=H_mLWBis5Rk&amp;list=PLEKDxuu7su2oVFhFrAOZsVeqaQHkFWVKb\">ICI<\/a><\/p>\n<p>Pour en savoir plus sur la campagne \u00ab D\u00e9cidez Vivir Feliz \u00bb et sur les initiatives d\u2019\u00e9vang\u00e9lisation dans tout le Mexique, rendez-vous sur le site <a href=\"https:\/\/esperanzamexico.com\/\">esperanzamexico.com<\/a><\/p>\n<p>Pour voir une galerie photo de la s\u00e9rie cliquez <a href=\"https:\/\/flickr.com\/photos\/interamerica\/albums\/72177720329282933\">ICI<\/a>.<\/p>\n<p>Traduction: Patrick Luciathe<\/p>\n","protected":false},"excerpt":{"rendered":"<p>Les efforts conjoints de l\u2019\u00c9glise, de la radio et des plateformes num\u00e9riques, ainsi que des Maisons de l\u2019Esp\u00e9rance, produisent des r\u00e9sultats sans pr\u00e9c\u00e9dent. 25 Septembre 2025 | Monterrey, Nuevo Le\u00f3n,&#8230;<\/p>\n","protected":false},"author":3,"featured_media":133812,"comment_status":"closed","ping_status":"closed","sticky":false,"template":"","format":"standard","meta":{"_acf_changed":false,"footnotes":""},"categories":[21,19],"tags":[],"class_list":["post-133881","post","type-post","status-publish","format-standard","has-post-thumbnail","hentry","category-nouvelles-du-territoire","category-rss-francais"],"acf":[],"yoast_head":"<!-- This site is optimized with the Yoast SEO plugin v27.3 - https:\/\/yoast.com\/product\/yoast-seo-wordpress\/ -->\n<title>La campagne d\u2019\u00e9vang\u00e9lisation en ligne au Mexique bat des records avec pr\u00e8s de 2 millions de personnes touch\u00e9es - \u00c9glise Adventiste Du Septieme Jour - Inter Am\u00e9rique Division<\/title>\n<meta name=\"robots\" content=\"index, follow, max-snippet:-1, max-image-preview:large, max-video-preview:-1\" \/>\n<link rel=\"canonical\" href=\"https:\/\/interamerica.org\/fr\/2025\/09\/la-campagne-devangelisation-en-ligne-au-mexique-bat-des-records-avec-pres-de-2-millions-de-personnes-touchees\/\" \/>\n<meta property=\"og:locale\" content=\"fr_FR\" \/>\n<meta property=\"og:type\" content=\"article\" \/>\n<meta property=\"og:title\" content=\"La campagne d\u2019\u00e9vang\u00e9lisation en ligne au Mexique bat des records avec pr\u00e8s de 2 millions de personnes touch\u00e9es - \u00c9glise Adventiste Du Septieme Jour - Inter Am\u00e9rique Division\" \/>\n<meta property=\"og:description\" content=\"Les efforts conjoints de l\u2019\u00c9glise, de la radio et des plateformes num\u00e9riques, ainsi que des Maisons de l\u2019Esp\u00e9rance, produisent des r\u00e9sultats sans pr\u00e9c\u00e9dent. 25 Septembre 2025 | Monterrey, Nuevo Le\u00f3n,...\" \/>\n<meta property=\"og:url\" content=\"https:\/\/interamerica.org\/fr\/2025\/09\/la-campagne-devangelisation-en-ligne-au-mexique-bat-des-records-avec-pres-de-2-millions-de-personnes-touchees\/\" \/>\n<meta property=\"og:site_name\" content=\"\u00c9glise Adventiste Du Septieme Jour - Inter Am\u00e9rique Division\" \/>\n<meta property=\"article:published_time\" content=\"2025-09-26T00:14:01+00:00\" \/>\n<meta property=\"article:modified_time\" content=\"2025-10-13T19:40:01+00:00\" \/>\n<meta property=\"og:image\" content=\"https:\/\/interamerica.org\/wp-content\/uploads\/2025\/09\/mexcampaign-audience2025.jpg\" \/>\n\t<meta property=\"og:image:width\" content=\"1000\" \/>\n\t<meta property=\"og:image:height\" content=\"667\" \/>\n\t<meta property=\"og:image:type\" content=\"image\/jpeg\" \/>\n<meta name=\"author\" content=\"libna\" \/>\n<meta name=\"twitter:card\" content=\"summary_large_image\" \/>\n<meta name=\"twitter:label1\" content=\"\u00c9crit par\" \/>\n\t<meta name=\"twitter:data1\" content=\"libna\" \/>\n\t<meta name=\"twitter:label2\" content=\"Dur\u00e9e de lecture estim\u00e9e\" \/>\n\t<meta name=\"twitter:data2\" content=\"17 minutes\" \/>\n<script type=\"application\/ld+json\" class=\"yoast-schema-graph\">{\"@context\":\"https:\\\/\\\/schema.org\",\"@graph\":[{\"@type\":\"Article\",\"@id\":\"https:\\\/\\\/interamerica.org\\\/fr\\\/2025\\\/09\\\/la-campagne-devangelisation-en-ligne-au-mexique-bat-des-records-avec-pres-de-2-millions-de-personnes-touchees\\\/#article\",\"isPartOf\":{\"@id\":\"https:\\\/\\\/interamerica.org\\\/fr\\\/2025\\\/09\\\/la-campagne-devangelisation-en-ligne-au-mexique-bat-des-records-avec-pres-de-2-millions-de-personnes-touchees\\\/\"},\"author\":{\"name\":\"libna\",\"@id\":\"https:\\\/\\\/interamerica.org\\\/fr\\\/#\\\/schema\\\/person\\\/29998f2bc2d8bd0d38662909289b54f1\"},\"headline\":\"La campagne d\u2019\u00e9vang\u00e9lisation en ligne au Mexique bat des records avec pr\u00e8s de 2 millions de personnes touch\u00e9es\",\"datePublished\":\"2025-09-26T00:14:01+00:00\",\"dateModified\":\"2025-10-13T19:40:01+00:00\",\"mainEntityOfPage\":{\"@id\":\"https:\\\/\\\/interamerica.org\\\/fr\\\/2025\\\/09\\\/la-campagne-devangelisation-en-ligne-au-mexique-bat-des-records-avec-pres-de-2-millions-de-personnes-touchees\\\/\"},\"wordCount\":3342,\"image\":{\"@id\":\"https:\\\/\\\/interamerica.org\\\/fr\\\/2025\\\/09\\\/la-campagne-devangelisation-en-ligne-au-mexique-bat-des-records-avec-pres-de-2-millions-de-personnes-touchees\\\/#primaryimage\"},\"thumbnailUrl\":\"https:\\\/\\\/interamerica.org\\\/wp-content\\\/uploads\\\/2025\\\/09\\\/mexcampaign-audience2025.jpg\",\"articleSection\":[\"Nouvelles du territoire\",\"RSS Fran\u00e7ais\"],\"inLanguage\":\"fr-FR\"},{\"@type\":\"WebPage\",\"@id\":\"https:\\\/\\\/interamerica.org\\\/fr\\\/2025\\\/09\\\/la-campagne-devangelisation-en-ligne-au-mexique-bat-des-records-avec-pres-de-2-millions-de-personnes-touchees\\\/\",\"url\":\"https:\\\/\\\/interamerica.org\\\/fr\\\/2025\\\/09\\\/la-campagne-devangelisation-en-ligne-au-mexique-bat-des-records-avec-pres-de-2-millions-de-personnes-touchees\\\/\",\"name\":\"La campagne d\u2019\u00e9vang\u00e9lisation en ligne au Mexique bat des records avec pr\u00e8s de 2 millions de personnes touch\u00e9es - \u00c9glise Adventiste Du Septieme Jour - Inter Am\u00e9rique Division\",\"isPartOf\":{\"@id\":\"https:\\\/\\\/interamerica.org\\\/fr\\\/#website\"},\"primaryImageOfPage\":{\"@id\":\"https:\\\/\\\/interamerica.org\\\/fr\\\/2025\\\/09\\\/la-campagne-devangelisation-en-ligne-au-mexique-bat-des-records-avec-pres-de-2-millions-de-personnes-touchees\\\/#primaryimage\"},\"image\":{\"@id\":\"https:\\\/\\\/interamerica.org\\\/fr\\\/2025\\\/09\\\/la-campagne-devangelisation-en-ligne-au-mexique-bat-des-records-avec-pres-de-2-millions-de-personnes-touchees\\\/#primaryimage\"},\"thumbnailUrl\":\"https:\\\/\\\/interamerica.org\\\/wp-content\\\/uploads\\\/2025\\\/09\\\/mexcampaign-audience2025.jpg\",\"datePublished\":\"2025-09-26T00:14:01+00:00\",\"dateModified\":\"2025-10-13T19:40:01+00:00\",\"author\":{\"@id\":\"https:\\\/\\\/interamerica.org\\\/fr\\\/#\\\/schema\\\/person\\\/29998f2bc2d8bd0d38662909289b54f1\"},\"breadcrumb\":{\"@id\":\"https:\\\/\\\/interamerica.org\\\/fr\\\/2025\\\/09\\\/la-campagne-devangelisation-en-ligne-au-mexique-bat-des-records-avec-pres-de-2-millions-de-personnes-touchees\\\/#breadcrumb\"},\"inLanguage\":\"fr-FR\",\"potentialAction\":[{\"@type\":\"ReadAction\",\"target\":[\"https:\\\/\\\/interamerica.org\\\/fr\\\/2025\\\/09\\\/la-campagne-devangelisation-en-ligne-au-mexique-bat-des-records-avec-pres-de-2-millions-de-personnes-touchees\\\/\"]}]},{\"@type\":\"ImageObject\",\"inLanguage\":\"fr-FR\",\"@id\":\"https:\\\/\\\/interamerica.org\\\/fr\\\/2025\\\/09\\\/la-campagne-devangelisation-en-ligne-au-mexique-bat-des-records-avec-pres-de-2-millions-de-personnes-touchees\\\/#primaryimage\",\"url\":\"https:\\\/\\\/interamerica.org\\\/wp-content\\\/uploads\\\/2025\\\/09\\\/mexcampaign-audience2025.jpg\",\"contentUrl\":\"https:\\\/\\\/interamerica.org\\\/wp-content\\\/uploads\\\/2025\\\/09\\\/mexcampaign-audience2025.jpg\",\"width\":1000,\"height\":667,\"caption\":\"[Photo: Daniel Gallardo\\\/IAD]\"},{\"@type\":\"BreadcrumbList\",\"@id\":\"https:\\\/\\\/interamerica.org\\\/fr\\\/2025\\\/09\\\/la-campagne-devangelisation-en-ligne-au-mexique-bat-des-records-avec-pres-de-2-millions-de-personnes-touchees\\\/#breadcrumb\",\"itemListElement\":[{\"@type\":\"ListItem\",\"position\":1,\"name\":\"Home\",\"item\":\"https:\\\/\\\/interamerica.org\\\/fr\\\/\"},{\"@type\":\"ListItem\",\"position\":2,\"name\":\"La campagne d\u2019\u00e9vang\u00e9lisation en ligne au Mexique bat des records avec pr\u00e8s de 2 millions de personnes touch\u00e9es\"}]},{\"@type\":\"WebSite\",\"@id\":\"https:\\\/\\\/interamerica.org\\\/fr\\\/#website\",\"url\":\"https:\\\/\\\/interamerica.org\\\/fr\\\/\",\"name\":\"\u00c9glise Adventiste Du Septieme Jour - Inter Am\u00e9rique Division\",\"description\":\"\",\"potentialAction\":[{\"@type\":\"SearchAction\",\"target\":{\"@type\":\"EntryPoint\",\"urlTemplate\":\"https:\\\/\\\/interamerica.org\\\/fr\\\/?s={search_term_string}\"},\"query-input\":{\"@type\":\"PropertyValueSpecification\",\"valueRequired\":true,\"valueName\":\"search_term_string\"}}],\"inLanguage\":\"fr-FR\"},{\"@type\":\"Person\",\"@id\":\"https:\\\/\\\/interamerica.org\\\/fr\\\/#\\\/schema\\\/person\\\/29998f2bc2d8bd0d38662909289b54f1\",\"name\":\"libna\",\"image\":{\"@type\":\"ImageObject\",\"inLanguage\":\"fr-FR\",\"@id\":\"https:\\\/\\\/secure.gravatar.com\\\/avatar\\\/7c5bd30ae4b47a9ba3c856590957fd1d96dc588bf3ac05719d247e126840331f?s=96&d=mm&r=g\",\"url\":\"https:\\\/\\\/secure.gravatar.com\\\/avatar\\\/7c5bd30ae4b47a9ba3c856590957fd1d96dc588bf3ac05719d247e126840331f?s=96&d=mm&r=g\",\"contentUrl\":\"https:\\\/\\\/secure.gravatar.com\\\/avatar\\\/7c5bd30ae4b47a9ba3c856590957fd1d96dc588bf3ac05719d247e126840331f?s=96&d=mm&r=g\",\"caption\":\"libna\"}}]}<\/script>\n<!-- \/ Yoast SEO plugin. -->","yoast_head_json":{"title":"La campagne d\u2019\u00e9vang\u00e9lisation en ligne au Mexique bat des records avec pr\u00e8s de 2 millions de personnes touch\u00e9es - \u00c9glise Adventiste Du Septieme Jour - Inter Am\u00e9rique Division","robots":{"index":"index","follow":"follow","max-snippet":"max-snippet:-1","max-image-preview":"max-image-preview:large","max-video-preview":"max-video-preview:-1"},"canonical":"https:\/\/interamerica.org\/fr\/2025\/09\/la-campagne-devangelisation-en-ligne-au-mexique-bat-des-records-avec-pres-de-2-millions-de-personnes-touchees\/","og_locale":"fr_FR","og_type":"article","og_title":"La campagne d\u2019\u00e9vang\u00e9lisation en ligne au Mexique bat des records avec pr\u00e8s de 2 millions de personnes touch\u00e9es - \u00c9glise Adventiste Du Septieme Jour - Inter Am\u00e9rique Division","og_description":"Les efforts conjoints de l\u2019\u00c9glise, de la radio et des plateformes num\u00e9riques, ainsi que des Maisons de l\u2019Esp\u00e9rance, produisent des r\u00e9sultats sans pr\u00e9c\u00e9dent. 25 Septembre 2025 | Monterrey, Nuevo Le\u00f3n,...","og_url":"https:\/\/interamerica.org\/fr\/2025\/09\/la-campagne-devangelisation-en-ligne-au-mexique-bat-des-records-avec-pres-de-2-millions-de-personnes-touchees\/","og_site_name":"\u00c9glise Adventiste Du Septieme Jour - Inter Am\u00e9rique Division","article_published_time":"2025-09-26T00:14:01+00:00","article_modified_time":"2025-10-13T19:40:01+00:00","og_image":[{"width":1000,"height":667,"url":"https:\/\/interamerica.org\/wp-content\/uploads\/2025\/09\/mexcampaign-audience2025.jpg","type":"image\/jpeg"}],"author":"libna","twitter_card":"summary_large_image","twitter_misc":{"\u00c9crit par":"libna","Dur\u00e9e de lecture estim\u00e9e":"17 minutes"},"schema":{"@context":"https:\/\/schema.org","@graph":[{"@type":"Article","@id":"https:\/\/interamerica.org\/fr\/2025\/09\/la-campagne-devangelisation-en-ligne-au-mexique-bat-des-records-avec-pres-de-2-millions-de-personnes-touchees\/#article","isPartOf":{"@id":"https:\/\/interamerica.org\/fr\/2025\/09\/la-campagne-devangelisation-en-ligne-au-mexique-bat-des-records-avec-pres-de-2-millions-de-personnes-touchees\/"},"author":{"name":"libna","@id":"https:\/\/interamerica.org\/fr\/#\/schema\/person\/29998f2bc2d8bd0d38662909289b54f1"},"headline":"La campagne d\u2019\u00e9vang\u00e9lisation en ligne au Mexique bat des records avec pr\u00e8s de 2 millions de personnes touch\u00e9es","datePublished":"2025-09-26T00:14:01+00:00","dateModified":"2025-10-13T19:40:01+00:00","mainEntityOfPage":{"@id":"https:\/\/interamerica.org\/fr\/2025\/09\/la-campagne-devangelisation-en-ligne-au-mexique-bat-des-records-avec-pres-de-2-millions-de-personnes-touchees\/"},"wordCount":3342,"image":{"@id":"https:\/\/interamerica.org\/fr\/2025\/09\/la-campagne-devangelisation-en-ligne-au-mexique-bat-des-records-avec-pres-de-2-millions-de-personnes-touchees\/#primaryimage"},"thumbnailUrl":"https:\/\/interamerica.org\/wp-content\/uploads\/2025\/09\/mexcampaign-audience2025.jpg","articleSection":["Nouvelles du territoire","RSS Fran\u00e7ais"],"inLanguage":"fr-FR"},{"@type":"WebPage","@id":"https:\/\/interamerica.org\/fr\/2025\/09\/la-campagne-devangelisation-en-ligne-au-mexique-bat-des-records-avec-pres-de-2-millions-de-personnes-touchees\/","url":"https:\/\/interamerica.org\/fr\/2025\/09\/la-campagne-devangelisation-en-ligne-au-mexique-bat-des-records-avec-pres-de-2-millions-de-personnes-touchees\/","name":"La campagne d\u2019\u00e9vang\u00e9lisation en ligne au Mexique bat des records avec pr\u00e8s de 2 millions de personnes touch\u00e9es - \u00c9glise Adventiste Du Septieme Jour - Inter Am\u00e9rique Division","isPartOf":{"@id":"https:\/\/interamerica.org\/fr\/#website"},"primaryImageOfPage":{"@id":"https:\/\/interamerica.org\/fr\/2025\/09\/la-campagne-devangelisation-en-ligne-au-mexique-bat-des-records-avec-pres-de-2-millions-de-personnes-touchees\/#primaryimage"},"image":{"@id":"https:\/\/interamerica.org\/fr\/2025\/09\/la-campagne-devangelisation-en-ligne-au-mexique-bat-des-records-avec-pres-de-2-millions-de-personnes-touchees\/#primaryimage"},"thumbnailUrl":"https:\/\/interamerica.org\/wp-content\/uploads\/2025\/09\/mexcampaign-audience2025.jpg","datePublished":"2025-09-26T00:14:01+00:00","dateModified":"2025-10-13T19:40:01+00:00","author":{"@id":"https:\/\/interamerica.org\/fr\/#\/schema\/person\/29998f2bc2d8bd0d38662909289b54f1"},"breadcrumb":{"@id":"https:\/\/interamerica.org\/fr\/2025\/09\/la-campagne-devangelisation-en-ligne-au-mexique-bat-des-records-avec-pres-de-2-millions-de-personnes-touchees\/#breadcrumb"},"inLanguage":"fr-FR","potentialAction":[{"@type":"ReadAction","target":["https:\/\/interamerica.org\/fr\/2025\/09\/la-campagne-devangelisation-en-ligne-au-mexique-bat-des-records-avec-pres-de-2-millions-de-personnes-touchees\/"]}]},{"@type":"ImageObject","inLanguage":"fr-FR","@id":"https:\/\/interamerica.org\/fr\/2025\/09\/la-campagne-devangelisation-en-ligne-au-mexique-bat-des-records-avec-pres-de-2-millions-de-personnes-touchees\/#primaryimage","url":"https:\/\/interamerica.org\/wp-content\/uploads\/2025\/09\/mexcampaign-audience2025.jpg","contentUrl":"https:\/\/interamerica.org\/wp-content\/uploads\/2025\/09\/mexcampaign-audience2025.jpg","width":1000,"height":667,"caption":"[Photo: Daniel Gallardo\/IAD]"},{"@type":"BreadcrumbList","@id":"https:\/\/interamerica.org\/fr\/2025\/09\/la-campagne-devangelisation-en-ligne-au-mexique-bat-des-records-avec-pres-de-2-millions-de-personnes-touchees\/#breadcrumb","itemListElement":[{"@type":"ListItem","position":1,"name":"Home","item":"https:\/\/interamerica.org\/fr\/"},{"@type":"ListItem","position":2,"name":"La campagne d\u2019\u00e9vang\u00e9lisation en ligne au Mexique bat des records avec pr\u00e8s de 2 millions de personnes touch\u00e9es"}]},{"@type":"WebSite","@id":"https:\/\/interamerica.org\/fr\/#website","url":"https:\/\/interamerica.org\/fr\/","name":"\u00c9glise Adventiste Du Septieme Jour - Inter Am\u00e9rique Division","description":"","potentialAction":[{"@type":"SearchAction","target":{"@type":"EntryPoint","urlTemplate":"https:\/\/interamerica.org\/fr\/?s={search_term_string}"},"query-input":{"@type":"PropertyValueSpecification","valueRequired":true,"valueName":"search_term_string"}}],"inLanguage":"fr-FR"},{"@type":"Person","@id":"https:\/\/interamerica.org\/fr\/#\/schema\/person\/29998f2bc2d8bd0d38662909289b54f1","name":"libna","image":{"@type":"ImageObject","inLanguage":"fr-FR","@id":"https:\/\/secure.gravatar.com\/avatar\/7c5bd30ae4b47a9ba3c856590957fd1d96dc588bf3ac05719d247e126840331f?s=96&d=mm&r=g","url":"https:\/\/secure.gravatar.com\/avatar\/7c5bd30ae4b47a9ba3c856590957fd1d96dc588bf3ac05719d247e126840331f?s=96&d=mm&r=g","contentUrl":"https:\/\/secure.gravatar.com\/avatar\/7c5bd30ae4b47a9ba3c856590957fd1d96dc588bf3ac05719d247e126840331f?s=96&d=mm&r=g","caption":"libna"}}]}},"_links":{"self":[{"href":"https:\/\/interamerica.org\/fr\/wp-json\/wp\/v2\/posts\/133881","targetHints":{"allow":["GET"]}}],"collection":[{"href":"https:\/\/interamerica.org\/fr\/wp-json\/wp\/v2\/posts"}],"about":[{"href":"https:\/\/interamerica.org\/fr\/wp-json\/wp\/v2\/types\/post"}],"author":[{"embeddable":true,"href":"https:\/\/interamerica.org\/fr\/wp-json\/wp\/v2\/users\/3"}],"replies":[{"embeddable":true,"href":"https:\/\/interamerica.org\/fr\/wp-json\/wp\/v2\/comments?post=133881"}],"version-history":[{"count":2,"href":"https:\/\/interamerica.org\/fr\/wp-json\/wp\/v2\/posts\/133881\/revisions"}],"predecessor-version":[{"id":134512,"href":"https:\/\/interamerica.org\/fr\/wp-json\/wp\/v2\/posts\/133881\/revisions\/134512"}],"wp:featuredmedia":[{"embeddable":true,"href":"https:\/\/interamerica.org\/fr\/wp-json\/wp\/v2\/media\/133812"}],"wp:attachment":[{"href":"https:\/\/interamerica.org\/fr\/wp-json\/wp\/v2\/media?parent=133881"}],"wp:term":[{"taxonomy":"category","embeddable":true,"href":"https:\/\/interamerica.org\/fr\/wp-json\/wp\/v2\/categories?post=133881"},{"taxonomy":"post_tag","embeddable":true,"href":"https:\/\/interamerica.org\/fr\/wp-json\/wp\/v2\/tags?post=133881"}],"curies":[{"name":"wp","href":"https:\/\/api.w.org\/{rel}","templated":true}]}}