{"id":13389,"date":"2010-06-28T00:00:00","date_gmt":"2010-06-28T04:00:00","guid":{"rendered":"http:\/\/192.81.217.108\/interamerica\/2010\/06\/dan-jacksondirigera-leglise-adventiste-en-amerique-du-nord-b-ruguri-et-g-biaggiprennent-respectivement-la-direction-des-divisions-de-lafrique-de-lest-etcelle-de-la-region-russe\/"},"modified":"2017-06-02T13:03:41","modified_gmt":"2017-06-02T17:03:41","slug":"dan-jacksondirigera-leglise-adventiste-en-amerique-du-nord-b-ruguri-et-g-biaggiprennent-respectivement-la-direction-des-divisions-de-lafrique-de-lest-etcelle-de-la-region-russe","status":"publish","type":"post","link":"https:\/\/interamerica.org\/fr\/2010\/06\/dan-jacksondirigera-leglise-adventiste-en-amerique-du-nord-b-ruguri-et-g-biaggiprennent-respectivement-la-direction-des-divisions-de-lafrique-de-lest-etcelle-de-la-region-russe\/","title":{"rendered":"Dan Jacksondirigera l&#39;\u00e9glise Adventiste en Am\u00e9rique du Nord; B. Ruguri et G. Biaggiprennent respectivement la direction des divisions de l&#39;Afrique de l&#39;Est etcelle de la R\u00e9gion Russe."},"content":{"rendered":"<p>28 Juin 2010,Atlanta, G\u00e9orgie, Etats Unis&#8230;Mark A. Kellner, Adventist Review<\/p>\n<p>Dan Jackson,pr\u00e9sident de l&#39;\u00e9glise Adventiste au Canada est le nouveau pr\u00e9sident de laDivision Nord Am\u00e9ricaine, il a \u00e9t\u00e9 \u00e9lu le 28 juin par les d\u00e9l\u00e9gu\u00e9s de l&#39;\u00e9glisemondiale au cours de la session administrative qui a lieu \u00e0 Atlanta en G\u00e9orgie.<\/p>\n<p>Jackson, 61 ans,a \u00e9t\u00e9 propos\u00e9 par la Commission de Nomination et confirm\u00e9 par les d\u00e9l\u00e9gu\u00e9s \u00e0 laSession de la Conf\u00e9rence G\u00e9n\u00e9rale. Il remplace Don Schneider qui a servi entant que pr\u00e9sident depuis l&#39;an 2000.<\/p>\n<p>D&#39;autre part,Lisa M. Beardsley est devenue la premi\u00e8re femme \u00e0 servir l&#39;\u00e9glise Adventiste entant que Directrice de l&#39;Education. Elle est titulaire d&#39;une maitrise en sant\u00e9publique de l&#39;Universit\u00e9 de Loma Linda et aussi d&#39;un doctorat en psychologie del&#39;\u00e9ducation de l&#39;Universit\u00e9 d&#39;Hawa\u00ef \u00e0 Manoa ainsi que d&#39;une maitrise enAdministration d&#39;Entreprise de Claremont Graduate University en Californie.<\/p>\n<p>Lisa Beardsleyqui \u00e9tait avant sa nomination vice-chanceli\u00e8re des affaires acad\u00e9miques \u00e0l&#39;Universit\u00e9 de Loma Linda, est arriv\u00e9e au si\u00e8ge mondial de l&#39;\u00e9glise en 2005 entant qu&#39;adjointe au D\u00e9partement de l&#39;Education.<\/p>\n<p>Willie et ElaineOliver qui dirigent actuellement les Minist\u00e8res de la Famille pour l&#39;\u00e9gliseAdventiste en Am\u00e9rique du Nord succ\u00e8deront \u00e0 Ron et Karen Flowers \u00e0 ced\u00e9partement pour l&#39;\u00e9glise mondiale.<\/p>\n<p>Willie Oliver esttitulaire d&#39;un doctorat en Sociologie de la Famille et d&#39;une maitrise enRelation d&#39;Aide Pastorale et sociologie de la Famille. Elaine est titulaired&#39;un dipl\u00f4me universitaire en Education Sup\u00e9rieure avec une  emphase sur le d\u00e9veloppement de l&#39;\u00e9tudiant etla relation d&#39;aide. Elle est vice-pr\u00e9sidente pour la Gestion des Inscriptions \u00e0l&#39;Universit\u00e9 Adventiste de Washington et sert avec Willie dans le minist\u00e8re,conduisant des conf\u00e9rences sur le mariage, des retraites ainsi que des s\u00e9minairessur les relations. Les Oliver sont mari\u00e9s depuis 25 ans et sont les parents deJessica et Julian qui sont actuellement \u00e9tudiants \u00e0 l&#39;universit\u00e9.<\/p>\n<p>Le nouveaupr\u00e9sident de la Division Nord Am\u00e9ricaine qui \u00e9tait \u00e0 l&#39;affiche du magazine AdventisteWorld en f\u00e9vrier 2010, a r\u00e9agi ainsi \u00e0 son \u00e9lection: \u00ab\u00a0Dieu ne nous appellejamais \u00e0 faire des choses que nous sommes capables de r\u00e9aliser, et cettemission est tellement au dessus de mes capacit\u00e9s. Mais Il a appel\u00e9, etj&#39;accepte cet appel avec la plus grande humilit\u00e9 et avec une \u00e9norme gratitudeenvers Don Schneider,\u00a0\u00bb a dit Dan Jackson.<\/p>\n<p>R\u00e9agissant auvote, Don Schneider a d\u00e9clar\u00e9: \u00ab\u00a0Dan Jackson est un merveilleux Chr\u00e9tiendont la capacit\u00e9 \u00e0 diriger a d\u00e9montr\u00e9 un engagement dans la mission de l&#39;\u00e9gliseAdventiste du Septi\u00e8me jour.\u00a0\u00bb<\/p>\n<p>Dan Jackson estnatif du Canada et \u00e0 l&#39;exception de cinq ann\u00e9es de service dans la Division del&#39;Asie du Sud, a v\u00e9cu et servi au Canada. Il est dipl\u00f4m\u00e9 de Canadian UnionCollege (maintenant appel\u00e9 Canadian University College) et aussi d&#39;AndrewsUniversity d&#39;o\u00f9 il a re\u00e7u une maitrise en religion en th\u00e9ologie syst\u00e9matique.<\/p>\n<p>Au cours de sacarri\u00e8re, Dan Jackson a servi l&#39;\u00e9glise en tant que pasteur, enseignant etadministrateur. Il est actuellement le pr\u00e9sident de l&#39;\u00e9glise Adventiste aucanada. Dan et Donna son \u00e9pouse ont trois enfants et quatre petits enfants <\/p>\n<p>\u00ab\u00a0Mes pens\u00e9eset pri\u00e8res l&#39;accompagnent,\u00a0\u00bb a d\u00e9clar\u00e9 Carlton Byrd, pasteur de l&#39;\u00e9gliseAdventiste Atlanta Berean Church. \u00ab\u00a0J&#39;ai eu le privil\u00e8ge de le rencontrer \u00e0la Session et j&#39;anticipe de pouvoir travailler avec lui.\u00a0\u00bb<\/p>\n<p>Jackson est l&#39;undes trois nouveaux pr\u00e9sidents de division dans l&#39;\u00e9glise Adventiste. Blasious M.Ruguri est le nouveau pr\u00e9sident de l&#39;\u00e9glise Adventiste en Afrique du Centre Estsucc\u00e9dant \u00e0 Geoffrey G. Mbwana qui a \u00e9t\u00e9 \u00e9lu comme l&#39;un des vice-pr\u00e9sidents del&#39;\u00e9glise mondiale. Guillermo E. Biaggi succ\u00e8dera \u00e0 Arthur Stele en tant quepr\u00e9sident de la Division Euro-Asiatique; Stele a \u00e9t\u00e9 \u00e9lu comme l&#39;un desvice-pr\u00e9sidents de l&#39;\u00e9glise Adventiste.<\/p>\n<p>Les autrespr\u00e9sidents de divisions ont \u00e9t\u00e9 reconduits \u00e0 leurs postes: Bruno Vertallier \u00e0la division Eurafricaine; Israel Leito en Inter Am\u00e9rique; Jairyong Lee \u00e0 ladivision Pacifique Asie du Nord; Erton C. Kohler \u00e0 la division Sud Am\u00e9ricaine;Barry D. Oliver dans le pacifique Sud; Paul S. Ratsara \u00e0 la division del&#39;Afrique du Sud et de l&#39;Oc\u00e9an Indien; John Rathinaraj en Asie du Sud;  Alberto C. Gulfan dans la division del&#39;Asie-Pacifique Sud; Bertil Wiklander \u00e0 la division Transeurop\u00e9enne et GilbertWari \u00e0 la division de l&#39;Afrique du Centre Ouest.<\/p>\n<p>Reportage additionnelde George Johnson, Jr.<\/p>\n","protected":false},"excerpt":{"rendered":"<p>Dan Jackson,pr\u00e9sident de l&#39;\u00e9glise Adventiste au Canada est le nouveau pr\u00e9sident de laDivision Nord Am\u00e9ricaine, il a \u00e9t\u00e9 \u00e9lu le 28 juin par les d\u00e9l\u00e9gu\u00e9s de l&#39;\u00e9gl<\/p>\n","protected":false},"author":1,"featured_media":0,"comment_status":"closed","ping_status":"closed","sticky":false,"template":"","format":"standard","meta":{"_acf_changed":false,"footnotes":""},"categories":[9],"tags":[],"class_list":["post-13389","post","type-post","status-publish","format-standard","hentry","category-archive-fr"],"acf":[],"yoast_head":"<!-- This site is optimized with the Yoast SEO plugin v27.3 - https:\/\/yoast.com\/product\/yoast-seo-wordpress\/ -->\n<title>Dan Jacksondirigera l&#039;\u00e9glise Adventiste en Am\u00e9rique du Nord; B. Ruguri et G. Biaggiprennent respectivement la direction des divisions de l&#039;Afrique de l&#039;Est etcelle de la R\u00e9gion Russe. - \u00c9glise Adventiste Du Septieme Jour - Inter Am\u00e9rique Division<\/title>\n<meta name=\"robots\" content=\"index, follow, max-snippet:-1, max-image-preview:large, max-video-preview:-1\" \/>\n<link rel=\"canonical\" href=\"https:\/\/interamerica.org\/fr\/2010\/06\/dan-jacksondirigera-leglise-adventiste-en-amerique-du-nord-b-ruguri-et-g-biaggiprennent-respectivement-la-direction-des-divisions-de-lafrique-de-lest-etcelle-de-la-region-russe\/\" \/>\n<meta property=\"og:locale\" content=\"fr_FR\" \/>\n<meta property=\"og:type\" content=\"article\" \/>\n<meta property=\"og:title\" content=\"Dan Jacksondirigera l&#039;\u00e9glise Adventiste en Am\u00e9rique du Nord; B. Ruguri et G. Biaggiprennent respectivement la direction des divisions de l&#039;Afrique de l&#039;Est etcelle de la R\u00e9gion Russe. - \u00c9glise Adventiste Du Septieme Jour - Inter Am\u00e9rique Division\" \/>\n<meta property=\"og:description\" content=\"Dan Jackson,pr\u00e9sident de l&#039;\u00e9glise Adventiste au Canada est le nouveau pr\u00e9sident de laDivision Nord Am\u00e9ricaine, il a \u00e9t\u00e9 \u00e9lu le 28 juin par les d\u00e9l\u00e9gu\u00e9s de l&#039;\u00e9gl\" \/>\n<meta property=\"og:url\" content=\"https:\/\/interamerica.org\/fr\/2010\/06\/dan-jacksondirigera-leglise-adventiste-en-amerique-du-nord-b-ruguri-et-g-biaggiprennent-respectivement-la-direction-des-divisions-de-lafrique-de-lest-etcelle-de-la-region-russe\/\" \/>\n<meta property=\"og:site_name\" content=\"\u00c9glise Adventiste Du Septieme Jour - Inter Am\u00e9rique Division\" \/>\n<meta property=\"article:published_time\" content=\"2010-06-28T04:00:00+00:00\" \/>\n<meta property=\"article:modified_time\" content=\"2017-06-02T17:03:41+00:00\" \/>\n<meta name=\"author\" content=\"Lorenzo Verduzco\" \/>\n<meta name=\"twitter:card\" content=\"summary_large_image\" \/>\n<meta name=\"twitter:label1\" content=\"\u00c9crit par\" \/>\n\t<meta name=\"twitter:data1\" content=\"Lorenzo Verduzco\" \/>\n\t<meta name=\"twitter:label2\" content=\"Dur\u00e9e de lecture estim\u00e9e\" \/>\n\t<meta name=\"twitter:data2\" content=\"4 minutes\" \/>\n<script type=\"application\/ld+json\" class=\"yoast-schema-graph\">{\"@context\":\"https:\\\/\\\/schema.org\",\"@graph\":[{\"@type\":\"Article\",\"@id\":\"https:\\\/\\\/interamerica.org\\\/fr\\\/2010\\\/06\\\/dan-jacksondirigera-leglise-adventiste-en-amerique-du-nord-b-ruguri-et-g-biaggiprennent-respectivement-la-direction-des-divisions-de-lafrique-de-lest-etcelle-de-la-region-russe\\\/#article\",\"isPartOf\":{\"@id\":\"https:\\\/\\\/interamerica.org\\\/fr\\\/2010\\\/06\\\/dan-jacksondirigera-leglise-adventiste-en-amerique-du-nord-b-ruguri-et-g-biaggiprennent-respectivement-la-direction-des-divisions-de-lafrique-de-lest-etcelle-de-la-region-russe\\\/\"},\"author\":{\"name\":\"Lorenzo Verduzco\",\"@id\":\"https:\\\/\\\/interamerica.org\\\/fr\\\/#\\\/schema\\\/person\\\/68ede8bdc292885bb76c1e3810e73c39\"},\"headline\":\"Dan Jacksondirigera l&#39;\u00e9glise Adventiste en Am\u00e9rique du Nord; B. Ruguri et G. Biaggiprennent respectivement la direction des divisions de l&#39;Afrique de l&#39;Est etcelle de la R\u00e9gion Russe.\",\"datePublished\":\"2010-06-28T04:00:00+00:00\",\"dateModified\":\"2017-06-02T17:03:41+00:00\",\"mainEntityOfPage\":{\"@id\":\"https:\\\/\\\/interamerica.org\\\/fr\\\/2010\\\/06\\\/dan-jacksondirigera-leglise-adventiste-en-amerique-du-nord-b-ruguri-et-g-biaggiprennent-respectivement-la-direction-des-divisions-de-lafrique-de-lest-etcelle-de-la-region-russe\\\/\"},\"wordCount\":786,\"articleSection\":[\"Archive\"],\"inLanguage\":\"fr-FR\"},{\"@type\":\"WebPage\",\"@id\":\"https:\\\/\\\/interamerica.org\\\/fr\\\/2010\\\/06\\\/dan-jacksondirigera-leglise-adventiste-en-amerique-du-nord-b-ruguri-et-g-biaggiprennent-respectivement-la-direction-des-divisions-de-lafrique-de-lest-etcelle-de-la-region-russe\\\/\",\"url\":\"https:\\\/\\\/interamerica.org\\\/fr\\\/2010\\\/06\\\/dan-jacksondirigera-leglise-adventiste-en-amerique-du-nord-b-ruguri-et-g-biaggiprennent-respectivement-la-direction-des-divisions-de-lafrique-de-lest-etcelle-de-la-region-russe\\\/\",\"name\":\"Dan Jacksondirigera l&#39;\u00e9glise Adventiste en Am\u00e9rique du Nord; B. Ruguri et G. Biaggiprennent respectivement la direction des divisions de l&#39;Afrique de l&#39;Est etcelle de la R\u00e9gion Russe. - \u00c9glise Adventiste Du Septieme Jour - Inter Am\u00e9rique Division\",\"isPartOf\":{\"@id\":\"https:\\\/\\\/interamerica.org\\\/fr\\\/#website\"},\"datePublished\":\"2010-06-28T04:00:00+00:00\",\"dateModified\":\"2017-06-02T17:03:41+00:00\",\"author\":{\"@id\":\"https:\\\/\\\/interamerica.org\\\/fr\\\/#\\\/schema\\\/person\\\/68ede8bdc292885bb76c1e3810e73c39\"},\"breadcrumb\":{\"@id\":\"https:\\\/\\\/interamerica.org\\\/fr\\\/2010\\\/06\\\/dan-jacksondirigera-leglise-adventiste-en-amerique-du-nord-b-ruguri-et-g-biaggiprennent-respectivement-la-direction-des-divisions-de-lafrique-de-lest-etcelle-de-la-region-russe\\\/#breadcrumb\"},\"inLanguage\":\"fr-FR\",\"potentialAction\":[{\"@type\":\"ReadAction\",\"target\":[\"https:\\\/\\\/interamerica.org\\\/fr\\\/2010\\\/06\\\/dan-jacksondirigera-leglise-adventiste-en-amerique-du-nord-b-ruguri-et-g-biaggiprennent-respectivement-la-direction-des-divisions-de-lafrique-de-lest-etcelle-de-la-region-russe\\\/\"]}]},{\"@type\":\"BreadcrumbList\",\"@id\":\"https:\\\/\\\/interamerica.org\\\/fr\\\/2010\\\/06\\\/dan-jacksondirigera-leglise-adventiste-en-amerique-du-nord-b-ruguri-et-g-biaggiprennent-respectivement-la-direction-des-divisions-de-lafrique-de-lest-etcelle-de-la-region-russe\\\/#breadcrumb\",\"itemListElement\":[{\"@type\":\"ListItem\",\"position\":1,\"name\":\"Home\",\"item\":\"https:\\\/\\\/interamerica.org\\\/fr\\\/\"},{\"@type\":\"ListItem\",\"position\":2,\"name\":\"Dan Jacksondirigera l&#39;\u00e9glise Adventiste en Am\u00e9rique du Nord; B. Ruguri et G. Biaggiprennent respectivement la direction des divisions de l&#39;Afrique de l&#39;Est etcelle de la R\u00e9gion Russe.\"}]},{\"@type\":\"WebSite\",\"@id\":\"https:\\\/\\\/interamerica.org\\\/fr\\\/#website\",\"url\":\"https:\\\/\\\/interamerica.org\\\/fr\\\/\",\"name\":\"\u00c9glise Adventiste Du Septieme Jour - Inter Am\u00e9rique Division\",\"description\":\"\",\"potentialAction\":[{\"@type\":\"SearchAction\",\"target\":{\"@type\":\"EntryPoint\",\"urlTemplate\":\"https:\\\/\\\/interamerica.org\\\/fr\\\/?s={search_term_string}\"},\"query-input\":{\"@type\":\"PropertyValueSpecification\",\"valueRequired\":true,\"valueName\":\"search_term_string\"}}],\"inLanguage\":\"fr-FR\"},{\"@type\":\"Person\",\"@id\":\"https:\\\/\\\/interamerica.org\\\/fr\\\/#\\\/schema\\\/person\\\/68ede8bdc292885bb76c1e3810e73c39\",\"name\":\"Lorenzo Verduzco\",\"image\":{\"@type\":\"ImageObject\",\"inLanguage\":\"fr-FR\",\"@id\":\"https:\\\/\\\/secure.gravatar.com\\\/avatar\\\/fb81a55b6218459490a9c1dc841a34909185b81904c5337b4b27f7a6fd60c49e?s=96&d=mm&r=g\",\"url\":\"https:\\\/\\\/secure.gravatar.com\\\/avatar\\\/fb81a55b6218459490a9c1dc841a34909185b81904c5337b4b27f7a6fd60c49e?s=96&d=mm&r=g\",\"contentUrl\":\"https:\\\/\\\/secure.gravatar.com\\\/avatar\\\/fb81a55b6218459490a9c1dc841a34909185b81904c5337b4b27f7a6fd60c49e?s=96&d=mm&r=g\",\"caption\":\"Lorenzo Verduzco\"}}]}<\/script>\n<!-- \/ Yoast SEO plugin. -->","yoast_head_json":{"title":"Dan Jacksondirigera l&#39;\u00e9glise Adventiste en Am\u00e9rique du Nord; B. Ruguri et G. Biaggiprennent respectivement la direction des divisions de l&#39;Afrique de l&#39;Est etcelle de la R\u00e9gion Russe. - \u00c9glise Adventiste Du Septieme Jour - Inter Am\u00e9rique Division","robots":{"index":"index","follow":"follow","max-snippet":"max-snippet:-1","max-image-preview":"max-image-preview:large","max-video-preview":"max-video-preview:-1"},"canonical":"https:\/\/interamerica.org\/fr\/2010\/06\/dan-jacksondirigera-leglise-adventiste-en-amerique-du-nord-b-ruguri-et-g-biaggiprennent-respectivement-la-direction-des-divisions-de-lafrique-de-lest-etcelle-de-la-region-russe\/","og_locale":"fr_FR","og_type":"article","og_title":"Dan Jacksondirigera l&#39;\u00e9glise Adventiste en Am\u00e9rique du Nord; B. Ruguri et G. Biaggiprennent respectivement la direction des divisions de l&#39;Afrique de l&#39;Est etcelle de la R\u00e9gion Russe. - \u00c9glise Adventiste Du Septieme Jour - Inter Am\u00e9rique Division","og_description":"Dan Jackson,pr\u00e9sident de l&#39;\u00e9glise Adventiste au Canada est le nouveau pr\u00e9sident de laDivision Nord Am\u00e9ricaine, il a \u00e9t\u00e9 \u00e9lu le 28 juin par les d\u00e9l\u00e9gu\u00e9s de l&#39;\u00e9gl","og_url":"https:\/\/interamerica.org\/fr\/2010\/06\/dan-jacksondirigera-leglise-adventiste-en-amerique-du-nord-b-ruguri-et-g-biaggiprennent-respectivement-la-direction-des-divisions-de-lafrique-de-lest-etcelle-de-la-region-russe\/","og_site_name":"\u00c9glise Adventiste Du Septieme Jour - Inter Am\u00e9rique Division","article_published_time":"2010-06-28T04:00:00+00:00","article_modified_time":"2017-06-02T17:03:41+00:00","author":"Lorenzo Verduzco","twitter_card":"summary_large_image","twitter_misc":{"\u00c9crit par":"Lorenzo Verduzco","Dur\u00e9e de lecture estim\u00e9e":"4 minutes"},"schema":{"@context":"https:\/\/schema.org","@graph":[{"@type":"Article","@id":"https:\/\/interamerica.org\/fr\/2010\/06\/dan-jacksondirigera-leglise-adventiste-en-amerique-du-nord-b-ruguri-et-g-biaggiprennent-respectivement-la-direction-des-divisions-de-lafrique-de-lest-etcelle-de-la-region-russe\/#article","isPartOf":{"@id":"https:\/\/interamerica.org\/fr\/2010\/06\/dan-jacksondirigera-leglise-adventiste-en-amerique-du-nord-b-ruguri-et-g-biaggiprennent-respectivement-la-direction-des-divisions-de-lafrique-de-lest-etcelle-de-la-region-russe\/"},"author":{"name":"Lorenzo Verduzco","@id":"https:\/\/interamerica.org\/fr\/#\/schema\/person\/68ede8bdc292885bb76c1e3810e73c39"},"headline":"Dan Jacksondirigera l&#39;\u00e9glise Adventiste en Am\u00e9rique du Nord; B. Ruguri et G. Biaggiprennent respectivement la direction des divisions de l&#39;Afrique de l&#39;Est etcelle de la R\u00e9gion Russe.","datePublished":"2010-06-28T04:00:00+00:00","dateModified":"2017-06-02T17:03:41+00:00","mainEntityOfPage":{"@id":"https:\/\/interamerica.org\/fr\/2010\/06\/dan-jacksondirigera-leglise-adventiste-en-amerique-du-nord-b-ruguri-et-g-biaggiprennent-respectivement-la-direction-des-divisions-de-lafrique-de-lest-etcelle-de-la-region-russe\/"},"wordCount":786,"articleSection":["Archive"],"inLanguage":"fr-FR"},{"@type":"WebPage","@id":"https:\/\/interamerica.org\/fr\/2010\/06\/dan-jacksondirigera-leglise-adventiste-en-amerique-du-nord-b-ruguri-et-g-biaggiprennent-respectivement-la-direction-des-divisions-de-lafrique-de-lest-etcelle-de-la-region-russe\/","url":"https:\/\/interamerica.org\/fr\/2010\/06\/dan-jacksondirigera-leglise-adventiste-en-amerique-du-nord-b-ruguri-et-g-biaggiprennent-respectivement-la-direction-des-divisions-de-lafrique-de-lest-etcelle-de-la-region-russe\/","name":"Dan Jacksondirigera l&#39;\u00e9glise Adventiste en Am\u00e9rique du Nord; B. Ruguri et G. Biaggiprennent respectivement la direction des divisions de l&#39;Afrique de l&#39;Est etcelle de la R\u00e9gion Russe. - \u00c9glise Adventiste Du Septieme Jour - Inter Am\u00e9rique Division","isPartOf":{"@id":"https:\/\/interamerica.org\/fr\/#website"},"datePublished":"2010-06-28T04:00:00+00:00","dateModified":"2017-06-02T17:03:41+00:00","author":{"@id":"https:\/\/interamerica.org\/fr\/#\/schema\/person\/68ede8bdc292885bb76c1e3810e73c39"},"breadcrumb":{"@id":"https:\/\/interamerica.org\/fr\/2010\/06\/dan-jacksondirigera-leglise-adventiste-en-amerique-du-nord-b-ruguri-et-g-biaggiprennent-respectivement-la-direction-des-divisions-de-lafrique-de-lest-etcelle-de-la-region-russe\/#breadcrumb"},"inLanguage":"fr-FR","potentialAction":[{"@type":"ReadAction","target":["https:\/\/interamerica.org\/fr\/2010\/06\/dan-jacksondirigera-leglise-adventiste-en-amerique-du-nord-b-ruguri-et-g-biaggiprennent-respectivement-la-direction-des-divisions-de-lafrique-de-lest-etcelle-de-la-region-russe\/"]}]},{"@type":"BreadcrumbList","@id":"https:\/\/interamerica.org\/fr\/2010\/06\/dan-jacksondirigera-leglise-adventiste-en-amerique-du-nord-b-ruguri-et-g-biaggiprennent-respectivement-la-direction-des-divisions-de-lafrique-de-lest-etcelle-de-la-region-russe\/#breadcrumb","itemListElement":[{"@type":"ListItem","position":1,"name":"Home","item":"https:\/\/interamerica.org\/fr\/"},{"@type":"ListItem","position":2,"name":"Dan Jacksondirigera l&#39;\u00e9glise Adventiste en Am\u00e9rique du Nord; B. Ruguri et G. Biaggiprennent respectivement la direction des divisions de l&#39;Afrique de l&#39;Est etcelle de la R\u00e9gion Russe."}]},{"@type":"WebSite","@id":"https:\/\/interamerica.org\/fr\/#website","url":"https:\/\/interamerica.org\/fr\/","name":"\u00c9glise Adventiste Du Septieme Jour - Inter Am\u00e9rique Division","description":"","potentialAction":[{"@type":"SearchAction","target":{"@type":"EntryPoint","urlTemplate":"https:\/\/interamerica.org\/fr\/?s={search_term_string}"},"query-input":{"@type":"PropertyValueSpecification","valueRequired":true,"valueName":"search_term_string"}}],"inLanguage":"fr-FR"},{"@type":"Person","@id":"https:\/\/interamerica.org\/fr\/#\/schema\/person\/68ede8bdc292885bb76c1e3810e73c39","name":"Lorenzo Verduzco","image":{"@type":"ImageObject","inLanguage":"fr-FR","@id":"https:\/\/secure.gravatar.com\/avatar\/fb81a55b6218459490a9c1dc841a34909185b81904c5337b4b27f7a6fd60c49e?s=96&d=mm&r=g","url":"https:\/\/secure.gravatar.com\/avatar\/fb81a55b6218459490a9c1dc841a34909185b81904c5337b4b27f7a6fd60c49e?s=96&d=mm&r=g","contentUrl":"https:\/\/secure.gravatar.com\/avatar\/fb81a55b6218459490a9c1dc841a34909185b81904c5337b4b27f7a6fd60c49e?s=96&d=mm&r=g","caption":"Lorenzo Verduzco"}}]}},"_links":{"self":[{"href":"https:\/\/interamerica.org\/fr\/wp-json\/wp\/v2\/posts\/13389","targetHints":{"allow":["GET"]}}],"collection":[{"href":"https:\/\/interamerica.org\/fr\/wp-json\/wp\/v2\/posts"}],"about":[{"href":"https:\/\/interamerica.org\/fr\/wp-json\/wp\/v2\/types\/post"}],"author":[{"embeddable":true,"href":"https:\/\/interamerica.org\/fr\/wp-json\/wp\/v2\/users\/1"}],"replies":[{"embeddable":true,"href":"https:\/\/interamerica.org\/fr\/wp-json\/wp\/v2\/comments?post=13389"}],"version-history":[{"count":0,"href":"https:\/\/interamerica.org\/fr\/wp-json\/wp\/v2\/posts\/13389\/revisions"}],"wp:attachment":[{"href":"https:\/\/interamerica.org\/fr\/wp-json\/wp\/v2\/media?parent=13389"}],"wp:term":[{"taxonomy":"category","embeddable":true,"href":"https:\/\/interamerica.org\/fr\/wp-json\/wp\/v2\/categories?post=13389"},{"taxonomy":"post_tag","embeddable":true,"href":"https:\/\/interamerica.org\/fr\/wp-json\/wp\/v2\/tags?post=13389"}],"curies":[{"name":"wp","href":"https:\/\/api.w.org\/{rel}","templated":true}]}}