{"id":13391,"date":"2010-06-28T00:00:00","date_gmt":"2010-06-28T04:00:00","guid":{"rendered":"http:\/\/192.81.217.108\/interamerica\/2010\/06\/dautres-officiers-adventisteselus-pour-un-mandat-international\/"},"modified":"2017-06-02T13:03:42","modified_gmt":"2017-06-02T17:03:42","slug":"dautres-officiers-adventisteselus-pour-un-mandat-international","status":"publish","type":"post","link":"https:\/\/interamerica.org\/fr\/2010\/06\/dautres-officiers-adventisteselus-pour-un-mandat-international\/","title":{"rendered":"D&#39;autres officiers Adventistes\u00e9lus pour un mandat international"},"content":{"rendered":"<p>28 Juin 2010, Atlanta, G\u00e9orgie,Etats Unis<\/p>\n<p>Edwin Manuel Garcia\/ANN<\/p>\n<p>Les d\u00e9l\u00e9gu\u00e9s \u00e0 la Session de laConf\u00e9rence G\u00e9n\u00e9rale ont \u00e9lu lundi 25 officiers devant servir comme secr\u00e9taireset tr\u00e9soriers dans les 13 divisions internationales de l&#39;Eglise Adventiste duSepti\u00e8me jour.<\/p>\n<p>Il n&#39;y avait qu&#39;une seule femmedans la liste des personnes nomm\u00e9es, ce qui a provoqu\u00e9 une forte protestationd&#39;un d\u00e9l\u00e9gu\u00e9 Europ\u00e9en qui a tent\u00e9 sans succ\u00e8s de persuader des centaines de d\u00e9l\u00e9gu\u00e9sde rejeter les nomin\u00e9s, disant que la liste \u00ab\u00a0l&#39;inqui\u00e8te \u00e9norm\u00e9ment,\u00a0\u00bbparce qu&#39;elle est domin\u00e9e par des hommes.<\/p>\n<p>\u00ab\u00a0Je crois que dans une\u00e9glise o\u00f9 60% des membres sont des femmes, elles devraient  \u00eatre repr\u00e9sent\u00e9es \u00e0 la direction,\u00a0\u00bb ad\u00e9clar\u00e9 le d\u00e9l\u00e9gu\u00e9 Jurrien Den Hollander de la division Trans-Europ\u00e9enne.<\/p>\n<p>Bien que la d\u00e9claration dud\u00e9l\u00e9gu\u00e9 ait \u00e9t\u00e9 salu\u00e9e par des applaudissements \u00e0 trois occasions, saproposition de rejeter la liste et de la renvoyer au comit\u00e9 a \u00e9t\u00e9 clairementmise en \u00e9chec.<\/p>\n<p>Les officiers ont \u00e9t\u00e9 choisis parles d\u00e9l\u00e9gu\u00e9s de leurs r\u00e9gions respectives au cours de rencontres de rencontresorganis\u00e9es \u00e0 travers le Georgia World Congress Center lundi &#8212; juste quelquesheures apr\u00e8s l&#39;\u00e9lection des pr\u00e9sidents de division. Les noms recommand\u00e9s ont\u00e9t\u00e9 ensuite r\u00e9f\u00e9r\u00e9es \u00e0 la Commission de Nomination de la Conf\u00e9rence g\u00e9n\u00e9ralequi \u00e0 son tour a soumis la liste au vote de l&#39;ensemble des d\u00e9l\u00e9gu\u00e9s.<\/p>\n<p>Ci dessous la liste des diff\u00e9rentesdivisions et des officiers choisis pour servir dans chacune d&#39;entre elles pendantles cinq prochaines ann\u00e9es.<\/p>\n<p>Division de l&#39;Afrique du CentreEst<br  \/>Secr\u00e9taire: Nathaniel M. Walemba, vice-chancelier de l&#39;Universit\u00e9 de l&#39;Afriquede l&#39;Est au Kenya. <\/p>\n<p>Tr\u00e9sorier: J\u00e9r\u00f4me Habimana, actuellementassistant du tr\u00e9sorier de la division. <\/p>\n<p>Division Euro-Africaine <br  \/>Secr\u00e9taire: Gabriel E. Maurer, secr\u00e9taire sortant. <\/p>\n<p>Tr\u00e9sorier: Norbert Zens, il travailleen Allemagne au service v\u00e9rification de la Conf\u00e9rence G\u00e9n\u00e9rale.<\/p>\n<p>Division Euro-Asiatique<br  \/>Secr\u00e9taire: Vladimir A. Krupskyi, pr\u00e9sident de l&#39;Union Ukrainienne. <\/p>\n<p>Le tr\u00e9sorier n&#39;a pas encore \u00e9t\u00e9d\u00e9sign\u00e9. <\/p>\n<p>Division Inter-Am\u00e9ricaine<br  \/>Secr\u00e9taire: Elie Henry, un des vice-pr\u00e9sidents de la division. <\/p>\n<p>Tr\u00e9sorier: Filiberto M. Verduzco,tr\u00e9sorier sortant. <\/p>\n<p>Division Nord Am\u00e9ricaine<br  \/>Secr\u00e9taire: G. Alexander Bryant, sortant. <\/p>\n<p>Tr\u00e9sorier: G. Thomas Evans, tr\u00e9soriersortant. <\/p>\n<p>Division Asie Pacifique Nord<br  \/>Secr\u00e9taire: Akeri Suzuki, sortant. <\/p>\n<p>Tr\u00e9sorier: Kenneth Osborn, tr\u00e9sorieradjoint pour l&#39;Am\u00e9rique du Nord. <\/p>\n<p>Division Sud Am\u00e9ricaine<br  \/>Secr\u00e9taire: Magdiel Perez, le secr\u00e9taire int\u00e9rimaire de la division. <\/p>\n<p>Tr\u00e9sorier: Marlon de Souza Lopes,directeur de Novo Tempo, la cha\u00eene Hope Channel au Br\u00e9sil. <\/p>\n<p>Division du Pacifique Sud<br  \/>Secr\u00e9taire: Lawrence P. Tanabose, sortant. <\/p>\n<p>Tr\u00e9sorier: Rodney G. Brady, tr\u00e9soriersortant. <\/p>\n<p>Division de l&#39;Afrique du Sud etde l&#39;Oc\u00e9an Indien<br  \/>Secr\u00e9taire: Solomon Maphosa, sortant. <\/p>\n<p>Tr\u00e9sorier: Goodwell Nthani, tr\u00e9soriersortant. <\/p>\n<p>Division de l&#39;Asie du Sud<br  \/>Secr\u00e9taire: Gordon Christo, sortant. <\/p>\n<p>Tr\u00e9sorier: G. S. Robert Clive, tr\u00e9soriersortant. <\/p>\n<p>Division de l&#39;Asie Pacifique Sud<br  \/>Secr\u00e9taire: Saw Samuel, directeur de d\u00e9partement dans l&#39;Union de l&#39;Asie du SudEst <\/p>\n<p>Tr\u00e9sorier: Keith Heinrich, tr\u00e9sorier sortant. <\/p>\n<p>Division Trans-Europ\u00e9enne<br  \/>Secr\u00e9taire: Audrey Andersson, une missionnaire accr\u00e9dit\u00e9e qui est secr\u00e9taire del&#39;Union F\u00e9d\u00e9ration d&#39;\u00e9glises Su\u00e9doise et la seule femme ayant re\u00e7u uneposition. <\/p>\n<p>Tr\u00e9sorier: Johann E. Johannsson, sortant.<\/p>\n<p>Division de l&#39;Afrique du Centre Ouest<br  \/>Secr\u00e9taire: Onaolapo Ajibade, sortant. <\/p>\n<p>Tr\u00e9sorier: Emmanuel S. D. Manu, sortant.<\/p>\n","protected":false},"excerpt":{"rendered":"<p>Les d\u00e9l\u00e9gu\u00e9s \u00e0 la Session de laConf\u00e9rence G\u00e9n\u00e9rale ont \u00e9lu lundi 25 officiers devant servir comme secr\u00e9taireset tr\u00e9soriers dans les 13 divisions internationales de l&#39;Eglis<\/p>\n","protected":false},"author":1,"featured_media":0,"comment_status":"closed","ping_status":"closed","sticky":false,"template":"","format":"standard","meta":{"_acf_changed":false,"footnotes":""},"categories":[9],"tags":[],"class_list":["post-13391","post","type-post","status-publish","format-standard","hentry","category-archive-fr"],"acf":[],"yoast_head":"<!-- This site is optimized with the Yoast SEO plugin v27.3 - https:\/\/yoast.com\/product\/yoast-seo-wordpress\/ -->\n<title>D&#039;autres officiers Adventistes\u00e9lus pour un mandat international - \u00c9glise Adventiste Du Septieme Jour - Inter Am\u00e9rique Division<\/title>\n<meta name=\"robots\" content=\"index, follow, max-snippet:-1, max-image-preview:large, max-video-preview:-1\" \/>\n<link rel=\"canonical\" href=\"https:\/\/interamerica.org\/fr\/2010\/06\/dautres-officiers-adventisteselus-pour-un-mandat-international\/\" \/>\n<meta property=\"og:locale\" content=\"fr_FR\" \/>\n<meta property=\"og:type\" content=\"article\" \/>\n<meta property=\"og:title\" content=\"D&#039;autres officiers Adventistes\u00e9lus pour un mandat international - \u00c9glise Adventiste Du Septieme Jour - Inter Am\u00e9rique Division\" \/>\n<meta property=\"og:description\" content=\"Les d\u00e9l\u00e9gu\u00e9s \u00e0 la Session de laConf\u00e9rence G\u00e9n\u00e9rale ont \u00e9lu lundi 25 officiers devant servir comme secr\u00e9taireset tr\u00e9soriers dans les 13 divisions internationales de l&#039;Eglis\" \/>\n<meta property=\"og:url\" content=\"https:\/\/interamerica.org\/fr\/2010\/06\/dautres-officiers-adventisteselus-pour-un-mandat-international\/\" \/>\n<meta property=\"og:site_name\" content=\"\u00c9glise Adventiste Du Septieme Jour - Inter Am\u00e9rique Division\" \/>\n<meta property=\"article:published_time\" content=\"2010-06-28T04:00:00+00:00\" \/>\n<meta property=\"article:modified_time\" content=\"2017-06-02T17:03:42+00:00\" \/>\n<meta name=\"author\" content=\"Lorenzo Verduzco\" \/>\n<meta name=\"twitter:card\" content=\"summary_large_image\" \/>\n<meta name=\"twitter:label1\" content=\"\u00c9crit par\" \/>\n\t<meta name=\"twitter:data1\" content=\"Lorenzo Verduzco\" \/>\n\t<meta name=\"twitter:label2\" content=\"Dur\u00e9e de lecture estim\u00e9e\" \/>\n\t<meta name=\"twitter:data2\" content=\"3 minutes\" \/>\n<script type=\"application\/ld+json\" class=\"yoast-schema-graph\">{\"@context\":\"https:\\\/\\\/schema.org\",\"@graph\":[{\"@type\":\"Article\",\"@id\":\"https:\\\/\\\/interamerica.org\\\/fr\\\/2010\\\/06\\\/dautres-officiers-adventisteselus-pour-un-mandat-international\\\/#article\",\"isPartOf\":{\"@id\":\"https:\\\/\\\/interamerica.org\\\/fr\\\/2010\\\/06\\\/dautres-officiers-adventisteselus-pour-un-mandat-international\\\/\"},\"author\":{\"name\":\"Lorenzo Verduzco\",\"@id\":\"https:\\\/\\\/interamerica.org\\\/fr\\\/#\\\/schema\\\/person\\\/68ede8bdc292885bb76c1e3810e73c39\"},\"headline\":\"D&#39;autres officiers Adventistes\u00e9lus pour un mandat international\",\"datePublished\":\"2010-06-28T04:00:00+00:00\",\"dateModified\":\"2017-06-02T17:03:42+00:00\",\"mainEntityOfPage\":{\"@id\":\"https:\\\/\\\/interamerica.org\\\/fr\\\/2010\\\/06\\\/dautres-officiers-adventisteselus-pour-un-mandat-international\\\/\"},\"wordCount\":600,\"articleSection\":[\"Archive\"],\"inLanguage\":\"fr-FR\"},{\"@type\":\"WebPage\",\"@id\":\"https:\\\/\\\/interamerica.org\\\/fr\\\/2010\\\/06\\\/dautres-officiers-adventisteselus-pour-un-mandat-international\\\/\",\"url\":\"https:\\\/\\\/interamerica.org\\\/fr\\\/2010\\\/06\\\/dautres-officiers-adventisteselus-pour-un-mandat-international\\\/\",\"name\":\"D&#39;autres officiers Adventistes\u00e9lus pour un mandat international - \u00c9glise Adventiste Du Septieme Jour - Inter Am\u00e9rique Division\",\"isPartOf\":{\"@id\":\"https:\\\/\\\/interamerica.org\\\/fr\\\/#website\"},\"datePublished\":\"2010-06-28T04:00:00+00:00\",\"dateModified\":\"2017-06-02T17:03:42+00:00\",\"author\":{\"@id\":\"https:\\\/\\\/interamerica.org\\\/fr\\\/#\\\/schema\\\/person\\\/68ede8bdc292885bb76c1e3810e73c39\"},\"breadcrumb\":{\"@id\":\"https:\\\/\\\/interamerica.org\\\/fr\\\/2010\\\/06\\\/dautres-officiers-adventisteselus-pour-un-mandat-international\\\/#breadcrumb\"},\"inLanguage\":\"fr-FR\",\"potentialAction\":[{\"@type\":\"ReadAction\",\"target\":[\"https:\\\/\\\/interamerica.org\\\/fr\\\/2010\\\/06\\\/dautres-officiers-adventisteselus-pour-un-mandat-international\\\/\"]}]},{\"@type\":\"BreadcrumbList\",\"@id\":\"https:\\\/\\\/interamerica.org\\\/fr\\\/2010\\\/06\\\/dautres-officiers-adventisteselus-pour-un-mandat-international\\\/#breadcrumb\",\"itemListElement\":[{\"@type\":\"ListItem\",\"position\":1,\"name\":\"Home\",\"item\":\"https:\\\/\\\/interamerica.org\\\/fr\\\/\"},{\"@type\":\"ListItem\",\"position\":2,\"name\":\"D&#39;autres officiers Adventistes\u00e9lus pour un mandat international\"}]},{\"@type\":\"WebSite\",\"@id\":\"https:\\\/\\\/interamerica.org\\\/fr\\\/#website\",\"url\":\"https:\\\/\\\/interamerica.org\\\/fr\\\/\",\"name\":\"\u00c9glise Adventiste Du Septieme Jour - Inter Am\u00e9rique Division\",\"description\":\"\",\"potentialAction\":[{\"@type\":\"SearchAction\",\"target\":{\"@type\":\"EntryPoint\",\"urlTemplate\":\"https:\\\/\\\/interamerica.org\\\/fr\\\/?s={search_term_string}\"},\"query-input\":{\"@type\":\"PropertyValueSpecification\",\"valueRequired\":true,\"valueName\":\"search_term_string\"}}],\"inLanguage\":\"fr-FR\"},{\"@type\":\"Person\",\"@id\":\"https:\\\/\\\/interamerica.org\\\/fr\\\/#\\\/schema\\\/person\\\/68ede8bdc292885bb76c1e3810e73c39\",\"name\":\"Lorenzo Verduzco\",\"image\":{\"@type\":\"ImageObject\",\"inLanguage\":\"fr-FR\",\"@id\":\"https:\\\/\\\/secure.gravatar.com\\\/avatar\\\/fb81a55b6218459490a9c1dc841a34909185b81904c5337b4b27f7a6fd60c49e?s=96&d=mm&r=g\",\"url\":\"https:\\\/\\\/secure.gravatar.com\\\/avatar\\\/fb81a55b6218459490a9c1dc841a34909185b81904c5337b4b27f7a6fd60c49e?s=96&d=mm&r=g\",\"contentUrl\":\"https:\\\/\\\/secure.gravatar.com\\\/avatar\\\/fb81a55b6218459490a9c1dc841a34909185b81904c5337b4b27f7a6fd60c49e?s=96&d=mm&r=g\",\"caption\":\"Lorenzo Verduzco\"}}]}<\/script>\n<!-- \/ Yoast SEO plugin. -->","yoast_head_json":{"title":"D&#39;autres officiers Adventistes\u00e9lus pour un mandat international - \u00c9glise Adventiste Du Septieme Jour - Inter Am\u00e9rique Division","robots":{"index":"index","follow":"follow","max-snippet":"max-snippet:-1","max-image-preview":"max-image-preview:large","max-video-preview":"max-video-preview:-1"},"canonical":"https:\/\/interamerica.org\/fr\/2010\/06\/dautres-officiers-adventisteselus-pour-un-mandat-international\/","og_locale":"fr_FR","og_type":"article","og_title":"D&#39;autres officiers Adventistes\u00e9lus pour un mandat international - \u00c9glise Adventiste Du Septieme Jour - Inter Am\u00e9rique Division","og_description":"Les d\u00e9l\u00e9gu\u00e9s \u00e0 la Session de laConf\u00e9rence G\u00e9n\u00e9rale ont \u00e9lu lundi 25 officiers devant servir comme secr\u00e9taireset tr\u00e9soriers dans les 13 divisions internationales de l&#39;Eglis","og_url":"https:\/\/interamerica.org\/fr\/2010\/06\/dautres-officiers-adventisteselus-pour-un-mandat-international\/","og_site_name":"\u00c9glise Adventiste Du Septieme Jour - Inter Am\u00e9rique Division","article_published_time":"2010-06-28T04:00:00+00:00","article_modified_time":"2017-06-02T17:03:42+00:00","author":"Lorenzo Verduzco","twitter_card":"summary_large_image","twitter_misc":{"\u00c9crit par":"Lorenzo Verduzco","Dur\u00e9e de lecture estim\u00e9e":"3 minutes"},"schema":{"@context":"https:\/\/schema.org","@graph":[{"@type":"Article","@id":"https:\/\/interamerica.org\/fr\/2010\/06\/dautres-officiers-adventisteselus-pour-un-mandat-international\/#article","isPartOf":{"@id":"https:\/\/interamerica.org\/fr\/2010\/06\/dautres-officiers-adventisteselus-pour-un-mandat-international\/"},"author":{"name":"Lorenzo Verduzco","@id":"https:\/\/interamerica.org\/fr\/#\/schema\/person\/68ede8bdc292885bb76c1e3810e73c39"},"headline":"D&#39;autres officiers Adventistes\u00e9lus pour un mandat international","datePublished":"2010-06-28T04:00:00+00:00","dateModified":"2017-06-02T17:03:42+00:00","mainEntityOfPage":{"@id":"https:\/\/interamerica.org\/fr\/2010\/06\/dautres-officiers-adventisteselus-pour-un-mandat-international\/"},"wordCount":600,"articleSection":["Archive"],"inLanguage":"fr-FR"},{"@type":"WebPage","@id":"https:\/\/interamerica.org\/fr\/2010\/06\/dautres-officiers-adventisteselus-pour-un-mandat-international\/","url":"https:\/\/interamerica.org\/fr\/2010\/06\/dautres-officiers-adventisteselus-pour-un-mandat-international\/","name":"D&#39;autres officiers Adventistes\u00e9lus pour un mandat international - \u00c9glise Adventiste Du Septieme Jour - Inter Am\u00e9rique Division","isPartOf":{"@id":"https:\/\/interamerica.org\/fr\/#website"},"datePublished":"2010-06-28T04:00:00+00:00","dateModified":"2017-06-02T17:03:42+00:00","author":{"@id":"https:\/\/interamerica.org\/fr\/#\/schema\/person\/68ede8bdc292885bb76c1e3810e73c39"},"breadcrumb":{"@id":"https:\/\/interamerica.org\/fr\/2010\/06\/dautres-officiers-adventisteselus-pour-un-mandat-international\/#breadcrumb"},"inLanguage":"fr-FR","potentialAction":[{"@type":"ReadAction","target":["https:\/\/interamerica.org\/fr\/2010\/06\/dautres-officiers-adventisteselus-pour-un-mandat-international\/"]}]},{"@type":"BreadcrumbList","@id":"https:\/\/interamerica.org\/fr\/2010\/06\/dautres-officiers-adventisteselus-pour-un-mandat-international\/#breadcrumb","itemListElement":[{"@type":"ListItem","position":1,"name":"Home","item":"https:\/\/interamerica.org\/fr\/"},{"@type":"ListItem","position":2,"name":"D&#39;autres officiers Adventistes\u00e9lus pour un mandat international"}]},{"@type":"WebSite","@id":"https:\/\/interamerica.org\/fr\/#website","url":"https:\/\/interamerica.org\/fr\/","name":"\u00c9glise Adventiste Du Septieme Jour - Inter Am\u00e9rique Division","description":"","potentialAction":[{"@type":"SearchAction","target":{"@type":"EntryPoint","urlTemplate":"https:\/\/interamerica.org\/fr\/?s={search_term_string}"},"query-input":{"@type":"PropertyValueSpecification","valueRequired":true,"valueName":"search_term_string"}}],"inLanguage":"fr-FR"},{"@type":"Person","@id":"https:\/\/interamerica.org\/fr\/#\/schema\/person\/68ede8bdc292885bb76c1e3810e73c39","name":"Lorenzo Verduzco","image":{"@type":"ImageObject","inLanguage":"fr-FR","@id":"https:\/\/secure.gravatar.com\/avatar\/fb81a55b6218459490a9c1dc841a34909185b81904c5337b4b27f7a6fd60c49e?s=96&d=mm&r=g","url":"https:\/\/secure.gravatar.com\/avatar\/fb81a55b6218459490a9c1dc841a34909185b81904c5337b4b27f7a6fd60c49e?s=96&d=mm&r=g","contentUrl":"https:\/\/secure.gravatar.com\/avatar\/fb81a55b6218459490a9c1dc841a34909185b81904c5337b4b27f7a6fd60c49e?s=96&d=mm&r=g","caption":"Lorenzo Verduzco"}}]}},"_links":{"self":[{"href":"https:\/\/interamerica.org\/fr\/wp-json\/wp\/v2\/posts\/13391","targetHints":{"allow":["GET"]}}],"collection":[{"href":"https:\/\/interamerica.org\/fr\/wp-json\/wp\/v2\/posts"}],"about":[{"href":"https:\/\/interamerica.org\/fr\/wp-json\/wp\/v2\/types\/post"}],"author":[{"embeddable":true,"href":"https:\/\/interamerica.org\/fr\/wp-json\/wp\/v2\/users\/1"}],"replies":[{"embeddable":true,"href":"https:\/\/interamerica.org\/fr\/wp-json\/wp\/v2\/comments?post=13391"}],"version-history":[{"count":0,"href":"https:\/\/interamerica.org\/fr\/wp-json\/wp\/v2\/posts\/13391\/revisions"}],"wp:attachment":[{"href":"https:\/\/interamerica.org\/fr\/wp-json\/wp\/v2\/media?parent=13391"}],"wp:term":[{"taxonomy":"category","embeddable":true,"href":"https:\/\/interamerica.org\/fr\/wp-json\/wp\/v2\/categories?post=13391"},{"taxonomy":"post_tag","embeddable":true,"href":"https:\/\/interamerica.org\/fr\/wp-json\/wp\/v2\/tags?post=13391"}],"curies":[{"name":"wp","href":"https:\/\/api.w.org\/{rel}","templated":true}]}}