{"id":13392,"date":"2010-06-29T00:00:00","date_gmt":"2010-06-29T04:00:00","guid":{"rendered":"http:\/\/192.81.217.108\/interamerica\/2010\/06\/les-chaises-dedelegues-vides-preoccupent-les-dirigeants-de-leglise\/"},"modified":"2017-06-02T13:03:37","modified_gmt":"2017-06-02T17:03:37","slug":"les-chaises-dedelegues-vides-preoccupent-les-dirigeants-de-leglise","status":"publish","type":"post","link":"https:\/\/interamerica.org\/fr\/2010\/06\/les-chaises-dedelegues-vides-preoccupent-les-dirigeants-de-leglise\/","title":{"rendered":"Les chaises ded\u00e9l\u00e9gu\u00e9s vides pr\u00e9occupent les dirigeants de l&#39;\u00e9glise"},"content":{"rendered":"<p>28 Juin 2010,Atlanta, G\u00e9orgie, Etats Unis&#8230; Arin Gencer\/ANN<\/p>\n<p>Alors que lesleaders de l&#39;\u00e9glise Adventiste du Septi\u00e8me jour s&#39;appr\u00eataient \u00e0 d\u00e9buter larencontre administrative de dimanche apr\u00e8s midi dans le cadre de la 59\u00e8meSession Mondiale, un bon nombre de si\u00e8ges rang\u00e9es sur le parquet du GeorgiaDome \u00e9taient clairement vides.<\/p>\n<p>L&#39;absence de plusieursdizaines de d\u00e9l\u00e9gu\u00e9s a pouss\u00e9 le pr\u00e9sident de s\u00e9ance Gerry Karst a exprimer sapr\u00e9occupation au sujet de la situation.<\/p>\n<p>\u00ab\u00a0Je voudraisvous encourager, si vous avez des coll\u00e8gues qui \u00e9taient assis pr\u00e8s de vous ouqui font partie de votre d\u00e9l\u00e9gation, \u00e0 avoir une petite conversation en priv\u00e9 avezeux et \u00e0 leur rappeler leur responsabilit\u00e9 d&#39;\u00eatre pr\u00e9sents lorsque les d\u00e9l\u00e9gu\u00e9ssont en Session,\u00a0\u00bb a dit Gerry Karst. \u00ab\u00a0L&#39;organisation a pay\u00e9 pourqu&#39;ils puissent \u00eatre l\u00e0. On s&#39;attend donc \u00e0 ce qu&#39;ils soient pr\u00e9sents.\u00a0\u00bb<\/p>\n<p>Les commentairesde Gerry Karst illustraient la diminution quelque peu spectaculaire au niveaude l&#39;assistance depuis la session du matin o\u00f9 au moins 1550 d\u00e9l\u00e9gu\u00e9s \u00e9taientpr\u00e9sents &#8212; chiffre encore loin des 2410 d\u00e9l\u00e9gu\u00e9s au total ayant \u00e9t\u00e9 s\u00e9lectionn\u00e9spour participer \u00e0 la Session de la Conf\u00e9rence G\u00e9n\u00e9rale.<\/p>\n<p>Bien entendu,trouver un si\u00e8ge lors des rencontres administratives est tout sauf un d\u00e9fi, eneffet des dizaines de chaises demeurent r\u00e9guli\u00e8rement vides, soulevant desquestions quant \u00e0 l&#39;endroit o\u00f9 se trouvent certains d\u00e9l\u00e9gu\u00e9s pendant lessessions.<\/p>\n<p>Repr\u00e9sentanttoutes les divisions de l&#39;\u00e9glise mondiale ainsi que son si\u00e8ge, les d\u00e9l\u00e9gu\u00e9s ontle privil\u00e8ge de pouvoir voter sur les points \u00e0 l&#39;ordre du jour y compris ladirection et les r\u00e8glements de l&#39;\u00e9glise. Chaque division paie pour le voyage,le logement et les repas de ses d\u00e9l\u00e9gu\u00e9s et invit\u00e9s sp\u00e9ciaux, et en plus elledonne un <em >per diem<\/em > de 30 dollars chaquejour, a indiqu\u00e9 Sheri Clemmer, la planificatrice adjointe des rencontres pourl&#39;\u00e9glise mondiale.<\/p>\n<p>Lundi apr\u00e8s midi,on en \u00e9tait \u00e0 2222 d\u00e9l\u00e9gu\u00e9s dont on avait relev\u00e9 la pr\u00e9sence pour la Session, aindiqu\u00e9 Rosa Banks, directrice des inscriptions et secr\u00e9taire adjointe de laConf\u00e9rence G\u00e9n\u00e9rale. Elle a ajout\u00e9 qu&#39;elle esp\u00e9rait voir d&#39;autres personnes s&#39;enregistrerd&#39;ici mardi ou mercredi.<\/p>\n<p>En tant querepr\u00e9sentants des int\u00e9r\u00eats de leurs r\u00e9gions, les d\u00e9l\u00e9gu\u00e9s \u00ab\u00a0ne sont cens\u00e9ss&#39;absenter d&#39;aucune des sessions administratives,\u00a0\u00bb a d\u00e9clar\u00e9 GeorgeEgwakhe, tr\u00e9sorier adjoint au si\u00e8ge mondial de l&#39;\u00e9glise Adventiste. \u00ab\u00a0Ilest tr\u00e8s important qu&#39;ils participent et qu&#39;ils votent.\u00a0\u00bb<\/p>\n<p>Cependant aindiqu\u00e9 Egwakhe, plusieurs d\u00e9l\u00e9gu\u00e9s ne se trouvent pas sur la parquet du Domeparce qu&#39;ils participent \u00e0 des caucus (r\u00e9unions r\u00e9gionales) o\u00f9 ils votent pourproposer les principaux leaders de leurs divisions respectives et traiter dequestions sp\u00e9cifiques \u00e0 leurs r\u00e9gions.<\/p>\n<p>\u00ab\u00a0Pour eux,c&#39;est aussi tr\u00e8s, tr\u00e8s important,\u00a0\u00bb a t-il dit, ajoutant que certainsconsid\u00e8rent que l&#39;essentiel du travail est termin\u00e9 une fois que les officiersde la Conf\u00e9rence G\u00e9n\u00e9rale sont \u00e9lus.<\/p>\n<p>Et d&#39;icivendredi, a t-il dit, les choses vont vraisemblablement empirer: la plupart desd\u00e9l\u00e9gu\u00e9s vont faire du shopping, cherchant \u00e0 faire quelques achats avant deretourner dans leurs pays d&#39;origine.<\/p>\n<p>\u00ab\u00a0Ne soyezpas choqu\u00e9s; \u00e7a fait partie de la routine,\u00a0\u00bb a dit Egwakhe, se rappelantson exp\u00e9rience en tant que tr\u00e9sorier de division. \u00ab\u00a0Ce n&#39;est pasnouveau.\u00a0\u00bb<\/p>\n","protected":false},"excerpt":{"rendered":"<p>Alors que lesleaders de l&#39;\u00e9glise Adventiste du Septi\u00e8me jour s&#39;appr\u00eataient \u00e0 d\u00e9buter larencontre administrative de dimanche apr\u00e8s midi dans le cadre de la 59\u00e8meSession Mondiale, un bon no<\/p>\n","protected":false},"author":1,"featured_media":0,"comment_status":"closed","ping_status":"closed","sticky":false,"template":"","format":"standard","meta":{"_acf_changed":false,"footnotes":""},"categories":[9],"tags":[],"class_list":["post-13392","post","type-post","status-publish","format-standard","hentry","category-archive-fr"],"acf":[],"yoast_head":"<!-- This site is optimized with the Yoast SEO plugin v27.3 - https:\/\/yoast.com\/product\/yoast-seo-wordpress\/ -->\n<title>Les chaises ded\u00e9l\u00e9gu\u00e9s vides pr\u00e9occupent les dirigeants de l&#039;\u00e9glise - \u00c9glise Adventiste Du Septieme Jour - Inter Am\u00e9rique Division<\/title>\n<meta name=\"robots\" content=\"index, follow, max-snippet:-1, max-image-preview:large, max-video-preview:-1\" \/>\n<link rel=\"canonical\" href=\"https:\/\/interamerica.org\/fr\/2010\/06\/les-chaises-dedelegues-vides-preoccupent-les-dirigeants-de-leglise\/\" \/>\n<meta property=\"og:locale\" content=\"fr_FR\" \/>\n<meta property=\"og:type\" content=\"article\" \/>\n<meta property=\"og:title\" content=\"Les chaises ded\u00e9l\u00e9gu\u00e9s vides pr\u00e9occupent les dirigeants de l&#039;\u00e9glise - \u00c9glise Adventiste Du Septieme Jour - Inter Am\u00e9rique Division\" \/>\n<meta property=\"og:description\" content=\"Alors que lesleaders de l&#039;\u00e9glise Adventiste du Septi\u00e8me jour s&#039;appr\u00eataient \u00e0 d\u00e9buter larencontre administrative de dimanche apr\u00e8s midi dans le cadre de la 59\u00e8meSession Mondiale, un bon no\" \/>\n<meta property=\"og:url\" content=\"https:\/\/interamerica.org\/fr\/2010\/06\/les-chaises-dedelegues-vides-preoccupent-les-dirigeants-de-leglise\/\" \/>\n<meta property=\"og:site_name\" content=\"\u00c9glise Adventiste Du Septieme Jour - Inter Am\u00e9rique Division\" \/>\n<meta property=\"article:published_time\" content=\"2010-06-29T04:00:00+00:00\" \/>\n<meta property=\"article:modified_time\" content=\"2017-06-02T17:03:37+00:00\" \/>\n<meta name=\"author\" content=\"Lorenzo Verduzco\" \/>\n<meta name=\"twitter:card\" content=\"summary_large_image\" \/>\n<meta name=\"twitter:label1\" content=\"\u00c9crit par\" \/>\n\t<meta name=\"twitter:data1\" content=\"Lorenzo Verduzco\" \/>\n\t<meta name=\"twitter:label2\" content=\"Dur\u00e9e de lecture estim\u00e9e\" \/>\n\t<meta name=\"twitter:data2\" content=\"3 minutes\" \/>\n<script type=\"application\/ld+json\" class=\"yoast-schema-graph\">{\"@context\":\"https:\\\/\\\/schema.org\",\"@graph\":[{\"@type\":\"Article\",\"@id\":\"https:\\\/\\\/interamerica.org\\\/fr\\\/2010\\\/06\\\/les-chaises-dedelegues-vides-preoccupent-les-dirigeants-de-leglise\\\/#article\",\"isPartOf\":{\"@id\":\"https:\\\/\\\/interamerica.org\\\/fr\\\/2010\\\/06\\\/les-chaises-dedelegues-vides-preoccupent-les-dirigeants-de-leglise\\\/\"},\"author\":{\"name\":\"Lorenzo Verduzco\",\"@id\":\"https:\\\/\\\/interamerica.org\\\/fr\\\/#\\\/schema\\\/person\\\/68ede8bdc292885bb76c1e3810e73c39\"},\"headline\":\"Les chaises ded\u00e9l\u00e9gu\u00e9s vides pr\u00e9occupent les dirigeants de l&#39;\u00e9glise\",\"datePublished\":\"2010-06-29T04:00:00+00:00\",\"dateModified\":\"2017-06-02T17:03:37+00:00\",\"mainEntityOfPage\":{\"@id\":\"https:\\\/\\\/interamerica.org\\\/fr\\\/2010\\\/06\\\/les-chaises-dedelegues-vides-preoccupent-les-dirigeants-de-leglise\\\/\"},\"wordCount\":597,\"articleSection\":[\"Archive\"],\"inLanguage\":\"fr-FR\"},{\"@type\":\"WebPage\",\"@id\":\"https:\\\/\\\/interamerica.org\\\/fr\\\/2010\\\/06\\\/les-chaises-dedelegues-vides-preoccupent-les-dirigeants-de-leglise\\\/\",\"url\":\"https:\\\/\\\/interamerica.org\\\/fr\\\/2010\\\/06\\\/les-chaises-dedelegues-vides-preoccupent-les-dirigeants-de-leglise\\\/\",\"name\":\"Les chaises ded\u00e9l\u00e9gu\u00e9s vides pr\u00e9occupent les dirigeants de l&#39;\u00e9glise - \u00c9glise Adventiste Du Septieme Jour - Inter Am\u00e9rique Division\",\"isPartOf\":{\"@id\":\"https:\\\/\\\/interamerica.org\\\/fr\\\/#website\"},\"datePublished\":\"2010-06-29T04:00:00+00:00\",\"dateModified\":\"2017-06-02T17:03:37+00:00\",\"author\":{\"@id\":\"https:\\\/\\\/interamerica.org\\\/fr\\\/#\\\/schema\\\/person\\\/68ede8bdc292885bb76c1e3810e73c39\"},\"breadcrumb\":{\"@id\":\"https:\\\/\\\/interamerica.org\\\/fr\\\/2010\\\/06\\\/les-chaises-dedelegues-vides-preoccupent-les-dirigeants-de-leglise\\\/#breadcrumb\"},\"inLanguage\":\"fr-FR\",\"potentialAction\":[{\"@type\":\"ReadAction\",\"target\":[\"https:\\\/\\\/interamerica.org\\\/fr\\\/2010\\\/06\\\/les-chaises-dedelegues-vides-preoccupent-les-dirigeants-de-leglise\\\/\"]}]},{\"@type\":\"BreadcrumbList\",\"@id\":\"https:\\\/\\\/interamerica.org\\\/fr\\\/2010\\\/06\\\/les-chaises-dedelegues-vides-preoccupent-les-dirigeants-de-leglise\\\/#breadcrumb\",\"itemListElement\":[{\"@type\":\"ListItem\",\"position\":1,\"name\":\"Home\",\"item\":\"https:\\\/\\\/interamerica.org\\\/fr\\\/\"},{\"@type\":\"ListItem\",\"position\":2,\"name\":\"Les chaises ded\u00e9l\u00e9gu\u00e9s vides pr\u00e9occupent les dirigeants de l&#39;\u00e9glise\"}]},{\"@type\":\"WebSite\",\"@id\":\"https:\\\/\\\/interamerica.org\\\/fr\\\/#website\",\"url\":\"https:\\\/\\\/interamerica.org\\\/fr\\\/\",\"name\":\"\u00c9glise Adventiste Du Septieme Jour - Inter Am\u00e9rique Division\",\"description\":\"\",\"potentialAction\":[{\"@type\":\"SearchAction\",\"target\":{\"@type\":\"EntryPoint\",\"urlTemplate\":\"https:\\\/\\\/interamerica.org\\\/fr\\\/?s={search_term_string}\"},\"query-input\":{\"@type\":\"PropertyValueSpecification\",\"valueRequired\":true,\"valueName\":\"search_term_string\"}}],\"inLanguage\":\"fr-FR\"},{\"@type\":\"Person\",\"@id\":\"https:\\\/\\\/interamerica.org\\\/fr\\\/#\\\/schema\\\/person\\\/68ede8bdc292885bb76c1e3810e73c39\",\"name\":\"Lorenzo Verduzco\",\"image\":{\"@type\":\"ImageObject\",\"inLanguage\":\"fr-FR\",\"@id\":\"https:\\\/\\\/secure.gravatar.com\\\/avatar\\\/fb81a55b6218459490a9c1dc841a34909185b81904c5337b4b27f7a6fd60c49e?s=96&d=mm&r=g\",\"url\":\"https:\\\/\\\/secure.gravatar.com\\\/avatar\\\/fb81a55b6218459490a9c1dc841a34909185b81904c5337b4b27f7a6fd60c49e?s=96&d=mm&r=g\",\"contentUrl\":\"https:\\\/\\\/secure.gravatar.com\\\/avatar\\\/fb81a55b6218459490a9c1dc841a34909185b81904c5337b4b27f7a6fd60c49e?s=96&d=mm&r=g\",\"caption\":\"Lorenzo Verduzco\"}}]}<\/script>\n<!-- \/ Yoast SEO plugin. -->","yoast_head_json":{"title":"Les chaises ded\u00e9l\u00e9gu\u00e9s vides pr\u00e9occupent les dirigeants de l&#39;\u00e9glise - \u00c9glise Adventiste Du Septieme Jour - Inter Am\u00e9rique Division","robots":{"index":"index","follow":"follow","max-snippet":"max-snippet:-1","max-image-preview":"max-image-preview:large","max-video-preview":"max-video-preview:-1"},"canonical":"https:\/\/interamerica.org\/fr\/2010\/06\/les-chaises-dedelegues-vides-preoccupent-les-dirigeants-de-leglise\/","og_locale":"fr_FR","og_type":"article","og_title":"Les chaises ded\u00e9l\u00e9gu\u00e9s vides pr\u00e9occupent les dirigeants de l&#39;\u00e9glise - \u00c9glise Adventiste Du Septieme Jour - Inter Am\u00e9rique Division","og_description":"Alors que lesleaders de l&#39;\u00e9glise Adventiste du Septi\u00e8me jour s&#39;appr\u00eataient \u00e0 d\u00e9buter larencontre administrative de dimanche apr\u00e8s midi dans le cadre de la 59\u00e8meSession Mondiale, un bon no","og_url":"https:\/\/interamerica.org\/fr\/2010\/06\/les-chaises-dedelegues-vides-preoccupent-les-dirigeants-de-leglise\/","og_site_name":"\u00c9glise Adventiste Du Septieme Jour - Inter Am\u00e9rique Division","article_published_time":"2010-06-29T04:00:00+00:00","article_modified_time":"2017-06-02T17:03:37+00:00","author":"Lorenzo Verduzco","twitter_card":"summary_large_image","twitter_misc":{"\u00c9crit par":"Lorenzo Verduzco","Dur\u00e9e de lecture estim\u00e9e":"3 minutes"},"schema":{"@context":"https:\/\/schema.org","@graph":[{"@type":"Article","@id":"https:\/\/interamerica.org\/fr\/2010\/06\/les-chaises-dedelegues-vides-preoccupent-les-dirigeants-de-leglise\/#article","isPartOf":{"@id":"https:\/\/interamerica.org\/fr\/2010\/06\/les-chaises-dedelegues-vides-preoccupent-les-dirigeants-de-leglise\/"},"author":{"name":"Lorenzo Verduzco","@id":"https:\/\/interamerica.org\/fr\/#\/schema\/person\/68ede8bdc292885bb76c1e3810e73c39"},"headline":"Les chaises ded\u00e9l\u00e9gu\u00e9s vides pr\u00e9occupent les dirigeants de l&#39;\u00e9glise","datePublished":"2010-06-29T04:00:00+00:00","dateModified":"2017-06-02T17:03:37+00:00","mainEntityOfPage":{"@id":"https:\/\/interamerica.org\/fr\/2010\/06\/les-chaises-dedelegues-vides-preoccupent-les-dirigeants-de-leglise\/"},"wordCount":597,"articleSection":["Archive"],"inLanguage":"fr-FR"},{"@type":"WebPage","@id":"https:\/\/interamerica.org\/fr\/2010\/06\/les-chaises-dedelegues-vides-preoccupent-les-dirigeants-de-leglise\/","url":"https:\/\/interamerica.org\/fr\/2010\/06\/les-chaises-dedelegues-vides-preoccupent-les-dirigeants-de-leglise\/","name":"Les chaises ded\u00e9l\u00e9gu\u00e9s vides pr\u00e9occupent les dirigeants de l&#39;\u00e9glise - \u00c9glise Adventiste Du Septieme Jour - Inter Am\u00e9rique Division","isPartOf":{"@id":"https:\/\/interamerica.org\/fr\/#website"},"datePublished":"2010-06-29T04:00:00+00:00","dateModified":"2017-06-02T17:03:37+00:00","author":{"@id":"https:\/\/interamerica.org\/fr\/#\/schema\/person\/68ede8bdc292885bb76c1e3810e73c39"},"breadcrumb":{"@id":"https:\/\/interamerica.org\/fr\/2010\/06\/les-chaises-dedelegues-vides-preoccupent-les-dirigeants-de-leglise\/#breadcrumb"},"inLanguage":"fr-FR","potentialAction":[{"@type":"ReadAction","target":["https:\/\/interamerica.org\/fr\/2010\/06\/les-chaises-dedelegues-vides-preoccupent-les-dirigeants-de-leglise\/"]}]},{"@type":"BreadcrumbList","@id":"https:\/\/interamerica.org\/fr\/2010\/06\/les-chaises-dedelegues-vides-preoccupent-les-dirigeants-de-leglise\/#breadcrumb","itemListElement":[{"@type":"ListItem","position":1,"name":"Home","item":"https:\/\/interamerica.org\/fr\/"},{"@type":"ListItem","position":2,"name":"Les chaises ded\u00e9l\u00e9gu\u00e9s vides pr\u00e9occupent les dirigeants de l&#39;\u00e9glise"}]},{"@type":"WebSite","@id":"https:\/\/interamerica.org\/fr\/#website","url":"https:\/\/interamerica.org\/fr\/","name":"\u00c9glise Adventiste Du Septieme Jour - Inter Am\u00e9rique Division","description":"","potentialAction":[{"@type":"SearchAction","target":{"@type":"EntryPoint","urlTemplate":"https:\/\/interamerica.org\/fr\/?s={search_term_string}"},"query-input":{"@type":"PropertyValueSpecification","valueRequired":true,"valueName":"search_term_string"}}],"inLanguage":"fr-FR"},{"@type":"Person","@id":"https:\/\/interamerica.org\/fr\/#\/schema\/person\/68ede8bdc292885bb76c1e3810e73c39","name":"Lorenzo Verduzco","image":{"@type":"ImageObject","inLanguage":"fr-FR","@id":"https:\/\/secure.gravatar.com\/avatar\/fb81a55b6218459490a9c1dc841a34909185b81904c5337b4b27f7a6fd60c49e?s=96&d=mm&r=g","url":"https:\/\/secure.gravatar.com\/avatar\/fb81a55b6218459490a9c1dc841a34909185b81904c5337b4b27f7a6fd60c49e?s=96&d=mm&r=g","contentUrl":"https:\/\/secure.gravatar.com\/avatar\/fb81a55b6218459490a9c1dc841a34909185b81904c5337b4b27f7a6fd60c49e?s=96&d=mm&r=g","caption":"Lorenzo Verduzco"}}]}},"_links":{"self":[{"href":"https:\/\/interamerica.org\/fr\/wp-json\/wp\/v2\/posts\/13392","targetHints":{"allow":["GET"]}}],"collection":[{"href":"https:\/\/interamerica.org\/fr\/wp-json\/wp\/v2\/posts"}],"about":[{"href":"https:\/\/interamerica.org\/fr\/wp-json\/wp\/v2\/types\/post"}],"author":[{"embeddable":true,"href":"https:\/\/interamerica.org\/fr\/wp-json\/wp\/v2\/users\/1"}],"replies":[{"embeddable":true,"href":"https:\/\/interamerica.org\/fr\/wp-json\/wp\/v2\/comments?post=13392"}],"version-history":[{"count":0,"href":"https:\/\/interamerica.org\/fr\/wp-json\/wp\/v2\/posts\/13392\/revisions"}],"wp:attachment":[{"href":"https:\/\/interamerica.org\/fr\/wp-json\/wp\/v2\/media?parent=13392"}],"wp:term":[{"taxonomy":"category","embeddable":true,"href":"https:\/\/interamerica.org\/fr\/wp-json\/wp\/v2\/categories?post=13392"},{"taxonomy":"post_tag","embeddable":true,"href":"https:\/\/interamerica.org\/fr\/wp-json\/wp\/v2\/tags?post=13392"}],"curies":[{"name":"wp","href":"https:\/\/api.w.org\/{rel}","templated":true}]}}