{"id":13393,"date":"2010-06-29T00:00:00","date_gmt":"2010-06-29T04:00:00","guid":{"rendered":"http:\/\/192.81.217.108\/interamerica\/2010\/06\/reelections-de-cinq-leaders-de-niveau-intermediaire-de-leglise-adventiste\/"},"modified":"2017-06-02T13:03:38","modified_gmt":"2017-06-02T17:03:38","slug":"reelections-de-cinq-leaders-de-niveau-intermediaire-de-leglise-adventiste","status":"publish","type":"post","link":"https:\/\/interamerica.org\/fr\/2010\/06\/reelections-de-cinq-leaders-de-niveau-intermediaire-de-leglise-adventiste\/","title":{"rendered":"R\u00e9\u00e9lections de cinq leaders de niveau interm\u00e9diaire de l&#39;Eglise Adventiste."},"content":{"rendered":"<p>29 Juin 2010, Atlanta, G\u00e9orgie, Etats Unis&#8230;Edwin Manuel Garcia\/ANN <\/p>\n<p>La direction de l&#39;\u00e9glise Adventiste du Septi\u00e8me jour a vot\u00e9 de garder cinq officiels de niveau interm\u00e9diaire \u00e0 leur actuelle position en tant que secr\u00e9taires du champs lors d&#39;une rencontre administrative le 29 juin. <\/p>\n<p>Les d\u00e9l\u00e9gu\u00e9s r\u00e9unis dans le Georgia Dome d&#39;Atlanta pour la Session Mondiale de l&#39;Eglise Adventiste ont \u00e9galement vot\u00e9 de garder huit directeurs de d\u00e9partement. <\/p>\n<p>Les secr\u00e9taires g\u00e9n\u00e9raux du champ seront \u00e0 nouveau: <\/p>\n<p>Paul S. Brantley, directeur du Bureau de l&#39;Evaluation et de l&#39;Efficacit\u00e9 des Programmes. Ancien professeur d&#39;universit\u00e9, Brantley est \u00e0 la t\u00eate du Bureau depuis 2007. <\/p>\n<p>Gary D. Krause, il occupait ce poste depuis 2004. Krause sert \u00e9galement en tant que directeur du Bureau des Missions Adventistes. <\/p>\n<p>Angel Manuel Rodriguez, qui dans sa position de  secr\u00e9taire du champ a \u00e9t\u00e9 directeur adjoint de l&#39;Institut de Recherche Biblique depuis 2002. Il a auparavant servi en Inter Am\u00e9rique. <\/p>\n<p>Charles Sandefur qui est pr\u00e9sident d&#39;ADRA depuis 2002 et est aussi un ancien pr\u00e9sident de f\u00e9d\u00e9ration. <\/p>\n<p>Brad Thorp qui a servi en tant que directeur du champ depuis 2005. Il est directeur de Hope Channel, et est un ancien \u00e9vang\u00e9liste en Europe, en Afrique et en Am\u00e9rique du Nord. <\/p>\n<p>Les cinq noms, recommand\u00e9s par la Commission de Nominations, ont donn\u00e9 lieu \u00e0 l&#39;expression d&#39;un grief au micro du Georgia Dome. Un d\u00e9l\u00e9gu\u00e9 d&#39;Europe a exprim\u00e9 sa d\u00e9ception du fait que les candidats \u00ab\u00a0\u00e0 nouveau\u00a0\u00bb sont tous des hommes. <\/p>\n<p>En guise de r\u00e9ponse, le pr\u00e9sident de la Commission Robert Kyte a indiqu\u00e9 que le comit\u00e9 qu&#39;il dirige et qui est compos\u00e9 de plus de 200 personnes et se r\u00e9unit en priv\u00e9, essaie de pourvoir aux diff\u00e9rents postes avec des femmes \u00ab\u00a0toutes les fois o\u00f9 c&#39;est possible.\u00a0\u00bb <\/p>\n<p>Les huit directeurs de d\u00e9partement qui ont \u00e9t\u00e9 reconduits \u00e0 leur poste sont: <\/p>\n<p>Heather Dawn Small, directrice des Minist\u00e8res des Femmes depuis 2005. Auparavant elle a servi en tant que directrice des minist\u00e8res des enfants et au minist\u00e8re de femmes en Inter Am\u00e9rique. <\/p>\n<p>Jonathan Kuntaraf, directeur de l&#39;Ecole du Sabbat et des Minist\u00e8res Personnels depuis 2005. Kuntaraf a servi auparavant comme directeur adjoint des minist\u00e8res de l&#39;\u00e9glise dans la division Asie Pacifique. <\/p>\n<p>Linda Koh, directrice des Minist\u00e8res des Enfants depuis 2003. Elle a servi en tant que directrice adjointe des minist\u00e8res des enfants dans la division de l&#39;Extr\u00eame Orient et \u00e0 cette m\u00eame fonction dans la Division Asie Pacifique. <\/p>\n<p>Dr Allan Hanysides, directeur des Minist\u00e8res de la Sant\u00e9 depuis 1998. Dr Hanysides a \u00e9t\u00e9 directeur de sant\u00e9 et temp\u00e9rance \u00e0 la division Eurafricaine et aussi directeur m\u00e9dical d&#39;h\u00f4pital. <\/p>\n<p>John Graz, directeur des Affaires Publiques et de la Libert\u00e9 Religieuse depuis 1995. Il a auparavant servi en tant que directeur de communication \u00e0 la division Eurafricaine. <\/p>\n<p>Howard Faigao, directeur des Publications depuis 2005. Faigao a auparavant travaill\u00e9 dans les publications en Asie du Sud Est. <\/p>\n<p>Erika Puni, directeur de la gestion Chr\u00e9tienne depuis 2005. Puni qui a \u00e9t\u00e9 professeur \u00e0 Avondale College \u00e9tait aussi directeur de la Gestion Chr\u00e9tienne \u00e0 la division avant de se rendre dans le Maryland pour travailler \u00e0 la Conf\u00e9rence G\u00e9n\u00e9rale. <\/p>\n<p>Gary Councell, directeur des Minist\u00e8res d&#39;Aum\u00f4nerie Adventiste. Il a servi 36 ans en tant qu&#39;aum\u00f4nier dans l&#39;arm\u00e9e Am\u00e9ricaine tout en \u00e9tant pasteur de 11 \u00e9glises. <\/p>\n","protected":false},"excerpt":{"rendered":"<p>La direction del&#39;\u00e9glise Adventiste du Septi\u00e8me jour a vot\u00e9 de garder cinq officiels de niveau interm\u00e9diaire\u00e0 leur actuelle position en tant que secr\u00e9taires du champs lors d&#39;une rencontreadminis<\/p>\n","protected":false},"author":1,"featured_media":0,"comment_status":"closed","ping_status":"closed","sticky":false,"template":"","format":"standard","meta":{"_acf_changed":false,"footnotes":""},"categories":[9],"tags":[],"class_list":["post-13393","post","type-post","status-publish","format-standard","hentry","category-archive-fr"],"acf":[],"yoast_head":"<!-- This site is optimized with the Yoast SEO plugin v27.3 - https:\/\/yoast.com\/product\/yoast-seo-wordpress\/ -->\n<title>R\u00e9\u00e9lections de cinq leaders de niveau interm\u00e9diaire de l&#039;Eglise Adventiste. - \u00c9glise Adventiste Du Septieme Jour - Inter Am\u00e9rique Division<\/title>\n<meta name=\"robots\" content=\"index, follow, max-snippet:-1, max-image-preview:large, max-video-preview:-1\" \/>\n<link rel=\"canonical\" href=\"https:\/\/interamerica.org\/fr\/2010\/06\/reelections-de-cinq-leaders-de-niveau-intermediaire-de-leglise-adventiste\/\" \/>\n<meta property=\"og:locale\" content=\"fr_FR\" \/>\n<meta property=\"og:type\" content=\"article\" \/>\n<meta property=\"og:title\" content=\"R\u00e9\u00e9lections de cinq leaders de niveau interm\u00e9diaire de l&#039;Eglise Adventiste. - \u00c9glise Adventiste Du Septieme Jour - Inter Am\u00e9rique Division\" \/>\n<meta property=\"og:description\" content=\"La direction del&#039;\u00e9glise Adventiste du Septi\u00e8me jour a vot\u00e9 de garder cinq officiels de niveau interm\u00e9diaire\u00e0 leur actuelle position en tant que secr\u00e9taires du champs lors d&#039;une rencontreadminis\" \/>\n<meta property=\"og:url\" content=\"https:\/\/interamerica.org\/fr\/2010\/06\/reelections-de-cinq-leaders-de-niveau-intermediaire-de-leglise-adventiste\/\" \/>\n<meta property=\"og:site_name\" content=\"\u00c9glise Adventiste Du Septieme Jour - Inter Am\u00e9rique Division\" \/>\n<meta property=\"article:published_time\" content=\"2010-06-29T04:00:00+00:00\" \/>\n<meta property=\"article:modified_time\" content=\"2017-06-02T17:03:38+00:00\" \/>\n<meta name=\"author\" content=\"Lorenzo Verduzco\" \/>\n<meta name=\"twitter:card\" content=\"summary_large_image\" \/>\n<meta name=\"twitter:label1\" content=\"\u00c9crit par\" \/>\n\t<meta name=\"twitter:data1\" content=\"Lorenzo Verduzco\" \/>\n\t<meta name=\"twitter:label2\" content=\"Dur\u00e9e de lecture estim\u00e9e\" \/>\n\t<meta name=\"twitter:data2\" content=\"3 minutes\" \/>\n<script type=\"application\/ld+json\" class=\"yoast-schema-graph\">{\"@context\":\"https:\\\/\\\/schema.org\",\"@graph\":[{\"@type\":\"Article\",\"@id\":\"https:\\\/\\\/interamerica.org\\\/fr\\\/2010\\\/06\\\/reelections-de-cinq-leaders-de-niveau-intermediaire-de-leglise-adventiste\\\/#article\",\"isPartOf\":{\"@id\":\"https:\\\/\\\/interamerica.org\\\/fr\\\/2010\\\/06\\\/reelections-de-cinq-leaders-de-niveau-intermediaire-de-leglise-adventiste\\\/\"},\"author\":{\"name\":\"Lorenzo Verduzco\",\"@id\":\"https:\\\/\\\/interamerica.org\\\/fr\\\/#\\\/schema\\\/person\\\/68ede8bdc292885bb76c1e3810e73c39\"},\"headline\":\"R\u00e9\u00e9lections de cinq leaders de niveau interm\u00e9diaire de l&#39;Eglise Adventiste.\",\"datePublished\":\"2010-06-29T04:00:00+00:00\",\"dateModified\":\"2017-06-02T17:03:38+00:00\",\"mainEntityOfPage\":{\"@id\":\"https:\\\/\\\/interamerica.org\\\/fr\\\/2010\\\/06\\\/reelections-de-cinq-leaders-de-niveau-intermediaire-de-leglise-adventiste\\\/\"},\"wordCount\":594,\"articleSection\":[\"Archive\"],\"inLanguage\":\"fr-FR\"},{\"@type\":\"WebPage\",\"@id\":\"https:\\\/\\\/interamerica.org\\\/fr\\\/2010\\\/06\\\/reelections-de-cinq-leaders-de-niveau-intermediaire-de-leglise-adventiste\\\/\",\"url\":\"https:\\\/\\\/interamerica.org\\\/fr\\\/2010\\\/06\\\/reelections-de-cinq-leaders-de-niveau-intermediaire-de-leglise-adventiste\\\/\",\"name\":\"R\u00e9\u00e9lections de cinq leaders de niveau interm\u00e9diaire de l&#39;Eglise Adventiste. - \u00c9glise Adventiste Du Septieme Jour - Inter Am\u00e9rique Division\",\"isPartOf\":{\"@id\":\"https:\\\/\\\/interamerica.org\\\/fr\\\/#website\"},\"datePublished\":\"2010-06-29T04:00:00+00:00\",\"dateModified\":\"2017-06-02T17:03:38+00:00\",\"author\":{\"@id\":\"https:\\\/\\\/interamerica.org\\\/fr\\\/#\\\/schema\\\/person\\\/68ede8bdc292885bb76c1e3810e73c39\"},\"breadcrumb\":{\"@id\":\"https:\\\/\\\/interamerica.org\\\/fr\\\/2010\\\/06\\\/reelections-de-cinq-leaders-de-niveau-intermediaire-de-leglise-adventiste\\\/#breadcrumb\"},\"inLanguage\":\"fr-FR\",\"potentialAction\":[{\"@type\":\"ReadAction\",\"target\":[\"https:\\\/\\\/interamerica.org\\\/fr\\\/2010\\\/06\\\/reelections-de-cinq-leaders-de-niveau-intermediaire-de-leglise-adventiste\\\/\"]}]},{\"@type\":\"BreadcrumbList\",\"@id\":\"https:\\\/\\\/interamerica.org\\\/fr\\\/2010\\\/06\\\/reelections-de-cinq-leaders-de-niveau-intermediaire-de-leglise-adventiste\\\/#breadcrumb\",\"itemListElement\":[{\"@type\":\"ListItem\",\"position\":1,\"name\":\"Home\",\"item\":\"https:\\\/\\\/interamerica.org\\\/fr\\\/\"},{\"@type\":\"ListItem\",\"position\":2,\"name\":\"R\u00e9\u00e9lections de cinq leaders de niveau interm\u00e9diaire de l&#39;Eglise Adventiste.\"}]},{\"@type\":\"WebSite\",\"@id\":\"https:\\\/\\\/interamerica.org\\\/fr\\\/#website\",\"url\":\"https:\\\/\\\/interamerica.org\\\/fr\\\/\",\"name\":\"\u00c9glise Adventiste Du Septieme Jour - Inter Am\u00e9rique Division\",\"description\":\"\",\"potentialAction\":[{\"@type\":\"SearchAction\",\"target\":{\"@type\":\"EntryPoint\",\"urlTemplate\":\"https:\\\/\\\/interamerica.org\\\/fr\\\/?s={search_term_string}\"},\"query-input\":{\"@type\":\"PropertyValueSpecification\",\"valueRequired\":true,\"valueName\":\"search_term_string\"}}],\"inLanguage\":\"fr-FR\"},{\"@type\":\"Person\",\"@id\":\"https:\\\/\\\/interamerica.org\\\/fr\\\/#\\\/schema\\\/person\\\/68ede8bdc292885bb76c1e3810e73c39\",\"name\":\"Lorenzo Verduzco\",\"image\":{\"@type\":\"ImageObject\",\"inLanguage\":\"fr-FR\",\"@id\":\"https:\\\/\\\/secure.gravatar.com\\\/avatar\\\/fb81a55b6218459490a9c1dc841a34909185b81904c5337b4b27f7a6fd60c49e?s=96&d=mm&r=g\",\"url\":\"https:\\\/\\\/secure.gravatar.com\\\/avatar\\\/fb81a55b6218459490a9c1dc841a34909185b81904c5337b4b27f7a6fd60c49e?s=96&d=mm&r=g\",\"contentUrl\":\"https:\\\/\\\/secure.gravatar.com\\\/avatar\\\/fb81a55b6218459490a9c1dc841a34909185b81904c5337b4b27f7a6fd60c49e?s=96&d=mm&r=g\",\"caption\":\"Lorenzo Verduzco\"}}]}<\/script>\n<!-- \/ Yoast SEO plugin. -->","yoast_head_json":{"title":"R\u00e9\u00e9lections de cinq leaders de niveau interm\u00e9diaire de l&#39;Eglise Adventiste. - \u00c9glise Adventiste Du Septieme Jour - Inter Am\u00e9rique Division","robots":{"index":"index","follow":"follow","max-snippet":"max-snippet:-1","max-image-preview":"max-image-preview:large","max-video-preview":"max-video-preview:-1"},"canonical":"https:\/\/interamerica.org\/fr\/2010\/06\/reelections-de-cinq-leaders-de-niveau-intermediaire-de-leglise-adventiste\/","og_locale":"fr_FR","og_type":"article","og_title":"R\u00e9\u00e9lections de cinq leaders de niveau interm\u00e9diaire de l&#39;Eglise Adventiste. - \u00c9glise Adventiste Du Septieme Jour - Inter Am\u00e9rique Division","og_description":"La direction del&#39;\u00e9glise Adventiste du Septi\u00e8me jour a vot\u00e9 de garder cinq officiels de niveau interm\u00e9diaire\u00e0 leur actuelle position en tant que secr\u00e9taires du champs lors d&#39;une rencontreadminis","og_url":"https:\/\/interamerica.org\/fr\/2010\/06\/reelections-de-cinq-leaders-de-niveau-intermediaire-de-leglise-adventiste\/","og_site_name":"\u00c9glise Adventiste Du Septieme Jour - Inter Am\u00e9rique Division","article_published_time":"2010-06-29T04:00:00+00:00","article_modified_time":"2017-06-02T17:03:38+00:00","author":"Lorenzo Verduzco","twitter_card":"summary_large_image","twitter_misc":{"\u00c9crit par":"Lorenzo Verduzco","Dur\u00e9e de lecture estim\u00e9e":"3 minutes"},"schema":{"@context":"https:\/\/schema.org","@graph":[{"@type":"Article","@id":"https:\/\/interamerica.org\/fr\/2010\/06\/reelections-de-cinq-leaders-de-niveau-intermediaire-de-leglise-adventiste\/#article","isPartOf":{"@id":"https:\/\/interamerica.org\/fr\/2010\/06\/reelections-de-cinq-leaders-de-niveau-intermediaire-de-leglise-adventiste\/"},"author":{"name":"Lorenzo Verduzco","@id":"https:\/\/interamerica.org\/fr\/#\/schema\/person\/68ede8bdc292885bb76c1e3810e73c39"},"headline":"R\u00e9\u00e9lections de cinq leaders de niveau interm\u00e9diaire de l&#39;Eglise Adventiste.","datePublished":"2010-06-29T04:00:00+00:00","dateModified":"2017-06-02T17:03:38+00:00","mainEntityOfPage":{"@id":"https:\/\/interamerica.org\/fr\/2010\/06\/reelections-de-cinq-leaders-de-niveau-intermediaire-de-leglise-adventiste\/"},"wordCount":594,"articleSection":["Archive"],"inLanguage":"fr-FR"},{"@type":"WebPage","@id":"https:\/\/interamerica.org\/fr\/2010\/06\/reelections-de-cinq-leaders-de-niveau-intermediaire-de-leglise-adventiste\/","url":"https:\/\/interamerica.org\/fr\/2010\/06\/reelections-de-cinq-leaders-de-niveau-intermediaire-de-leglise-adventiste\/","name":"R\u00e9\u00e9lections de cinq leaders de niveau interm\u00e9diaire de l&#39;Eglise Adventiste. - \u00c9glise Adventiste Du Septieme Jour - Inter Am\u00e9rique Division","isPartOf":{"@id":"https:\/\/interamerica.org\/fr\/#website"},"datePublished":"2010-06-29T04:00:00+00:00","dateModified":"2017-06-02T17:03:38+00:00","author":{"@id":"https:\/\/interamerica.org\/fr\/#\/schema\/person\/68ede8bdc292885bb76c1e3810e73c39"},"breadcrumb":{"@id":"https:\/\/interamerica.org\/fr\/2010\/06\/reelections-de-cinq-leaders-de-niveau-intermediaire-de-leglise-adventiste\/#breadcrumb"},"inLanguage":"fr-FR","potentialAction":[{"@type":"ReadAction","target":["https:\/\/interamerica.org\/fr\/2010\/06\/reelections-de-cinq-leaders-de-niveau-intermediaire-de-leglise-adventiste\/"]}]},{"@type":"BreadcrumbList","@id":"https:\/\/interamerica.org\/fr\/2010\/06\/reelections-de-cinq-leaders-de-niveau-intermediaire-de-leglise-adventiste\/#breadcrumb","itemListElement":[{"@type":"ListItem","position":1,"name":"Home","item":"https:\/\/interamerica.org\/fr\/"},{"@type":"ListItem","position":2,"name":"R\u00e9\u00e9lections de cinq leaders de niveau interm\u00e9diaire de l&#39;Eglise Adventiste."}]},{"@type":"WebSite","@id":"https:\/\/interamerica.org\/fr\/#website","url":"https:\/\/interamerica.org\/fr\/","name":"\u00c9glise Adventiste Du Septieme Jour - Inter Am\u00e9rique Division","description":"","potentialAction":[{"@type":"SearchAction","target":{"@type":"EntryPoint","urlTemplate":"https:\/\/interamerica.org\/fr\/?s={search_term_string}"},"query-input":{"@type":"PropertyValueSpecification","valueRequired":true,"valueName":"search_term_string"}}],"inLanguage":"fr-FR"},{"@type":"Person","@id":"https:\/\/interamerica.org\/fr\/#\/schema\/person\/68ede8bdc292885bb76c1e3810e73c39","name":"Lorenzo Verduzco","image":{"@type":"ImageObject","inLanguage":"fr-FR","@id":"https:\/\/secure.gravatar.com\/avatar\/fb81a55b6218459490a9c1dc841a34909185b81904c5337b4b27f7a6fd60c49e?s=96&d=mm&r=g","url":"https:\/\/secure.gravatar.com\/avatar\/fb81a55b6218459490a9c1dc841a34909185b81904c5337b4b27f7a6fd60c49e?s=96&d=mm&r=g","contentUrl":"https:\/\/secure.gravatar.com\/avatar\/fb81a55b6218459490a9c1dc841a34909185b81904c5337b4b27f7a6fd60c49e?s=96&d=mm&r=g","caption":"Lorenzo Verduzco"}}]}},"_links":{"self":[{"href":"https:\/\/interamerica.org\/fr\/wp-json\/wp\/v2\/posts\/13393","targetHints":{"allow":["GET"]}}],"collection":[{"href":"https:\/\/interamerica.org\/fr\/wp-json\/wp\/v2\/posts"}],"about":[{"href":"https:\/\/interamerica.org\/fr\/wp-json\/wp\/v2\/types\/post"}],"author":[{"embeddable":true,"href":"https:\/\/interamerica.org\/fr\/wp-json\/wp\/v2\/users\/1"}],"replies":[{"embeddable":true,"href":"https:\/\/interamerica.org\/fr\/wp-json\/wp\/v2\/comments?post=13393"}],"version-history":[{"count":0,"href":"https:\/\/interamerica.org\/fr\/wp-json\/wp\/v2\/posts\/13393\/revisions"}],"wp:attachment":[{"href":"https:\/\/interamerica.org\/fr\/wp-json\/wp\/v2\/media?parent=13393"}],"wp:term":[{"taxonomy":"category","embeddable":true,"href":"https:\/\/interamerica.org\/fr\/wp-json\/wp\/v2\/categories?post=13393"},{"taxonomy":"post_tag","embeddable":true,"href":"https:\/\/interamerica.org\/fr\/wp-json\/wp\/v2\/tags?post=13393"}],"curies":[{"name":"wp","href":"https:\/\/api.w.org\/{rel}","templated":true}]}}