{"id":13394,"date":"2010-06-28T00:00:00","date_gmt":"2010-06-28T04:00:00","guid":{"rendered":"http:\/\/192.81.217.108\/interamerica\/2010\/06\/lexposition-de-linter-amerique-presente-deux-grandes-regions-de-leglise\/"},"modified":"2017-06-02T13:03:43","modified_gmt":"2017-06-02T17:03:43","slug":"lexposition-de-linter-amerique-presente-deux-grandes-regions-de-leglise","status":"publish","type":"post","link":"https:\/\/interamerica.org\/fr\/2010\/06\/lexposition-de-linter-amerique-presente-deux-grandes-regions-de-leglise\/","title":{"rendered":"L&#39;exposition de l&#39;Inter-Am\u00e9rique pr\u00e9sente deux grandes r\u00e9gions de l&#39;\u00e9glise"},"content":{"rendered":"<p>28 juin 2010 &#8211; Atlanta, Georgie, Etats-Unis&#8230; (Libna Stevens\/DIA) <\/p>\n<p>Au sixi\u00e8me jour de l&#39;exposition du kiosque de l&#39;Inter-Am\u00e9rique au Georgia World Congress Center d&#39;Atlanta, beaucoup de visiteurs sont venus voir les cadeaux color\u00e9s qui \u00e9taient expos\u00e9s par l&#39;Union Haitienne et l&#39;Union Guat\u00e9malt\u00e8que. <\/p>\n<p>Union Haitienne <\/p>\n<p>L&#39;Union Ha\u00eftienne compte plus de 335.000 Adventistes du Septi\u00e8me jour, elle est la deuxi\u00e8me plus grande r\u00e9gion de l&#39;\u00e9glise de l&#39;Inter-Am\u00e9rique.  Situ\u00e9e dans l&#39;Ile d&#39;Hispaniola, Ha\u00efti continue de cro\u00eetre chaque mois, m\u00eame \u00e0 travers l&#39;adversit\u00e9, d\u00e9clarent les dirigeants de l&#39;\u00e9glise. <\/p>\n<p>Nous sommes un peuple qui croit en Dieu bien que l&#39;on fasse souvent allusion \u00e0 l&#39;influence du vodou, mais le peuple Ha\u00eftien est un peuple religieux,\u00a0\u00bb a dit Emmanuel Beno\u00eet, directeur g\u00e9n\u00e9ral de la Voix de l&#39;Esp\u00e9rance, la station Adventiste d&#39;Ha\u00efti. <\/p>\n<p>Beno\u00eet attribue cette ferme croyance en Dieu comme \u00e9tant la raison qui permet \u00e0 l&#39;\u00e9glise de cro\u00eetre et de continuer \u00e0 se d\u00e9velopper. <\/p>\n<p>\u00ab\u00a0Nous caressons des r\u00eaves pour nos enfants, nous d\u00e9sirons qu&#39;ils aient une bonne \u00e9ducation et qu&#39;ils r\u00e9ussissent,\u00a0\u00bb a dit une dame qui est n\u00e9e en Haiti mais qui maintenant vit aux Etats-Unis. <\/p>\n<p>Des douzaines de souvenirs et d&#39;objets artisanaux furent distribu\u00e9s au kiosque de l&#39;exposition. <\/p>\n<p>Union Guat\u00e9malt\u00e8que <\/p>\n<p>L&#39;Union du Guat\u00e9mala a plus de 209.000 Adventistes du Septi\u00e8me jour et plus de 688 \u00e9glises et congr\u00e9gations, cette union comprend six champs locaux. <\/p>\n<p>Avec un riche m\u00e9lange de cultures, plus de 22 dialectes, Guat\u00e9mala est une ville cosmopolitaine, o\u00f9 il y a un m\u00e9lange du pass\u00e9 et du moderne, ainsi qu&#39;une soif de la v\u00e9rit\u00e9, d\u00e9clarent les dirigeants d&#39;\u00e9glise. <\/p>\n<p>La Ville du Guat\u00e9mala d&#39;une population de trois millions de personnes poss\u00e8de trois \u00e9glises locales qui continuent d&#39;avancer en vue d&#39;apporter l&#39;\u00e9vangile aux gens. <\/p>\n<p>Parmi les cadeaux distribu\u00e9s au stand de l&#39;Union du Guat\u00e9mala, il y avait les traditionnels objets artisanaux, les plumes, les porte-cl\u00e9s et autres. <\/p>\n<p>Pour visionner le vid\u00e9o du rapport des activit\u00e9s du jour concernant l&#39;exposition de la Division Inter-Am\u00e9ricaine, cliquez ici  <\/p>\n<\/p><\/p>\n","protected":false},"excerpt":{"rendered":"<p>Au sixi\u00e8me jour de l&#39;exposition du kiosque de l&#39;Inter-Am\u00e9rique au Georgia World Congress Center d&#39;Atlanta, beaucoup de visiteurs sont venus voir les cadeaux color\u00e9s qui \u00e9taient expos\u00e9s par l&#39;Union Haitien<\/p>\n","protected":false},"author":1,"featured_media":0,"comment_status":"closed","ping_status":"closed","sticky":false,"template":"","format":"standard","meta":{"_acf_changed":false,"footnotes":""},"categories":[9],"tags":[],"class_list":["post-13394","post","type-post","status-publish","format-standard","hentry","category-archive-fr"],"acf":[],"yoast_head":"<!-- This site is optimized with the Yoast SEO plugin v27.3 - https:\/\/yoast.com\/product\/yoast-seo-wordpress\/ -->\n<title>L&#039;exposition de l&#039;Inter-Am\u00e9rique pr\u00e9sente deux grandes r\u00e9gions de l&#039;\u00e9glise - \u00c9glise Adventiste Du Septieme Jour - Inter Am\u00e9rique Division<\/title>\n<meta name=\"robots\" content=\"index, follow, max-snippet:-1, max-image-preview:large, max-video-preview:-1\" \/>\n<link rel=\"canonical\" href=\"https:\/\/interamerica.org\/fr\/2010\/06\/lexposition-de-linter-amerique-presente-deux-grandes-regions-de-leglise\/\" \/>\n<meta property=\"og:locale\" content=\"fr_FR\" \/>\n<meta property=\"og:type\" content=\"article\" \/>\n<meta property=\"og:title\" content=\"L&#039;exposition de l&#039;Inter-Am\u00e9rique pr\u00e9sente deux grandes r\u00e9gions de l&#039;\u00e9glise - \u00c9glise Adventiste Du Septieme Jour - Inter Am\u00e9rique Division\" \/>\n<meta property=\"og:description\" content=\"Au sixi\u00e8me jour de l&#039;exposition du kiosque de l&#039;Inter-Am\u00e9rique au Georgia World Congress Center d&#039;Atlanta, beaucoup de visiteurs sont venus voir les cadeaux color\u00e9s qui \u00e9taient expos\u00e9s par l&#039;Union Haitien\" \/>\n<meta property=\"og:url\" content=\"https:\/\/interamerica.org\/fr\/2010\/06\/lexposition-de-linter-amerique-presente-deux-grandes-regions-de-leglise\/\" \/>\n<meta property=\"og:site_name\" content=\"\u00c9glise Adventiste Du Septieme Jour - Inter Am\u00e9rique Division\" \/>\n<meta property=\"article:published_time\" content=\"2010-06-28T04:00:00+00:00\" \/>\n<meta property=\"article:modified_time\" content=\"2017-06-02T17:03:43+00:00\" \/>\n<meta name=\"author\" content=\"Lorenzo Verduzco\" \/>\n<meta name=\"twitter:card\" content=\"summary_large_image\" \/>\n<meta name=\"twitter:label1\" content=\"\u00c9crit par\" \/>\n\t<meta name=\"twitter:data1\" content=\"Lorenzo Verduzco\" \/>\n\t<meta name=\"twitter:label2\" content=\"Dur\u00e9e de lecture estim\u00e9e\" \/>\n\t<meta name=\"twitter:data2\" content=\"2 minutes\" \/>\n<script type=\"application\/ld+json\" class=\"yoast-schema-graph\">{\"@context\":\"https:\\\/\\\/schema.org\",\"@graph\":[{\"@type\":\"Article\",\"@id\":\"https:\\\/\\\/interamerica.org\\\/fr\\\/2010\\\/06\\\/lexposition-de-linter-amerique-presente-deux-grandes-regions-de-leglise\\\/#article\",\"isPartOf\":{\"@id\":\"https:\\\/\\\/interamerica.org\\\/fr\\\/2010\\\/06\\\/lexposition-de-linter-amerique-presente-deux-grandes-regions-de-leglise\\\/\"},\"author\":{\"name\":\"Lorenzo Verduzco\",\"@id\":\"https:\\\/\\\/interamerica.org\\\/fr\\\/#\\\/schema\\\/person\\\/68ede8bdc292885bb76c1e3810e73c39\"},\"headline\":\"L&#39;exposition de l&#39;Inter-Am\u00e9rique pr\u00e9sente deux grandes r\u00e9gions de l&#39;\u00e9glise\",\"datePublished\":\"2010-06-28T04:00:00+00:00\",\"dateModified\":\"2017-06-02T17:03:43+00:00\",\"mainEntityOfPage\":{\"@id\":\"https:\\\/\\\/interamerica.org\\\/fr\\\/2010\\\/06\\\/lexposition-de-linter-amerique-presente-deux-grandes-regions-de-leglise\\\/\"},\"wordCount\":404,\"articleSection\":[\"Archive\"],\"inLanguage\":\"fr-FR\"},{\"@type\":\"WebPage\",\"@id\":\"https:\\\/\\\/interamerica.org\\\/fr\\\/2010\\\/06\\\/lexposition-de-linter-amerique-presente-deux-grandes-regions-de-leglise\\\/\",\"url\":\"https:\\\/\\\/interamerica.org\\\/fr\\\/2010\\\/06\\\/lexposition-de-linter-amerique-presente-deux-grandes-regions-de-leglise\\\/\",\"name\":\"L&#39;exposition de l&#39;Inter-Am\u00e9rique pr\u00e9sente deux grandes r\u00e9gions de l&#39;\u00e9glise - \u00c9glise Adventiste Du Septieme Jour - Inter Am\u00e9rique Division\",\"isPartOf\":{\"@id\":\"https:\\\/\\\/interamerica.org\\\/fr\\\/#website\"},\"datePublished\":\"2010-06-28T04:00:00+00:00\",\"dateModified\":\"2017-06-02T17:03:43+00:00\",\"author\":{\"@id\":\"https:\\\/\\\/interamerica.org\\\/fr\\\/#\\\/schema\\\/person\\\/68ede8bdc292885bb76c1e3810e73c39\"},\"breadcrumb\":{\"@id\":\"https:\\\/\\\/interamerica.org\\\/fr\\\/2010\\\/06\\\/lexposition-de-linter-amerique-presente-deux-grandes-regions-de-leglise\\\/#breadcrumb\"},\"inLanguage\":\"fr-FR\",\"potentialAction\":[{\"@type\":\"ReadAction\",\"target\":[\"https:\\\/\\\/interamerica.org\\\/fr\\\/2010\\\/06\\\/lexposition-de-linter-amerique-presente-deux-grandes-regions-de-leglise\\\/\"]}]},{\"@type\":\"BreadcrumbList\",\"@id\":\"https:\\\/\\\/interamerica.org\\\/fr\\\/2010\\\/06\\\/lexposition-de-linter-amerique-presente-deux-grandes-regions-de-leglise\\\/#breadcrumb\",\"itemListElement\":[{\"@type\":\"ListItem\",\"position\":1,\"name\":\"Home\",\"item\":\"https:\\\/\\\/interamerica.org\\\/fr\\\/\"},{\"@type\":\"ListItem\",\"position\":2,\"name\":\"L&#39;exposition de l&#39;Inter-Am\u00e9rique pr\u00e9sente deux grandes r\u00e9gions de l&#39;\u00e9glise\"}]},{\"@type\":\"WebSite\",\"@id\":\"https:\\\/\\\/interamerica.org\\\/fr\\\/#website\",\"url\":\"https:\\\/\\\/interamerica.org\\\/fr\\\/\",\"name\":\"\u00c9glise Adventiste Du Septieme Jour - Inter Am\u00e9rique Division\",\"description\":\"\",\"potentialAction\":[{\"@type\":\"SearchAction\",\"target\":{\"@type\":\"EntryPoint\",\"urlTemplate\":\"https:\\\/\\\/interamerica.org\\\/fr\\\/?s={search_term_string}\"},\"query-input\":{\"@type\":\"PropertyValueSpecification\",\"valueRequired\":true,\"valueName\":\"search_term_string\"}}],\"inLanguage\":\"fr-FR\"},{\"@type\":\"Person\",\"@id\":\"https:\\\/\\\/interamerica.org\\\/fr\\\/#\\\/schema\\\/person\\\/68ede8bdc292885bb76c1e3810e73c39\",\"name\":\"Lorenzo Verduzco\",\"image\":{\"@type\":\"ImageObject\",\"inLanguage\":\"fr-FR\",\"@id\":\"https:\\\/\\\/secure.gravatar.com\\\/avatar\\\/fb81a55b6218459490a9c1dc841a34909185b81904c5337b4b27f7a6fd60c49e?s=96&d=mm&r=g\",\"url\":\"https:\\\/\\\/secure.gravatar.com\\\/avatar\\\/fb81a55b6218459490a9c1dc841a34909185b81904c5337b4b27f7a6fd60c49e?s=96&d=mm&r=g\",\"contentUrl\":\"https:\\\/\\\/secure.gravatar.com\\\/avatar\\\/fb81a55b6218459490a9c1dc841a34909185b81904c5337b4b27f7a6fd60c49e?s=96&d=mm&r=g\",\"caption\":\"Lorenzo Verduzco\"}}]}<\/script>\n<!-- \/ Yoast SEO plugin. -->","yoast_head_json":{"title":"L&#39;exposition de l&#39;Inter-Am\u00e9rique pr\u00e9sente deux grandes r\u00e9gions de l&#39;\u00e9glise - \u00c9glise Adventiste Du Septieme Jour - Inter Am\u00e9rique Division","robots":{"index":"index","follow":"follow","max-snippet":"max-snippet:-1","max-image-preview":"max-image-preview:large","max-video-preview":"max-video-preview:-1"},"canonical":"https:\/\/interamerica.org\/fr\/2010\/06\/lexposition-de-linter-amerique-presente-deux-grandes-regions-de-leglise\/","og_locale":"fr_FR","og_type":"article","og_title":"L&#39;exposition de l&#39;Inter-Am\u00e9rique pr\u00e9sente deux grandes r\u00e9gions de l&#39;\u00e9glise - \u00c9glise Adventiste Du Septieme Jour - Inter Am\u00e9rique Division","og_description":"Au sixi\u00e8me jour de l&#39;exposition du kiosque de l&#39;Inter-Am\u00e9rique au Georgia World Congress Center d&#39;Atlanta, beaucoup de visiteurs sont venus voir les cadeaux color\u00e9s qui \u00e9taient expos\u00e9s par l&#39;Union Haitien","og_url":"https:\/\/interamerica.org\/fr\/2010\/06\/lexposition-de-linter-amerique-presente-deux-grandes-regions-de-leglise\/","og_site_name":"\u00c9glise Adventiste Du Septieme Jour - Inter Am\u00e9rique Division","article_published_time":"2010-06-28T04:00:00+00:00","article_modified_time":"2017-06-02T17:03:43+00:00","author":"Lorenzo Verduzco","twitter_card":"summary_large_image","twitter_misc":{"\u00c9crit par":"Lorenzo Verduzco","Dur\u00e9e de lecture estim\u00e9e":"2 minutes"},"schema":{"@context":"https:\/\/schema.org","@graph":[{"@type":"Article","@id":"https:\/\/interamerica.org\/fr\/2010\/06\/lexposition-de-linter-amerique-presente-deux-grandes-regions-de-leglise\/#article","isPartOf":{"@id":"https:\/\/interamerica.org\/fr\/2010\/06\/lexposition-de-linter-amerique-presente-deux-grandes-regions-de-leglise\/"},"author":{"name":"Lorenzo Verduzco","@id":"https:\/\/interamerica.org\/fr\/#\/schema\/person\/68ede8bdc292885bb76c1e3810e73c39"},"headline":"L&#39;exposition de l&#39;Inter-Am\u00e9rique pr\u00e9sente deux grandes r\u00e9gions de l&#39;\u00e9glise","datePublished":"2010-06-28T04:00:00+00:00","dateModified":"2017-06-02T17:03:43+00:00","mainEntityOfPage":{"@id":"https:\/\/interamerica.org\/fr\/2010\/06\/lexposition-de-linter-amerique-presente-deux-grandes-regions-de-leglise\/"},"wordCount":404,"articleSection":["Archive"],"inLanguage":"fr-FR"},{"@type":"WebPage","@id":"https:\/\/interamerica.org\/fr\/2010\/06\/lexposition-de-linter-amerique-presente-deux-grandes-regions-de-leglise\/","url":"https:\/\/interamerica.org\/fr\/2010\/06\/lexposition-de-linter-amerique-presente-deux-grandes-regions-de-leglise\/","name":"L&#39;exposition de l&#39;Inter-Am\u00e9rique pr\u00e9sente deux grandes r\u00e9gions de l&#39;\u00e9glise - \u00c9glise Adventiste Du Septieme Jour - Inter Am\u00e9rique Division","isPartOf":{"@id":"https:\/\/interamerica.org\/fr\/#website"},"datePublished":"2010-06-28T04:00:00+00:00","dateModified":"2017-06-02T17:03:43+00:00","author":{"@id":"https:\/\/interamerica.org\/fr\/#\/schema\/person\/68ede8bdc292885bb76c1e3810e73c39"},"breadcrumb":{"@id":"https:\/\/interamerica.org\/fr\/2010\/06\/lexposition-de-linter-amerique-presente-deux-grandes-regions-de-leglise\/#breadcrumb"},"inLanguage":"fr-FR","potentialAction":[{"@type":"ReadAction","target":["https:\/\/interamerica.org\/fr\/2010\/06\/lexposition-de-linter-amerique-presente-deux-grandes-regions-de-leglise\/"]}]},{"@type":"BreadcrumbList","@id":"https:\/\/interamerica.org\/fr\/2010\/06\/lexposition-de-linter-amerique-presente-deux-grandes-regions-de-leglise\/#breadcrumb","itemListElement":[{"@type":"ListItem","position":1,"name":"Home","item":"https:\/\/interamerica.org\/fr\/"},{"@type":"ListItem","position":2,"name":"L&#39;exposition de l&#39;Inter-Am\u00e9rique pr\u00e9sente deux grandes r\u00e9gions de l&#39;\u00e9glise"}]},{"@type":"WebSite","@id":"https:\/\/interamerica.org\/fr\/#website","url":"https:\/\/interamerica.org\/fr\/","name":"\u00c9glise Adventiste Du Septieme Jour - Inter Am\u00e9rique Division","description":"","potentialAction":[{"@type":"SearchAction","target":{"@type":"EntryPoint","urlTemplate":"https:\/\/interamerica.org\/fr\/?s={search_term_string}"},"query-input":{"@type":"PropertyValueSpecification","valueRequired":true,"valueName":"search_term_string"}}],"inLanguage":"fr-FR"},{"@type":"Person","@id":"https:\/\/interamerica.org\/fr\/#\/schema\/person\/68ede8bdc292885bb76c1e3810e73c39","name":"Lorenzo Verduzco","image":{"@type":"ImageObject","inLanguage":"fr-FR","@id":"https:\/\/secure.gravatar.com\/avatar\/fb81a55b6218459490a9c1dc841a34909185b81904c5337b4b27f7a6fd60c49e?s=96&d=mm&r=g","url":"https:\/\/secure.gravatar.com\/avatar\/fb81a55b6218459490a9c1dc841a34909185b81904c5337b4b27f7a6fd60c49e?s=96&d=mm&r=g","contentUrl":"https:\/\/secure.gravatar.com\/avatar\/fb81a55b6218459490a9c1dc841a34909185b81904c5337b4b27f7a6fd60c49e?s=96&d=mm&r=g","caption":"Lorenzo Verduzco"}}]}},"_links":{"self":[{"href":"https:\/\/interamerica.org\/fr\/wp-json\/wp\/v2\/posts\/13394","targetHints":{"allow":["GET"]}}],"collection":[{"href":"https:\/\/interamerica.org\/fr\/wp-json\/wp\/v2\/posts"}],"about":[{"href":"https:\/\/interamerica.org\/fr\/wp-json\/wp\/v2\/types\/post"}],"author":[{"embeddable":true,"href":"https:\/\/interamerica.org\/fr\/wp-json\/wp\/v2\/users\/1"}],"replies":[{"embeddable":true,"href":"https:\/\/interamerica.org\/fr\/wp-json\/wp\/v2\/comments?post=13394"}],"version-history":[{"count":0,"href":"https:\/\/interamerica.org\/fr\/wp-json\/wp\/v2\/posts\/13394\/revisions"}],"wp:attachment":[{"href":"https:\/\/interamerica.org\/fr\/wp-json\/wp\/v2\/media?parent=13394"}],"wp:term":[{"taxonomy":"category","embeddable":true,"href":"https:\/\/interamerica.org\/fr\/wp-json\/wp\/v2\/categories?post=13394"},{"taxonomy":"post_tag","embeddable":true,"href":"https:\/\/interamerica.org\/fr\/wp-json\/wp\/v2\/tags?post=13394"}],"curies":[{"name":"wp","href":"https:\/\/api.w.org\/{rel}","templated":true}]}}