{"id":13395,"date":"2010-06-29T00:00:00","date_gmt":"2010-06-29T04:00:00","guid":{"rendered":"http:\/\/192.81.217.108\/interamerica\/2010\/06\/des-rapportsmettent-en-lumiere-les-divisions-inter-americaine-et-euro-africaine\/"},"modified":"2017-06-02T13:03:38","modified_gmt":"2017-06-02T17:03:38","slug":"des-rapportsmettent-en-lumiere-les-divisions-inter-americaine-et-euro-africaine","status":"publish","type":"post","link":"https:\/\/interamerica.org\/fr\/2010\/06\/des-rapportsmettent-en-lumiere-les-divisions-inter-americaine-et-euro-africaine\/","title":{"rendered":"Des rapportsmettent en lumi\u00e8re les divisions Inter Am\u00e9ricaine et Euro-Africaine"},"content":{"rendered":"<p>29 Juin 2010,Atlanta, G\u00e9orgie, Etats Unis&#8230;Elizabeth Lechleitner\/ANN<\/p>\n<p>L&#39;EgliseAdventiste du Septi\u00e8me jour dans la division Eurafricaine a affaire \u00e0 un impressionnantm\u00e9lange de cultures, de syst\u00e8mes politiques et de religions, mais un programmede t\u00e9l\u00e9vision en Arabe et un programme de sant\u00e9 dynamique font partie desinitiatives qui am\u00e8nent une croissance \u00ab\u00a0r\u00e9guli\u00e8re\u00a0\u00bb dans la r\u00e9gion.<\/p>\n<p>En InterAm\u00e9rique, 60% des Adventistes ont entre 16 et 35 ans, contribuant \u00e0 un effectifjeune et croissant rapidement.<\/p>\n<p>Ces deux divisionsont pr\u00e9sent\u00e9 leurs rapports quinquennaux aux d\u00e9l\u00e9gu\u00e9s et aux centaines de spectateursenthousiastes, plusieurs applaudissant pour leur r\u00e9gion lors du programme de cesoir au Georgia Dome.<\/p>\n<p>La divisionEurafricaine s&#39;\u00e9tend sur 29 pays parmi lesquels l&#39;Afghanistan, la Turquie,l&#39;Iran et d&#39;autres pays de la Fen\u00eatre 10-40, une r\u00e9gion qui va du Nord del&#39;Afrique \u00e0 l&#39;Est de l&#39;Asie et o\u00f9 l&#39;\u00e9vang\u00e9lisation est souvent ill\u00e9gale et o\u00f9plusieurs n&#39;ont pas encore \u00e9t\u00e9 touch\u00e9s.<\/p>\n<p>Plusieurs des paysde cette division font l&#39;exp\u00e9rience d&#39;une diversit\u00e9 ethnique grandissante &#8211;pr\u00e8s de la moiti\u00e9 des Adventistes en Espagne ont \u00e9migr\u00e9 de Roumanie.<\/p>\n<p>\u00ab\u00a0Nous avonsm\u00eame le Vatican dans notre r\u00e9gion,\u00a0\u00bb a indiqu\u00e9 Bruno Vertallier, lepr\u00e9sident nouvellement r\u00e9\u00e9lu de la division.<\/p>\n<p>En d\u00e9pit desd\u00e9fis, les membres d&#39;\u00e9glise de la division trouvent des moyens de toucher leurscommunaut\u00e9s. Le lancement en 2008 d&#39;un canal en langue Arabe de la Chaine HopeChannel qui \u00e9met depuis Beyrouth au Liban, devrait esp\u00e8re t-on ouvrir desportes dans la r\u00e9gion. Une r\u00e9cente collaboration avec l&#39;Organisation Mondialede la Sant\u00e9 dont le quartier g\u00e9n\u00e9ral est situ\u00e9 dans cette division, contribue \u00e0la r\u00e9putation de l&#39;\u00e9glise comme \u00e9tant une communaut\u00e9 faisant preuve d&#39;attentionet de compassion, comme on a pu le voir dans le reportage vid\u00e9o.<\/p>\n<p>En 1999, ladivision a lanc\u00e9 des expositions sur la sant\u00e9, suivant ainsi l&#39;exemple de J\u00e9susqui s&#39;occupait des besoins physiques, \u00e9motionnels des gens mais aussi de leursbesoins spirituels. Ces expositions continuent d&#39;\u00eatre populaires dans lacommunaut\u00e9 qui appr\u00e9cie les conseils donn\u00e9es au sujet du bien-\u00eatre.<\/p>\n<p>\u00ab\u00a0Il y a unrythme \u00e0 toute chose,\u00a0\u00bb y compris la croissance de l&#39;\u00e9glise a indiqu\u00e9 lerapport. \u00ab\u00a0Nous ne sommes peut \u00eatre pas une r\u00e9gion \u00e0 croissance rapide,mais nos activit\u00e9s sont nombreuses et nous continuons d&#39;aller de l&#39;avant.\u00a0\u00bb<\/p>\n<p>La divisionEurafricaine faisait \u00e9tat d&#39;un effectif de pr\u00e8s de 177000 Adventistes au milieude l&#39;ann\u00e9e 2009, une l\u00e9g\u00e8re augmentation par rapport \u00e0 2005 et un t\u00e9moignagedes nombreuses activit\u00e9s \u00e9vang\u00e9liques et projets communautaires de la r\u00e9gion, aindiqu\u00e9 le rapport.<\/p>\n<p>En Italie, unprogramme d&#39;Ecole du Sabbat exp\u00e9rimental mettant l&#39;accent sur les relations, lafraternit\u00e9 et l&#39;action de proximit\u00e9 a vu l&#39;assistance doubler de volume. EnBulgarie, les Adventistes ont distribu\u00e9 le livre <em >Vers J\u00e9sus<\/em > dans les foyers, couvrant la moiti\u00e9 du pays.<\/p>\n<p>Bien que lesrepr\u00e9sentants de la division Eurafricaine \u00e0 la Session avaient pr\u00e9vu dedistribuer des barres de Toblerone &#8212; une barre chocolat\u00e9e culte de la r\u00e9gion&#8211; \u00e0 l&#39;auditoire, les restrictions quant \u00e0 la nourriture dans le Dome le l&#39;ontpas permis. \u00ab\u00a0Nous n&#39;aurons pas de Toblerone ce soir, mais si vous venez austand de la Division Eurafricaine [dans le hall d&#39;exposition], vous recevrezvotre Toblerone,\u00a0\u00bb a dit Bruno Vertallier en agitant un \u00e9norme Toblerone.<\/p>\n<p>Les repr\u00e9sentantde la Division Inter Am\u00e9ricaine ont fait leur entr\u00e9e sur l&#39;estrade au son de lamusique contagieuse du steel band.<\/p>\n<p>Avant la vid\u00e9o deleur rapport, Theart St. Pierre, pr\u00e9sident de l&#39;\u00e9glise Adventiste en Ha\u00efti aremerci\u00e9 l&#39;\u00e9glise mondiale pour \u00ab\u00a0son  soutien, ses pri\u00e8res et sa g\u00e9n\u00e9rosit\u00e9.\u00a0\u00bb<\/p>\n<p>\u00ab\u00a0Il estclair que Dieu est bon, nous faisons partie d&#39;une grande famille et cettefamille est li\u00e9e par un amour sans fronti\u00e8res,\u00a0\u00bb a dit Theart St Pierre \u00e0l&#39;auditoire.<\/p>\n<p>La Division InterAm\u00e9ricaine est la plus grande division de l&#39;\u00e9glise mondiale en termesd&#39;effectif, elle compte 3,2 millions de membres. Un Jama\u00efcain sur 12 estAdventiste et il \u00e9tait clair \u00e0 en juger par les applaudissements que beaucoup d&#39;entreeux \u00e9taient pr\u00e9sents au Georgia Dome ce soir.<\/p>\n<p>Le pr\u00e9sidentr\u00e9gional, Isra\u00ebl Leito a fait l&#39;\u00e9loge des \u00ab\u00a0id\u00e9es, des initiatives et dud\u00e9vouement\u00a0\u00bb des membres au cours du rapport. \u00ab\u00a0Ce n&#39;est pas qui noussommes, mais ce que nous faisons,\u00a0\u00bb a t-il dit, r\u00e9citant la devise de ladivision.<\/p>\n<p>Luis EduardoGiraldo, agent de s\u00e9curit\u00e9 de profession, a rejoint les forces de police peuapr\u00e8s qu&#39;il soit devenu Adventiste afin d&#39;\u00e9largir ses opportunit\u00e9s de partagersa foi. Son travail dans les rues l&#39;a men\u00e9 \u00e0 ouvrir un centre de r\u00e9habilitationpour les jeunes qui sont confront\u00e9s \u00e0 la d\u00e9pendance aux substances. Plus de 30jeunes ont accept\u00e9 le message Adventiste cette ann\u00e9e \u00e0 travers le minist\u00e8re deGiraldo.<\/p>\n<p>Dans l&#39;Est de laJama\u00efque, Cecil Foster, pr\u00e9sident des La\u00efcs Adventistes des Services et Industries(ASI) dirige l&#39;auberge du Bon Samaritain o\u00f9 les gens qui sont dans la ruepeuvent trouver un abri pour la nuit. Deux fois par semaine, pr\u00e8s de 400personnes prennent leur d\u00e9jeuner \u00e0 l&#39;auberge.<\/p>\n<p>Un projetsimilaire au Guyana, la Journ\u00e9e de la Bienfaisance et de la Compassion, amobilis\u00e9 les membres pour distribuer plus d&#39;un million de repas en une seulejourn\u00e9e.<\/p>\n<p>La croissancerapide en Inter Am\u00e9rique a \u00e9puis\u00e9 les ressources pastorales \u00e0 certains endroits,mais les la\u00efcs Adventistes rel\u00e8vent le d\u00e9fi, \u00e9tablissant et s&#39;occupant denouvelles \u00e9glises.<\/p>\n","protected":false},"excerpt":{"rendered":"<p>L&#39;EgliseAdventiste du Septi\u00e8me jour dans la division Eurafricaine a affaire \u00e0 un impressionnantm\u00e9lange de cultures, de syst\u00e8mes politiques et de religions, mais un programmede t\u00e9l\u00e9vision en Arabe e<\/p>\n","protected":false},"author":1,"featured_media":0,"comment_status":"closed","ping_status":"closed","sticky":false,"template":"","format":"standard","meta":{"_acf_changed":false,"footnotes":""},"categories":[9],"tags":[],"class_list":["post-13395","post","type-post","status-publish","format-standard","hentry","category-archive-fr"],"acf":[],"yoast_head":"<!-- This site is optimized with the Yoast SEO plugin v27.3 - https:\/\/yoast.com\/product\/yoast-seo-wordpress\/ -->\n<title>Des rapportsmettent en lumi\u00e8re les divisions Inter Am\u00e9ricaine et Euro-Africaine - \u00c9glise Adventiste Du Septieme Jour - Inter Am\u00e9rique Division<\/title>\n<meta name=\"robots\" content=\"index, follow, max-snippet:-1, max-image-preview:large, max-video-preview:-1\" \/>\n<link rel=\"canonical\" href=\"https:\/\/interamerica.org\/fr\/2010\/06\/des-rapportsmettent-en-lumiere-les-divisions-inter-americaine-et-euro-africaine\/\" \/>\n<meta property=\"og:locale\" content=\"fr_FR\" \/>\n<meta property=\"og:type\" content=\"article\" \/>\n<meta property=\"og:title\" content=\"Des rapportsmettent en lumi\u00e8re les divisions Inter Am\u00e9ricaine et Euro-Africaine - \u00c9glise Adventiste Du Septieme Jour - Inter Am\u00e9rique Division\" \/>\n<meta property=\"og:description\" content=\"L&#039;EgliseAdventiste du Septi\u00e8me jour dans la division Eurafricaine a affaire \u00e0 un impressionnantm\u00e9lange de cultures, de syst\u00e8mes politiques et de religions, mais un programmede t\u00e9l\u00e9vision en Arabe e\" \/>\n<meta property=\"og:url\" content=\"https:\/\/interamerica.org\/fr\/2010\/06\/des-rapportsmettent-en-lumiere-les-divisions-inter-americaine-et-euro-africaine\/\" \/>\n<meta property=\"og:site_name\" content=\"\u00c9glise Adventiste Du Septieme Jour - Inter Am\u00e9rique Division\" \/>\n<meta property=\"article:published_time\" content=\"2010-06-29T04:00:00+00:00\" \/>\n<meta property=\"article:modified_time\" content=\"2017-06-02T17:03:38+00:00\" \/>\n<meta name=\"author\" content=\"Lorenzo Verduzco\" \/>\n<meta name=\"twitter:card\" content=\"summary_large_image\" \/>\n<meta name=\"twitter:label1\" content=\"\u00c9crit par\" \/>\n\t<meta name=\"twitter:data1\" content=\"Lorenzo Verduzco\" \/>\n\t<meta name=\"twitter:label2\" content=\"Dur\u00e9e de lecture estim\u00e9e\" \/>\n\t<meta name=\"twitter:data2\" content=\"5 minutes\" \/>\n<script type=\"application\/ld+json\" class=\"yoast-schema-graph\">{\"@context\":\"https:\\\/\\\/schema.org\",\"@graph\":[{\"@type\":\"Article\",\"@id\":\"https:\\\/\\\/interamerica.org\\\/fr\\\/2010\\\/06\\\/des-rapportsmettent-en-lumiere-les-divisions-inter-americaine-et-euro-africaine\\\/#article\",\"isPartOf\":{\"@id\":\"https:\\\/\\\/interamerica.org\\\/fr\\\/2010\\\/06\\\/des-rapportsmettent-en-lumiere-les-divisions-inter-americaine-et-euro-africaine\\\/\"},\"author\":{\"name\":\"Lorenzo Verduzco\",\"@id\":\"https:\\\/\\\/interamerica.org\\\/fr\\\/#\\\/schema\\\/person\\\/68ede8bdc292885bb76c1e3810e73c39\"},\"headline\":\"Des rapportsmettent en lumi\u00e8re les divisions Inter Am\u00e9ricaine et Euro-Africaine\",\"datePublished\":\"2010-06-29T04:00:00+00:00\",\"dateModified\":\"2017-06-02T17:03:38+00:00\",\"mainEntityOfPage\":{\"@id\":\"https:\\\/\\\/interamerica.org\\\/fr\\\/2010\\\/06\\\/des-rapportsmettent-en-lumiere-les-divisions-inter-americaine-et-euro-africaine\\\/\"},\"wordCount\":939,\"articleSection\":[\"Archive\"],\"inLanguage\":\"fr-FR\"},{\"@type\":\"WebPage\",\"@id\":\"https:\\\/\\\/interamerica.org\\\/fr\\\/2010\\\/06\\\/des-rapportsmettent-en-lumiere-les-divisions-inter-americaine-et-euro-africaine\\\/\",\"url\":\"https:\\\/\\\/interamerica.org\\\/fr\\\/2010\\\/06\\\/des-rapportsmettent-en-lumiere-les-divisions-inter-americaine-et-euro-africaine\\\/\",\"name\":\"Des rapportsmettent en lumi\u00e8re les divisions Inter Am\u00e9ricaine et Euro-Africaine - \u00c9glise Adventiste Du Septieme Jour - Inter Am\u00e9rique Division\",\"isPartOf\":{\"@id\":\"https:\\\/\\\/interamerica.org\\\/fr\\\/#website\"},\"datePublished\":\"2010-06-29T04:00:00+00:00\",\"dateModified\":\"2017-06-02T17:03:38+00:00\",\"author\":{\"@id\":\"https:\\\/\\\/interamerica.org\\\/fr\\\/#\\\/schema\\\/person\\\/68ede8bdc292885bb76c1e3810e73c39\"},\"breadcrumb\":{\"@id\":\"https:\\\/\\\/interamerica.org\\\/fr\\\/2010\\\/06\\\/des-rapportsmettent-en-lumiere-les-divisions-inter-americaine-et-euro-africaine\\\/#breadcrumb\"},\"inLanguage\":\"fr-FR\",\"potentialAction\":[{\"@type\":\"ReadAction\",\"target\":[\"https:\\\/\\\/interamerica.org\\\/fr\\\/2010\\\/06\\\/des-rapportsmettent-en-lumiere-les-divisions-inter-americaine-et-euro-africaine\\\/\"]}]},{\"@type\":\"BreadcrumbList\",\"@id\":\"https:\\\/\\\/interamerica.org\\\/fr\\\/2010\\\/06\\\/des-rapportsmettent-en-lumiere-les-divisions-inter-americaine-et-euro-africaine\\\/#breadcrumb\",\"itemListElement\":[{\"@type\":\"ListItem\",\"position\":1,\"name\":\"Home\",\"item\":\"https:\\\/\\\/interamerica.org\\\/fr\\\/\"},{\"@type\":\"ListItem\",\"position\":2,\"name\":\"Des rapportsmettent en lumi\u00e8re les divisions Inter Am\u00e9ricaine et Euro-Africaine\"}]},{\"@type\":\"WebSite\",\"@id\":\"https:\\\/\\\/interamerica.org\\\/fr\\\/#website\",\"url\":\"https:\\\/\\\/interamerica.org\\\/fr\\\/\",\"name\":\"\u00c9glise Adventiste Du Septieme Jour - Inter Am\u00e9rique Division\",\"description\":\"\",\"potentialAction\":[{\"@type\":\"SearchAction\",\"target\":{\"@type\":\"EntryPoint\",\"urlTemplate\":\"https:\\\/\\\/interamerica.org\\\/fr\\\/?s={search_term_string}\"},\"query-input\":{\"@type\":\"PropertyValueSpecification\",\"valueRequired\":true,\"valueName\":\"search_term_string\"}}],\"inLanguage\":\"fr-FR\"},{\"@type\":\"Person\",\"@id\":\"https:\\\/\\\/interamerica.org\\\/fr\\\/#\\\/schema\\\/person\\\/68ede8bdc292885bb76c1e3810e73c39\",\"name\":\"Lorenzo Verduzco\",\"image\":{\"@type\":\"ImageObject\",\"inLanguage\":\"fr-FR\",\"@id\":\"https:\\\/\\\/secure.gravatar.com\\\/avatar\\\/fb81a55b6218459490a9c1dc841a34909185b81904c5337b4b27f7a6fd60c49e?s=96&d=mm&r=g\",\"url\":\"https:\\\/\\\/secure.gravatar.com\\\/avatar\\\/fb81a55b6218459490a9c1dc841a34909185b81904c5337b4b27f7a6fd60c49e?s=96&d=mm&r=g\",\"contentUrl\":\"https:\\\/\\\/secure.gravatar.com\\\/avatar\\\/fb81a55b6218459490a9c1dc841a34909185b81904c5337b4b27f7a6fd60c49e?s=96&d=mm&r=g\",\"caption\":\"Lorenzo Verduzco\"}}]}<\/script>\n<!-- \/ Yoast SEO plugin. -->","yoast_head_json":{"title":"Des rapportsmettent en lumi\u00e8re les divisions Inter Am\u00e9ricaine et Euro-Africaine - \u00c9glise Adventiste Du Septieme Jour - Inter Am\u00e9rique Division","robots":{"index":"index","follow":"follow","max-snippet":"max-snippet:-1","max-image-preview":"max-image-preview:large","max-video-preview":"max-video-preview:-1"},"canonical":"https:\/\/interamerica.org\/fr\/2010\/06\/des-rapportsmettent-en-lumiere-les-divisions-inter-americaine-et-euro-africaine\/","og_locale":"fr_FR","og_type":"article","og_title":"Des rapportsmettent en lumi\u00e8re les divisions Inter Am\u00e9ricaine et Euro-Africaine - \u00c9glise Adventiste Du Septieme Jour - Inter Am\u00e9rique Division","og_description":"L&#39;EgliseAdventiste du Septi\u00e8me jour dans la division Eurafricaine a affaire \u00e0 un impressionnantm\u00e9lange de cultures, de syst\u00e8mes politiques et de religions, mais un programmede t\u00e9l\u00e9vision en Arabe e","og_url":"https:\/\/interamerica.org\/fr\/2010\/06\/des-rapportsmettent-en-lumiere-les-divisions-inter-americaine-et-euro-africaine\/","og_site_name":"\u00c9glise Adventiste Du Septieme Jour - Inter Am\u00e9rique Division","article_published_time":"2010-06-29T04:00:00+00:00","article_modified_time":"2017-06-02T17:03:38+00:00","author":"Lorenzo Verduzco","twitter_card":"summary_large_image","twitter_misc":{"\u00c9crit par":"Lorenzo Verduzco","Dur\u00e9e de lecture estim\u00e9e":"5 minutes"},"schema":{"@context":"https:\/\/schema.org","@graph":[{"@type":"Article","@id":"https:\/\/interamerica.org\/fr\/2010\/06\/des-rapportsmettent-en-lumiere-les-divisions-inter-americaine-et-euro-africaine\/#article","isPartOf":{"@id":"https:\/\/interamerica.org\/fr\/2010\/06\/des-rapportsmettent-en-lumiere-les-divisions-inter-americaine-et-euro-africaine\/"},"author":{"name":"Lorenzo Verduzco","@id":"https:\/\/interamerica.org\/fr\/#\/schema\/person\/68ede8bdc292885bb76c1e3810e73c39"},"headline":"Des rapportsmettent en lumi\u00e8re les divisions Inter Am\u00e9ricaine et Euro-Africaine","datePublished":"2010-06-29T04:00:00+00:00","dateModified":"2017-06-02T17:03:38+00:00","mainEntityOfPage":{"@id":"https:\/\/interamerica.org\/fr\/2010\/06\/des-rapportsmettent-en-lumiere-les-divisions-inter-americaine-et-euro-africaine\/"},"wordCount":939,"articleSection":["Archive"],"inLanguage":"fr-FR"},{"@type":"WebPage","@id":"https:\/\/interamerica.org\/fr\/2010\/06\/des-rapportsmettent-en-lumiere-les-divisions-inter-americaine-et-euro-africaine\/","url":"https:\/\/interamerica.org\/fr\/2010\/06\/des-rapportsmettent-en-lumiere-les-divisions-inter-americaine-et-euro-africaine\/","name":"Des rapportsmettent en lumi\u00e8re les divisions Inter Am\u00e9ricaine et Euro-Africaine - \u00c9glise Adventiste Du Septieme Jour - Inter Am\u00e9rique Division","isPartOf":{"@id":"https:\/\/interamerica.org\/fr\/#website"},"datePublished":"2010-06-29T04:00:00+00:00","dateModified":"2017-06-02T17:03:38+00:00","author":{"@id":"https:\/\/interamerica.org\/fr\/#\/schema\/person\/68ede8bdc292885bb76c1e3810e73c39"},"breadcrumb":{"@id":"https:\/\/interamerica.org\/fr\/2010\/06\/des-rapportsmettent-en-lumiere-les-divisions-inter-americaine-et-euro-africaine\/#breadcrumb"},"inLanguage":"fr-FR","potentialAction":[{"@type":"ReadAction","target":["https:\/\/interamerica.org\/fr\/2010\/06\/des-rapportsmettent-en-lumiere-les-divisions-inter-americaine-et-euro-africaine\/"]}]},{"@type":"BreadcrumbList","@id":"https:\/\/interamerica.org\/fr\/2010\/06\/des-rapportsmettent-en-lumiere-les-divisions-inter-americaine-et-euro-africaine\/#breadcrumb","itemListElement":[{"@type":"ListItem","position":1,"name":"Home","item":"https:\/\/interamerica.org\/fr\/"},{"@type":"ListItem","position":2,"name":"Des rapportsmettent en lumi\u00e8re les divisions Inter Am\u00e9ricaine et Euro-Africaine"}]},{"@type":"WebSite","@id":"https:\/\/interamerica.org\/fr\/#website","url":"https:\/\/interamerica.org\/fr\/","name":"\u00c9glise Adventiste Du Septieme Jour - Inter Am\u00e9rique Division","description":"","potentialAction":[{"@type":"SearchAction","target":{"@type":"EntryPoint","urlTemplate":"https:\/\/interamerica.org\/fr\/?s={search_term_string}"},"query-input":{"@type":"PropertyValueSpecification","valueRequired":true,"valueName":"search_term_string"}}],"inLanguage":"fr-FR"},{"@type":"Person","@id":"https:\/\/interamerica.org\/fr\/#\/schema\/person\/68ede8bdc292885bb76c1e3810e73c39","name":"Lorenzo Verduzco","image":{"@type":"ImageObject","inLanguage":"fr-FR","@id":"https:\/\/secure.gravatar.com\/avatar\/fb81a55b6218459490a9c1dc841a34909185b81904c5337b4b27f7a6fd60c49e?s=96&d=mm&r=g","url":"https:\/\/secure.gravatar.com\/avatar\/fb81a55b6218459490a9c1dc841a34909185b81904c5337b4b27f7a6fd60c49e?s=96&d=mm&r=g","contentUrl":"https:\/\/secure.gravatar.com\/avatar\/fb81a55b6218459490a9c1dc841a34909185b81904c5337b4b27f7a6fd60c49e?s=96&d=mm&r=g","caption":"Lorenzo Verduzco"}}]}},"_links":{"self":[{"href":"https:\/\/interamerica.org\/fr\/wp-json\/wp\/v2\/posts\/13395","targetHints":{"allow":["GET"]}}],"collection":[{"href":"https:\/\/interamerica.org\/fr\/wp-json\/wp\/v2\/posts"}],"about":[{"href":"https:\/\/interamerica.org\/fr\/wp-json\/wp\/v2\/types\/post"}],"author":[{"embeddable":true,"href":"https:\/\/interamerica.org\/fr\/wp-json\/wp\/v2\/users\/1"}],"replies":[{"embeddable":true,"href":"https:\/\/interamerica.org\/fr\/wp-json\/wp\/v2\/comments?post=13395"}],"version-history":[{"count":0,"href":"https:\/\/interamerica.org\/fr\/wp-json\/wp\/v2\/posts\/13395\/revisions"}],"wp:attachment":[{"href":"https:\/\/interamerica.org\/fr\/wp-json\/wp\/v2\/media?parent=13395"}],"wp:term":[{"taxonomy":"category","embeddable":true,"href":"https:\/\/interamerica.org\/fr\/wp-json\/wp\/v2\/categories?post=13395"},{"taxonomy":"post_tag","embeddable":true,"href":"https:\/\/interamerica.org\/fr\/wp-json\/wp\/v2\/tags?post=13395"}],"curies":[{"name":"wp","href":"https:\/\/api.w.org\/{rel}","templated":true}]}}