{"id":13396,"date":"2010-06-29T00:00:00","date_gmt":"2010-06-29T04:00:00","guid":{"rendered":"http:\/\/192.81.217.108\/interamerica\/2010\/06\/confirmation-de-costa-au-poste-de-la-communication-recommandation-de-directeurs-adjoints-des-departements\/"},"modified":"2017-06-02T13:03:39","modified_gmt":"2017-06-02T17:03:39","slug":"confirmation-de-costa-au-poste-de-la-communication-recommandation-de-directeurs-adjoints-des-departements","status":"publish","type":"post","link":"https:\/\/interamerica.org\/fr\/2010\/06\/confirmation-de-costa-au-poste-de-la-communication-recommandation-de-directeurs-adjoints-des-departements\/","title":{"rendered":"Confirmation de Costa au poste de la Communication, recommandation de directeurs adjoints des d\u00e9partements"},"content":{"rendered":"<p>29 juin 2010, Atlanta, Georgie, Etats-Unis&#8230; Arin Gencer\/ANN <\/p>\n<p>Les d\u00e9l\u00e9gu\u00e9s de la 59\u00e8me Session de la Conf\u00e9rence G\u00e9n\u00e9rale de l&#39;Eglise Adventiste du Septi\u00e8me jour ont approuv\u00e9 mardi la nomination de Williams S. Costa Jr. en tant que directeur du d\u00e9partement des Communications de l&#39;\u00e9glise mondiale.  Il remplace Rajmund Dabrowski, qui a occup\u00e9 ce poste depuis 1994. <\/p>\n<p>Les d\u00e9l\u00e9gu\u00e9s avaient aussi re\u00e7u les noms de 10 candidats appel\u00e9s \u00e0 remplir les postes de directeurs adjoints, mais un d\u00e9l\u00e9gu\u00e9 a recommand\u00e9 que la liste soit renvoy\u00e9e, ce qui va ainsi retarder le vote. <\/p>\n<p>Julie Weslake, une d\u00e9l\u00e9gu\u00e9e de la r\u00e9gion du Pacifique-Sud, doit compara\u00eetre par devant la commission de nomination en vue de justifier sa requ\u00eate. <\/p>\n<p>Costa, qui a \u00e9t\u00e9 directeur adjoint des communications depuis 2007, a d&#39;abord servi dans la r\u00e9gion Sud Am\u00e9ricaine comme responsable de production \u00e0 la t\u00e9l\u00e9vision, directeur de la t\u00e9l\u00e9vision Adventiste par satellite et directeur du d\u00e9partement de Communication, a dit Cindy Tutsch, secr\u00e9taire du Comit\u00e9 de Nomination. <\/p>\n<p>Les candidats pr\u00e9vus aux postes de directeur adjoint de d\u00e9partements sont: <\/p>\n<p>&#8211;Minist\u00e8re des Enfants:  Saustin K. Mfune, pr\u00e9sident de l&#39;Union du Malawi, qui a travaill\u00e9 au minist\u00e8re de la jeunesse et des enfants \u00e0 diff\u00e9rent niveau. <\/p>\n<p>&#8211;Minist\u00e8re de l&#39;Aum\u00f4nerie: Mario E. Ceballos, qui a \u00e9t\u00e9 vice-pr\u00e9sident du Kettering Health Network et directeur adjoint du Minist\u00e8re de l&#39;Aum\u00f4nerie depuis 2008. <\/p>\n<p>&#8211;Minist\u00e8re de la Femme:   Raquel Arrais, la titulaire, qui a \u00e9t\u00e9 directrice adjointe du Minist\u00e8re de la Femme depuis 2005. <\/p>\n<p>&#8211;Minist\u00e8re de l&#39;Ecole du Sabbat et des Relations Personnelles:  Gary Swanson, titulaire, qui a servi en tant que directeur adjoint du d\u00e9partement depuis 2005. <\/p>\n<p>&#8211;Minist\u00e8re de la Sant\u00e9:  Dr. Kathleen Kuntaraf, titulaire, qui est devenue directrice adjointe en 1996 et Dr. Peter Landless, qui a servi \u00e0 ce poste depuis 2000.  Le comit\u00e9 a aussi nomm\u00e9 Fred Hardinge, un di\u00e9ticien licenci\u00e9 qui a \u00e9t\u00e9 directeur adjoint du minist\u00e8re de la sant\u00e9 \u00e0 la Conf\u00e9rence du Haut Colombia et a contribu\u00e9 au lancement du programme BibleInfo.com. <\/p>\n<p>&#8211;D\u00e9partement des Publications:  Wilmar Hile, titulaire \u00e0 ce poste depuis 2005. <\/p>\n<p>&#8211;D\u00e9partement des Affaires Publiques et de Libert\u00e9 Religieuse:  Barry Bussey, pr\u00e9sent titulaire depuis 2009, et James Standish, titulaire depuis 2003.  <\/p>\n<\/p><\/p>\n","protected":false},"excerpt":{"rendered":"<p>Les d\u00e9l\u00e9gu\u00e9s de la 59\u00e8me Session de la Conf\u00e9rence G\u00e9n\u00e9rale de l&#39;Eglise Adventiste du Septi\u00e8me jour ont approuv\u00e9 mardi la nomination de Williams S. Costa Jr. en tant que directeur du d&#038;eacu<\/p>\n","protected":false},"author":1,"featured_media":0,"comment_status":"closed","ping_status":"closed","sticky":false,"template":"","format":"standard","meta":{"_acf_changed":false,"footnotes":""},"categories":[9],"tags":[],"class_list":["post-13396","post","type-post","status-publish","format-standard","hentry","category-archive-fr"],"acf":[],"yoast_head":"<!-- This site is optimized with the Yoast SEO plugin v27.3 - https:\/\/yoast.com\/product\/yoast-seo-wordpress\/ -->\n<title>Confirmation de Costa au poste de la Communication, recommandation de directeurs adjoints des d\u00e9partements - \u00c9glise Adventiste Du Septieme Jour - Inter Am\u00e9rique Division<\/title>\n<meta name=\"robots\" content=\"index, follow, max-snippet:-1, max-image-preview:large, max-video-preview:-1\" \/>\n<link rel=\"canonical\" href=\"https:\/\/interamerica.org\/fr\/2010\/06\/confirmation-de-costa-au-poste-de-la-communication-recommandation-de-directeurs-adjoints-des-departements\/\" \/>\n<meta property=\"og:locale\" content=\"fr_FR\" \/>\n<meta property=\"og:type\" content=\"article\" \/>\n<meta property=\"og:title\" content=\"Confirmation de Costa au poste de la Communication, recommandation de directeurs adjoints des d\u00e9partements - \u00c9glise Adventiste Du Septieme Jour - Inter Am\u00e9rique Division\" \/>\n<meta property=\"og:description\" content=\"Les d\u00e9l\u00e9gu\u00e9s de la 59\u00e8me Session de la Conf\u00e9rence G\u00e9n\u00e9rale de l&#039;Eglise Adventiste du Septi\u00e8me jour ont approuv\u00e9 mardi la nomination de Williams S. Costa Jr. en tant que directeur du d&amp;eacu\" \/>\n<meta property=\"og:url\" content=\"https:\/\/interamerica.org\/fr\/2010\/06\/confirmation-de-costa-au-poste-de-la-communication-recommandation-de-directeurs-adjoints-des-departements\/\" \/>\n<meta property=\"og:site_name\" content=\"\u00c9glise Adventiste Du Septieme Jour - Inter Am\u00e9rique Division\" \/>\n<meta property=\"article:published_time\" content=\"2010-06-29T04:00:00+00:00\" \/>\n<meta property=\"article:modified_time\" content=\"2017-06-02T17:03:39+00:00\" \/>\n<meta name=\"author\" content=\"Lorenzo Verduzco\" \/>\n<meta name=\"twitter:card\" content=\"summary_large_image\" \/>\n<meta name=\"twitter:label1\" content=\"\u00c9crit par\" \/>\n\t<meta name=\"twitter:data1\" content=\"Lorenzo Verduzco\" \/>\n\t<meta name=\"twitter:label2\" content=\"Dur\u00e9e de lecture estim\u00e9e\" \/>\n\t<meta name=\"twitter:data2\" content=\"2 minutes\" \/>\n<script type=\"application\/ld+json\" class=\"yoast-schema-graph\">{\"@context\":\"https:\\\/\\\/schema.org\",\"@graph\":[{\"@type\":\"Article\",\"@id\":\"https:\\\/\\\/interamerica.org\\\/fr\\\/2010\\\/06\\\/confirmation-de-costa-au-poste-de-la-communication-recommandation-de-directeurs-adjoints-des-departements\\\/#article\",\"isPartOf\":{\"@id\":\"https:\\\/\\\/interamerica.org\\\/fr\\\/2010\\\/06\\\/confirmation-de-costa-au-poste-de-la-communication-recommandation-de-directeurs-adjoints-des-departements\\\/\"},\"author\":{\"name\":\"Lorenzo Verduzco\",\"@id\":\"https:\\\/\\\/interamerica.org\\\/fr\\\/#\\\/schema\\\/person\\\/68ede8bdc292885bb76c1e3810e73c39\"},\"headline\":\"Confirmation de Costa au poste de la Communication, recommandation de directeurs adjoints des d\u00e9partements\",\"datePublished\":\"2010-06-29T04:00:00+00:00\",\"dateModified\":\"2017-06-02T17:03:39+00:00\",\"mainEntityOfPage\":{\"@id\":\"https:\\\/\\\/interamerica.org\\\/fr\\\/2010\\\/06\\\/confirmation-de-costa-au-poste-de-la-communication-recommandation-de-directeurs-adjoints-des-departements\\\/\"},\"wordCount\":413,\"articleSection\":[\"Archive\"],\"inLanguage\":\"fr-FR\"},{\"@type\":\"WebPage\",\"@id\":\"https:\\\/\\\/interamerica.org\\\/fr\\\/2010\\\/06\\\/confirmation-de-costa-au-poste-de-la-communication-recommandation-de-directeurs-adjoints-des-departements\\\/\",\"url\":\"https:\\\/\\\/interamerica.org\\\/fr\\\/2010\\\/06\\\/confirmation-de-costa-au-poste-de-la-communication-recommandation-de-directeurs-adjoints-des-departements\\\/\",\"name\":\"Confirmation de Costa au poste de la Communication, recommandation de directeurs adjoints des d\u00e9partements - \u00c9glise Adventiste Du Septieme Jour - Inter Am\u00e9rique Division\",\"isPartOf\":{\"@id\":\"https:\\\/\\\/interamerica.org\\\/fr\\\/#website\"},\"datePublished\":\"2010-06-29T04:00:00+00:00\",\"dateModified\":\"2017-06-02T17:03:39+00:00\",\"author\":{\"@id\":\"https:\\\/\\\/interamerica.org\\\/fr\\\/#\\\/schema\\\/person\\\/68ede8bdc292885bb76c1e3810e73c39\"},\"breadcrumb\":{\"@id\":\"https:\\\/\\\/interamerica.org\\\/fr\\\/2010\\\/06\\\/confirmation-de-costa-au-poste-de-la-communication-recommandation-de-directeurs-adjoints-des-departements\\\/#breadcrumb\"},\"inLanguage\":\"fr-FR\",\"potentialAction\":[{\"@type\":\"ReadAction\",\"target\":[\"https:\\\/\\\/interamerica.org\\\/fr\\\/2010\\\/06\\\/confirmation-de-costa-au-poste-de-la-communication-recommandation-de-directeurs-adjoints-des-departements\\\/\"]}]},{\"@type\":\"BreadcrumbList\",\"@id\":\"https:\\\/\\\/interamerica.org\\\/fr\\\/2010\\\/06\\\/confirmation-de-costa-au-poste-de-la-communication-recommandation-de-directeurs-adjoints-des-departements\\\/#breadcrumb\",\"itemListElement\":[{\"@type\":\"ListItem\",\"position\":1,\"name\":\"Home\",\"item\":\"https:\\\/\\\/interamerica.org\\\/fr\\\/\"},{\"@type\":\"ListItem\",\"position\":2,\"name\":\"Confirmation de Costa au poste de la Communication, recommandation de directeurs adjoints des d\u00e9partements\"}]},{\"@type\":\"WebSite\",\"@id\":\"https:\\\/\\\/interamerica.org\\\/fr\\\/#website\",\"url\":\"https:\\\/\\\/interamerica.org\\\/fr\\\/\",\"name\":\"\u00c9glise Adventiste Du Septieme Jour - Inter Am\u00e9rique Division\",\"description\":\"\",\"potentialAction\":[{\"@type\":\"SearchAction\",\"target\":{\"@type\":\"EntryPoint\",\"urlTemplate\":\"https:\\\/\\\/interamerica.org\\\/fr\\\/?s={search_term_string}\"},\"query-input\":{\"@type\":\"PropertyValueSpecification\",\"valueRequired\":true,\"valueName\":\"search_term_string\"}}],\"inLanguage\":\"fr-FR\"},{\"@type\":\"Person\",\"@id\":\"https:\\\/\\\/interamerica.org\\\/fr\\\/#\\\/schema\\\/person\\\/68ede8bdc292885bb76c1e3810e73c39\",\"name\":\"Lorenzo Verduzco\",\"image\":{\"@type\":\"ImageObject\",\"inLanguage\":\"fr-FR\",\"@id\":\"https:\\\/\\\/secure.gravatar.com\\\/avatar\\\/fb81a55b6218459490a9c1dc841a34909185b81904c5337b4b27f7a6fd60c49e?s=96&d=mm&r=g\",\"url\":\"https:\\\/\\\/secure.gravatar.com\\\/avatar\\\/fb81a55b6218459490a9c1dc841a34909185b81904c5337b4b27f7a6fd60c49e?s=96&d=mm&r=g\",\"contentUrl\":\"https:\\\/\\\/secure.gravatar.com\\\/avatar\\\/fb81a55b6218459490a9c1dc841a34909185b81904c5337b4b27f7a6fd60c49e?s=96&d=mm&r=g\",\"caption\":\"Lorenzo Verduzco\"}}]}<\/script>\n<!-- \/ Yoast SEO plugin. -->","yoast_head_json":{"title":"Confirmation de Costa au poste de la Communication, recommandation de directeurs adjoints des d\u00e9partements - \u00c9glise Adventiste Du Septieme Jour - Inter Am\u00e9rique Division","robots":{"index":"index","follow":"follow","max-snippet":"max-snippet:-1","max-image-preview":"max-image-preview:large","max-video-preview":"max-video-preview:-1"},"canonical":"https:\/\/interamerica.org\/fr\/2010\/06\/confirmation-de-costa-au-poste-de-la-communication-recommandation-de-directeurs-adjoints-des-departements\/","og_locale":"fr_FR","og_type":"article","og_title":"Confirmation de Costa au poste de la Communication, recommandation de directeurs adjoints des d\u00e9partements - \u00c9glise Adventiste Du Septieme Jour - Inter Am\u00e9rique Division","og_description":"Les d\u00e9l\u00e9gu\u00e9s de la 59\u00e8me Session de la Conf\u00e9rence G\u00e9n\u00e9rale de l&#39;Eglise Adventiste du Septi\u00e8me jour ont approuv\u00e9 mardi la nomination de Williams S. Costa Jr. en tant que directeur du d&eacu","og_url":"https:\/\/interamerica.org\/fr\/2010\/06\/confirmation-de-costa-au-poste-de-la-communication-recommandation-de-directeurs-adjoints-des-departements\/","og_site_name":"\u00c9glise Adventiste Du Septieme Jour - Inter Am\u00e9rique Division","article_published_time":"2010-06-29T04:00:00+00:00","article_modified_time":"2017-06-02T17:03:39+00:00","author":"Lorenzo Verduzco","twitter_card":"summary_large_image","twitter_misc":{"\u00c9crit par":"Lorenzo Verduzco","Dur\u00e9e de lecture estim\u00e9e":"2 minutes"},"schema":{"@context":"https:\/\/schema.org","@graph":[{"@type":"Article","@id":"https:\/\/interamerica.org\/fr\/2010\/06\/confirmation-de-costa-au-poste-de-la-communication-recommandation-de-directeurs-adjoints-des-departements\/#article","isPartOf":{"@id":"https:\/\/interamerica.org\/fr\/2010\/06\/confirmation-de-costa-au-poste-de-la-communication-recommandation-de-directeurs-adjoints-des-departements\/"},"author":{"name":"Lorenzo Verduzco","@id":"https:\/\/interamerica.org\/fr\/#\/schema\/person\/68ede8bdc292885bb76c1e3810e73c39"},"headline":"Confirmation de Costa au poste de la Communication, recommandation de directeurs adjoints des d\u00e9partements","datePublished":"2010-06-29T04:00:00+00:00","dateModified":"2017-06-02T17:03:39+00:00","mainEntityOfPage":{"@id":"https:\/\/interamerica.org\/fr\/2010\/06\/confirmation-de-costa-au-poste-de-la-communication-recommandation-de-directeurs-adjoints-des-departements\/"},"wordCount":413,"articleSection":["Archive"],"inLanguage":"fr-FR"},{"@type":"WebPage","@id":"https:\/\/interamerica.org\/fr\/2010\/06\/confirmation-de-costa-au-poste-de-la-communication-recommandation-de-directeurs-adjoints-des-departements\/","url":"https:\/\/interamerica.org\/fr\/2010\/06\/confirmation-de-costa-au-poste-de-la-communication-recommandation-de-directeurs-adjoints-des-departements\/","name":"Confirmation de Costa au poste de la Communication, recommandation de directeurs adjoints des d\u00e9partements - \u00c9glise Adventiste Du Septieme Jour - Inter Am\u00e9rique Division","isPartOf":{"@id":"https:\/\/interamerica.org\/fr\/#website"},"datePublished":"2010-06-29T04:00:00+00:00","dateModified":"2017-06-02T17:03:39+00:00","author":{"@id":"https:\/\/interamerica.org\/fr\/#\/schema\/person\/68ede8bdc292885bb76c1e3810e73c39"},"breadcrumb":{"@id":"https:\/\/interamerica.org\/fr\/2010\/06\/confirmation-de-costa-au-poste-de-la-communication-recommandation-de-directeurs-adjoints-des-departements\/#breadcrumb"},"inLanguage":"fr-FR","potentialAction":[{"@type":"ReadAction","target":["https:\/\/interamerica.org\/fr\/2010\/06\/confirmation-de-costa-au-poste-de-la-communication-recommandation-de-directeurs-adjoints-des-departements\/"]}]},{"@type":"BreadcrumbList","@id":"https:\/\/interamerica.org\/fr\/2010\/06\/confirmation-de-costa-au-poste-de-la-communication-recommandation-de-directeurs-adjoints-des-departements\/#breadcrumb","itemListElement":[{"@type":"ListItem","position":1,"name":"Home","item":"https:\/\/interamerica.org\/fr\/"},{"@type":"ListItem","position":2,"name":"Confirmation de Costa au poste de la Communication, recommandation de directeurs adjoints des d\u00e9partements"}]},{"@type":"WebSite","@id":"https:\/\/interamerica.org\/fr\/#website","url":"https:\/\/interamerica.org\/fr\/","name":"\u00c9glise Adventiste Du Septieme Jour - Inter Am\u00e9rique Division","description":"","potentialAction":[{"@type":"SearchAction","target":{"@type":"EntryPoint","urlTemplate":"https:\/\/interamerica.org\/fr\/?s={search_term_string}"},"query-input":{"@type":"PropertyValueSpecification","valueRequired":true,"valueName":"search_term_string"}}],"inLanguage":"fr-FR"},{"@type":"Person","@id":"https:\/\/interamerica.org\/fr\/#\/schema\/person\/68ede8bdc292885bb76c1e3810e73c39","name":"Lorenzo Verduzco","image":{"@type":"ImageObject","inLanguage":"fr-FR","@id":"https:\/\/secure.gravatar.com\/avatar\/fb81a55b6218459490a9c1dc841a34909185b81904c5337b4b27f7a6fd60c49e?s=96&d=mm&r=g","url":"https:\/\/secure.gravatar.com\/avatar\/fb81a55b6218459490a9c1dc841a34909185b81904c5337b4b27f7a6fd60c49e?s=96&d=mm&r=g","contentUrl":"https:\/\/secure.gravatar.com\/avatar\/fb81a55b6218459490a9c1dc841a34909185b81904c5337b4b27f7a6fd60c49e?s=96&d=mm&r=g","caption":"Lorenzo Verduzco"}}]}},"_links":{"self":[{"href":"https:\/\/interamerica.org\/fr\/wp-json\/wp\/v2\/posts\/13396","targetHints":{"allow":["GET"]}}],"collection":[{"href":"https:\/\/interamerica.org\/fr\/wp-json\/wp\/v2\/posts"}],"about":[{"href":"https:\/\/interamerica.org\/fr\/wp-json\/wp\/v2\/types\/post"}],"author":[{"embeddable":true,"href":"https:\/\/interamerica.org\/fr\/wp-json\/wp\/v2\/users\/1"}],"replies":[{"embeddable":true,"href":"https:\/\/interamerica.org\/fr\/wp-json\/wp\/v2\/comments?post=13396"}],"version-history":[{"count":0,"href":"https:\/\/interamerica.org\/fr\/wp-json\/wp\/v2\/posts\/13396\/revisions"}],"wp:attachment":[{"href":"https:\/\/interamerica.org\/fr\/wp-json\/wp\/v2\/media?parent=13396"}],"wp:term":[{"taxonomy":"category","embeddable":true,"href":"https:\/\/interamerica.org\/fr\/wp-json\/wp\/v2\/categories?post=13396"},{"taxonomy":"post_tag","embeddable":true,"href":"https:\/\/interamerica.org\/fr\/wp-json\/wp\/v2\/tags?post=13396"}],"curies":[{"name":"wp","href":"https:\/\/api.w.org\/{rel}","templated":true}]}}