{"id":13398,"date":"2010-06-29T00:00:00","date_gmt":"2010-06-29T04:00:00","guid":{"rendered":"http:\/\/192.81.217.108\/interamerica\/2010\/06\/inter-ameriquelunion-des-west-indies-et-celle-de-porto-rico-representent-la-division-a-lexpositionde-la-conference-generale\/"},"modified":"2017-06-02T13:03:40","modified_gmt":"2017-06-02T17:03:40","slug":"inter-ameriquelunion-des-west-indies-et-celle-de-porto-rico-representent-la-division-a-lexpositionde-la-conference-generale","status":"publish","type":"post","link":"https:\/\/interamerica.org\/fr\/2010\/06\/inter-ameriquelunion-des-west-indies-et-celle-de-porto-rico-representent-la-division-a-lexpositionde-la-conference-generale\/","title":{"rendered":"Inter Am\u00e9rique:L&#39;Union des West Indies et celle de Porto Rico repr\u00e9sentent la division \u00e0 l&#39;expositionde la Conf\u00e9rence G\u00e9n\u00e9rale"},"content":{"rendered":"<p><em >29 Juin 2010<\/em > &#8211; Atlanta, G\u00e9orgie, Etats Unis&#8230;[LibnaStevens\/DIA]<\/p>\n<p>La foule s&#39;est press\u00e9epour visiter le stand d&#39;exposition de la division Inter Am\u00e9ricaine au GeorgiaWorld Congress Center aujourd&#39;hui, sixi\u00e8me jour de la Session \u00e0 Atlanta en G\u00e9orgie.Les gens ont fait la queue pour visiter les stands de l&#39;Union des West Indieset celle de Porto Rico pour recevoir des pr\u00e9sents et des souvenirs.<\/p>\n<p><strong >L&#39;Union des West Indies<\/strong ><\/p>\n<p>L&#39;Union des WestIndies compte plus de 268300 membres dans son territoire, lequel comprend laJama\u00efque, les Bahamas, les Iles Ca\u00efman et les Iles Turk et Caicos.<\/p>\n<p>R\u00e9cemment,l&#39;Union des West Indies dont le si\u00e8ge se trouve en Jama\u00efque, a \u00e9t\u00e9 r\u00e9organis\u00e9epour former deux unions: l&#39;Union Jama\u00efcaine qui inclut la Jama\u00efque, et l&#39;Unionde la Cara\u00efbe Atlantique qui supervise les Bahamas, les Iles Ca\u00efman et les IlesTurk et Caicos.<\/p>\n<p>\u00ab\u00a0Nous sommesun peuple qui traite bien les gens,\u00a0\u00bb a dit Nigel Coke, directeur decommunication de l&#39;\u00e9glise Adventiste en Jama\u00efque. \u00ab\u00a0Notre \u00e9glise continuede croitre rapidement et plusieurs se joignent \u00e0 l&#39;\u00e9glise chaque jour.\u00a0\u00bbNigel Coke a indiqu\u00e9 qu&#39;un nombre important d&#39;enfants et de jeunes donnentleurs vies \u00e0 Christ, ce qui continue d&#39;assurer la croissance de l&#39;effectif dansl&#39;union.<\/p>\n<p>Pasteur L\u00e9onardJohnson, pr\u00e9sident de la F\u00e9d\u00e9ration des Bahamas a d\u00e9clar\u00e9 qu&#39;il y a plus de17000 membres d&#39;\u00e9glise dans l&#39;ensemble du territoire des Bahamas.<\/p>\n<p>D&#39;apr\u00e8s Johnson,la fa\u00e7on la plus efficace de faire venir des gens \u00e0 l&#39;\u00e9glise aux Bahamas estl&#39;utilisation de ce qu&#39;ils appellent l&#39;\u00e9vang\u00e9lisation par l&#39;amiti\u00e9, gr\u00e2ce \u00e0laquelle les non croyants sont attir\u00e9s vers l&#39;\u00e9glise \u00e0 travers leurs relationsavec les Adventistes du Septi\u00e8me jour plut\u00f4t que par les doctrines.<\/p>\n<p><strong >L&#39;Union Portoricaine<\/strong ><\/p>\n<p>Nich\u00e9e au c\u0153ur dela Cara\u00efbe avec une pr\u00e9sence Adventiste active sur l&#39;ile, l&#39;Union Portoricainecompte quelques 36000 membres d&#39;\u00e9glise et plus de 296 \u00e9glises et groupes.<\/p>\n<p>\u00ab\u00a0Noustravaillons dur pour proclamer l&#39;\u00e9vangile,\u00a0\u00bb a d\u00e9clar\u00e9 pasteur Jo\u00eblAlmaguel, pr\u00e9sident de l&#39;\u00e9glise dans la Mission du Nord. \u00ab\u00a0Nous avonsvraiment eu du succ\u00e8s dans notre \u0153uvre avec ceux des classes modestes et avecles programmes qui mettaient l&#39;emphase sur la famille,\u00a0\u00bb a t-il indiqu\u00e9.<\/p>\n<p>Chaque ann\u00e9e aucours des derni\u00e8res ann\u00e9es, l&#39;\u00e9glise Adventiste \u00e0 Porto Rico a distribu\u00e9 avec succ\u00e8splus de 300000 magazines traitant de la sant\u00e9 et de la famille, ainsi que desprobl\u00e8mes sociaux comme la violence envers les femmes et les enfants.<\/p>\n<p>Des milliers dedirigeants et de membres d&#39;\u00e9glise ont unis leurs efforts pour toucher des milliersde d\u00e9tenus dans les prisons de l&#39;ile, leur offrant des kits sanitaires, desconseils et le message d&#39;espoir.<\/p>\n<p>L&#39;\u00e9gliseAdventiste \u00e0 Porto Rico g\u00e8re aussi une universit\u00e9, un h\u00f4pital, une clinique ainsique 24 \u00e9coles primaires et secondaires.<\/p>\n<p>Pour voir unreportage vid\u00e9o sur l&#39;Union des West Indies et l&#39;Union Portoricaine, rendezvous sur la page <a  href=\"https:\/\/recursing-golick.147-182-135-0.plesk.page\/users\/index.php?language=en&#038;type=subsection&#038;id=289\">https:\/\/recursing-golick.147-182-135-0.plesk.page\/users\/index.php?language=en&#038;type=subsection&#038;id=289<\/a ><\/p>\n","protected":false},"excerpt":{"rendered":"<p>La foule s&#39;est press\u00e9epour visiter le stand d&#39;exposition de la division Inter Am\u00e9ricaine au GeorgiaWorld Congress Center aujourd&#39;hui, sixi\u00e8me jour de la Session \u00e0 Atlanta en G\u00e9orgie.Les gens ont f<\/p>\n","protected":false},"author":1,"featured_media":0,"comment_status":"closed","ping_status":"closed","sticky":false,"template":"","format":"standard","meta":{"_acf_changed":false,"footnotes":""},"categories":[9],"tags":[],"class_list":["post-13398","post","type-post","status-publish","format-standard","hentry","category-archive-fr"],"acf":[],"yoast_head":"<!-- This site is optimized with the Yoast SEO plugin v27.3 - https:\/\/yoast.com\/product\/yoast-seo-wordpress\/ -->\n<title>Inter Am\u00e9rique:L&#039;Union des West Indies et celle de Porto Rico repr\u00e9sentent la division \u00e0 l&#039;expositionde la Conf\u00e9rence G\u00e9n\u00e9rale - \u00c9glise Adventiste Du Septieme Jour - Inter Am\u00e9rique Division<\/title>\n<meta name=\"robots\" content=\"index, follow, max-snippet:-1, max-image-preview:large, max-video-preview:-1\" \/>\n<link rel=\"canonical\" href=\"https:\/\/interamerica.org\/fr\/2010\/06\/inter-ameriquelunion-des-west-indies-et-celle-de-porto-rico-representent-la-division-a-lexpositionde-la-conference-generale\/\" \/>\n<meta property=\"og:locale\" content=\"fr_FR\" \/>\n<meta property=\"og:type\" content=\"article\" \/>\n<meta property=\"og:title\" content=\"Inter Am\u00e9rique:L&#039;Union des West Indies et celle de Porto Rico repr\u00e9sentent la division \u00e0 l&#039;expositionde la Conf\u00e9rence G\u00e9n\u00e9rale - \u00c9glise Adventiste Du Septieme Jour - Inter Am\u00e9rique Division\" \/>\n<meta property=\"og:description\" content=\"La foule s&#039;est press\u00e9epour visiter le stand d&#039;exposition de la division Inter Am\u00e9ricaine au GeorgiaWorld Congress Center aujourd&#039;hui, sixi\u00e8me jour de la Session \u00e0 Atlanta en G\u00e9orgie.Les gens ont f\" \/>\n<meta property=\"og:url\" content=\"https:\/\/interamerica.org\/fr\/2010\/06\/inter-ameriquelunion-des-west-indies-et-celle-de-porto-rico-representent-la-division-a-lexpositionde-la-conference-generale\/\" \/>\n<meta property=\"og:site_name\" content=\"\u00c9glise Adventiste Du Septieme Jour - Inter Am\u00e9rique Division\" \/>\n<meta property=\"article:published_time\" content=\"2010-06-29T04:00:00+00:00\" \/>\n<meta property=\"article:modified_time\" content=\"2017-06-02T17:03:40+00:00\" \/>\n<meta name=\"author\" content=\"Lorenzo Verduzco\" \/>\n<meta name=\"twitter:card\" content=\"summary_large_image\" \/>\n<meta name=\"twitter:label1\" content=\"\u00c9crit par\" \/>\n\t<meta name=\"twitter:data1\" content=\"Lorenzo Verduzco\" \/>\n\t<meta name=\"twitter:label2\" content=\"Dur\u00e9e de lecture estim\u00e9e\" \/>\n\t<meta name=\"twitter:data2\" content=\"3 minutes\" \/>\n<script type=\"application\/ld+json\" class=\"yoast-schema-graph\">{\"@context\":\"https:\\\/\\\/schema.org\",\"@graph\":[{\"@type\":\"Article\",\"@id\":\"https:\\\/\\\/interamerica.org\\\/fr\\\/2010\\\/06\\\/inter-ameriquelunion-des-west-indies-et-celle-de-porto-rico-representent-la-division-a-lexpositionde-la-conference-generale\\\/#article\",\"isPartOf\":{\"@id\":\"https:\\\/\\\/interamerica.org\\\/fr\\\/2010\\\/06\\\/inter-ameriquelunion-des-west-indies-et-celle-de-porto-rico-representent-la-division-a-lexpositionde-la-conference-generale\\\/\"},\"author\":{\"name\":\"Lorenzo Verduzco\",\"@id\":\"https:\\\/\\\/interamerica.org\\\/fr\\\/#\\\/schema\\\/person\\\/68ede8bdc292885bb76c1e3810e73c39\"},\"headline\":\"Inter Am\u00e9rique:L&#39;Union des West Indies et celle de Porto Rico repr\u00e9sentent la division \u00e0 l&#39;expositionde la Conf\u00e9rence G\u00e9n\u00e9rale\",\"datePublished\":\"2010-06-29T04:00:00+00:00\",\"dateModified\":\"2017-06-02T17:03:40+00:00\",\"mainEntityOfPage\":{\"@id\":\"https:\\\/\\\/interamerica.org\\\/fr\\\/2010\\\/06\\\/inter-ameriquelunion-des-west-indies-et-celle-de-porto-rico-representent-la-division-a-lexpositionde-la-conference-generale\\\/\"},\"wordCount\":545,\"articleSection\":[\"Archive\"],\"inLanguage\":\"fr-FR\"},{\"@type\":\"WebPage\",\"@id\":\"https:\\\/\\\/interamerica.org\\\/fr\\\/2010\\\/06\\\/inter-ameriquelunion-des-west-indies-et-celle-de-porto-rico-representent-la-division-a-lexpositionde-la-conference-generale\\\/\",\"url\":\"https:\\\/\\\/interamerica.org\\\/fr\\\/2010\\\/06\\\/inter-ameriquelunion-des-west-indies-et-celle-de-porto-rico-representent-la-division-a-lexpositionde-la-conference-generale\\\/\",\"name\":\"Inter Am\u00e9rique:L&#39;Union des West Indies et celle de Porto Rico repr\u00e9sentent la division \u00e0 l&#39;expositionde la Conf\u00e9rence G\u00e9n\u00e9rale - \u00c9glise Adventiste Du Septieme Jour - Inter Am\u00e9rique Division\",\"isPartOf\":{\"@id\":\"https:\\\/\\\/interamerica.org\\\/fr\\\/#website\"},\"datePublished\":\"2010-06-29T04:00:00+00:00\",\"dateModified\":\"2017-06-02T17:03:40+00:00\",\"author\":{\"@id\":\"https:\\\/\\\/interamerica.org\\\/fr\\\/#\\\/schema\\\/person\\\/68ede8bdc292885bb76c1e3810e73c39\"},\"breadcrumb\":{\"@id\":\"https:\\\/\\\/interamerica.org\\\/fr\\\/2010\\\/06\\\/inter-ameriquelunion-des-west-indies-et-celle-de-porto-rico-representent-la-division-a-lexpositionde-la-conference-generale\\\/#breadcrumb\"},\"inLanguage\":\"fr-FR\",\"potentialAction\":[{\"@type\":\"ReadAction\",\"target\":[\"https:\\\/\\\/interamerica.org\\\/fr\\\/2010\\\/06\\\/inter-ameriquelunion-des-west-indies-et-celle-de-porto-rico-representent-la-division-a-lexpositionde-la-conference-generale\\\/\"]}]},{\"@type\":\"BreadcrumbList\",\"@id\":\"https:\\\/\\\/interamerica.org\\\/fr\\\/2010\\\/06\\\/inter-ameriquelunion-des-west-indies-et-celle-de-porto-rico-representent-la-division-a-lexpositionde-la-conference-generale\\\/#breadcrumb\",\"itemListElement\":[{\"@type\":\"ListItem\",\"position\":1,\"name\":\"Home\",\"item\":\"https:\\\/\\\/interamerica.org\\\/fr\\\/\"},{\"@type\":\"ListItem\",\"position\":2,\"name\":\"Inter Am\u00e9rique:L&#39;Union des West Indies et celle de Porto Rico repr\u00e9sentent la division \u00e0 l&#39;expositionde la Conf\u00e9rence G\u00e9n\u00e9rale\"}]},{\"@type\":\"WebSite\",\"@id\":\"https:\\\/\\\/interamerica.org\\\/fr\\\/#website\",\"url\":\"https:\\\/\\\/interamerica.org\\\/fr\\\/\",\"name\":\"\u00c9glise Adventiste Du Septieme Jour - Inter Am\u00e9rique Division\",\"description\":\"\",\"potentialAction\":[{\"@type\":\"SearchAction\",\"target\":{\"@type\":\"EntryPoint\",\"urlTemplate\":\"https:\\\/\\\/interamerica.org\\\/fr\\\/?s={search_term_string}\"},\"query-input\":{\"@type\":\"PropertyValueSpecification\",\"valueRequired\":true,\"valueName\":\"search_term_string\"}}],\"inLanguage\":\"fr-FR\"},{\"@type\":\"Person\",\"@id\":\"https:\\\/\\\/interamerica.org\\\/fr\\\/#\\\/schema\\\/person\\\/68ede8bdc292885bb76c1e3810e73c39\",\"name\":\"Lorenzo Verduzco\",\"image\":{\"@type\":\"ImageObject\",\"inLanguage\":\"fr-FR\",\"@id\":\"https:\\\/\\\/secure.gravatar.com\\\/avatar\\\/fb81a55b6218459490a9c1dc841a34909185b81904c5337b4b27f7a6fd60c49e?s=96&d=mm&r=g\",\"url\":\"https:\\\/\\\/secure.gravatar.com\\\/avatar\\\/fb81a55b6218459490a9c1dc841a34909185b81904c5337b4b27f7a6fd60c49e?s=96&d=mm&r=g\",\"contentUrl\":\"https:\\\/\\\/secure.gravatar.com\\\/avatar\\\/fb81a55b6218459490a9c1dc841a34909185b81904c5337b4b27f7a6fd60c49e?s=96&d=mm&r=g\",\"caption\":\"Lorenzo Verduzco\"}}]}<\/script>\n<!-- \/ Yoast SEO plugin. -->","yoast_head_json":{"title":"Inter Am\u00e9rique:L&#39;Union des West Indies et celle de Porto Rico repr\u00e9sentent la division \u00e0 l&#39;expositionde la Conf\u00e9rence G\u00e9n\u00e9rale - \u00c9glise Adventiste Du Septieme Jour - Inter Am\u00e9rique Division","robots":{"index":"index","follow":"follow","max-snippet":"max-snippet:-1","max-image-preview":"max-image-preview:large","max-video-preview":"max-video-preview:-1"},"canonical":"https:\/\/interamerica.org\/fr\/2010\/06\/inter-ameriquelunion-des-west-indies-et-celle-de-porto-rico-representent-la-division-a-lexpositionde-la-conference-generale\/","og_locale":"fr_FR","og_type":"article","og_title":"Inter Am\u00e9rique:L&#39;Union des West Indies et celle de Porto Rico repr\u00e9sentent la division \u00e0 l&#39;expositionde la Conf\u00e9rence G\u00e9n\u00e9rale - \u00c9glise Adventiste Du Septieme Jour - Inter Am\u00e9rique Division","og_description":"La foule s&#39;est press\u00e9epour visiter le stand d&#39;exposition de la division Inter Am\u00e9ricaine au GeorgiaWorld Congress Center aujourd&#39;hui, sixi\u00e8me jour de la Session \u00e0 Atlanta en G\u00e9orgie.Les gens ont f","og_url":"https:\/\/interamerica.org\/fr\/2010\/06\/inter-ameriquelunion-des-west-indies-et-celle-de-porto-rico-representent-la-division-a-lexpositionde-la-conference-generale\/","og_site_name":"\u00c9glise Adventiste Du Septieme Jour - Inter Am\u00e9rique Division","article_published_time":"2010-06-29T04:00:00+00:00","article_modified_time":"2017-06-02T17:03:40+00:00","author":"Lorenzo Verduzco","twitter_card":"summary_large_image","twitter_misc":{"\u00c9crit par":"Lorenzo Verduzco","Dur\u00e9e de lecture estim\u00e9e":"3 minutes"},"schema":{"@context":"https:\/\/schema.org","@graph":[{"@type":"Article","@id":"https:\/\/interamerica.org\/fr\/2010\/06\/inter-ameriquelunion-des-west-indies-et-celle-de-porto-rico-representent-la-division-a-lexpositionde-la-conference-generale\/#article","isPartOf":{"@id":"https:\/\/interamerica.org\/fr\/2010\/06\/inter-ameriquelunion-des-west-indies-et-celle-de-porto-rico-representent-la-division-a-lexpositionde-la-conference-generale\/"},"author":{"name":"Lorenzo Verduzco","@id":"https:\/\/interamerica.org\/fr\/#\/schema\/person\/68ede8bdc292885bb76c1e3810e73c39"},"headline":"Inter Am\u00e9rique:L&#39;Union des West Indies et celle de Porto Rico repr\u00e9sentent la division \u00e0 l&#39;expositionde la Conf\u00e9rence G\u00e9n\u00e9rale","datePublished":"2010-06-29T04:00:00+00:00","dateModified":"2017-06-02T17:03:40+00:00","mainEntityOfPage":{"@id":"https:\/\/interamerica.org\/fr\/2010\/06\/inter-ameriquelunion-des-west-indies-et-celle-de-porto-rico-representent-la-division-a-lexpositionde-la-conference-generale\/"},"wordCount":545,"articleSection":["Archive"],"inLanguage":"fr-FR"},{"@type":"WebPage","@id":"https:\/\/interamerica.org\/fr\/2010\/06\/inter-ameriquelunion-des-west-indies-et-celle-de-porto-rico-representent-la-division-a-lexpositionde-la-conference-generale\/","url":"https:\/\/interamerica.org\/fr\/2010\/06\/inter-ameriquelunion-des-west-indies-et-celle-de-porto-rico-representent-la-division-a-lexpositionde-la-conference-generale\/","name":"Inter Am\u00e9rique:L&#39;Union des West Indies et celle de Porto Rico repr\u00e9sentent la division \u00e0 l&#39;expositionde la Conf\u00e9rence G\u00e9n\u00e9rale - \u00c9glise Adventiste Du Septieme Jour - Inter Am\u00e9rique Division","isPartOf":{"@id":"https:\/\/interamerica.org\/fr\/#website"},"datePublished":"2010-06-29T04:00:00+00:00","dateModified":"2017-06-02T17:03:40+00:00","author":{"@id":"https:\/\/interamerica.org\/fr\/#\/schema\/person\/68ede8bdc292885bb76c1e3810e73c39"},"breadcrumb":{"@id":"https:\/\/interamerica.org\/fr\/2010\/06\/inter-ameriquelunion-des-west-indies-et-celle-de-porto-rico-representent-la-division-a-lexpositionde-la-conference-generale\/#breadcrumb"},"inLanguage":"fr-FR","potentialAction":[{"@type":"ReadAction","target":["https:\/\/interamerica.org\/fr\/2010\/06\/inter-ameriquelunion-des-west-indies-et-celle-de-porto-rico-representent-la-division-a-lexpositionde-la-conference-generale\/"]}]},{"@type":"BreadcrumbList","@id":"https:\/\/interamerica.org\/fr\/2010\/06\/inter-ameriquelunion-des-west-indies-et-celle-de-porto-rico-representent-la-division-a-lexpositionde-la-conference-generale\/#breadcrumb","itemListElement":[{"@type":"ListItem","position":1,"name":"Home","item":"https:\/\/interamerica.org\/fr\/"},{"@type":"ListItem","position":2,"name":"Inter Am\u00e9rique:L&#39;Union des West Indies et celle de Porto Rico repr\u00e9sentent la division \u00e0 l&#39;expositionde la Conf\u00e9rence G\u00e9n\u00e9rale"}]},{"@type":"WebSite","@id":"https:\/\/interamerica.org\/fr\/#website","url":"https:\/\/interamerica.org\/fr\/","name":"\u00c9glise Adventiste Du Septieme Jour - Inter Am\u00e9rique Division","description":"","potentialAction":[{"@type":"SearchAction","target":{"@type":"EntryPoint","urlTemplate":"https:\/\/interamerica.org\/fr\/?s={search_term_string}"},"query-input":{"@type":"PropertyValueSpecification","valueRequired":true,"valueName":"search_term_string"}}],"inLanguage":"fr-FR"},{"@type":"Person","@id":"https:\/\/interamerica.org\/fr\/#\/schema\/person\/68ede8bdc292885bb76c1e3810e73c39","name":"Lorenzo Verduzco","image":{"@type":"ImageObject","inLanguage":"fr-FR","@id":"https:\/\/secure.gravatar.com\/avatar\/fb81a55b6218459490a9c1dc841a34909185b81904c5337b4b27f7a6fd60c49e?s=96&d=mm&r=g","url":"https:\/\/secure.gravatar.com\/avatar\/fb81a55b6218459490a9c1dc841a34909185b81904c5337b4b27f7a6fd60c49e?s=96&d=mm&r=g","contentUrl":"https:\/\/secure.gravatar.com\/avatar\/fb81a55b6218459490a9c1dc841a34909185b81904c5337b4b27f7a6fd60c49e?s=96&d=mm&r=g","caption":"Lorenzo Verduzco"}}]}},"_links":{"self":[{"href":"https:\/\/interamerica.org\/fr\/wp-json\/wp\/v2\/posts\/13398","targetHints":{"allow":["GET"]}}],"collection":[{"href":"https:\/\/interamerica.org\/fr\/wp-json\/wp\/v2\/posts"}],"about":[{"href":"https:\/\/interamerica.org\/fr\/wp-json\/wp\/v2\/types\/post"}],"author":[{"embeddable":true,"href":"https:\/\/interamerica.org\/fr\/wp-json\/wp\/v2\/users\/1"}],"replies":[{"embeddable":true,"href":"https:\/\/interamerica.org\/fr\/wp-json\/wp\/v2\/comments?post=13398"}],"version-history":[{"count":0,"href":"https:\/\/interamerica.org\/fr\/wp-json\/wp\/v2\/posts\/13398\/revisions"}],"wp:attachment":[{"href":"https:\/\/interamerica.org\/fr\/wp-json\/wp\/v2\/media?parent=13398"}],"wp:term":[{"taxonomy":"category","embeddable":true,"href":"https:\/\/interamerica.org\/fr\/wp-json\/wp\/v2\/categories?post=13398"},{"taxonomy":"post_tag","embeddable":true,"href":"https:\/\/interamerica.org\/fr\/wp-json\/wp\/v2\/tags?post=13398"}],"curies":[{"name":"wp","href":"https:\/\/api.w.org\/{rel}","templated":true}]}}