{"id":13399,"date":"2010-07-01T00:00:00","date_gmt":"2010-07-01T04:00:00","guid":{"rendered":"http:\/\/192.81.217.108\/interamerica\/2010\/07\/la-commission-de-nominations-se-concentre-sur-les-directeurs-adjoints\/"},"modified":"2017-06-02T13:03:33","modified_gmt":"2017-06-02T17:03:33","slug":"la-commission-de-nominations-se-concentre-sur-les-directeurs-adjoints","status":"publish","type":"post","link":"https:\/\/interamerica.org\/fr\/2010\/07\/la-commission-de-nominations-se-concentre-sur-les-directeurs-adjoints\/","title":{"rendered":"La Commission de Nominations se concentre sur les directeurs adjoints"},"content":{"rendered":"<p>30 Juin 2010, Atlanta, G\u00e9orgie, Etats Unis&#8230;Stephen Chavez, Adventist Review <\/p>\n<p>Robert Kyte, pr\u00e9sident de la Commission de Nominations, et Isma\u00ebl Castillo, secr\u00e9taire adjoint, sont venus devant les d\u00e9l\u00e9gu\u00e9s de la Session mercredi 30 juin dans l&#39;apr\u00e8s midi afin de pr\u00e9senter ce que Kyte a appel\u00e9 deux rapports. <\/p>\n<p>\u00ab\u00a0Hier, un des rapports que nous avons pr\u00e9sent\u00e9s a \u00e9t\u00e9 renvoy\u00e9 devant la Commission,\u00a0\u00bb a indiqu\u00e9 Kyte dans sa d\u00e9claration d&#39;introduction. \u00ab\u00a0Le comit\u00e9 a rencontr\u00e9 aujourd&#39;hui la personne qui a demand\u00e9 que le rapport soit renvoy\u00e9 devant la Commission. La remarque a \u00e9t\u00e9 consid\u00e9r\u00e9e attentivement et dans un esprit de pri\u00e8re par la Commission de Nominations et nous allons soumettre \u00e0 nouveau le rapport dans sa totalit\u00e9 aujourd&#39;hui.\u00a0\u00bb <\/p>\n<p>Ensuite, Isma\u00ebl Castillo a recommand\u00e9 les noms suivants en tant que directeurs adjoints de leurs d\u00e9partements respectifs \u00e0 la Conf\u00e9rence G\u00e9n\u00e9rale: <\/p>\n<p>Suastin Mfune, Minist\u00e8re des Enfants; Mario Ceballos, Minist\u00e8res de l&#39;Aumonerie Adventiste; Raquel Arrias, Minist\u00e8re des Femmes; Gary Swanson, Ecole du Sabbat\/Minist\u00e8res Personnels; Kathleen Kuntaraf, Peter Landless, Fred Hardinge, Minist\u00e8res de la Sant\u00e9; Wilmar Hirle, Minist\u00e8res des Publications; Barry Bussey et James Standish, Affaires Publiques et Libert\u00e9 Religieuse. <\/p>\n<p>Les nominations ont \u00e9t\u00e9 approuv\u00e9es avec une large majorit\u00e9. <\/p>\n<p>Les d\u00e9l\u00e9gu\u00e9s ont ensuite approuv\u00e9 les nominations suivantes: <\/p>\n<p>Myron Iseminger, tr\u00e9sorier de la F\u00e9d\u00e9ration Upper Columbia en Am\u00e9rique du Nord, a \u00e9t\u00e9 \u00e9lu en tant que sous-secr\u00e9taire de la Conf\u00e9rence G\u00e9n\u00e9rale. <\/p>\n<p>Gilbert Cangy a \u00e9t\u00e9 \u00e9lu directeur du D\u00e9partement de Jeunesse. Il avait servi auparavant au Minist\u00e8re de la Jeunesse dans la Division du Pacifique Sud. <\/p>\n<p>Charles Simpson et Wilfrido Sumagaysay, tous les deux sortants, ont \u00e9t\u00e9 reconduits \u00e0 leurs postes de directeurs adjoints des Services Fiduciaires (fideicommis). <\/p>\n<p>Luis Schulz a \u00e9t\u00e9 reconduit comme directeur adjoint du d\u00e9partement de l&#39;\u00e9ducation de la Conf\u00e9rence G\u00e9n\u00e9rale. Les autres \u00e9lus en tant que directeurs adjoints \u00e0 ce d\u00e9partement sont: Michael M. Lekic, pr\u00e9c\u00e9demment directeur de l&#39;Education de la Division de l&#39;Asie et du Pacifique Sud; John Wesley Taylor V, qui servait auparavant \u00e0 Southern Adventist University en Am\u00e9rique du Nord; et Hudson Kibuuka, l&#39;ancien directeur de l&#39;\u00e9ducation de la Division de l&#39;Afrique du Centre Est. <\/p>\n<p>Mario Nino, directeur de la Gestion Chr\u00e9tienne \u00e0 la Division Inter Am\u00e9ricaine, a \u00e9t\u00e9 \u00e9lu comme directeur adjoint du D\u00e9partement de Gestion Chr\u00e9tienne. <\/p>\n","protected":false},"excerpt":{"rendered":"<p>Robert Kyte,pr\u00e9sident de la Commission de Nominations, et Isma\u00ebl Castillo, secr\u00e9taireadjoint, sont venus devant les d\u00e9l\u00e9gu\u00e9s de la Session mercredi 30 juin dans l&#39;apr\u00e8smidi afin de pr\u00e9s<\/p>\n","protected":false},"author":1,"featured_media":0,"comment_status":"closed","ping_status":"closed","sticky":false,"template":"","format":"standard","meta":{"_acf_changed":false,"footnotes":""},"categories":[9],"tags":[],"class_list":["post-13399","post","type-post","status-publish","format-standard","hentry","category-archive-fr"],"acf":[],"yoast_head":"<!-- This site is optimized with the Yoast SEO plugin v27.3 - https:\/\/yoast.com\/product\/yoast-seo-wordpress\/ -->\n<title>La Commission de Nominations se concentre sur les directeurs adjoints - \u00c9glise Adventiste Du Septieme Jour - Inter Am\u00e9rique Division<\/title>\n<meta name=\"robots\" content=\"index, follow, max-snippet:-1, max-image-preview:large, max-video-preview:-1\" \/>\n<link rel=\"canonical\" href=\"https:\/\/interamerica.org\/fr\/2010\/07\/la-commission-de-nominations-se-concentre-sur-les-directeurs-adjoints\/\" \/>\n<meta property=\"og:locale\" content=\"fr_FR\" \/>\n<meta property=\"og:type\" content=\"article\" \/>\n<meta property=\"og:title\" content=\"La Commission de Nominations se concentre sur les directeurs adjoints - \u00c9glise Adventiste Du Septieme Jour - Inter Am\u00e9rique Division\" \/>\n<meta property=\"og:description\" content=\"Robert Kyte,pr\u00e9sident de la Commission de Nominations, et Isma\u00ebl Castillo, secr\u00e9taireadjoint, sont venus devant les d\u00e9l\u00e9gu\u00e9s de la Session mercredi 30 juin dans l&#039;apr\u00e8smidi afin de pr\u00e9s\" \/>\n<meta property=\"og:url\" content=\"https:\/\/interamerica.org\/fr\/2010\/07\/la-commission-de-nominations-se-concentre-sur-les-directeurs-adjoints\/\" \/>\n<meta property=\"og:site_name\" content=\"\u00c9glise Adventiste Du Septieme Jour - Inter Am\u00e9rique Division\" \/>\n<meta property=\"article:published_time\" content=\"2010-07-01T04:00:00+00:00\" \/>\n<meta property=\"article:modified_time\" content=\"2017-06-02T17:03:33+00:00\" \/>\n<meta name=\"author\" content=\"Lorenzo Verduzco\" \/>\n<meta name=\"twitter:card\" content=\"summary_large_image\" \/>\n<meta name=\"twitter:label1\" content=\"\u00c9crit par\" \/>\n\t<meta name=\"twitter:data1\" content=\"Lorenzo Verduzco\" \/>\n\t<meta name=\"twitter:label2\" content=\"Dur\u00e9e de lecture estim\u00e9e\" \/>\n\t<meta name=\"twitter:data2\" content=\"2 minutes\" \/>\n<script type=\"application\/ld+json\" class=\"yoast-schema-graph\">{\"@context\":\"https:\\\/\\\/schema.org\",\"@graph\":[{\"@type\":\"Article\",\"@id\":\"https:\\\/\\\/interamerica.org\\\/fr\\\/2010\\\/07\\\/la-commission-de-nominations-se-concentre-sur-les-directeurs-adjoints\\\/#article\",\"isPartOf\":{\"@id\":\"https:\\\/\\\/interamerica.org\\\/fr\\\/2010\\\/07\\\/la-commission-de-nominations-se-concentre-sur-les-directeurs-adjoints\\\/\"},\"author\":{\"name\":\"Lorenzo Verduzco\",\"@id\":\"https:\\\/\\\/interamerica.org\\\/fr\\\/#\\\/schema\\\/person\\\/68ede8bdc292885bb76c1e3810e73c39\"},\"headline\":\"La Commission de Nominations se concentre sur les directeurs adjoints\",\"datePublished\":\"2010-07-01T04:00:00+00:00\",\"dateModified\":\"2017-06-02T17:03:33+00:00\",\"mainEntityOfPage\":{\"@id\":\"https:\\\/\\\/interamerica.org\\\/fr\\\/2010\\\/07\\\/la-commission-de-nominations-se-concentre-sur-les-directeurs-adjoints\\\/\"},\"wordCount\":433,\"articleSection\":[\"Archive\"],\"inLanguage\":\"fr-FR\"},{\"@type\":\"WebPage\",\"@id\":\"https:\\\/\\\/interamerica.org\\\/fr\\\/2010\\\/07\\\/la-commission-de-nominations-se-concentre-sur-les-directeurs-adjoints\\\/\",\"url\":\"https:\\\/\\\/interamerica.org\\\/fr\\\/2010\\\/07\\\/la-commission-de-nominations-se-concentre-sur-les-directeurs-adjoints\\\/\",\"name\":\"La Commission de Nominations se concentre sur les directeurs adjoints - \u00c9glise Adventiste Du Septieme Jour - Inter Am\u00e9rique Division\",\"isPartOf\":{\"@id\":\"https:\\\/\\\/interamerica.org\\\/fr\\\/#website\"},\"datePublished\":\"2010-07-01T04:00:00+00:00\",\"dateModified\":\"2017-06-02T17:03:33+00:00\",\"author\":{\"@id\":\"https:\\\/\\\/interamerica.org\\\/fr\\\/#\\\/schema\\\/person\\\/68ede8bdc292885bb76c1e3810e73c39\"},\"breadcrumb\":{\"@id\":\"https:\\\/\\\/interamerica.org\\\/fr\\\/2010\\\/07\\\/la-commission-de-nominations-se-concentre-sur-les-directeurs-adjoints\\\/#breadcrumb\"},\"inLanguage\":\"fr-FR\",\"potentialAction\":[{\"@type\":\"ReadAction\",\"target\":[\"https:\\\/\\\/interamerica.org\\\/fr\\\/2010\\\/07\\\/la-commission-de-nominations-se-concentre-sur-les-directeurs-adjoints\\\/\"]}]},{\"@type\":\"BreadcrumbList\",\"@id\":\"https:\\\/\\\/interamerica.org\\\/fr\\\/2010\\\/07\\\/la-commission-de-nominations-se-concentre-sur-les-directeurs-adjoints\\\/#breadcrumb\",\"itemListElement\":[{\"@type\":\"ListItem\",\"position\":1,\"name\":\"Home\",\"item\":\"https:\\\/\\\/interamerica.org\\\/fr\\\/\"},{\"@type\":\"ListItem\",\"position\":2,\"name\":\"La Commission de Nominations se concentre sur les directeurs adjoints\"}]},{\"@type\":\"WebSite\",\"@id\":\"https:\\\/\\\/interamerica.org\\\/fr\\\/#website\",\"url\":\"https:\\\/\\\/interamerica.org\\\/fr\\\/\",\"name\":\"\u00c9glise Adventiste Du Septieme Jour - Inter Am\u00e9rique Division\",\"description\":\"\",\"potentialAction\":[{\"@type\":\"SearchAction\",\"target\":{\"@type\":\"EntryPoint\",\"urlTemplate\":\"https:\\\/\\\/interamerica.org\\\/fr\\\/?s={search_term_string}\"},\"query-input\":{\"@type\":\"PropertyValueSpecification\",\"valueRequired\":true,\"valueName\":\"search_term_string\"}}],\"inLanguage\":\"fr-FR\"},{\"@type\":\"Person\",\"@id\":\"https:\\\/\\\/interamerica.org\\\/fr\\\/#\\\/schema\\\/person\\\/68ede8bdc292885bb76c1e3810e73c39\",\"name\":\"Lorenzo Verduzco\",\"image\":{\"@type\":\"ImageObject\",\"inLanguage\":\"fr-FR\",\"@id\":\"https:\\\/\\\/secure.gravatar.com\\\/avatar\\\/fb81a55b6218459490a9c1dc841a34909185b81904c5337b4b27f7a6fd60c49e?s=96&d=mm&r=g\",\"url\":\"https:\\\/\\\/secure.gravatar.com\\\/avatar\\\/fb81a55b6218459490a9c1dc841a34909185b81904c5337b4b27f7a6fd60c49e?s=96&d=mm&r=g\",\"contentUrl\":\"https:\\\/\\\/secure.gravatar.com\\\/avatar\\\/fb81a55b6218459490a9c1dc841a34909185b81904c5337b4b27f7a6fd60c49e?s=96&d=mm&r=g\",\"caption\":\"Lorenzo Verduzco\"}}]}<\/script>\n<!-- \/ Yoast SEO plugin. -->","yoast_head_json":{"title":"La Commission de Nominations se concentre sur les directeurs adjoints - \u00c9glise Adventiste Du Septieme Jour - Inter Am\u00e9rique Division","robots":{"index":"index","follow":"follow","max-snippet":"max-snippet:-1","max-image-preview":"max-image-preview:large","max-video-preview":"max-video-preview:-1"},"canonical":"https:\/\/interamerica.org\/fr\/2010\/07\/la-commission-de-nominations-se-concentre-sur-les-directeurs-adjoints\/","og_locale":"fr_FR","og_type":"article","og_title":"La Commission de Nominations se concentre sur les directeurs adjoints - \u00c9glise Adventiste Du Septieme Jour - Inter Am\u00e9rique Division","og_description":"Robert Kyte,pr\u00e9sident de la Commission de Nominations, et Isma\u00ebl Castillo, secr\u00e9taireadjoint, sont venus devant les d\u00e9l\u00e9gu\u00e9s de la Session mercredi 30 juin dans l&#39;apr\u00e8smidi afin de pr\u00e9s","og_url":"https:\/\/interamerica.org\/fr\/2010\/07\/la-commission-de-nominations-se-concentre-sur-les-directeurs-adjoints\/","og_site_name":"\u00c9glise Adventiste Du Septieme Jour - Inter Am\u00e9rique Division","article_published_time":"2010-07-01T04:00:00+00:00","article_modified_time":"2017-06-02T17:03:33+00:00","author":"Lorenzo Verduzco","twitter_card":"summary_large_image","twitter_misc":{"\u00c9crit par":"Lorenzo Verduzco","Dur\u00e9e de lecture estim\u00e9e":"2 minutes"},"schema":{"@context":"https:\/\/schema.org","@graph":[{"@type":"Article","@id":"https:\/\/interamerica.org\/fr\/2010\/07\/la-commission-de-nominations-se-concentre-sur-les-directeurs-adjoints\/#article","isPartOf":{"@id":"https:\/\/interamerica.org\/fr\/2010\/07\/la-commission-de-nominations-se-concentre-sur-les-directeurs-adjoints\/"},"author":{"name":"Lorenzo Verduzco","@id":"https:\/\/interamerica.org\/fr\/#\/schema\/person\/68ede8bdc292885bb76c1e3810e73c39"},"headline":"La Commission de Nominations se concentre sur les directeurs adjoints","datePublished":"2010-07-01T04:00:00+00:00","dateModified":"2017-06-02T17:03:33+00:00","mainEntityOfPage":{"@id":"https:\/\/interamerica.org\/fr\/2010\/07\/la-commission-de-nominations-se-concentre-sur-les-directeurs-adjoints\/"},"wordCount":433,"articleSection":["Archive"],"inLanguage":"fr-FR"},{"@type":"WebPage","@id":"https:\/\/interamerica.org\/fr\/2010\/07\/la-commission-de-nominations-se-concentre-sur-les-directeurs-adjoints\/","url":"https:\/\/interamerica.org\/fr\/2010\/07\/la-commission-de-nominations-se-concentre-sur-les-directeurs-adjoints\/","name":"La Commission de Nominations se concentre sur les directeurs adjoints - \u00c9glise Adventiste Du Septieme Jour - Inter Am\u00e9rique Division","isPartOf":{"@id":"https:\/\/interamerica.org\/fr\/#website"},"datePublished":"2010-07-01T04:00:00+00:00","dateModified":"2017-06-02T17:03:33+00:00","author":{"@id":"https:\/\/interamerica.org\/fr\/#\/schema\/person\/68ede8bdc292885bb76c1e3810e73c39"},"breadcrumb":{"@id":"https:\/\/interamerica.org\/fr\/2010\/07\/la-commission-de-nominations-se-concentre-sur-les-directeurs-adjoints\/#breadcrumb"},"inLanguage":"fr-FR","potentialAction":[{"@type":"ReadAction","target":["https:\/\/interamerica.org\/fr\/2010\/07\/la-commission-de-nominations-se-concentre-sur-les-directeurs-adjoints\/"]}]},{"@type":"BreadcrumbList","@id":"https:\/\/interamerica.org\/fr\/2010\/07\/la-commission-de-nominations-se-concentre-sur-les-directeurs-adjoints\/#breadcrumb","itemListElement":[{"@type":"ListItem","position":1,"name":"Home","item":"https:\/\/interamerica.org\/fr\/"},{"@type":"ListItem","position":2,"name":"La Commission de Nominations se concentre sur les directeurs adjoints"}]},{"@type":"WebSite","@id":"https:\/\/interamerica.org\/fr\/#website","url":"https:\/\/interamerica.org\/fr\/","name":"\u00c9glise Adventiste Du Septieme Jour - Inter Am\u00e9rique Division","description":"","potentialAction":[{"@type":"SearchAction","target":{"@type":"EntryPoint","urlTemplate":"https:\/\/interamerica.org\/fr\/?s={search_term_string}"},"query-input":{"@type":"PropertyValueSpecification","valueRequired":true,"valueName":"search_term_string"}}],"inLanguage":"fr-FR"},{"@type":"Person","@id":"https:\/\/interamerica.org\/fr\/#\/schema\/person\/68ede8bdc292885bb76c1e3810e73c39","name":"Lorenzo Verduzco","image":{"@type":"ImageObject","inLanguage":"fr-FR","@id":"https:\/\/secure.gravatar.com\/avatar\/fb81a55b6218459490a9c1dc841a34909185b81904c5337b4b27f7a6fd60c49e?s=96&d=mm&r=g","url":"https:\/\/secure.gravatar.com\/avatar\/fb81a55b6218459490a9c1dc841a34909185b81904c5337b4b27f7a6fd60c49e?s=96&d=mm&r=g","contentUrl":"https:\/\/secure.gravatar.com\/avatar\/fb81a55b6218459490a9c1dc841a34909185b81904c5337b4b27f7a6fd60c49e?s=96&d=mm&r=g","caption":"Lorenzo Verduzco"}}]}},"_links":{"self":[{"href":"https:\/\/interamerica.org\/fr\/wp-json\/wp\/v2\/posts\/13399","targetHints":{"allow":["GET"]}}],"collection":[{"href":"https:\/\/interamerica.org\/fr\/wp-json\/wp\/v2\/posts"}],"about":[{"href":"https:\/\/interamerica.org\/fr\/wp-json\/wp\/v2\/types\/post"}],"author":[{"embeddable":true,"href":"https:\/\/interamerica.org\/fr\/wp-json\/wp\/v2\/users\/1"}],"replies":[{"embeddable":true,"href":"https:\/\/interamerica.org\/fr\/wp-json\/wp\/v2\/comments?post=13399"}],"version-history":[{"count":0,"href":"https:\/\/interamerica.org\/fr\/wp-json\/wp\/v2\/posts\/13399\/revisions"}],"wp:attachment":[{"href":"https:\/\/interamerica.org\/fr\/wp-json\/wp\/v2\/media?parent=13399"}],"wp:term":[{"taxonomy":"category","embeddable":true,"href":"https:\/\/interamerica.org\/fr\/wp-json\/wp\/v2\/categories?post=13399"},{"taxonomy":"post_tag","embeddable":true,"href":"https:\/\/interamerica.org\/fr\/wp-json\/wp\/v2\/tags?post=13399"}],"curies":[{"name":"wp","href":"https:\/\/api.w.org\/{rel}","templated":true}]}}