{"id":13400,"date":"2010-07-01T00:00:00","date_gmt":"2010-07-01T04:00:00","guid":{"rendered":"http:\/\/192.81.217.108\/interamerica\/2010\/07\/une-transitionrapide-avec-le-nouveau-president-de-leglise-adventiste\/"},"modified":"2017-06-02T13:03:33","modified_gmt":"2017-06-02T17:03:33","slug":"une-transitionrapide-avec-le-nouveau-president-de-leglise-adventiste","status":"publish","type":"post","link":"https:\/\/interamerica.org\/fr\/2010\/07\/une-transitionrapide-avec-le-nouveau-president-de-leglise-adventiste\/","title":{"rendered":"Une transitionrapide avec le nouveau pr\u00e9sident de l&#39;\u00e9glise Adventiste"},"content":{"rendered":"<p>1er Juillet 2010,Atlanta, G\u00e9orgie, Etats Unis&#8230;Edwin Manuel Garcia\/ANN<\/p>\n<p>Le pr\u00e9sidentAm\u00e9ricain Barack Obama a profit\u00e9 d&#39;une p\u00e9riode de transition de 77 jours entreson \u00e9lection et son inauguration.<\/p>\n<p>La pr\u00e9sidente dePacific Union College, Heather Knight a pris 81 jours pour se pr\u00e9parer \u00e0 sanouvelle fonction.<\/p>\n<p>Mais quand TedN.C. Wilson a \u00e9t\u00e9 \u00e9lu vendredi comme leader de l&#39;\u00e9glise Adventiste du Septi\u00e8mejour avec ses 16,3 millions de membres, il a eu moins de deux heures pourlaisser son ancienne fonction et entrer dans la nouvelle au cours de la 59\u00e8meSession de la Conf\u00e9rence G\u00e9n\u00e9rale \u00e0 Atlanta.<\/p>\n<p>Ce calendrier peutparaitre incroyablement rapide pour une fonction demandant une telle responsabilit\u00e9,mais cela fait aussi partie d&#39;une pratique bien \u00e9tablie \u00e0 chaque Session de laConf\u00e9rence G\u00e9n\u00e9rale, et les officiels de l&#39;\u00e9glise sont convaincus que lesyst\u00e8me fonctionne.<\/p>\n<p>Les pr\u00e9sidents nesont pas les seuls \u00e0 vivre une transition rapide. Des dizaines de dirigeants\u00e9lus \u00e0 l&#39;occasion de la session de dix jours, du 23 juin au 3 juillet prennentleurs fonctions &#8211;ou alors continuent \u00e0 leurs positions dans le cas dessortants &#8212; \u00e0 compter du moment o\u00f9 les d\u00e9l\u00e9gu\u00e9s ont fini de voter.<\/p>\n<p>Mais aucunetransition n&#39;est aussi rapide qu&#39;au niveau de la pr\u00e9sidence; en effet la vie duleader nouvellement \u00e9lu change de mani\u00e8re significative en l&#39;espace de quelquesminutes.<\/p>\n<p>On lui assigne imm\u00e9diatementun agent de s\u00e9curit\u00e9 qui l&#39;accompagne d&#39;un endroit \u00e0 l&#39;autre, parfois dans despassages secrets pour \u00e9viter la foule. Il devient subitement le principaldirigeant dans la r\u00e9union de planification matinale o\u00f9 juste la veille iln&#39;\u00e9tait que l&#39;un des participants. Il a l&#39;occasion d&#39;exercer une certaine influencesur la Commission de Nominations qui s\u00e9lectionne les leaders qui devronttravailler avec lui pendant les cinq prochaines ann\u00e9es.<\/p>\n<p>Oh, et s&#39;il restedu temps, la personne en charge de son planning programme autant de rendez vousque possible avec l&#39;ancien pr\u00e9sident Jan Paulsen pour faciliter la transitionau cours de la premi\u00e8re semaine tr\u00e8s mouvement\u00e9e en tant que pr\u00e9sident.<\/p>\n<p>\u00ab\u00a0Tout va \u00e0une vitesse effr\u00e9n\u00e9e, oh la la! C&#39;est incroyable,\u00a0\u00bb a dit l&#39;ancienpr\u00e9sident Robert S. Folkenberg.<\/p>\n<p>\u00ab\u00a0C&#39;est unesurcharge sensorielle, spirituelle et aussi une surcharge au niveau del&#39;information,\u00a0\u00bb a ajout\u00e9 Robert Folkenberg, le principal dirigeant del&#39;\u00e9glise Adventiste de 1990 \u00e0 1999, qui se rappelle comment il est pass\u00e9 de lapr\u00e9sidence de la F\u00e9d\u00e9ration de la Caroline \u00e0 pr\u00e9sident de la Conf\u00e9rence G\u00e9n\u00e9raleen l&#39;espace de quelques minutes.<\/p>\n<p>Le d\u00e9fi \u00e0 venir<\/p>\n<p>Ceux quiconnaissent Ted Wilson disent qu&#39;il est capable de relever le d\u00e9fi, gr\u00e2ce aucontexte d&#39;o\u00f9 il vient et \u00e0 son exp\u00e9rience: il est le fils d&#39;un ancienpr\u00e9sident de l&#39;\u00e9glise mondiale, Neal Wilson, et a \u00e9t\u00e9 pendant longtemps un desvice-pr\u00e9sidents de la Conf\u00e9rence G\u00e9n\u00e9rale.<\/p>\n<p>\u00ab\u00a0Il est bienau courant de certains des probl\u00e8mes qui devront \u00eatre trait\u00e9s,\u00a0\u00bb a d\u00e9clar\u00e9 OrvilleD. Parchment, assistant du pr\u00e9sident Paulsen depuis 2003, et, depuis la semainederni\u00e8re, l&#39;assistant du pr\u00e9sident Wilson.<\/p>\n<p>La transitionrapide \u00ab\u00a0semble tr\u00e8s soudaine \u00e0 quelqu&#39;un de l&#39;ext\u00e9rieur,\u00a0\u00bb a ditHeather Knight, pr\u00e9sidente de Pacific Union College (PUC) dans le Nord de laCalifornie, \u00ab\u00a0mais en r\u00e9alit\u00e9, il \u00e9tait tr\u00e8s tr\u00e8s bien pr\u00e9par\u00e9.\u00a0\u00bb<\/p>\n<p>Cependant, disposerde plus de temps pour se pr\u00e9parer \u00e0 une nouvelle fonction a ses avantages, a ajout\u00e9Heather Knight, une ancienne responsable \u00e0 Andrews University qui a accept\u00e9 sanouvelle fonction \u00e0 PUC le 17 Juin 2009 et a commenc\u00e9 \u00e0 y travailler pr\u00e8s detrois mois plus tard.<\/p>\n<p>Au cours de latransition, elle a pr\u00e9par\u00e9 un classeur de 12 cm d&#39;\u00e9paisseur remplid&#39;instructions \u00e0 l&#39;attention de son successeur \u00e0 Andrews, elle s&#39;est ensuiterendue en Californie pour rencontrer sa nouvelle \u00e9quipe de direction et elle amis en place des objectifs pour sa nouvelle fonction.<\/p>\n<p>\u00ab\u00a0ce n&#39;estjamais suffisamment de temps, mais quand Dieu vous appelle a faire quelquechose,\u00a0\u00bb a dit Heather Knight, \u00ab\u00a0Il vous \u00e9quipe aussi pour que letravail soit fait.\u00a0\u00bb<\/p>\n<p>Rencontres matinales<\/p>\n<p>Le nouveaupr\u00e9sident de la Conf\u00e9rence G\u00e9n\u00e9rale se r\u00e9veille avant le soleil pour sad\u00e9votion personnelle et ensuite il assiste \u00e0 la rencontre de 6h45 du Comit\u00e9 Directeuro\u00f9 il est assis en premi\u00e8re place \u00e0 une table rectangulaire autour de laquellese trouve les vice pr\u00e9sidents et les autres officiers qui aident \u00e0 \u00e9tablir leprogramme de la Session pour la journ\u00e9e.<\/p>\n<p>\u00ab\u00a0Vous passezd&#39;un r\u00f4le de participant ou d&#39;observateur \u00e0 celui o\u00f9 vous donnez des conseilsinform\u00e9s,\u00a0\u00bb indique Robert Folkenberg. \u00ab\u00a0C&#39;est tout simplement incroyable.\u00a0\u00bb<\/p>\n<p>Apr\u00e8s larencontre du matin, Ted Wilson prend part \u00e0 plusieurs r\u00e9unions d&#39;affil\u00e9e,certaines d&#39;entre elles se tenant dans un bureau temporaire \u00e0 cloisonsmodulaires qui a \u00e9t\u00e9 assembl\u00e9 pour lui dans le Georgia World Congress Center,qui est pratiquement identique au bureau de l&#39;autre cot\u00e9 du hall dans lequeltravaille l&#39;ancien pr\u00e9sident bient\u00f4t \u00e0 la retraite Jan Paulsen .<\/p>\n<p>Il n&#39;est pas rarepour Ted Wilson de participer \u00e0 des r\u00e9unions tardives apr\u00e8s le programme dusoir au Georgia Dome qui en g\u00e9n\u00e9ral se termine apr\u00e8s 21h.<\/p>\n<p>Apr\u00e8s la cl\u00f4turede la Session ce weekend, Ted Wilson retournera \u00e0 Silver Spring dans leMaryland et emm\u00e9nagera dans le bureau pr\u00e9sidentiel situ\u00e9 \u00e0 environ une douzainede m\u00e8tres le long du couloir o\u00f9 se trouve son actuel bureau.<\/p>\n<p>Et alors soncalendrier d&#39;invitations commencera \u00e0 se remplir. Et rapidement.<\/p>\n<p>\u00ab\u00a0Le nouveaupr\u00e9sident commencera \u00e0 prendre des rendez vous, et ses rendez vous dans tr\u00e8speu de temps &#8212; je dirais d&#39;ici un mois ou deux &#8212; s&#39;\u00e9taleront sur deux, troisans,\u00a0\u00bb a indiqu\u00e9 Orville parchment. \u00ab\u00a0I n&#39;y a pas de p\u00e9riode de lune demiel.\u00a0\u00bb<\/p>\n","protected":false},"excerpt":{"rendered":"<p>Le pr\u00e9sidentAm\u00e9ricain Barack Obama a profit\u00e9 d&#39;une p\u00e9riode de transition de 77 jours entreson \u00e9lection et son inauguration.<\/p>\n","protected":false},"author":1,"featured_media":0,"comment_status":"closed","ping_status":"closed","sticky":false,"template":"","format":"standard","meta":{"_acf_changed":false,"footnotes":""},"categories":[9],"tags":[],"class_list":["post-13400","post","type-post","status-publish","format-standard","hentry","category-archive-fr"],"acf":[],"yoast_head":"<!-- This site is optimized with the Yoast SEO plugin v27.3 - https:\/\/yoast.com\/product\/yoast-seo-wordpress\/ -->\n<title>Une transitionrapide avec le nouveau pr\u00e9sident de l&#039;\u00e9glise Adventiste - \u00c9glise Adventiste Du Septieme Jour - Inter Am\u00e9rique Division<\/title>\n<meta name=\"robots\" content=\"index, follow, max-snippet:-1, max-image-preview:large, max-video-preview:-1\" \/>\n<link rel=\"canonical\" href=\"https:\/\/interamerica.org\/fr\/2010\/07\/une-transitionrapide-avec-le-nouveau-president-de-leglise-adventiste\/\" \/>\n<meta property=\"og:locale\" content=\"fr_FR\" \/>\n<meta property=\"og:type\" content=\"article\" \/>\n<meta property=\"og:title\" content=\"Une transitionrapide avec le nouveau pr\u00e9sident de l&#039;\u00e9glise Adventiste - \u00c9glise Adventiste Du Septieme Jour - Inter Am\u00e9rique Division\" \/>\n<meta property=\"og:description\" content=\"Le pr\u00e9sidentAm\u00e9ricain Barack Obama a profit\u00e9 d&#039;une p\u00e9riode de transition de 77 jours entreson \u00e9lection et son inauguration.\" \/>\n<meta property=\"og:url\" content=\"https:\/\/interamerica.org\/fr\/2010\/07\/une-transitionrapide-avec-le-nouveau-president-de-leglise-adventiste\/\" \/>\n<meta property=\"og:site_name\" content=\"\u00c9glise Adventiste Du Septieme Jour - Inter Am\u00e9rique Division\" \/>\n<meta property=\"article:published_time\" content=\"2010-07-01T04:00:00+00:00\" \/>\n<meta property=\"article:modified_time\" content=\"2017-06-02T17:03:33+00:00\" \/>\n<meta name=\"author\" content=\"Lorenzo Verduzco\" \/>\n<meta name=\"twitter:card\" content=\"summary_large_image\" \/>\n<meta name=\"twitter:label1\" content=\"\u00c9crit par\" \/>\n\t<meta name=\"twitter:data1\" content=\"Lorenzo Verduzco\" \/>\n\t<meta name=\"twitter:label2\" content=\"Dur\u00e9e de lecture estim\u00e9e\" \/>\n\t<meta name=\"twitter:data2\" content=\"5 minutes\" \/>\n<script type=\"application\/ld+json\" class=\"yoast-schema-graph\">{\"@context\":\"https:\\\/\\\/schema.org\",\"@graph\":[{\"@type\":\"Article\",\"@id\":\"https:\\\/\\\/interamerica.org\\\/fr\\\/2010\\\/07\\\/une-transitionrapide-avec-le-nouveau-president-de-leglise-adventiste\\\/#article\",\"isPartOf\":{\"@id\":\"https:\\\/\\\/interamerica.org\\\/fr\\\/2010\\\/07\\\/une-transitionrapide-avec-le-nouveau-president-de-leglise-adventiste\\\/\"},\"author\":{\"name\":\"Lorenzo Verduzco\",\"@id\":\"https:\\\/\\\/interamerica.org\\\/fr\\\/#\\\/schema\\\/person\\\/68ede8bdc292885bb76c1e3810e73c39\"},\"headline\":\"Une transitionrapide avec le nouveau pr\u00e9sident de l&#39;\u00e9glise Adventiste\",\"datePublished\":\"2010-07-01T04:00:00+00:00\",\"dateModified\":\"2017-06-02T17:03:33+00:00\",\"mainEntityOfPage\":{\"@id\":\"https:\\\/\\\/interamerica.org\\\/fr\\\/2010\\\/07\\\/une-transitionrapide-avec-le-nouveau-president-de-leglise-adventiste\\\/\"},\"wordCount\":966,\"articleSection\":[\"Archive\"],\"inLanguage\":\"fr-FR\"},{\"@type\":\"WebPage\",\"@id\":\"https:\\\/\\\/interamerica.org\\\/fr\\\/2010\\\/07\\\/une-transitionrapide-avec-le-nouveau-president-de-leglise-adventiste\\\/\",\"url\":\"https:\\\/\\\/interamerica.org\\\/fr\\\/2010\\\/07\\\/une-transitionrapide-avec-le-nouveau-president-de-leglise-adventiste\\\/\",\"name\":\"Une transitionrapide avec le nouveau pr\u00e9sident de l&#39;\u00e9glise Adventiste - \u00c9glise Adventiste Du Septieme Jour - Inter Am\u00e9rique Division\",\"isPartOf\":{\"@id\":\"https:\\\/\\\/interamerica.org\\\/fr\\\/#website\"},\"datePublished\":\"2010-07-01T04:00:00+00:00\",\"dateModified\":\"2017-06-02T17:03:33+00:00\",\"author\":{\"@id\":\"https:\\\/\\\/interamerica.org\\\/fr\\\/#\\\/schema\\\/person\\\/68ede8bdc292885bb76c1e3810e73c39\"},\"breadcrumb\":{\"@id\":\"https:\\\/\\\/interamerica.org\\\/fr\\\/2010\\\/07\\\/une-transitionrapide-avec-le-nouveau-president-de-leglise-adventiste\\\/#breadcrumb\"},\"inLanguage\":\"fr-FR\",\"potentialAction\":[{\"@type\":\"ReadAction\",\"target\":[\"https:\\\/\\\/interamerica.org\\\/fr\\\/2010\\\/07\\\/une-transitionrapide-avec-le-nouveau-president-de-leglise-adventiste\\\/\"]}]},{\"@type\":\"BreadcrumbList\",\"@id\":\"https:\\\/\\\/interamerica.org\\\/fr\\\/2010\\\/07\\\/une-transitionrapide-avec-le-nouveau-president-de-leglise-adventiste\\\/#breadcrumb\",\"itemListElement\":[{\"@type\":\"ListItem\",\"position\":1,\"name\":\"Home\",\"item\":\"https:\\\/\\\/interamerica.org\\\/fr\\\/\"},{\"@type\":\"ListItem\",\"position\":2,\"name\":\"Une transitionrapide avec le nouveau pr\u00e9sident de l&#39;\u00e9glise Adventiste\"}]},{\"@type\":\"WebSite\",\"@id\":\"https:\\\/\\\/interamerica.org\\\/fr\\\/#website\",\"url\":\"https:\\\/\\\/interamerica.org\\\/fr\\\/\",\"name\":\"\u00c9glise Adventiste Du Septieme Jour - Inter Am\u00e9rique Division\",\"description\":\"\",\"potentialAction\":[{\"@type\":\"SearchAction\",\"target\":{\"@type\":\"EntryPoint\",\"urlTemplate\":\"https:\\\/\\\/interamerica.org\\\/fr\\\/?s={search_term_string}\"},\"query-input\":{\"@type\":\"PropertyValueSpecification\",\"valueRequired\":true,\"valueName\":\"search_term_string\"}}],\"inLanguage\":\"fr-FR\"},{\"@type\":\"Person\",\"@id\":\"https:\\\/\\\/interamerica.org\\\/fr\\\/#\\\/schema\\\/person\\\/68ede8bdc292885bb76c1e3810e73c39\",\"name\":\"Lorenzo Verduzco\",\"image\":{\"@type\":\"ImageObject\",\"inLanguage\":\"fr-FR\",\"@id\":\"https:\\\/\\\/secure.gravatar.com\\\/avatar\\\/fb81a55b6218459490a9c1dc841a34909185b81904c5337b4b27f7a6fd60c49e?s=96&d=mm&r=g\",\"url\":\"https:\\\/\\\/secure.gravatar.com\\\/avatar\\\/fb81a55b6218459490a9c1dc841a34909185b81904c5337b4b27f7a6fd60c49e?s=96&d=mm&r=g\",\"contentUrl\":\"https:\\\/\\\/secure.gravatar.com\\\/avatar\\\/fb81a55b6218459490a9c1dc841a34909185b81904c5337b4b27f7a6fd60c49e?s=96&d=mm&r=g\",\"caption\":\"Lorenzo Verduzco\"}}]}<\/script>\n<!-- \/ Yoast SEO plugin. -->","yoast_head_json":{"title":"Une transitionrapide avec le nouveau pr\u00e9sident de l&#39;\u00e9glise Adventiste - \u00c9glise Adventiste Du Septieme Jour - Inter Am\u00e9rique Division","robots":{"index":"index","follow":"follow","max-snippet":"max-snippet:-1","max-image-preview":"max-image-preview:large","max-video-preview":"max-video-preview:-1"},"canonical":"https:\/\/interamerica.org\/fr\/2010\/07\/une-transitionrapide-avec-le-nouveau-president-de-leglise-adventiste\/","og_locale":"fr_FR","og_type":"article","og_title":"Une transitionrapide avec le nouveau pr\u00e9sident de l&#39;\u00e9glise Adventiste - \u00c9glise Adventiste Du Septieme Jour - Inter Am\u00e9rique Division","og_description":"Le pr\u00e9sidentAm\u00e9ricain Barack Obama a profit\u00e9 d&#39;une p\u00e9riode de transition de 77 jours entreson \u00e9lection et son inauguration.","og_url":"https:\/\/interamerica.org\/fr\/2010\/07\/une-transitionrapide-avec-le-nouveau-president-de-leglise-adventiste\/","og_site_name":"\u00c9glise Adventiste Du Septieme Jour - Inter Am\u00e9rique Division","article_published_time":"2010-07-01T04:00:00+00:00","article_modified_time":"2017-06-02T17:03:33+00:00","author":"Lorenzo Verduzco","twitter_card":"summary_large_image","twitter_misc":{"\u00c9crit par":"Lorenzo Verduzco","Dur\u00e9e de lecture estim\u00e9e":"5 minutes"},"schema":{"@context":"https:\/\/schema.org","@graph":[{"@type":"Article","@id":"https:\/\/interamerica.org\/fr\/2010\/07\/une-transitionrapide-avec-le-nouveau-president-de-leglise-adventiste\/#article","isPartOf":{"@id":"https:\/\/interamerica.org\/fr\/2010\/07\/une-transitionrapide-avec-le-nouveau-president-de-leglise-adventiste\/"},"author":{"name":"Lorenzo Verduzco","@id":"https:\/\/interamerica.org\/fr\/#\/schema\/person\/68ede8bdc292885bb76c1e3810e73c39"},"headline":"Une transitionrapide avec le nouveau pr\u00e9sident de l&#39;\u00e9glise Adventiste","datePublished":"2010-07-01T04:00:00+00:00","dateModified":"2017-06-02T17:03:33+00:00","mainEntityOfPage":{"@id":"https:\/\/interamerica.org\/fr\/2010\/07\/une-transitionrapide-avec-le-nouveau-president-de-leglise-adventiste\/"},"wordCount":966,"articleSection":["Archive"],"inLanguage":"fr-FR"},{"@type":"WebPage","@id":"https:\/\/interamerica.org\/fr\/2010\/07\/une-transitionrapide-avec-le-nouveau-president-de-leglise-adventiste\/","url":"https:\/\/interamerica.org\/fr\/2010\/07\/une-transitionrapide-avec-le-nouveau-president-de-leglise-adventiste\/","name":"Une transitionrapide avec le nouveau pr\u00e9sident de l&#39;\u00e9glise Adventiste - \u00c9glise Adventiste Du Septieme Jour - Inter Am\u00e9rique Division","isPartOf":{"@id":"https:\/\/interamerica.org\/fr\/#website"},"datePublished":"2010-07-01T04:00:00+00:00","dateModified":"2017-06-02T17:03:33+00:00","author":{"@id":"https:\/\/interamerica.org\/fr\/#\/schema\/person\/68ede8bdc292885bb76c1e3810e73c39"},"breadcrumb":{"@id":"https:\/\/interamerica.org\/fr\/2010\/07\/une-transitionrapide-avec-le-nouveau-president-de-leglise-adventiste\/#breadcrumb"},"inLanguage":"fr-FR","potentialAction":[{"@type":"ReadAction","target":["https:\/\/interamerica.org\/fr\/2010\/07\/une-transitionrapide-avec-le-nouveau-president-de-leglise-adventiste\/"]}]},{"@type":"BreadcrumbList","@id":"https:\/\/interamerica.org\/fr\/2010\/07\/une-transitionrapide-avec-le-nouveau-president-de-leglise-adventiste\/#breadcrumb","itemListElement":[{"@type":"ListItem","position":1,"name":"Home","item":"https:\/\/interamerica.org\/fr\/"},{"@type":"ListItem","position":2,"name":"Une transitionrapide avec le nouveau pr\u00e9sident de l&#39;\u00e9glise Adventiste"}]},{"@type":"WebSite","@id":"https:\/\/interamerica.org\/fr\/#website","url":"https:\/\/interamerica.org\/fr\/","name":"\u00c9glise Adventiste Du Septieme Jour - Inter Am\u00e9rique Division","description":"","potentialAction":[{"@type":"SearchAction","target":{"@type":"EntryPoint","urlTemplate":"https:\/\/interamerica.org\/fr\/?s={search_term_string}"},"query-input":{"@type":"PropertyValueSpecification","valueRequired":true,"valueName":"search_term_string"}}],"inLanguage":"fr-FR"},{"@type":"Person","@id":"https:\/\/interamerica.org\/fr\/#\/schema\/person\/68ede8bdc292885bb76c1e3810e73c39","name":"Lorenzo Verduzco","image":{"@type":"ImageObject","inLanguage":"fr-FR","@id":"https:\/\/secure.gravatar.com\/avatar\/fb81a55b6218459490a9c1dc841a34909185b81904c5337b4b27f7a6fd60c49e?s=96&d=mm&r=g","url":"https:\/\/secure.gravatar.com\/avatar\/fb81a55b6218459490a9c1dc841a34909185b81904c5337b4b27f7a6fd60c49e?s=96&d=mm&r=g","contentUrl":"https:\/\/secure.gravatar.com\/avatar\/fb81a55b6218459490a9c1dc841a34909185b81904c5337b4b27f7a6fd60c49e?s=96&d=mm&r=g","caption":"Lorenzo Verduzco"}}]}},"_links":{"self":[{"href":"https:\/\/interamerica.org\/fr\/wp-json\/wp\/v2\/posts\/13400","targetHints":{"allow":["GET"]}}],"collection":[{"href":"https:\/\/interamerica.org\/fr\/wp-json\/wp\/v2\/posts"}],"about":[{"href":"https:\/\/interamerica.org\/fr\/wp-json\/wp\/v2\/types\/post"}],"author":[{"embeddable":true,"href":"https:\/\/interamerica.org\/fr\/wp-json\/wp\/v2\/users\/1"}],"replies":[{"embeddable":true,"href":"https:\/\/interamerica.org\/fr\/wp-json\/wp\/v2\/comments?post=13400"}],"version-history":[{"count":0,"href":"https:\/\/interamerica.org\/fr\/wp-json\/wp\/v2\/posts\/13400\/revisions"}],"wp:attachment":[{"href":"https:\/\/interamerica.org\/fr\/wp-json\/wp\/v2\/media?parent=13400"}],"wp:term":[{"taxonomy":"category","embeddable":true,"href":"https:\/\/interamerica.org\/fr\/wp-json\/wp\/v2\/categories?post=13400"},{"taxonomy":"post_tag","embeddable":true,"href":"https:\/\/interamerica.org\/fr\/wp-json\/wp\/v2\/tags?post=13400"}],"curies":[{"name":"wp","href":"https:\/\/api.w.org\/{rel}","templated":true}]}}