{"id":13403,"date":"2010-06-30T00:00:00","date_gmt":"2010-06-30T04:00:00","guid":{"rendered":"http:\/\/192.81.217.108\/interamerica\/2010\/06\/inter-amerique-centre-mexique-belize-et-colombie-sud-attirent-des-centaines-au-stand-de-lexposition\/"},"modified":"2017-06-02T13:03:37","modified_gmt":"2017-06-02T17:03:37","slug":"inter-amerique-centre-mexique-belize-et-colombie-sud-attirent-des-centaines-au-stand-de-lexposition","status":"publish","type":"post","link":"https:\/\/interamerica.org\/fr\/2010\/06\/inter-amerique-centre-mexique-belize-et-colombie-sud-attirent-des-centaines-au-stand-de-lexposition\/","title":{"rendered":"Inter-Am\u00e9rique:  Centre Mexique, B\u00e9lize et Colombie Sud attirent des centaines au stand de l&#39;exposition"},"content":{"rendered":"<p>30 juin 2010 &#8211; Atlanta, Georgie, Etats-Unis&#8230;(Libna Stevens\/DIA) <\/p>\n<p>Il \u00e9tait vraiment difficile de circuler dans l&#39;aire de l&#39;exposition de la Division Inter-Am\u00e9ricaine au Georgia World Congress Center au cours de la septi\u00e8me journ\u00e9e de cette exposition alors que le Centre du Mexique, B\u00e9lize et le Nord de la Colombie exposaient. <\/p>\n<p>Union Centrale Mexicaine <\/p>\n<p>Avec un effectif de plus de 70.000 membres, l&#39;Union Centrale Mexicaine est l&#39;une des r\u00e9gions de l&#39;\u00e9glise qui ait \u00e9t\u00e9 r\u00e9cemment organis\u00e9e.  Comme son si\u00e8ge principal se trouve \u00e0 Mexico City, l&#39;\u00e9glise a fait des plans pour desservir les plus de 23 milions de personnes qui vivent dans la grande ville ainsi qu&#39;au sein de la population des six \u00e9tats qui font partie de la r\u00e9gion de l&#39;\u00e9glise. <\/p>\n<p>\u00ab\u00a0Nous avons une population tr\u00e8s diversifi\u00e9e \u00e0 Mexico City,\u00a0\u00bb a dit Jorge Garcia, administrateur de l&#39;\u00e9glise du Centre du Mexique.  \u00ab\u00a0De nombreuses personnes en provenance de diff\u00e9rentes parties du pays y apportent leurs cultures et enrichissent la vaste population qui continue \u00e0 se d\u00e9velopper,\u00a0\u00bb <\/p>\n<p>Garcia a avanc\u00e9 que les dirigeants du Centre du Mexique se concentrent sur leurs plans strat\u00e9giques en vue d&#39;encourager la spiritualit\u00e9, renforcer la formation des petits groupes, et aussi consolider les finances. <\/p>\n<p>L&#39;\u00e9glise dirige plus 171 \u00e9glises et congr\u00e9gations dans la r\u00e9gion Centrale du Mexique ainsi que des douzaines d&#39;\u00e9coles primaires et secondaires. <\/p>\n<p>Union des Eglises de B\u00e9lize <\/p>\n<p>R\u00e9cemment organis\u00e9e en tant que champ de mission, l&#39;Union des \u00e9glises de B\u00e9lize est un groupe d&#39;\u00e9glises directement supervis\u00e9es par les dirigeants d&#39;un bureau principal qui a \u00e0 sa t\u00eate un pr\u00e9sident, un secr\u00e9taire et un tr\u00e9sorier comme toutes les f\u00e9d\u00e9rations ou unions de missions. <\/p>\n<p>La seule en son genre au sein de la division Inter-Am\u00e9ricaine et dans le reste de l&#39;h\u00e9misp\u00e8re occidental du globe, l&#39;Union des \u00e9glises de B\u00e9lize a vraiment progress\u00e9 et cr\u00fb depuis sa formation, d&#39;apr\u00e8s les dirigeants d&#39;\u00e9glise. <\/p>\n<p>\u00ab\u00a0Nos membres sont si heureux car nous avons la m\u00eame structure que les unions de missions avec des administrateurs qualifi\u00e9s,\u00a0\u00bb dit Abilio Cima, secr\u00e9taire et directeur de communication de l&#39;\u00e9glise de B\u00e9lize.  \u00ab\u00a0C&#39;est une b\u00e9n\u00e9diction que nos \u00e9glises gardent un contact si \u00e9troit avec les plus de 38.000 membres du pays.\u00a0\u00bb <\/p>\n<p>L&#39;un des moyens le plus efficace de l&#39;\u00e9vang\u00e9lisation est bien l&#39;\u00e9vang\u00e9lisation publique avec le format de campagnes sous les tentes d\u00e9clare Cima.  \u00ab\u00a0Cette campagne (sous les tentes) est la force motrice de l&#39;\u00e9vang\u00e9lisation publique de notre pays. <\/p>\n<p>Situ\u00e9 dans la partie nord-est de l&#39;Am\u00e9rique Centrale, B\u00e9lize dirige plusieurs \u00e9coles et un coll\u00e8ge. <\/p>\n<p>Union du Sud de la Colombie <\/p>\n<p>R\u00e9cemment organis\u00e9e en tant que deuxi\u00e8me union de la r\u00e9gion de la Colombie, l&#39;Union Sud Colombienne a environ 122.000 membres d&#39;\u00e9glises \u00e0 travers cette vaste r\u00e9gion. <\/p>\n<p>\u00ab\u00a0C&#39;est une d\u00e9marche qui a tr\u00e8s bien profit\u00e9 \u00e0 notre pays et je crois que ceci a \u00e9t\u00e9 dirig\u00e9 par Dieu et \u00e0 plusieurs \u00e9gards nous travaillons dans l&#39;unit\u00e9 ,\u00a0\u00bb a dit German Perez, sect\u00e9taire-tr\u00e9sorier de l&#39;\u00e9glise du Sud de la Colombie. <\/p>\n<p>\u00ab\u00a0Nous avons une culture qui nous soit propre, nous voulons toujours sevir,\u00a0\u00bb dit Perez.  Perez d\u00e9clare que le d\u00e9sir de servir a permis \u00e0 une \u00e9glise en pleine expansion d&#39;\u00e9vang\u00e9liser la r\u00e9gion, en particulier la classe d\u00e9favoris\u00e9e. <\/p>\n<p>La Colombie du Sud a plus de 460 \u00e9glises et congr\u00e9gations et dirige plusieurs \u00e9coles primaires et secondaires. <\/p>\n<p>Pour visionner le rapport vid\u00e9o du 7\u00e8me jour des unions repr\u00e9sent\u00e9es, visitez le: <a  href=\"https:\/\/recursing-golick.147-182-135-0.plesk.page\/users\/index.php\">https:\/\/recursing-golick.147-182-135-0.plesk.page\/users\/index.php<\/a >? language=en&#038;type=subsection&#038;id=289 <\/p>\n<\/p><\/p>\n","protected":false},"excerpt":{"rendered":"<p>Il \u00e9tait vraiment difficile de circuler dans l&#39;aire de l&#39;exposition de la Division Inter-Am\u00e9ricaine au Georgia World Congress Center au cours de la septi\u00e8me journ\u00e9e de cette exposition alors que le Centre du Mexique, B&#038;<\/p>\n","protected":false},"author":1,"featured_media":0,"comment_status":"closed","ping_status":"closed","sticky":false,"template":"","format":"standard","meta":{"_acf_changed":false,"footnotes":""},"categories":[9],"tags":[],"class_list":["post-13403","post","type-post","status-publish","format-standard","hentry","category-archive-fr"],"acf":[],"yoast_head":"<!-- This site is optimized with the Yoast SEO plugin v27.3 - https:\/\/yoast.com\/product\/yoast-seo-wordpress\/ -->\n<title>Inter-Am\u00e9rique: Centre Mexique, B\u00e9lize et Colombie Sud attirent des centaines au stand de l&#039;exposition - \u00c9glise Adventiste Du Septieme Jour - Inter Am\u00e9rique Division<\/title>\n<meta name=\"robots\" content=\"index, follow, max-snippet:-1, max-image-preview:large, max-video-preview:-1\" \/>\n<link rel=\"canonical\" href=\"https:\/\/interamerica.org\/fr\/2010\/06\/inter-amerique-centre-mexique-belize-et-colombie-sud-attirent-des-centaines-au-stand-de-lexposition\/\" \/>\n<meta property=\"og:locale\" content=\"fr_FR\" \/>\n<meta property=\"og:type\" content=\"article\" \/>\n<meta property=\"og:title\" content=\"Inter-Am\u00e9rique: Centre Mexique, B\u00e9lize et Colombie Sud attirent des centaines au stand de l&#039;exposition - \u00c9glise Adventiste Du Septieme Jour - Inter Am\u00e9rique Division\" \/>\n<meta property=\"og:description\" content=\"Il \u00e9tait vraiment difficile de circuler dans l&#039;aire de l&#039;exposition de la Division Inter-Am\u00e9ricaine au Georgia World Congress Center au cours de la septi\u00e8me journ\u00e9e de cette exposition alors que le Centre du Mexique, B&amp;\" \/>\n<meta property=\"og:url\" content=\"https:\/\/interamerica.org\/fr\/2010\/06\/inter-amerique-centre-mexique-belize-et-colombie-sud-attirent-des-centaines-au-stand-de-lexposition\/\" \/>\n<meta property=\"og:site_name\" content=\"\u00c9glise Adventiste Du Septieme Jour - Inter Am\u00e9rique Division\" \/>\n<meta property=\"article:published_time\" content=\"2010-06-30T04:00:00+00:00\" \/>\n<meta property=\"article:modified_time\" content=\"2017-06-02T17:03:37+00:00\" \/>\n<meta name=\"author\" content=\"Lorenzo Verduzco\" \/>\n<meta name=\"twitter:card\" content=\"summary_large_image\" \/>\n<meta name=\"twitter:label1\" content=\"\u00c9crit par\" \/>\n\t<meta name=\"twitter:data1\" content=\"Lorenzo Verduzco\" \/>\n\t<meta name=\"twitter:label2\" content=\"Dur\u00e9e de lecture estim\u00e9e\" \/>\n\t<meta name=\"twitter:data2\" content=\"3 minutes\" \/>\n<script type=\"application\/ld+json\" class=\"yoast-schema-graph\">{\"@context\":\"https:\\\/\\\/schema.org\",\"@graph\":[{\"@type\":\"Article\",\"@id\":\"https:\\\/\\\/interamerica.org\\\/fr\\\/2010\\\/06\\\/inter-amerique-centre-mexique-belize-et-colombie-sud-attirent-des-centaines-au-stand-de-lexposition\\\/#article\",\"isPartOf\":{\"@id\":\"https:\\\/\\\/interamerica.org\\\/fr\\\/2010\\\/06\\\/inter-amerique-centre-mexique-belize-et-colombie-sud-attirent-des-centaines-au-stand-de-lexposition\\\/\"},\"author\":{\"name\":\"Lorenzo Verduzco\",\"@id\":\"https:\\\/\\\/interamerica.org\\\/fr\\\/#\\\/schema\\\/person\\\/68ede8bdc292885bb76c1e3810e73c39\"},\"headline\":\"Inter-Am\u00e9rique: Centre Mexique, B\u00e9lize et Colombie Sud attirent des centaines au stand de l&#39;exposition\",\"datePublished\":\"2010-06-30T04:00:00+00:00\",\"dateModified\":\"2017-06-02T17:03:37+00:00\",\"mainEntityOfPage\":{\"@id\":\"https:\\\/\\\/interamerica.org\\\/fr\\\/2010\\\/06\\\/inter-amerique-centre-mexique-belize-et-colombie-sud-attirent-des-centaines-au-stand-de-lexposition\\\/\"},\"wordCount\":663,\"articleSection\":[\"Archive\"],\"inLanguage\":\"fr-FR\"},{\"@type\":\"WebPage\",\"@id\":\"https:\\\/\\\/interamerica.org\\\/fr\\\/2010\\\/06\\\/inter-amerique-centre-mexique-belize-et-colombie-sud-attirent-des-centaines-au-stand-de-lexposition\\\/\",\"url\":\"https:\\\/\\\/interamerica.org\\\/fr\\\/2010\\\/06\\\/inter-amerique-centre-mexique-belize-et-colombie-sud-attirent-des-centaines-au-stand-de-lexposition\\\/\",\"name\":\"Inter-Am\u00e9rique: Centre Mexique, B\u00e9lize et Colombie Sud attirent des centaines au stand de l&#39;exposition - \u00c9glise Adventiste Du Septieme Jour - Inter Am\u00e9rique Division\",\"isPartOf\":{\"@id\":\"https:\\\/\\\/interamerica.org\\\/fr\\\/#website\"},\"datePublished\":\"2010-06-30T04:00:00+00:00\",\"dateModified\":\"2017-06-02T17:03:37+00:00\",\"author\":{\"@id\":\"https:\\\/\\\/interamerica.org\\\/fr\\\/#\\\/schema\\\/person\\\/68ede8bdc292885bb76c1e3810e73c39\"},\"breadcrumb\":{\"@id\":\"https:\\\/\\\/interamerica.org\\\/fr\\\/2010\\\/06\\\/inter-amerique-centre-mexique-belize-et-colombie-sud-attirent-des-centaines-au-stand-de-lexposition\\\/#breadcrumb\"},\"inLanguage\":\"fr-FR\",\"potentialAction\":[{\"@type\":\"ReadAction\",\"target\":[\"https:\\\/\\\/interamerica.org\\\/fr\\\/2010\\\/06\\\/inter-amerique-centre-mexique-belize-et-colombie-sud-attirent-des-centaines-au-stand-de-lexposition\\\/\"]}]},{\"@type\":\"BreadcrumbList\",\"@id\":\"https:\\\/\\\/interamerica.org\\\/fr\\\/2010\\\/06\\\/inter-amerique-centre-mexique-belize-et-colombie-sud-attirent-des-centaines-au-stand-de-lexposition\\\/#breadcrumb\",\"itemListElement\":[{\"@type\":\"ListItem\",\"position\":1,\"name\":\"Home\",\"item\":\"https:\\\/\\\/interamerica.org\\\/fr\\\/\"},{\"@type\":\"ListItem\",\"position\":2,\"name\":\"Inter-Am\u00e9rique: Centre Mexique, B\u00e9lize et Colombie Sud attirent des centaines au stand de l&#39;exposition\"}]},{\"@type\":\"WebSite\",\"@id\":\"https:\\\/\\\/interamerica.org\\\/fr\\\/#website\",\"url\":\"https:\\\/\\\/interamerica.org\\\/fr\\\/\",\"name\":\"\u00c9glise Adventiste Du Septieme Jour - Inter Am\u00e9rique Division\",\"description\":\"\",\"potentialAction\":[{\"@type\":\"SearchAction\",\"target\":{\"@type\":\"EntryPoint\",\"urlTemplate\":\"https:\\\/\\\/interamerica.org\\\/fr\\\/?s={search_term_string}\"},\"query-input\":{\"@type\":\"PropertyValueSpecification\",\"valueRequired\":true,\"valueName\":\"search_term_string\"}}],\"inLanguage\":\"fr-FR\"},{\"@type\":\"Person\",\"@id\":\"https:\\\/\\\/interamerica.org\\\/fr\\\/#\\\/schema\\\/person\\\/68ede8bdc292885bb76c1e3810e73c39\",\"name\":\"Lorenzo Verduzco\",\"image\":{\"@type\":\"ImageObject\",\"inLanguage\":\"fr-FR\",\"@id\":\"https:\\\/\\\/secure.gravatar.com\\\/avatar\\\/fb81a55b6218459490a9c1dc841a34909185b81904c5337b4b27f7a6fd60c49e?s=96&d=mm&r=g\",\"url\":\"https:\\\/\\\/secure.gravatar.com\\\/avatar\\\/fb81a55b6218459490a9c1dc841a34909185b81904c5337b4b27f7a6fd60c49e?s=96&d=mm&r=g\",\"contentUrl\":\"https:\\\/\\\/secure.gravatar.com\\\/avatar\\\/fb81a55b6218459490a9c1dc841a34909185b81904c5337b4b27f7a6fd60c49e?s=96&d=mm&r=g\",\"caption\":\"Lorenzo Verduzco\"}}]}<\/script>\n<!-- \/ Yoast SEO plugin. -->","yoast_head_json":{"title":"Inter-Am\u00e9rique: Centre Mexique, B\u00e9lize et Colombie Sud attirent des centaines au stand de l&#39;exposition - \u00c9glise Adventiste Du Septieme Jour - Inter Am\u00e9rique Division","robots":{"index":"index","follow":"follow","max-snippet":"max-snippet:-1","max-image-preview":"max-image-preview:large","max-video-preview":"max-video-preview:-1"},"canonical":"https:\/\/interamerica.org\/fr\/2010\/06\/inter-amerique-centre-mexique-belize-et-colombie-sud-attirent-des-centaines-au-stand-de-lexposition\/","og_locale":"fr_FR","og_type":"article","og_title":"Inter-Am\u00e9rique: Centre Mexique, B\u00e9lize et Colombie Sud attirent des centaines au stand de l&#39;exposition - \u00c9glise Adventiste Du Septieme Jour - Inter Am\u00e9rique Division","og_description":"Il \u00e9tait vraiment difficile de circuler dans l&#39;aire de l&#39;exposition de la Division Inter-Am\u00e9ricaine au Georgia World Congress Center au cours de la septi\u00e8me journ\u00e9e de cette exposition alors que le Centre du Mexique, B&","og_url":"https:\/\/interamerica.org\/fr\/2010\/06\/inter-amerique-centre-mexique-belize-et-colombie-sud-attirent-des-centaines-au-stand-de-lexposition\/","og_site_name":"\u00c9glise Adventiste Du Septieme Jour - Inter Am\u00e9rique Division","article_published_time":"2010-06-30T04:00:00+00:00","article_modified_time":"2017-06-02T17:03:37+00:00","author":"Lorenzo Verduzco","twitter_card":"summary_large_image","twitter_misc":{"\u00c9crit par":"Lorenzo Verduzco","Dur\u00e9e de lecture estim\u00e9e":"3 minutes"},"schema":{"@context":"https:\/\/schema.org","@graph":[{"@type":"Article","@id":"https:\/\/interamerica.org\/fr\/2010\/06\/inter-amerique-centre-mexique-belize-et-colombie-sud-attirent-des-centaines-au-stand-de-lexposition\/#article","isPartOf":{"@id":"https:\/\/interamerica.org\/fr\/2010\/06\/inter-amerique-centre-mexique-belize-et-colombie-sud-attirent-des-centaines-au-stand-de-lexposition\/"},"author":{"name":"Lorenzo Verduzco","@id":"https:\/\/interamerica.org\/fr\/#\/schema\/person\/68ede8bdc292885bb76c1e3810e73c39"},"headline":"Inter-Am\u00e9rique: Centre Mexique, B\u00e9lize et Colombie Sud attirent des centaines au stand de l&#39;exposition","datePublished":"2010-06-30T04:00:00+00:00","dateModified":"2017-06-02T17:03:37+00:00","mainEntityOfPage":{"@id":"https:\/\/interamerica.org\/fr\/2010\/06\/inter-amerique-centre-mexique-belize-et-colombie-sud-attirent-des-centaines-au-stand-de-lexposition\/"},"wordCount":663,"articleSection":["Archive"],"inLanguage":"fr-FR"},{"@type":"WebPage","@id":"https:\/\/interamerica.org\/fr\/2010\/06\/inter-amerique-centre-mexique-belize-et-colombie-sud-attirent-des-centaines-au-stand-de-lexposition\/","url":"https:\/\/interamerica.org\/fr\/2010\/06\/inter-amerique-centre-mexique-belize-et-colombie-sud-attirent-des-centaines-au-stand-de-lexposition\/","name":"Inter-Am\u00e9rique: Centre Mexique, B\u00e9lize et Colombie Sud attirent des centaines au stand de l&#39;exposition - \u00c9glise Adventiste Du Septieme Jour - Inter Am\u00e9rique Division","isPartOf":{"@id":"https:\/\/interamerica.org\/fr\/#website"},"datePublished":"2010-06-30T04:00:00+00:00","dateModified":"2017-06-02T17:03:37+00:00","author":{"@id":"https:\/\/interamerica.org\/fr\/#\/schema\/person\/68ede8bdc292885bb76c1e3810e73c39"},"breadcrumb":{"@id":"https:\/\/interamerica.org\/fr\/2010\/06\/inter-amerique-centre-mexique-belize-et-colombie-sud-attirent-des-centaines-au-stand-de-lexposition\/#breadcrumb"},"inLanguage":"fr-FR","potentialAction":[{"@type":"ReadAction","target":["https:\/\/interamerica.org\/fr\/2010\/06\/inter-amerique-centre-mexique-belize-et-colombie-sud-attirent-des-centaines-au-stand-de-lexposition\/"]}]},{"@type":"BreadcrumbList","@id":"https:\/\/interamerica.org\/fr\/2010\/06\/inter-amerique-centre-mexique-belize-et-colombie-sud-attirent-des-centaines-au-stand-de-lexposition\/#breadcrumb","itemListElement":[{"@type":"ListItem","position":1,"name":"Home","item":"https:\/\/interamerica.org\/fr\/"},{"@type":"ListItem","position":2,"name":"Inter-Am\u00e9rique: Centre Mexique, B\u00e9lize et Colombie Sud attirent des centaines au stand de l&#39;exposition"}]},{"@type":"WebSite","@id":"https:\/\/interamerica.org\/fr\/#website","url":"https:\/\/interamerica.org\/fr\/","name":"\u00c9glise Adventiste Du Septieme Jour - Inter Am\u00e9rique Division","description":"","potentialAction":[{"@type":"SearchAction","target":{"@type":"EntryPoint","urlTemplate":"https:\/\/interamerica.org\/fr\/?s={search_term_string}"},"query-input":{"@type":"PropertyValueSpecification","valueRequired":true,"valueName":"search_term_string"}}],"inLanguage":"fr-FR"},{"@type":"Person","@id":"https:\/\/interamerica.org\/fr\/#\/schema\/person\/68ede8bdc292885bb76c1e3810e73c39","name":"Lorenzo Verduzco","image":{"@type":"ImageObject","inLanguage":"fr-FR","@id":"https:\/\/secure.gravatar.com\/avatar\/fb81a55b6218459490a9c1dc841a34909185b81904c5337b4b27f7a6fd60c49e?s=96&d=mm&r=g","url":"https:\/\/secure.gravatar.com\/avatar\/fb81a55b6218459490a9c1dc841a34909185b81904c5337b4b27f7a6fd60c49e?s=96&d=mm&r=g","contentUrl":"https:\/\/secure.gravatar.com\/avatar\/fb81a55b6218459490a9c1dc841a34909185b81904c5337b4b27f7a6fd60c49e?s=96&d=mm&r=g","caption":"Lorenzo Verduzco"}}]}},"_links":{"self":[{"href":"https:\/\/interamerica.org\/fr\/wp-json\/wp\/v2\/posts\/13403","targetHints":{"allow":["GET"]}}],"collection":[{"href":"https:\/\/interamerica.org\/fr\/wp-json\/wp\/v2\/posts"}],"about":[{"href":"https:\/\/interamerica.org\/fr\/wp-json\/wp\/v2\/types\/post"}],"author":[{"embeddable":true,"href":"https:\/\/interamerica.org\/fr\/wp-json\/wp\/v2\/users\/1"}],"replies":[{"embeddable":true,"href":"https:\/\/interamerica.org\/fr\/wp-json\/wp\/v2\/comments?post=13403"}],"version-history":[{"count":0,"href":"https:\/\/interamerica.org\/fr\/wp-json\/wp\/v2\/posts\/13403\/revisions"}],"wp:attachment":[{"href":"https:\/\/interamerica.org\/fr\/wp-json\/wp\/v2\/media?parent=13403"}],"wp:term":[{"taxonomy":"category","embeddable":true,"href":"https:\/\/interamerica.org\/fr\/wp-json\/wp\/v2\/categories?post=13403"},{"taxonomy":"post_tag","embeddable":true,"href":"https:\/\/interamerica.org\/fr\/wp-json\/wp\/v2\/tags?post=13403"}],"curies":[{"name":"wp","href":"https:\/\/api.w.org\/{rel}","templated":true}]}}