{"id":13404,"date":"2010-07-02T00:00:00","date_gmt":"2010-07-02T04:00:00","guid":{"rendered":"http:\/\/192.81.217.108\/interamerica\/2010\/07\/le-principalcomite-de-leglise-adventiste-devrait-inclure-plus-de-jeunes-adultes\/"},"modified":"2017-06-02T13:03:32","modified_gmt":"2017-06-02T17:03:32","slug":"le-principalcomite-de-leglise-adventiste-devrait-inclure-plus-de-jeunes-adultes","status":"publish","type":"post","link":"https:\/\/interamerica.org\/fr\/2010\/07\/le-principalcomite-de-leglise-adventiste-devrait-inclure-plus-de-jeunes-adultes\/","title":{"rendered":"Le principalcomit\u00e9 de l&#39;\u00e9glise Adventiste devrait inclure plus de jeunes adultes"},"content":{"rendered":"<p>2 Juillet 2010,Silver Spring, Maryland, Etats Unis&#8230;Edwin Manuel Garcia\/ANN<\/p>\n<p>A plusieursoccasions durant la semaine \u00e9coul\u00e9e, les d\u00e9l\u00e9gu\u00e9s \u00e0 la 59\u00e8me Session de la Conf\u00e9renceG\u00e9n\u00e9rale sont venus au micro pour exprimer leur ferme opinion au sujet del&#39;absence de repr\u00e9sentants de la jeunesse, et ce, m\u00eame lorsque le sujet de ladiscussion publique \u00e0 ce moment l\u00e0, n&#39;avait aucun rapport.<\/p>\n<p>En guise der\u00e9ponse, les officiels de l&#39;\u00e9glise se trouvant sur la plateforme ont polimentdit aux d\u00e9fenseurs de la jeunesse de r\u00e9server leurs r\u00e9flexions pour un momentplus appropri\u00e9.<\/p>\n<p>Et puis il y a euvendredi, lors de la derni\u00e8re rencontre administrative de ces 10 jours deSession. C&#39;est \u00e0 ce moment que les d\u00e9l\u00e9gu\u00e9s ont finalement eu l&#39;opportunit\u00e9 dediscuter &#8212; et d&#39;approuver &#8212; un point \u00e0 l&#39;ordre du jour qui encourage larepr\u00e9sentation de la jeunesse dans le Comit\u00e9 Ex\u00e9cutif de la Conf\u00e9renceG\u00e9n\u00e9rale.<\/p>\n<p>La questionconsid\u00e9r\u00e9e: Un amendement \u00e0 la Constitution et R\u00e8glements de la Conf\u00e9renceG\u00e9n\u00e9rale indiquant que la composition du comit\u00e9 devra inclure \u00ab\u00a0pas moinsde 15 et pas plus de 20 membres&#8230; la\u00efcs y compris des jeunes adultes.\u00a0\u00bb<\/p>\n<p>La proposition a\u00e9t\u00e9 adopt\u00e9e presqu&#39;\u00e0 l&#39;unanimit\u00e9, mais pas avant que plusieurs d\u00e9l\u00e9gu\u00e9s aienttent\u00e9 d&#39;inclure une formulation plus sp\u00e9cifique dans l&#39;amendement, telle qu&#39;uned\u00e9finition de jeune adulte et un nombre diff\u00e9rent de repr\u00e9sentants des jeunesadultes.<\/p>\n<p>Un jeune adulteest souvent d\u00e9fini universellement comme \u00e9tant quelqu&#39;un ayant entre 18 et 35ans, mais les d\u00e9l\u00e9gu\u00e9s ont choisi de ne pas adopter une tranche d&#39;\u00e2ge.<\/p>\n<p>Un total de 43d\u00e9l\u00e9gu\u00e9s \u00e2g\u00e9s de moins de 30 ans sont enregistr\u00e9s \u00e0 cette Session, sur un totalde 2233 d\u00e9l\u00e9gu\u00e9s dont la pr\u00e9sence avait \u00e9t\u00e9 enregistr\u00e9e \u00e0 la date de jeudi 1erjuillet.<\/p>\n<p>La proposition devendredi traitait uniquement de la composition du Comit\u00e9 Ex\u00e9cutif qui compteenviron 300 membres. Les d\u00e9l\u00e9gu\u00e9s ayant exprim\u00e9 leurs pr\u00e9occupations un peuplus t\u00f4t dans la semaine au sujet de manque de repr\u00e9sentation parmi lesd\u00e9l\u00e9gu\u00e9s se sont vus rappel\u00e9s que les f\u00e9d\u00e9rations locales, les unions et lesdivisions sont celles qui choisissent l&#39;essentiel des d\u00e9l\u00e9gu\u00e9s pour la Session.<\/p>\n<p>\u00ab\u00a0Les jeunes[sont] des personnes tr\u00e8s importantes pour l&#39;avenir de notre \u00e9glisemondiale,\u00a0\u00bb a dit Lisa Choi de la division Asie-Pacifique Nord, ajoutant,\u00a0\u00bble sermon d&#39;hier l&#39;a d\u00e9j\u00e0 mentionn\u00e9.\u00a0\u00bb<\/p>\n<p>Les d\u00e9l\u00e9gu\u00e9s ont\u00e9galement entendu l&#39;ancien pr\u00e9sident de l&#39;\u00e9glise mondiale, Jan Paulsen, leleaders Adventiste le plus haut plac\u00e9 qui s&#39;est fait une r\u00e9putation au cours deses onze ans de mandat pour avoir encourag\u00e9 les jeunes \u00e0 travers le monde \u00e0participer \u00e0 la vie de l&#39;\u00e9glise.<\/p>\n<p>Jan Paulsen ad\u00e9clar\u00e9 que c&#39;\u00e9tait \u00ab\u00a0merveilleux\u00a0\u00bb de voir que l&#39;administration de laConf\u00e9rence G\u00e9n\u00e9rale se penchait sur la question. \u00ab\u00a0Il y a cinq ans, nousn&#39;avions pas cette provision,\u00a0\u00bb a indiqu\u00e9 Jan Paulsen. \u00ab\u00a0Je crois quele Saint Esprit nous guide et mon c\u0153ur est dans la joie.\u00a0\u00bb<\/p>\n<p>Un d\u00e9l\u00e9gu\u00e9 s&#39;estoppos\u00e9 \u00e0 l&#39;amendement, sugg\u00e9rant qu&#39;il ne voudrait pas \u00e9changer un membreexp\u00e9riment\u00e9, plus \u00e2g\u00e9 contre quelqu&#39;un ayant beaucoup moins d&#39;exp\u00e9rience.<\/p>\n","protected":false},"excerpt":{"rendered":"<p>A plusieursoccasions durant la semaine \u00e9coul\u00e9e, les d\u00e9l\u00e9gu\u00e9s \u00e0 la 59\u00e8me Session de la Conf\u00e9renceG\u00e9n\u00e9rale sont venus au micro pour exprimer leur ferme opinion au sujet del&#038;#3<\/p>\n","protected":false},"author":1,"featured_media":0,"comment_status":"closed","ping_status":"closed","sticky":false,"template":"","format":"standard","meta":{"_acf_changed":false,"footnotes":""},"categories":[9],"tags":[],"class_list":["post-13404","post","type-post","status-publish","format-standard","hentry","category-archive-fr"],"acf":[],"yoast_head":"<!-- This site is optimized with the Yoast SEO plugin v27.3 - https:\/\/yoast.com\/product\/yoast-seo-wordpress\/ -->\n<title>Le principalcomit\u00e9 de l&#039;\u00e9glise Adventiste devrait inclure plus de jeunes adultes - \u00c9glise Adventiste Du Septieme Jour - Inter Am\u00e9rique Division<\/title>\n<meta name=\"robots\" content=\"index, follow, max-snippet:-1, max-image-preview:large, max-video-preview:-1\" \/>\n<link rel=\"canonical\" href=\"https:\/\/interamerica.org\/fr\/2010\/07\/le-principalcomite-de-leglise-adventiste-devrait-inclure-plus-de-jeunes-adultes\/\" \/>\n<meta property=\"og:locale\" content=\"fr_FR\" \/>\n<meta property=\"og:type\" content=\"article\" \/>\n<meta property=\"og:title\" content=\"Le principalcomit\u00e9 de l&#039;\u00e9glise Adventiste devrait inclure plus de jeunes adultes - \u00c9glise Adventiste Du Septieme Jour - Inter Am\u00e9rique Division\" \/>\n<meta property=\"og:description\" content=\"A plusieursoccasions durant la semaine \u00e9coul\u00e9e, les d\u00e9l\u00e9gu\u00e9s \u00e0 la 59\u00e8me Session de la Conf\u00e9renceG\u00e9n\u00e9rale sont venus au micro pour exprimer leur ferme opinion au sujet del&amp;#3\" \/>\n<meta property=\"og:url\" content=\"https:\/\/interamerica.org\/fr\/2010\/07\/le-principalcomite-de-leglise-adventiste-devrait-inclure-plus-de-jeunes-adultes\/\" \/>\n<meta property=\"og:site_name\" content=\"\u00c9glise Adventiste Du Septieme Jour - Inter Am\u00e9rique Division\" \/>\n<meta property=\"article:published_time\" content=\"2010-07-02T04:00:00+00:00\" \/>\n<meta property=\"article:modified_time\" content=\"2017-06-02T17:03:32+00:00\" \/>\n<meta name=\"author\" content=\"Lorenzo Verduzco\" \/>\n<meta name=\"twitter:card\" content=\"summary_large_image\" \/>\n<meta name=\"twitter:label1\" content=\"\u00c9crit par\" \/>\n\t<meta name=\"twitter:data1\" content=\"Lorenzo Verduzco\" \/>\n\t<meta name=\"twitter:label2\" content=\"Dur\u00e9e de lecture estim\u00e9e\" \/>\n\t<meta name=\"twitter:data2\" content=\"3 minutes\" \/>\n<script type=\"application\/ld+json\" class=\"yoast-schema-graph\">{\"@context\":\"https:\\\/\\\/schema.org\",\"@graph\":[{\"@type\":\"Article\",\"@id\":\"https:\\\/\\\/interamerica.org\\\/fr\\\/2010\\\/07\\\/le-principalcomite-de-leglise-adventiste-devrait-inclure-plus-de-jeunes-adultes\\\/#article\",\"isPartOf\":{\"@id\":\"https:\\\/\\\/interamerica.org\\\/fr\\\/2010\\\/07\\\/le-principalcomite-de-leglise-adventiste-devrait-inclure-plus-de-jeunes-adultes\\\/\"},\"author\":{\"name\":\"Lorenzo Verduzco\",\"@id\":\"https:\\\/\\\/interamerica.org\\\/fr\\\/#\\\/schema\\\/person\\\/68ede8bdc292885bb76c1e3810e73c39\"},\"headline\":\"Le principalcomit\u00e9 de l&#39;\u00e9glise Adventiste devrait inclure plus de jeunes adultes\",\"datePublished\":\"2010-07-02T04:00:00+00:00\",\"dateModified\":\"2017-06-02T17:03:32+00:00\",\"mainEntityOfPage\":{\"@id\":\"https:\\\/\\\/interamerica.org\\\/fr\\\/2010\\\/07\\\/le-principalcomite-de-leglise-adventiste-devrait-inclure-plus-de-jeunes-adultes\\\/\"},\"wordCount\":568,\"articleSection\":[\"Archive\"],\"inLanguage\":\"fr-FR\"},{\"@type\":\"WebPage\",\"@id\":\"https:\\\/\\\/interamerica.org\\\/fr\\\/2010\\\/07\\\/le-principalcomite-de-leglise-adventiste-devrait-inclure-plus-de-jeunes-adultes\\\/\",\"url\":\"https:\\\/\\\/interamerica.org\\\/fr\\\/2010\\\/07\\\/le-principalcomite-de-leglise-adventiste-devrait-inclure-plus-de-jeunes-adultes\\\/\",\"name\":\"Le principalcomit\u00e9 de l&#39;\u00e9glise Adventiste devrait inclure plus de jeunes adultes - \u00c9glise Adventiste Du Septieme Jour - Inter Am\u00e9rique Division\",\"isPartOf\":{\"@id\":\"https:\\\/\\\/interamerica.org\\\/fr\\\/#website\"},\"datePublished\":\"2010-07-02T04:00:00+00:00\",\"dateModified\":\"2017-06-02T17:03:32+00:00\",\"author\":{\"@id\":\"https:\\\/\\\/interamerica.org\\\/fr\\\/#\\\/schema\\\/person\\\/68ede8bdc292885bb76c1e3810e73c39\"},\"breadcrumb\":{\"@id\":\"https:\\\/\\\/interamerica.org\\\/fr\\\/2010\\\/07\\\/le-principalcomite-de-leglise-adventiste-devrait-inclure-plus-de-jeunes-adultes\\\/#breadcrumb\"},\"inLanguage\":\"fr-FR\",\"potentialAction\":[{\"@type\":\"ReadAction\",\"target\":[\"https:\\\/\\\/interamerica.org\\\/fr\\\/2010\\\/07\\\/le-principalcomite-de-leglise-adventiste-devrait-inclure-plus-de-jeunes-adultes\\\/\"]}]},{\"@type\":\"BreadcrumbList\",\"@id\":\"https:\\\/\\\/interamerica.org\\\/fr\\\/2010\\\/07\\\/le-principalcomite-de-leglise-adventiste-devrait-inclure-plus-de-jeunes-adultes\\\/#breadcrumb\",\"itemListElement\":[{\"@type\":\"ListItem\",\"position\":1,\"name\":\"Home\",\"item\":\"https:\\\/\\\/interamerica.org\\\/fr\\\/\"},{\"@type\":\"ListItem\",\"position\":2,\"name\":\"Le principalcomit\u00e9 de l&#39;\u00e9glise Adventiste devrait inclure plus de jeunes adultes\"}]},{\"@type\":\"WebSite\",\"@id\":\"https:\\\/\\\/interamerica.org\\\/fr\\\/#website\",\"url\":\"https:\\\/\\\/interamerica.org\\\/fr\\\/\",\"name\":\"\u00c9glise Adventiste Du Septieme Jour - Inter Am\u00e9rique Division\",\"description\":\"\",\"potentialAction\":[{\"@type\":\"SearchAction\",\"target\":{\"@type\":\"EntryPoint\",\"urlTemplate\":\"https:\\\/\\\/interamerica.org\\\/fr\\\/?s={search_term_string}\"},\"query-input\":{\"@type\":\"PropertyValueSpecification\",\"valueRequired\":true,\"valueName\":\"search_term_string\"}}],\"inLanguage\":\"fr-FR\"},{\"@type\":\"Person\",\"@id\":\"https:\\\/\\\/interamerica.org\\\/fr\\\/#\\\/schema\\\/person\\\/68ede8bdc292885bb76c1e3810e73c39\",\"name\":\"Lorenzo Verduzco\",\"image\":{\"@type\":\"ImageObject\",\"inLanguage\":\"fr-FR\",\"@id\":\"https:\\\/\\\/secure.gravatar.com\\\/avatar\\\/fb81a55b6218459490a9c1dc841a34909185b81904c5337b4b27f7a6fd60c49e?s=96&d=mm&r=g\",\"url\":\"https:\\\/\\\/secure.gravatar.com\\\/avatar\\\/fb81a55b6218459490a9c1dc841a34909185b81904c5337b4b27f7a6fd60c49e?s=96&d=mm&r=g\",\"contentUrl\":\"https:\\\/\\\/secure.gravatar.com\\\/avatar\\\/fb81a55b6218459490a9c1dc841a34909185b81904c5337b4b27f7a6fd60c49e?s=96&d=mm&r=g\",\"caption\":\"Lorenzo Verduzco\"}}]}<\/script>\n<!-- \/ Yoast SEO plugin. -->","yoast_head_json":{"title":"Le principalcomit\u00e9 de l&#39;\u00e9glise Adventiste devrait inclure plus de jeunes adultes - \u00c9glise Adventiste Du Septieme Jour - Inter Am\u00e9rique Division","robots":{"index":"index","follow":"follow","max-snippet":"max-snippet:-1","max-image-preview":"max-image-preview:large","max-video-preview":"max-video-preview:-1"},"canonical":"https:\/\/interamerica.org\/fr\/2010\/07\/le-principalcomite-de-leglise-adventiste-devrait-inclure-plus-de-jeunes-adultes\/","og_locale":"fr_FR","og_type":"article","og_title":"Le principalcomit\u00e9 de l&#39;\u00e9glise Adventiste devrait inclure plus de jeunes adultes - \u00c9glise Adventiste Du Septieme Jour - Inter Am\u00e9rique Division","og_description":"A plusieursoccasions durant la semaine \u00e9coul\u00e9e, les d\u00e9l\u00e9gu\u00e9s \u00e0 la 59\u00e8me Session de la Conf\u00e9renceG\u00e9n\u00e9rale sont venus au micro pour exprimer leur ferme opinion au sujet del&#3","og_url":"https:\/\/interamerica.org\/fr\/2010\/07\/le-principalcomite-de-leglise-adventiste-devrait-inclure-plus-de-jeunes-adultes\/","og_site_name":"\u00c9glise Adventiste Du Septieme Jour - Inter Am\u00e9rique Division","article_published_time":"2010-07-02T04:00:00+00:00","article_modified_time":"2017-06-02T17:03:32+00:00","author":"Lorenzo Verduzco","twitter_card":"summary_large_image","twitter_misc":{"\u00c9crit par":"Lorenzo Verduzco","Dur\u00e9e de lecture estim\u00e9e":"3 minutes"},"schema":{"@context":"https:\/\/schema.org","@graph":[{"@type":"Article","@id":"https:\/\/interamerica.org\/fr\/2010\/07\/le-principalcomite-de-leglise-adventiste-devrait-inclure-plus-de-jeunes-adultes\/#article","isPartOf":{"@id":"https:\/\/interamerica.org\/fr\/2010\/07\/le-principalcomite-de-leglise-adventiste-devrait-inclure-plus-de-jeunes-adultes\/"},"author":{"name":"Lorenzo Verduzco","@id":"https:\/\/interamerica.org\/fr\/#\/schema\/person\/68ede8bdc292885bb76c1e3810e73c39"},"headline":"Le principalcomit\u00e9 de l&#39;\u00e9glise Adventiste devrait inclure plus de jeunes adultes","datePublished":"2010-07-02T04:00:00+00:00","dateModified":"2017-06-02T17:03:32+00:00","mainEntityOfPage":{"@id":"https:\/\/interamerica.org\/fr\/2010\/07\/le-principalcomite-de-leglise-adventiste-devrait-inclure-plus-de-jeunes-adultes\/"},"wordCount":568,"articleSection":["Archive"],"inLanguage":"fr-FR"},{"@type":"WebPage","@id":"https:\/\/interamerica.org\/fr\/2010\/07\/le-principalcomite-de-leglise-adventiste-devrait-inclure-plus-de-jeunes-adultes\/","url":"https:\/\/interamerica.org\/fr\/2010\/07\/le-principalcomite-de-leglise-adventiste-devrait-inclure-plus-de-jeunes-adultes\/","name":"Le principalcomit\u00e9 de l&#39;\u00e9glise Adventiste devrait inclure plus de jeunes adultes - \u00c9glise Adventiste Du Septieme Jour - Inter Am\u00e9rique Division","isPartOf":{"@id":"https:\/\/interamerica.org\/fr\/#website"},"datePublished":"2010-07-02T04:00:00+00:00","dateModified":"2017-06-02T17:03:32+00:00","author":{"@id":"https:\/\/interamerica.org\/fr\/#\/schema\/person\/68ede8bdc292885bb76c1e3810e73c39"},"breadcrumb":{"@id":"https:\/\/interamerica.org\/fr\/2010\/07\/le-principalcomite-de-leglise-adventiste-devrait-inclure-plus-de-jeunes-adultes\/#breadcrumb"},"inLanguage":"fr-FR","potentialAction":[{"@type":"ReadAction","target":["https:\/\/interamerica.org\/fr\/2010\/07\/le-principalcomite-de-leglise-adventiste-devrait-inclure-plus-de-jeunes-adultes\/"]}]},{"@type":"BreadcrumbList","@id":"https:\/\/interamerica.org\/fr\/2010\/07\/le-principalcomite-de-leglise-adventiste-devrait-inclure-plus-de-jeunes-adultes\/#breadcrumb","itemListElement":[{"@type":"ListItem","position":1,"name":"Home","item":"https:\/\/interamerica.org\/fr\/"},{"@type":"ListItem","position":2,"name":"Le principalcomit\u00e9 de l&#39;\u00e9glise Adventiste devrait inclure plus de jeunes adultes"}]},{"@type":"WebSite","@id":"https:\/\/interamerica.org\/fr\/#website","url":"https:\/\/interamerica.org\/fr\/","name":"\u00c9glise Adventiste Du Septieme Jour - Inter Am\u00e9rique Division","description":"","potentialAction":[{"@type":"SearchAction","target":{"@type":"EntryPoint","urlTemplate":"https:\/\/interamerica.org\/fr\/?s={search_term_string}"},"query-input":{"@type":"PropertyValueSpecification","valueRequired":true,"valueName":"search_term_string"}}],"inLanguage":"fr-FR"},{"@type":"Person","@id":"https:\/\/interamerica.org\/fr\/#\/schema\/person\/68ede8bdc292885bb76c1e3810e73c39","name":"Lorenzo Verduzco","image":{"@type":"ImageObject","inLanguage":"fr-FR","@id":"https:\/\/secure.gravatar.com\/avatar\/fb81a55b6218459490a9c1dc841a34909185b81904c5337b4b27f7a6fd60c49e?s=96&d=mm&r=g","url":"https:\/\/secure.gravatar.com\/avatar\/fb81a55b6218459490a9c1dc841a34909185b81904c5337b4b27f7a6fd60c49e?s=96&d=mm&r=g","contentUrl":"https:\/\/secure.gravatar.com\/avatar\/fb81a55b6218459490a9c1dc841a34909185b81904c5337b4b27f7a6fd60c49e?s=96&d=mm&r=g","caption":"Lorenzo Verduzco"}}]}},"_links":{"self":[{"href":"https:\/\/interamerica.org\/fr\/wp-json\/wp\/v2\/posts\/13404","targetHints":{"allow":["GET"]}}],"collection":[{"href":"https:\/\/interamerica.org\/fr\/wp-json\/wp\/v2\/posts"}],"about":[{"href":"https:\/\/interamerica.org\/fr\/wp-json\/wp\/v2\/types\/post"}],"author":[{"embeddable":true,"href":"https:\/\/interamerica.org\/fr\/wp-json\/wp\/v2\/users\/1"}],"replies":[{"embeddable":true,"href":"https:\/\/interamerica.org\/fr\/wp-json\/wp\/v2\/comments?post=13404"}],"version-history":[{"count":0,"href":"https:\/\/interamerica.org\/fr\/wp-json\/wp\/v2\/posts\/13404\/revisions"}],"wp:attachment":[{"href":"https:\/\/interamerica.org\/fr\/wp-json\/wp\/v2\/media?parent=13404"}],"wp:term":[{"taxonomy":"category","embeddable":true,"href":"https:\/\/interamerica.org\/fr\/wp-json\/wp\/v2\/categories?post=13404"},{"taxonomy":"post_tag","embeddable":true,"href":"https:\/\/interamerica.org\/fr\/wp-json\/wp\/v2\/tags?post=13404"}],"curies":[{"name":"wp","href":"https:\/\/api.w.org\/{rel}","templated":true}]}}