{"id":13405,"date":"2010-07-01T00:00:00","date_gmt":"2010-07-01T04:00:00","guid":{"rendered":"http:\/\/192.81.217.108\/interamerica\/2010\/07\/inter-ameriquele-centre-du-mexique-belize-et-le-sud-de-la-colombie-attirent-des-centaines-depersonnes-au-stand-dexposition\/"},"modified":"2017-06-02T13:03:35","modified_gmt":"2017-06-02T17:03:35","slug":"inter-ameriquele-centre-du-mexique-belize-et-le-sud-de-la-colombie-attirent-des-centaines-depersonnes-au-stand-dexposition","status":"publish","type":"post","link":"https:\/\/interamerica.org\/fr\/2010\/07\/inter-ameriquele-centre-du-mexique-belize-et-le-sud-de-la-colombie-attirent-des-centaines-depersonnes-au-stand-dexposition\/","title":{"rendered":"Inter-Am\u00e9rique:Le Centre du Mexique, Belize et le Sud de la Colombie attirent des centaines depersonnes au stand d&#39;exposition"},"content":{"rendered":"<p><em >1er Juillet 2010<\/em > &#8211; Atlanta, G\u00e9orgie, Etats Unis&#8230;[LibnaStevens\/DIA]<\/p>\n<p>Des centaines depersonnes ont continu\u00e9 de visiter le stand de la Division InterAm\u00e9ricaine (DIA) dans le hall d&#39;exposition du Georgia World Congress Center au cours de la septi\u00e8mejourn\u00e9e de la 59\u00e8me Session de la Conf\u00e9rence G\u00e9n\u00e9rale \u00e0 Atlanta en G\u00e9orgie.<\/p>\n<p>Pr\u00e9sentes dans lestand d&#39;exposition se trouvaient l&#39;Union Cubaine et l&#39;Union Mexicaine InterOc\u00e9anique.<\/p>\n<p><strong >L&#39;Union Cubaine<\/strong ><\/p>\n<p>Eglise en pleinecroissance nich\u00e9e dans la Cara\u00efbe, l&#39;Union Cubaine compte plus de 30000 membresd&#39;\u00e9glise au sein d&#39;une population qui compte 12 millions d&#39;habitants.<\/p>\n<p>\u00ab\u00a0Cuba est unpays tr\u00e8s joyeux et nous nous sentons bien m\u00eame si nous avons eu descontraintes,\u00a0\u00bb a d\u00e9clar\u00e9 Jose Carballo, directeur de communications pourl&#39;\u00e9glise Adventiste \u00e0 Cuba. \u00ab\u00a0Les gens travaillent avec ferveur pour proclamer l&#39;\u00e9vangile et nous continuons defaire ce que Dieu nous permet de r\u00e9aliser.\u00a0\u00bb<\/p>\n<p>L&#39;Union Cubaineest divis\u00e9e en trois r\u00e9gions et compte plus de 2500 r\u00e9unions de groupes decroissance chaque semaine.<\/p>\n<p>Pasteur DanielFontaine, pr\u00e9sident de l&#39;\u00e9glise Adventiste \u00e0 Cuba a indiqu\u00e9 que la solide foi enDieu qu&#39;ont les membres d&#39;\u00e9glise a permis \u00e0 l&#39;\u00e9glise de croitre en d\u00e9pit de la situationsur l&#39;ile.<\/p>\n<p>\u00ab\u00a0Nos fr\u00e8reset s\u0153urs sont des personnes pr\u00eates \u00e0 faire face aux d\u00e9fis avec une confiance etune foi profondes dans le Seigneur, et elles sont pr\u00eates pour la secondevenue,\u00a0\u00bb a ajout\u00e9 pasteur Fontaine.<\/p>\n<p><strong >L&#39;Union Mexicaine Inter Oc\u00e9anique<\/strong ><\/p>\n<p>Une des quatreunions du Mexique, l&#39;Union Mexicaine Inter Oc\u00e9anique est situ\u00e9e dans le centredu pays, entre l&#39;Oc\u00e9an Atlantique et l&#39;Oc\u00e9an Pacifique.<\/p>\n<p>Union de missionsdepuis six ans seulement, ce territoire s&#39;\u00e9tale sur huit \u00e9tats et compte plusde 167000 membres.<\/p>\n<p>\u00ab\u00a0Notre\u00e9glise \u00e0 un effectif en peine croissance avec des disciples qui sont engag\u00e9s etimpliqu\u00e9s dans l&#39;\u00e9vang\u00e9lisation,\u00a0\u00bb a d\u00e9clar\u00e9 Max Oviedo, directeur decommunications pour l&#39;\u00e9glise dans l&#39;Union Mexicaine Inter Oc\u00e9anique.<\/p>\n<p>L&#39;\u00e9glise g\u00e8re sixchamps locaux et quelques 947 \u00e9glises et groupes ainsi que des dizainesd&#39;\u00e9coles Adventistes.<\/p>\n<p>Les deux unionsont pr\u00e9sent\u00e9 plusieurs de leurs musiciens sur la sc\u00e8ne de la DIA au cours de lajourn\u00e9e.<\/p>\n<p>Pour voir unreportage vid\u00e9o au sujet des unions pr\u00e9sent\u00e9es lors de la huiti\u00e8me journ\u00e9e,rendez sur le site <a  href=\"https:\/\/recursing-golick.147-182-135-0.plesk.page\/users\/index.php?language=en&#038;type=subsection&#038;id=289\">https:\/\/recursing-golick.147-182-135-0.plesk.page\/users\/index.php?language=en&#038;type=subsection&#038;id=289<\/a ><\/p>\n","protected":false},"excerpt":{"rendered":"<p>Des centaines depersonnes ont continu\u00e9 de visiter le stand d&#39;exposition de la Division InterAm\u00e9ricaine (DIA) au Georgia World Congress Center au cours de la septi\u00e8mejourn\u00e9e de la 59\u00e8me Session de la Conf&#038;<\/p>\n","protected":false},"author":1,"featured_media":0,"comment_status":"closed","ping_status":"closed","sticky":false,"template":"","format":"standard","meta":{"_acf_changed":false,"footnotes":""},"categories":[9],"tags":[],"class_list":["post-13405","post","type-post","status-publish","format-standard","hentry","category-archive-fr"],"acf":[],"yoast_head":"<!-- This site is optimized with the Yoast SEO plugin v27.3 - https:\/\/yoast.com\/product\/yoast-seo-wordpress\/ -->\n<title>Inter-Am\u00e9rique:Le Centre du Mexique, Belize et le Sud de la Colombie attirent des centaines depersonnes au stand d&#039;exposition - \u00c9glise Adventiste Du Septieme Jour - Inter Am\u00e9rique Division<\/title>\n<meta name=\"robots\" content=\"index, follow, max-snippet:-1, max-image-preview:large, max-video-preview:-1\" \/>\n<link rel=\"canonical\" href=\"https:\/\/interamerica.org\/fr\/2010\/07\/inter-ameriquele-centre-du-mexique-belize-et-le-sud-de-la-colombie-attirent-des-centaines-depersonnes-au-stand-dexposition\/\" \/>\n<meta property=\"og:locale\" content=\"fr_FR\" \/>\n<meta property=\"og:type\" content=\"article\" \/>\n<meta property=\"og:title\" content=\"Inter-Am\u00e9rique:Le Centre du Mexique, Belize et le Sud de la Colombie attirent des centaines depersonnes au stand d&#039;exposition - \u00c9glise Adventiste Du Septieme Jour - Inter Am\u00e9rique Division\" \/>\n<meta property=\"og:description\" content=\"Des centaines depersonnes ont continu\u00e9 de visiter le stand d&#039;exposition de la Division InterAm\u00e9ricaine (DIA) au Georgia World Congress Center au cours de la septi\u00e8mejourn\u00e9e de la 59\u00e8me Session de la Conf&amp;\" \/>\n<meta property=\"og:url\" content=\"https:\/\/interamerica.org\/fr\/2010\/07\/inter-ameriquele-centre-du-mexique-belize-et-le-sud-de-la-colombie-attirent-des-centaines-depersonnes-au-stand-dexposition\/\" \/>\n<meta property=\"og:site_name\" content=\"\u00c9glise Adventiste Du Septieme Jour - Inter Am\u00e9rique Division\" \/>\n<meta property=\"article:published_time\" content=\"2010-07-01T04:00:00+00:00\" \/>\n<meta property=\"article:modified_time\" content=\"2017-06-02T17:03:35+00:00\" \/>\n<meta name=\"author\" content=\"Lorenzo Verduzco\" \/>\n<meta name=\"twitter:card\" content=\"summary_large_image\" \/>\n<meta name=\"twitter:label1\" content=\"\u00c9crit par\" \/>\n\t<meta name=\"twitter:data1\" content=\"Lorenzo Verduzco\" \/>\n\t<meta name=\"twitter:label2\" content=\"Dur\u00e9e de lecture estim\u00e9e\" \/>\n\t<meta name=\"twitter:data2\" content=\"2 minutes\" \/>\n<script type=\"application\/ld+json\" class=\"yoast-schema-graph\">{\"@context\":\"https:\\\/\\\/schema.org\",\"@graph\":[{\"@type\":\"Article\",\"@id\":\"https:\\\/\\\/interamerica.org\\\/fr\\\/2010\\\/07\\\/inter-ameriquele-centre-du-mexique-belize-et-le-sud-de-la-colombie-attirent-des-centaines-depersonnes-au-stand-dexposition\\\/#article\",\"isPartOf\":{\"@id\":\"https:\\\/\\\/interamerica.org\\\/fr\\\/2010\\\/07\\\/inter-ameriquele-centre-du-mexique-belize-et-le-sud-de-la-colombie-attirent-des-centaines-depersonnes-au-stand-dexposition\\\/\"},\"author\":{\"name\":\"Lorenzo Verduzco\",\"@id\":\"https:\\\/\\\/interamerica.org\\\/fr\\\/#\\\/schema\\\/person\\\/68ede8bdc292885bb76c1e3810e73c39\"},\"headline\":\"Inter-Am\u00e9rique:Le Centre du Mexique, Belize et le Sud de la Colombie attirent des centaines depersonnes au stand d&#39;exposition\",\"datePublished\":\"2010-07-01T04:00:00+00:00\",\"dateModified\":\"2017-06-02T17:03:35+00:00\",\"mainEntityOfPage\":{\"@id\":\"https:\\\/\\\/interamerica.org\\\/fr\\\/2010\\\/07\\\/inter-ameriquele-centre-du-mexique-belize-et-le-sud-de-la-colombie-attirent-des-centaines-depersonnes-au-stand-dexposition\\\/\"},\"wordCount\":432,\"articleSection\":[\"Archive\"],\"inLanguage\":\"fr-FR\"},{\"@type\":\"WebPage\",\"@id\":\"https:\\\/\\\/interamerica.org\\\/fr\\\/2010\\\/07\\\/inter-ameriquele-centre-du-mexique-belize-et-le-sud-de-la-colombie-attirent-des-centaines-depersonnes-au-stand-dexposition\\\/\",\"url\":\"https:\\\/\\\/interamerica.org\\\/fr\\\/2010\\\/07\\\/inter-ameriquele-centre-du-mexique-belize-et-le-sud-de-la-colombie-attirent-des-centaines-depersonnes-au-stand-dexposition\\\/\",\"name\":\"Inter-Am\u00e9rique:Le Centre du Mexique, Belize et le Sud de la Colombie attirent des centaines depersonnes au stand d&#39;exposition - \u00c9glise Adventiste Du Septieme Jour - Inter Am\u00e9rique Division\",\"isPartOf\":{\"@id\":\"https:\\\/\\\/interamerica.org\\\/fr\\\/#website\"},\"datePublished\":\"2010-07-01T04:00:00+00:00\",\"dateModified\":\"2017-06-02T17:03:35+00:00\",\"author\":{\"@id\":\"https:\\\/\\\/interamerica.org\\\/fr\\\/#\\\/schema\\\/person\\\/68ede8bdc292885bb76c1e3810e73c39\"},\"breadcrumb\":{\"@id\":\"https:\\\/\\\/interamerica.org\\\/fr\\\/2010\\\/07\\\/inter-ameriquele-centre-du-mexique-belize-et-le-sud-de-la-colombie-attirent-des-centaines-depersonnes-au-stand-dexposition\\\/#breadcrumb\"},\"inLanguage\":\"fr-FR\",\"potentialAction\":[{\"@type\":\"ReadAction\",\"target\":[\"https:\\\/\\\/interamerica.org\\\/fr\\\/2010\\\/07\\\/inter-ameriquele-centre-du-mexique-belize-et-le-sud-de-la-colombie-attirent-des-centaines-depersonnes-au-stand-dexposition\\\/\"]}]},{\"@type\":\"BreadcrumbList\",\"@id\":\"https:\\\/\\\/interamerica.org\\\/fr\\\/2010\\\/07\\\/inter-ameriquele-centre-du-mexique-belize-et-le-sud-de-la-colombie-attirent-des-centaines-depersonnes-au-stand-dexposition\\\/#breadcrumb\",\"itemListElement\":[{\"@type\":\"ListItem\",\"position\":1,\"name\":\"Home\",\"item\":\"https:\\\/\\\/interamerica.org\\\/fr\\\/\"},{\"@type\":\"ListItem\",\"position\":2,\"name\":\"Inter-Am\u00e9rique:Le Centre du Mexique, Belize et le Sud de la Colombie attirent des centaines depersonnes au stand d&#39;exposition\"}]},{\"@type\":\"WebSite\",\"@id\":\"https:\\\/\\\/interamerica.org\\\/fr\\\/#website\",\"url\":\"https:\\\/\\\/interamerica.org\\\/fr\\\/\",\"name\":\"\u00c9glise Adventiste Du Septieme Jour - Inter Am\u00e9rique Division\",\"description\":\"\",\"potentialAction\":[{\"@type\":\"SearchAction\",\"target\":{\"@type\":\"EntryPoint\",\"urlTemplate\":\"https:\\\/\\\/interamerica.org\\\/fr\\\/?s={search_term_string}\"},\"query-input\":{\"@type\":\"PropertyValueSpecification\",\"valueRequired\":true,\"valueName\":\"search_term_string\"}}],\"inLanguage\":\"fr-FR\"},{\"@type\":\"Person\",\"@id\":\"https:\\\/\\\/interamerica.org\\\/fr\\\/#\\\/schema\\\/person\\\/68ede8bdc292885bb76c1e3810e73c39\",\"name\":\"Lorenzo Verduzco\",\"image\":{\"@type\":\"ImageObject\",\"inLanguage\":\"fr-FR\",\"@id\":\"https:\\\/\\\/secure.gravatar.com\\\/avatar\\\/fb81a55b6218459490a9c1dc841a34909185b81904c5337b4b27f7a6fd60c49e?s=96&d=mm&r=g\",\"url\":\"https:\\\/\\\/secure.gravatar.com\\\/avatar\\\/fb81a55b6218459490a9c1dc841a34909185b81904c5337b4b27f7a6fd60c49e?s=96&d=mm&r=g\",\"contentUrl\":\"https:\\\/\\\/secure.gravatar.com\\\/avatar\\\/fb81a55b6218459490a9c1dc841a34909185b81904c5337b4b27f7a6fd60c49e?s=96&d=mm&r=g\",\"caption\":\"Lorenzo Verduzco\"}}]}<\/script>\n<!-- \/ Yoast SEO plugin. -->","yoast_head_json":{"title":"Inter-Am\u00e9rique:Le Centre du Mexique, Belize et le Sud de la Colombie attirent des centaines depersonnes au stand d&#39;exposition - \u00c9glise Adventiste Du Septieme Jour - Inter Am\u00e9rique Division","robots":{"index":"index","follow":"follow","max-snippet":"max-snippet:-1","max-image-preview":"max-image-preview:large","max-video-preview":"max-video-preview:-1"},"canonical":"https:\/\/interamerica.org\/fr\/2010\/07\/inter-ameriquele-centre-du-mexique-belize-et-le-sud-de-la-colombie-attirent-des-centaines-depersonnes-au-stand-dexposition\/","og_locale":"fr_FR","og_type":"article","og_title":"Inter-Am\u00e9rique:Le Centre du Mexique, Belize et le Sud de la Colombie attirent des centaines depersonnes au stand d&#39;exposition - \u00c9glise Adventiste Du Septieme Jour - Inter Am\u00e9rique Division","og_description":"Des centaines depersonnes ont continu\u00e9 de visiter le stand d&#39;exposition de la Division InterAm\u00e9ricaine (DIA) au Georgia World Congress Center au cours de la septi\u00e8mejourn\u00e9e de la 59\u00e8me Session de la Conf&","og_url":"https:\/\/interamerica.org\/fr\/2010\/07\/inter-ameriquele-centre-du-mexique-belize-et-le-sud-de-la-colombie-attirent-des-centaines-depersonnes-au-stand-dexposition\/","og_site_name":"\u00c9glise Adventiste Du Septieme Jour - Inter Am\u00e9rique Division","article_published_time":"2010-07-01T04:00:00+00:00","article_modified_time":"2017-06-02T17:03:35+00:00","author":"Lorenzo Verduzco","twitter_card":"summary_large_image","twitter_misc":{"\u00c9crit par":"Lorenzo Verduzco","Dur\u00e9e de lecture estim\u00e9e":"2 minutes"},"schema":{"@context":"https:\/\/schema.org","@graph":[{"@type":"Article","@id":"https:\/\/interamerica.org\/fr\/2010\/07\/inter-ameriquele-centre-du-mexique-belize-et-le-sud-de-la-colombie-attirent-des-centaines-depersonnes-au-stand-dexposition\/#article","isPartOf":{"@id":"https:\/\/interamerica.org\/fr\/2010\/07\/inter-ameriquele-centre-du-mexique-belize-et-le-sud-de-la-colombie-attirent-des-centaines-depersonnes-au-stand-dexposition\/"},"author":{"name":"Lorenzo Verduzco","@id":"https:\/\/interamerica.org\/fr\/#\/schema\/person\/68ede8bdc292885bb76c1e3810e73c39"},"headline":"Inter-Am\u00e9rique:Le Centre du Mexique, Belize et le Sud de la Colombie attirent des centaines depersonnes au stand d&#39;exposition","datePublished":"2010-07-01T04:00:00+00:00","dateModified":"2017-06-02T17:03:35+00:00","mainEntityOfPage":{"@id":"https:\/\/interamerica.org\/fr\/2010\/07\/inter-ameriquele-centre-du-mexique-belize-et-le-sud-de-la-colombie-attirent-des-centaines-depersonnes-au-stand-dexposition\/"},"wordCount":432,"articleSection":["Archive"],"inLanguage":"fr-FR"},{"@type":"WebPage","@id":"https:\/\/interamerica.org\/fr\/2010\/07\/inter-ameriquele-centre-du-mexique-belize-et-le-sud-de-la-colombie-attirent-des-centaines-depersonnes-au-stand-dexposition\/","url":"https:\/\/interamerica.org\/fr\/2010\/07\/inter-ameriquele-centre-du-mexique-belize-et-le-sud-de-la-colombie-attirent-des-centaines-depersonnes-au-stand-dexposition\/","name":"Inter-Am\u00e9rique:Le Centre du Mexique, Belize et le Sud de la Colombie attirent des centaines depersonnes au stand d&#39;exposition - \u00c9glise Adventiste Du Septieme Jour - Inter Am\u00e9rique Division","isPartOf":{"@id":"https:\/\/interamerica.org\/fr\/#website"},"datePublished":"2010-07-01T04:00:00+00:00","dateModified":"2017-06-02T17:03:35+00:00","author":{"@id":"https:\/\/interamerica.org\/fr\/#\/schema\/person\/68ede8bdc292885bb76c1e3810e73c39"},"breadcrumb":{"@id":"https:\/\/interamerica.org\/fr\/2010\/07\/inter-ameriquele-centre-du-mexique-belize-et-le-sud-de-la-colombie-attirent-des-centaines-depersonnes-au-stand-dexposition\/#breadcrumb"},"inLanguage":"fr-FR","potentialAction":[{"@type":"ReadAction","target":["https:\/\/interamerica.org\/fr\/2010\/07\/inter-ameriquele-centre-du-mexique-belize-et-le-sud-de-la-colombie-attirent-des-centaines-depersonnes-au-stand-dexposition\/"]}]},{"@type":"BreadcrumbList","@id":"https:\/\/interamerica.org\/fr\/2010\/07\/inter-ameriquele-centre-du-mexique-belize-et-le-sud-de-la-colombie-attirent-des-centaines-depersonnes-au-stand-dexposition\/#breadcrumb","itemListElement":[{"@type":"ListItem","position":1,"name":"Home","item":"https:\/\/interamerica.org\/fr\/"},{"@type":"ListItem","position":2,"name":"Inter-Am\u00e9rique:Le Centre du Mexique, Belize et le Sud de la Colombie attirent des centaines depersonnes au stand d&#39;exposition"}]},{"@type":"WebSite","@id":"https:\/\/interamerica.org\/fr\/#website","url":"https:\/\/interamerica.org\/fr\/","name":"\u00c9glise Adventiste Du Septieme Jour - Inter Am\u00e9rique Division","description":"","potentialAction":[{"@type":"SearchAction","target":{"@type":"EntryPoint","urlTemplate":"https:\/\/interamerica.org\/fr\/?s={search_term_string}"},"query-input":{"@type":"PropertyValueSpecification","valueRequired":true,"valueName":"search_term_string"}}],"inLanguage":"fr-FR"},{"@type":"Person","@id":"https:\/\/interamerica.org\/fr\/#\/schema\/person\/68ede8bdc292885bb76c1e3810e73c39","name":"Lorenzo Verduzco","image":{"@type":"ImageObject","inLanguage":"fr-FR","@id":"https:\/\/secure.gravatar.com\/avatar\/fb81a55b6218459490a9c1dc841a34909185b81904c5337b4b27f7a6fd60c49e?s=96&d=mm&r=g","url":"https:\/\/secure.gravatar.com\/avatar\/fb81a55b6218459490a9c1dc841a34909185b81904c5337b4b27f7a6fd60c49e?s=96&d=mm&r=g","contentUrl":"https:\/\/secure.gravatar.com\/avatar\/fb81a55b6218459490a9c1dc841a34909185b81904c5337b4b27f7a6fd60c49e?s=96&d=mm&r=g","caption":"Lorenzo Verduzco"}}]}},"_links":{"self":[{"href":"https:\/\/interamerica.org\/fr\/wp-json\/wp\/v2\/posts\/13405","targetHints":{"allow":["GET"]}}],"collection":[{"href":"https:\/\/interamerica.org\/fr\/wp-json\/wp\/v2\/posts"}],"about":[{"href":"https:\/\/interamerica.org\/fr\/wp-json\/wp\/v2\/types\/post"}],"author":[{"embeddable":true,"href":"https:\/\/interamerica.org\/fr\/wp-json\/wp\/v2\/users\/1"}],"replies":[{"embeddable":true,"href":"https:\/\/interamerica.org\/fr\/wp-json\/wp\/v2\/comments?post=13405"}],"version-history":[{"count":0,"href":"https:\/\/interamerica.org\/fr\/wp-json\/wp\/v2\/posts\/13405\/revisions"}],"wp:attachment":[{"href":"https:\/\/interamerica.org\/fr\/wp-json\/wp\/v2\/media?parent=13405"}],"wp:term":[{"taxonomy":"category","embeddable":true,"href":"https:\/\/interamerica.org\/fr\/wp-json\/wp\/v2\/categories?post=13405"},{"taxonomy":"post_tag","embeddable":true,"href":"https:\/\/interamerica.org\/fr\/wp-json\/wp\/v2\/tags?post=13405"}],"curies":[{"name":"wp","href":"https:\/\/api.w.org\/{rel}","templated":true}]}}