{"id":13406,"date":"2010-07-03T00:00:00","date_gmt":"2010-07-03T04:00:00","guid":{"rendered":"http:\/\/192.81.217.108\/interamerica\/2010\/07\/ted-wilson-invite-les-adventistes-a-aller-de-lavant\/"},"modified":"2017-06-02T13:03:31","modified_gmt":"2017-06-02T17:03:31","slug":"ted-wilson-invite-les-adventistes-a-aller-de-lavant","status":"publish","type":"post","link":"https:\/\/interamerica.org\/fr\/2010\/07\/ted-wilson-invite-les-adventistes-a-aller-de-lavant\/","title":{"rendered":"Ted Wilson invite les Adventistes \u00e0 aller de l&#39;avant"},"content":{"rendered":"<p>3 Juillet 2010, <em >Atlanta, G\u00e9orgie, Etats Unis<\/em >&#8230;Mark A. Keller, <em >Adventiste Review<\/em > <\/p>\n<p>S&#39;adressant \u00e0 un auditoire de 69989 Adventistes du Septi\u00e8me jours et de sympathisants, Ted N.C. Wilson, dans son premier sermon de Sabbat en tant que pr\u00e9sident de la Conf\u00e9rence G\u00e9n\u00e9rale a invit\u00e9 les membres \u00e0 \u00ab\u00a0aller de l&#39;avant\u00a0\u00bb avec confiance dans les jours et ann\u00e9es \u00e0 venir. <\/p>\n<p>Le message de Ted Wilson &#8212; pr\u00e9sent\u00e9 alors qu&#39;il \u00e9tait entour\u00e9 des 13 pr\u00e9sidents de division, des neuf vice-pr\u00e9sidents, ainsi que de ses deux pr\u00e9d\u00e9cesseurs &#8212; est intervenu au cours d&#39;un service du sabbat matin o\u00f9 les adorateurs ont pu entendre le quatri\u00e8me mouvement de la Symphonie No 5 de Mendelssohn, la \u00ab\u00a0Symphonie de la R\u00e9forme,\u00a0\u00bb et pendant lequel le leader de l&#39;\u00e9glise mondiale a lu un message du Pr\u00e9sident des Etats Unis, Barack Obama. <\/p>\n<p>\u00ab\u00a0A travers l&#39;histoire, la foi a fa\u00e7onn\u00e9 nos philosophies, nos perspectives, et nos vies, \u00ab\u00a0a lu Ted Wilson. \u00ab\u00a0Alors que nous faisons face aux d\u00e9fis et aux opportunit\u00e9s de cet unique moment dans l&#39;histoire, que la foi puisse nous pousser \u00e0 nous unir dans une cause commune pour servir nos fr\u00e8res et nos s\u0153urs&#8230;Je vous souhaite ce qu&#39;il y a de meilleur pour votre programme.\u00a0\u00bb <\/p>\n<p>Ted Wilson a commenc\u00e9 son sermon en insistant sur le p\u00e8lerinage vers le ciel dans lequel est engag\u00e9 l&#39;Eglise Adventiste du Septi\u00e8me jour: \u00ab\u00a0Par la puissance de Sa v\u00e9rit\u00e9, le Seigneur a suscit\u00e9 de ce monde chaotique, l&#39;\u00e9glise Adventiste du Septi\u00e8me jour. Nous devons \u00eatre un peuple acquis, le peuple du reste, afin d&#39;exalter Christ, Sa justice, Son message des trois anges d&#39;Apocalypse 14, et sa prochaine venue,\u00a0\u00bb a t-il dit. <\/p>\n<p>\u00ab\u00a0Dieu est le cr\u00e9ateur et nous devons l&#39;adorer en son jour de Sabbat comme un signe de notre loyaut\u00e9 envers sa Parole et sa puissance cr\u00e9atrice,\u00a0\u00bb a d\u00e9clar\u00e9 Ted Wilson, ajoutant plus tard, \u00ab\u00a0Mes fr\u00e8res et s\u0153urs, regardez \u00e0 ce Dieu Tout Puissant qui peut vous faire traverser toutes les \u00e9preuves que vous aurez \u00e0 confronter dans l&#39;avenir. Nez perdez jamais votre totale confiance en Lui. Ob\u00e9issez toujours son commandement d&#39; \u00ab\u00a0Aller de l&#39;Avant.\u00a0\u00bb <\/p>\n<p>\u00ab\u00a0Dieu a un plan pour votre vie et pour cette \u00e9glise,\u00a0\u00bb a dit Ted Wilson \u00e0 l&#39;immense foule. \u00ab\u00a0Ne doutez jamais de la destin\u00e9e de ce grand mouvement Adventiste. Il est entre les mains de Dieu. Dieu nous a donn\u00e9 des instructions proph\u00e9tiques afin de connaitre l&#39;aboutissement de la grande controverse &#8212; Dieu est le Vainqueur.\u00a0\u00bb <\/p>\n<p>Le nouveau leader de l&#39;\u00e9glise mondiale a \u00e9galement d\u00e9clar\u00e9, \u00ab\u00a0Allez de l&#39;avant en exaltant Christ et en proclamant la gr\u00e2ce de Dieu; Allez de l&#39;avant en pr\u00e9sentant le message des trois anges; allez de l&#39;avant en plaidant pour le r\u00e9veil et la r\u00e9forme; Allez de l&#39;avant en lisant la Bible comme elle est \u00e9crite; Allez de l&#39;avant en lisant et en adh\u00e9rant aux conseils de l&#39;Esprit de Proph\u00e9tie; Allez de l&#39;avant en proclamant au monde la bonne nouvelle du salut et l&#39;imminent retour de J\u00e9sus Christ.\u00a0\u00bb <\/p>\n<p>Apr\u00e8s avoir mis en garde contre l&#39;adh\u00e9sion \u00e0 des tendances non bibliques dans le minist\u00e8re \u00e0 la fin des temps, Ted Wilson a mentionn\u00e9 certaines \u00e9l\u00e9ments sp\u00e9cifiques: \u00ab\u00a0Nous devons \u00eatre vigilants et tester toute chose \u00e0 partir de l&#39;autorit\u00e9 supr\u00eame de la Parole de Dieu et les conseils avec lesquels nous avons \u00e9t\u00e9 b\u00e9nis \u00e0 travers les \u00e9crits d&#39;Ellen G. White. Ne vous pr\u00e9cipitez pas vers les mouvements ou les grandes \u00e9glises en dehors de l&#39;\u00e9glise Adventiste qui vous promettent le succ\u00e8s spirituel bas\u00e9 sur une th\u00e9ologie erron\u00e9e. Eloignez vous des disciplines spirituelles non bibliques ou des m\u00e9thodes de formation spirituelle qui sont enracin\u00e9es dans le mysticisme comme par exemple la pri\u00e8re contemplative, la pri\u00e8re centr\u00e9e et les mouvement \u00e9mergent d&#39;\u00e9glises dans lesquelles elles sont promues.\u00a0\u00bb <\/p>\n<p>Par contre, a t-il dit, les croyants devraient \u00ab\u00a0se tourner vers l&#39;\u00e9glise Adventiste, vers des pasteurs humbles, des \u00e9vang\u00e9listes, des universitaires biblistes, des leaders, et des directeurs de d\u00e9partement qui peuvent partager avec eux des m\u00e9thodes d&#39;\u00e9vang\u00e9lisation et des programmes bas\u00e9s sur des principes bibliques solides et sur le th\u00e8me de la Grande Controverse.\u00a0\u00bb <\/p>\n<p>Les croyants ont \u00e9t\u00e9 aussi invit\u00e9s \u00e0 faire preuve de discernement dans les styles d&#39;adoration: \u00ab\u00a0utilisez des pratiques d&#39;adoration et des pratiques musicales qui soient christocentriques et bibliques dans les services de l&#39;\u00e9glise,\u00a0\u00bb a dit Ted Wilson. \u00ab\u00a0Bien que nous comprenions que les services de cultes et les cultures varient \u00e0 travers le monde, ne faites pas marche arri\u00e8re vers les m\u00e9thodes pa\u00efennes o\u00f9 la musique et l&#39;adoration mettent tellement l&#39;emphase sur l&#39;\u00e9motion et l&#39;exp\u00e9rience que vous perdez de vue l&#39;objectif principal qu&#39;est la parole de Dieu. Toute adoration, quelle soit simple ou complexe devrait avoir un but et un seul: Exaltez Christ et diminuer le moi.\u00a0\u00bb <\/p>\n<p>Dans le m\u00eame ordre d&#39;id\u00e9es, sur la question des tendances th\u00e9ologiques, Ted Wilson a d\u00e9clar\u00e9: \u00ab\u00a0Ne succombez pas au fanatisme ni \u00e0 la th\u00e9ologie libre qui enl\u00e8ve la parole de Dieu des piliers de la v\u00e9rit\u00e9 biblique et des croyances fondamentales de l&#39;Eglise Adventiste du Septi\u00e8me jour. Ne soyez pas ballot\u00e9s par chaque vague de \u00ab\u00a0nouvelle \u00a0\u00bb th\u00e9ologie ou de graphique calendaire qui pr\u00e9tend expliquer en d\u00e9tail des concepts peu familiers ou obscurs qui n&#39;ont pas grand chose \u00e0 voir notre th\u00e9ologie en g\u00e9n\u00e9ral ni notre mission. Les croyances historiques de l&#39;Eglise Adventiste ne changeront pas. La fondation biblique restera sure jusqu&#39;\u00e0 la fin des temps.\u00a0\u00bb <\/p>\n<p>Ted Wilson a aussi conseill\u00e9 \u00e0 ses auditeurs de tenir ferme et de d\u00e9fendre ce que la Bible dit \u00e0 propos des origines: \u00ab\u00a0Ne faites pas marche arri\u00e8re en interpr\u00e9tant de mani\u00e8re erron\u00e9e les onze premiers chapitres de la Gen\u00e8se ou d&#39;autres passages des Ecritures comme \u00e9tant all\u00e9goriques ou purement symboliques. Comme nous l&#39;avons fait encore cette semaine de mani\u00e8re claire et nette, l&#39;Eglise Adventiste du Septi\u00e8me jour enseigne et croit dans le r\u00e9cit biblique de la cr\u00e9ation qui a eu lieu r\u00e9cemment en six jours litt\u00e9raux de 24 heures, cons\u00e9cutifs et contigus,\u00a0\u00bb a t-il indiqu\u00e9. <\/p>\n<p>\u00ab\u00a0L&#39;\u00e9glise Adventiste du Septi\u00e8me jour ne changera jamais sa position ou sa croyance dans cette doctrine fondamentale,\u00a0\u00bb a ajout\u00e9 pasteur Wilson. \u00ab\u00a0Si Dieu n&#39;a pas cr\u00e9\u00e9 ce monde en six jours litt\u00e9raux et ensuite b\u00e9ni le jour du Sabbat, alors pourquoi l&#39;adorons nous aujourd&#39;hui en ce Sabbat du septi\u00e8me jour en tant qu&#39;Adventistes du Septi\u00e8me jour?\u00a0\u00bb <\/p>\n<p>Ted Wilson a \u00e9galement dirig\u00e9 son auditoire vers la compr\u00e9hension traditionnelle adopt\u00e9e par l&#39;\u00e9glise au sujet de l&#39;interpr\u00e9tation des Ecritures: \u00ab\u00a0Laissons l&#39;Ecriture \u00eatre son propre interpr\u00e8te. Notre \u00e9glise a depuis longtemps adh\u00e9r\u00e9 \u00e0 la m\u00e9thode Historique-Biblique ou Historique -Grammaticale pour la compr\u00e9hension des Ecritures, permettant ainsi \u00e0 la Bible de s&#39;interpr\u00e9ter elle m\u00eame; r\u00e8gle sur r\u00e8gle, pr\u00e9cepte sur pr\u00e9cepte. Cependant, une des attaques les plus sinistres contre la Bible vient de ceux qui croient dans la m\u00e9thode Historique-Critique pour expliquer la Bible. Cette approche non biblique de \u00ab\u00a0critique sup\u00e9rieure\u00a0\u00bb est un ennemi mortel de notre th\u00e9ologie et de notre mission,\u00a0\u00bb a t-il d\u00e9clar\u00e9. <\/p>\n<p>De plus, Ted Wilson a aussi encourag\u00e9 les Adventistes \u00e0 se rappeler le don sp\u00e9cial que Dieu a fait au mouvement Adventiste. <\/p>\n<p>\u00ab\u00a0Acceptez l&#39;Esprit de proph\u00e9tie comme \u00e9tant l&#39;un des plus grands dons faits \u00e0 l&#39;\u00e9glise Adventiste pas seulement pour le pass\u00e9 mais surtout , et c&#39;est tr\u00e8s important, pour l&#39;avenir,\u00a0\u00bb a t-il dit faisant r\u00e9f\u00e9rence aux \u00e9crit de la co-fondatrice de l&#39;\u00e9glise, Ellen White. \u00ab\u00a0Bien que la Bible ait une place ind\u00e9tr\u00f4nable dans notre estime comme \u00e9tant l&#39;autorit\u00e9 supr\u00eame et l&#39;arbitre ultime concernant la v\u00e9rit\u00e9, l&#39;Esprit de Proph\u00e9tie offre des conseils clairs, inspir\u00e9s afin de nous aider dans notre application de la v\u00e9rit\u00e9 biblique. C&#39;est un guide envoy\u00e9 par le ciel pour instruire l&#39;\u00e9glise au sujet de la mani\u00e8re de remplir sa mission. C&#39;est une exposition th\u00e9ologique fiable des Saintes Ecritures. Il nous faut lire, croire, appliquer et promouvoir L&#39;Esprit de Proph\u00e9tie.\u00a0\u00bb <\/p>\n<p>Cependant  a-t-il ajout\u00e9, \u00ab\u00a0Il ne doit pas \u00eatre utilis\u00e9 comme un b\u00e2ton pour frapper les gens sur la t\u00eate, mais il doit \u00eatre consid\u00e9r\u00e9 et utilis\u00e9 comme une merveilleuse b\u00e9n\u00e9diction pour diriger l&#39;\u00e9glise de Dieu dans les derniers jours de l&#39;histoire de ce monde.\u00a0\u00bb <\/p>\n<p>Ted Wilson a termin\u00e9 son message avec un appel direct: \u00ab\u00a0Je vous invite \u00e0 accepter la gr\u00e2ce merveilleuse de Christ dans votre vie, \u00e0 renouveler votre engagement envers Lui et son grand mouvement Adventiste, \u00e0 proclamer la gr\u00e2ce de Dei, et \u00e0 demander au Seigneur d&#39;aider son \u00e9glise \u00e0 \u00ab\u00a0Aller de l&#39;Avant.\u00a0\u00bb <\/p>\n","protected":false},"excerpt":{"rendered":"<p>S&#39;adressant \u00e0 unauditoire de 69989 Adventistes du Septi\u00e8me jours et de sympathisants, Ted N.C.Wilson, dans son premier sermon de Sabbat en tant que pr\u00e9sident de la Conf\u00e9renceG\u00e9n\u00e9rale a invit&#038;eacute<\/p>\n","protected":false},"author":1,"featured_media":0,"comment_status":"closed","ping_status":"closed","sticky":false,"template":"","format":"standard","meta":{"_acf_changed":false,"footnotes":""},"categories":[9],"tags":[],"class_list":["post-13406","post","type-post","status-publish","format-standard","hentry","category-archive-fr"],"acf":[],"yoast_head":"<!-- This site is optimized with the Yoast SEO plugin v27.3 - https:\/\/yoast.com\/product\/yoast-seo-wordpress\/ -->\n<title>Ted Wilson invite les Adventistes \u00e0 aller de l&#039;avant - \u00c9glise Adventiste Du Septieme Jour - Inter Am\u00e9rique Division<\/title>\n<meta name=\"robots\" content=\"index, follow, max-snippet:-1, max-image-preview:large, max-video-preview:-1\" \/>\n<link rel=\"canonical\" href=\"https:\/\/interamerica.org\/fr\/2010\/07\/ted-wilson-invite-les-adventistes-a-aller-de-lavant\/\" \/>\n<meta property=\"og:locale\" content=\"fr_FR\" \/>\n<meta property=\"og:type\" content=\"article\" \/>\n<meta property=\"og:title\" content=\"Ted Wilson invite les Adventistes \u00e0 aller de l&#039;avant - \u00c9glise Adventiste Du Septieme Jour - Inter Am\u00e9rique Division\" \/>\n<meta property=\"og:description\" content=\"S&#039;adressant \u00e0 unauditoire de 69989 Adventistes du Septi\u00e8me jours et de sympathisants, Ted N.C.Wilson, dans son premier sermon de Sabbat en tant que pr\u00e9sident de la Conf\u00e9renceG\u00e9n\u00e9rale a invit&amp;eacute\" \/>\n<meta property=\"og:url\" content=\"https:\/\/interamerica.org\/fr\/2010\/07\/ted-wilson-invite-les-adventistes-a-aller-de-lavant\/\" \/>\n<meta property=\"og:site_name\" content=\"\u00c9glise Adventiste Du Septieme Jour - Inter Am\u00e9rique Division\" \/>\n<meta property=\"article:published_time\" content=\"2010-07-03T04:00:00+00:00\" \/>\n<meta property=\"article:modified_time\" content=\"2017-06-02T17:03:31+00:00\" \/>\n<meta name=\"author\" content=\"Lorenzo Verduzco\" \/>\n<meta name=\"twitter:card\" content=\"summary_large_image\" \/>\n<meta name=\"twitter:label1\" content=\"\u00c9crit par\" \/>\n\t<meta name=\"twitter:data1\" content=\"Lorenzo Verduzco\" \/>\n\t<meta name=\"twitter:label2\" content=\"Dur\u00e9e de lecture estim\u00e9e\" \/>\n\t<meta name=\"twitter:data2\" content=\"8 minutes\" \/>\n<script type=\"application\/ld+json\" class=\"yoast-schema-graph\">{\"@context\":\"https:\\\/\\\/schema.org\",\"@graph\":[{\"@type\":\"Article\",\"@id\":\"https:\\\/\\\/interamerica.org\\\/fr\\\/2010\\\/07\\\/ted-wilson-invite-les-adventistes-a-aller-de-lavant\\\/#article\",\"isPartOf\":{\"@id\":\"https:\\\/\\\/interamerica.org\\\/fr\\\/2010\\\/07\\\/ted-wilson-invite-les-adventistes-a-aller-de-lavant\\\/\"},\"author\":{\"name\":\"Lorenzo Verduzco\",\"@id\":\"https:\\\/\\\/interamerica.org\\\/fr\\\/#\\\/schema\\\/person\\\/68ede8bdc292885bb76c1e3810e73c39\"},\"headline\":\"Ted Wilson invite les Adventistes \u00e0 aller de l&#39;avant\",\"datePublished\":\"2010-07-03T04:00:00+00:00\",\"dateModified\":\"2017-06-02T17:03:31+00:00\",\"mainEntityOfPage\":{\"@id\":\"https:\\\/\\\/interamerica.org\\\/fr\\\/2010\\\/07\\\/ted-wilson-invite-les-adventistes-a-aller-de-lavant\\\/\"},\"wordCount\":1564,\"articleSection\":[\"Archive\"],\"inLanguage\":\"fr-FR\"},{\"@type\":\"WebPage\",\"@id\":\"https:\\\/\\\/interamerica.org\\\/fr\\\/2010\\\/07\\\/ted-wilson-invite-les-adventistes-a-aller-de-lavant\\\/\",\"url\":\"https:\\\/\\\/interamerica.org\\\/fr\\\/2010\\\/07\\\/ted-wilson-invite-les-adventistes-a-aller-de-lavant\\\/\",\"name\":\"Ted Wilson invite les Adventistes \u00e0 aller de l&#39;avant - \u00c9glise Adventiste Du Septieme Jour - Inter Am\u00e9rique Division\",\"isPartOf\":{\"@id\":\"https:\\\/\\\/interamerica.org\\\/fr\\\/#website\"},\"datePublished\":\"2010-07-03T04:00:00+00:00\",\"dateModified\":\"2017-06-02T17:03:31+00:00\",\"author\":{\"@id\":\"https:\\\/\\\/interamerica.org\\\/fr\\\/#\\\/schema\\\/person\\\/68ede8bdc292885bb76c1e3810e73c39\"},\"breadcrumb\":{\"@id\":\"https:\\\/\\\/interamerica.org\\\/fr\\\/2010\\\/07\\\/ted-wilson-invite-les-adventistes-a-aller-de-lavant\\\/#breadcrumb\"},\"inLanguage\":\"fr-FR\",\"potentialAction\":[{\"@type\":\"ReadAction\",\"target\":[\"https:\\\/\\\/interamerica.org\\\/fr\\\/2010\\\/07\\\/ted-wilson-invite-les-adventistes-a-aller-de-lavant\\\/\"]}]},{\"@type\":\"BreadcrumbList\",\"@id\":\"https:\\\/\\\/interamerica.org\\\/fr\\\/2010\\\/07\\\/ted-wilson-invite-les-adventistes-a-aller-de-lavant\\\/#breadcrumb\",\"itemListElement\":[{\"@type\":\"ListItem\",\"position\":1,\"name\":\"Home\",\"item\":\"https:\\\/\\\/interamerica.org\\\/fr\\\/\"},{\"@type\":\"ListItem\",\"position\":2,\"name\":\"Ted Wilson invite les Adventistes \u00e0 aller de l&#39;avant\"}]},{\"@type\":\"WebSite\",\"@id\":\"https:\\\/\\\/interamerica.org\\\/fr\\\/#website\",\"url\":\"https:\\\/\\\/interamerica.org\\\/fr\\\/\",\"name\":\"\u00c9glise Adventiste Du Septieme Jour - Inter Am\u00e9rique Division\",\"description\":\"\",\"potentialAction\":[{\"@type\":\"SearchAction\",\"target\":{\"@type\":\"EntryPoint\",\"urlTemplate\":\"https:\\\/\\\/interamerica.org\\\/fr\\\/?s={search_term_string}\"},\"query-input\":{\"@type\":\"PropertyValueSpecification\",\"valueRequired\":true,\"valueName\":\"search_term_string\"}}],\"inLanguage\":\"fr-FR\"},{\"@type\":\"Person\",\"@id\":\"https:\\\/\\\/interamerica.org\\\/fr\\\/#\\\/schema\\\/person\\\/68ede8bdc292885bb76c1e3810e73c39\",\"name\":\"Lorenzo Verduzco\",\"image\":{\"@type\":\"ImageObject\",\"inLanguage\":\"fr-FR\",\"@id\":\"https:\\\/\\\/secure.gravatar.com\\\/avatar\\\/fb81a55b6218459490a9c1dc841a34909185b81904c5337b4b27f7a6fd60c49e?s=96&d=mm&r=g\",\"url\":\"https:\\\/\\\/secure.gravatar.com\\\/avatar\\\/fb81a55b6218459490a9c1dc841a34909185b81904c5337b4b27f7a6fd60c49e?s=96&d=mm&r=g\",\"contentUrl\":\"https:\\\/\\\/secure.gravatar.com\\\/avatar\\\/fb81a55b6218459490a9c1dc841a34909185b81904c5337b4b27f7a6fd60c49e?s=96&d=mm&r=g\",\"caption\":\"Lorenzo Verduzco\"}}]}<\/script>\n<!-- \/ Yoast SEO plugin. -->","yoast_head_json":{"title":"Ted Wilson invite les Adventistes \u00e0 aller de l&#39;avant - \u00c9glise Adventiste Du Septieme Jour - Inter Am\u00e9rique Division","robots":{"index":"index","follow":"follow","max-snippet":"max-snippet:-1","max-image-preview":"max-image-preview:large","max-video-preview":"max-video-preview:-1"},"canonical":"https:\/\/interamerica.org\/fr\/2010\/07\/ted-wilson-invite-les-adventistes-a-aller-de-lavant\/","og_locale":"fr_FR","og_type":"article","og_title":"Ted Wilson invite les Adventistes \u00e0 aller de l&#39;avant - \u00c9glise Adventiste Du Septieme Jour - Inter Am\u00e9rique Division","og_description":"S&#39;adressant \u00e0 unauditoire de 69989 Adventistes du Septi\u00e8me jours et de sympathisants, Ted N.C.Wilson, dans son premier sermon de Sabbat en tant que pr\u00e9sident de la Conf\u00e9renceG\u00e9n\u00e9rale a invit&eacute","og_url":"https:\/\/interamerica.org\/fr\/2010\/07\/ted-wilson-invite-les-adventistes-a-aller-de-lavant\/","og_site_name":"\u00c9glise Adventiste Du Septieme Jour - Inter Am\u00e9rique Division","article_published_time":"2010-07-03T04:00:00+00:00","article_modified_time":"2017-06-02T17:03:31+00:00","author":"Lorenzo Verduzco","twitter_card":"summary_large_image","twitter_misc":{"\u00c9crit par":"Lorenzo Verduzco","Dur\u00e9e de lecture estim\u00e9e":"8 minutes"},"schema":{"@context":"https:\/\/schema.org","@graph":[{"@type":"Article","@id":"https:\/\/interamerica.org\/fr\/2010\/07\/ted-wilson-invite-les-adventistes-a-aller-de-lavant\/#article","isPartOf":{"@id":"https:\/\/interamerica.org\/fr\/2010\/07\/ted-wilson-invite-les-adventistes-a-aller-de-lavant\/"},"author":{"name":"Lorenzo Verduzco","@id":"https:\/\/interamerica.org\/fr\/#\/schema\/person\/68ede8bdc292885bb76c1e3810e73c39"},"headline":"Ted Wilson invite les Adventistes \u00e0 aller de l&#39;avant","datePublished":"2010-07-03T04:00:00+00:00","dateModified":"2017-06-02T17:03:31+00:00","mainEntityOfPage":{"@id":"https:\/\/interamerica.org\/fr\/2010\/07\/ted-wilson-invite-les-adventistes-a-aller-de-lavant\/"},"wordCount":1564,"articleSection":["Archive"],"inLanguage":"fr-FR"},{"@type":"WebPage","@id":"https:\/\/interamerica.org\/fr\/2010\/07\/ted-wilson-invite-les-adventistes-a-aller-de-lavant\/","url":"https:\/\/interamerica.org\/fr\/2010\/07\/ted-wilson-invite-les-adventistes-a-aller-de-lavant\/","name":"Ted Wilson invite les Adventistes \u00e0 aller de l&#39;avant - \u00c9glise Adventiste Du Septieme Jour - Inter Am\u00e9rique Division","isPartOf":{"@id":"https:\/\/interamerica.org\/fr\/#website"},"datePublished":"2010-07-03T04:00:00+00:00","dateModified":"2017-06-02T17:03:31+00:00","author":{"@id":"https:\/\/interamerica.org\/fr\/#\/schema\/person\/68ede8bdc292885bb76c1e3810e73c39"},"breadcrumb":{"@id":"https:\/\/interamerica.org\/fr\/2010\/07\/ted-wilson-invite-les-adventistes-a-aller-de-lavant\/#breadcrumb"},"inLanguage":"fr-FR","potentialAction":[{"@type":"ReadAction","target":["https:\/\/interamerica.org\/fr\/2010\/07\/ted-wilson-invite-les-adventistes-a-aller-de-lavant\/"]}]},{"@type":"BreadcrumbList","@id":"https:\/\/interamerica.org\/fr\/2010\/07\/ted-wilson-invite-les-adventistes-a-aller-de-lavant\/#breadcrumb","itemListElement":[{"@type":"ListItem","position":1,"name":"Home","item":"https:\/\/interamerica.org\/fr\/"},{"@type":"ListItem","position":2,"name":"Ted Wilson invite les Adventistes \u00e0 aller de l&#39;avant"}]},{"@type":"WebSite","@id":"https:\/\/interamerica.org\/fr\/#website","url":"https:\/\/interamerica.org\/fr\/","name":"\u00c9glise Adventiste Du Septieme Jour - Inter Am\u00e9rique Division","description":"","potentialAction":[{"@type":"SearchAction","target":{"@type":"EntryPoint","urlTemplate":"https:\/\/interamerica.org\/fr\/?s={search_term_string}"},"query-input":{"@type":"PropertyValueSpecification","valueRequired":true,"valueName":"search_term_string"}}],"inLanguage":"fr-FR"},{"@type":"Person","@id":"https:\/\/interamerica.org\/fr\/#\/schema\/person\/68ede8bdc292885bb76c1e3810e73c39","name":"Lorenzo Verduzco","image":{"@type":"ImageObject","inLanguage":"fr-FR","@id":"https:\/\/secure.gravatar.com\/avatar\/fb81a55b6218459490a9c1dc841a34909185b81904c5337b4b27f7a6fd60c49e?s=96&d=mm&r=g","url":"https:\/\/secure.gravatar.com\/avatar\/fb81a55b6218459490a9c1dc841a34909185b81904c5337b4b27f7a6fd60c49e?s=96&d=mm&r=g","contentUrl":"https:\/\/secure.gravatar.com\/avatar\/fb81a55b6218459490a9c1dc841a34909185b81904c5337b4b27f7a6fd60c49e?s=96&d=mm&r=g","caption":"Lorenzo Verduzco"}}]}},"_links":{"self":[{"href":"https:\/\/interamerica.org\/fr\/wp-json\/wp\/v2\/posts\/13406","targetHints":{"allow":["GET"]}}],"collection":[{"href":"https:\/\/interamerica.org\/fr\/wp-json\/wp\/v2\/posts"}],"about":[{"href":"https:\/\/interamerica.org\/fr\/wp-json\/wp\/v2\/types\/post"}],"author":[{"embeddable":true,"href":"https:\/\/interamerica.org\/fr\/wp-json\/wp\/v2\/users\/1"}],"replies":[{"embeddable":true,"href":"https:\/\/interamerica.org\/fr\/wp-json\/wp\/v2\/comments?post=13406"}],"version-history":[{"count":0,"href":"https:\/\/interamerica.org\/fr\/wp-json\/wp\/v2\/posts\/13406\/revisions"}],"wp:attachment":[{"href":"https:\/\/interamerica.org\/fr\/wp-json\/wp\/v2\/media?parent=13406"}],"wp:term":[{"taxonomy":"category","embeddable":true,"href":"https:\/\/interamerica.org\/fr\/wp-json\/wp\/v2\/categories?post=13406"},{"taxonomy":"post_tag","embeddable":true,"href":"https:\/\/interamerica.org\/fr\/wp-json\/wp\/v2\/tags?post=13406"}],"curies":[{"name":"wp","href":"https:\/\/api.w.org\/{rel}","templated":true}]}}