{"id":134060,"date":"2025-09-30T18:09:09","date_gmt":"2025-09-30T22:09:09","guid":{"rendered":"https:\/\/interamerica.org\/?p=134060"},"modified":"2025-10-06T14:58:36","modified_gmt":"2025-10-06T18:58:36","slug":"en-haiti-les-eclaireurs-celebrent-la-journee-mondiale-des-eclaireurs-avec-des-actes-de-service-dans-les-rues-et-des-baptemes","status":"publish","type":"post","link":"https:\/\/interamerica.org\/fr\/2025\/09\/en-haiti-les-eclaireurs-celebrent-la-journee-mondiale-des-eclaireurs-avec-des-actes-de-service-dans-les-rues-et-des-baptemes\/","title":{"rendered":"En Ha\u00efti, les \u00c9claireurs c\u00e9l\u00e8brent la Journ\u00e9e Mondiale des \u00c9claireurs avec des actes de service dans les rues et des bapt\u00eames"},"content":{"rendered":"<p><div id=\"attachment_133989\" style=\"width: 979px\" class=\"wp-caption aligncenter\"><img fetchpriority=\"high\" decoding=\"async\" aria-describedby=\"caption-attachment-133989\" class=\" wp-image-133988\" src=\"https:\/\/interamerica.org\/wp-content\/uploads\/2025\/09\/haiti-scarfweek-2025-img-9415.jpg\" alt=\"\" width=\"969\" height=\"646\" srcset=\"https:\/\/interamerica.org\/wp-content\/uploads\/2025\/09\/haiti-scarfweek-2025-img-9415.jpg 1000w, https:\/\/interamerica.org\/wp-content\/uploads\/2025\/09\/haiti-scarfweek-2025-img-9415-300x200.jpg 300w, https:\/\/interamerica.org\/wp-content\/uploads\/2025\/09\/haiti-scarfweek-2025-img-9415-768x512.jpg 768w\" sizes=\"(max-width: 969px) 100vw, 969px\" \/><p id=\"caption-attachment-133989\" class=\"wp-caption-text\">Les \u00c9claireurs d\u00e9filent dans les rues de P\u00e9tion-Ville, \u00e0 Carrefour, en Ha\u00efti, lors de la Journ\u00e9e Mondiale des \u00c9claireurs, le 20 septembre 2025. [Photo : Union Ha\u00eftienne]<\/p><\/div><em>Malgr\u00e9 les crises que continue de traverser le pays, les jeunes se mobilisent pour la Semaine du Foulard, et prennent part aux nettoyages, \u00e0 la distribution d\u2019aide et au t\u00e9moignage public. <\/em><\/p>\n<p>30 Septembre 2025 | Carrefour, Ha\u00efti | Jean Carmy F\u00e9lixon<\/p>\n<p>Dans un contexte d\u2019instabilit\u00e9 persistante en Ha\u00efti, les \u00c9claireurs adventistes du septi\u00e8me jour ont investi les rues et les quartiers d\u2019Ha\u00efti \u00e0 l\u2019occasion de la Journ\u00e9e Mondiale des \u00c9claireurs, le sabbat 20 septembre, combinant c\u00e9l\u00e9bration et service communautaire. La Semaine Mondiale du Foulard a mobilis\u00e9 les clubs autour de d\u00e9fis quotidiens et cibl\u00e9s : nettoyages, services de proximit\u00e9 et distribution de fournitures scolaires et de kits alimentaires.<\/p>\n<p>\u00ab L\u2019objectif est d\u2019impliquer concr\u00e8tement les \u00c9claireurs dans la mission de l\u2019\u00c9glise et de montrer l\u2019amour envers les autres par l\u2019exemple, \u00bb a d\u00e9clar\u00e9 pasteur G\u00e9rald Jean, directeur des minist\u00e8res de la jeunesse de l\u2019Union Ha\u00eftienne. Il a ajout\u00e9 que le service concret renforce chez les jeunes le sentiment de leur appel et leur lien avec leurs congr\u00e9gations.<\/p>\n<p><div id=\"attachment_133980\" style=\"width: 610px\" class=\"wp-caption aligncenter\"><img decoding=\"async\" aria-describedby=\"caption-attachment-133980\" class=\"size-full wp-image-133979\" src=\"https:\/\/interamerica.org\/wp-content\/uploads\/2025\/09\/haitian-march-scarfweek2025-vertical.jpg\" alt=\"\" width=\"600\" height=\"900\" srcset=\"https:\/\/interamerica.org\/wp-content\/uploads\/2025\/09\/haitian-march-scarfweek2025-vertical.jpg 600w, https:\/\/interamerica.org\/wp-content\/uploads\/2025\/09\/haitian-march-scarfweek2025-vertical-200x300.jpg 200w\" sizes=\"(max-width: 600px) 100vw, 600px\" \/><p id=\"caption-attachment-133980\" class=\"wp-caption-text\">Des centaines d\u2019\u00c9claireurs en uniforme ont envahi les rues de P\u00e9tion-Ville, \u00e0 Carrefour, en Ha\u00efti, lors d\u2019un d\u00e9fil\u00e9 organis\u00e9 dans le cadre de la Journ\u00e9e Mondiale des \u00c9claireurs, le 20 septembre 2025. [Photo : Union Ha\u00eftienne]<\/p><\/div>Les c\u00e9l\u00e9brations se sont achev\u00e9es avec plus de 50 bapt\u00eames le sabbat, tandis que des milliers de personnes ont d\u00e9fil\u00e9 dans les rues de la ville, portant des messages d\u2019espoir. L\u2019Union Ha\u00eftienne a \u00e9galement organis\u00e9 pour le champ la finale du concours Connexion Biblique le m\u00eame jour, renfor\u00e7ant ainsi l\u2019importance de l\u2019\u00e9tude des \u00c9critures comme \u00e9l\u00e9ment central de la vie des \u00c9claireurs.<\/p>\n<p>\u00c0 l\u2019\u00e9glise adventiste Hermon de Carrefour, les dirigeants ont pr\u00e9sent\u00e9 en avant-premi\u00e8re un court m\u00e9trage pr\u00e9sentant les \u00c9claireurs faisant face aux d\u00e9fis actuels avec la foi et le service. La directrice Kelly Leconte a d\u00e9clar\u00e9 que le projet vise \u00e0 laisser une impression durable affirmant que le t\u00e9moignage doit \u00eatre v\u00e9cu \u2013 \u00e0 travers l\u2019amour, l\u2019hospitalit\u00e9, la foi et la bienveillance \u2013 et non seulement parl\u00e9.<\/p>\n<p><div id=\"attachment_133983\" style=\"width: 941px\" class=\"wp-caption aligncenter\"><img decoding=\"async\" aria-describedby=\"caption-attachment-133983\" class=\" wp-image-133982\" src=\"https:\/\/interamerica.org\/wp-content\/uploads\/2025\/09\/haiti-union-inattention2-25.jpg\" alt=\"\" width=\"931\" height=\"621\" srcset=\"https:\/\/interamerica.org\/wp-content\/uploads\/2025\/09\/haiti-union-inattention2-25.jpg 1000w, https:\/\/interamerica.org\/wp-content\/uploads\/2025\/09\/haiti-union-inattention2-25-300x200.jpg 300w, https:\/\/interamerica.org\/wp-content\/uploads\/2025\/09\/haiti-union-inattention2-25-768x512.jpg 768w\" sizes=\"(max-width: 931px) 100vw, 931px\" \/><p id=\"caption-attachment-133983\" class=\"wp-caption-text\">Des \u00c9claireurs au garde-\u00e0-vous lors des c\u00e9r\u00e9monies de la Journ\u00e9e Mondiale des \u00c9claireurs au Lyc\u00e9e National de P\u00e9tion-Ville, en Ha\u00efti, le 20 septembre 2025. [Photo : Union Ha\u00eftienne]<\/p><\/div>Pierre Caporal, ancien pr\u00e9sident de l\u2019Union Ha\u00eftienne et aujourd\u2019hui secr\u00e9taire ex\u00e9cutif de la Division Inter Am\u00e9ricaine, a soulign\u00e9 que la forte participation soulignait la r\u00e9silience des jeunes ha\u00eftiens. Il a ajout\u00e9 que la volont\u00e9 des \u00c9claireurs de porter leur foulard, d\u2019organiser des projets de service et de d\u00e9filer publiquement \u2013 m\u00eame maintenant \u2013 t\u00e9moigne d\u2019une foi solide et d\u2019une pr\u00e9sence constructive au sein de leurs communaut\u00e9s.<\/p>\n<p>Les dirigeants dans tout le territoire de l\u2019union s\u2019attendent \u00e0 ce que cette dynamique se poursuive, ravivant l\u2019esprit de club, stimulant l\u2019\u00e9vang\u00e9lisation par les petits groupes et maintenant les congr\u00e9gations \u00e9troitement engag\u00e9es aupr\u00e8s de leurs quartiers dans les semaines \u00e0 venir.<\/p>\n<p><div id=\"attachment_133996\" style=\"width: 610px\" class=\"wp-caption aligncenter\"><img loading=\"lazy\" decoding=\"async\" aria-describedby=\"caption-attachment-133996\" class=\"size-full wp-image-133995\" src=\"https:\/\/interamerica.org\/wp-content\/uploads\/2025\/09\/temple-adventiste-horeb-de-port-au-prince.jpg\" alt=\"\" width=\"600\" height=\"857\" srcset=\"https:\/\/interamerica.org\/wp-content\/uploads\/2025\/09\/temple-adventiste-horeb-de-port-au-prince.jpg 600w, https:\/\/interamerica.org\/wp-content\/uploads\/2025\/09\/temple-adventiste-horeb-de-port-au-prince-210x300.jpg 210w\" sizes=\"(max-width: 600px) 100vw, 600px\" \/><p id=\"caption-attachment-133996\" class=\"wp-caption-text\">Quelques \u00c9claireurs se font baptiser \u00e0 l\u2019Universit\u00e9 Adventiste d\u2019Ha\u00efti \u00e0 Diquini, \u00e0 Carrefour, Port-au-Prince, le 20 septembre 2025. [Photo : Temple Adventiste Horeb]<\/p><\/div>Les activit\u00e9s de suivi comprennent des journ\u00e9es de service communautaire suppl\u00e9mentaires, des \u00e9tudes bibliques continues pour les nouveaux croyants et un mentorat au sein des clubs pour permettre aux jeunes de rester actifs et de s\u2019\u00e9panouir en toute s\u00e9curit\u00e9.<\/p>\n<p>Traduction: Patrick Luciathe<\/p>\n","protected":false},"excerpt":{"rendered":"<p>Malgr\u00e9 les crises que continue de traverser le pays, les jeunes se mobilisent pour la Semaine du Foulard, et prennent part aux nettoyages, \u00e0 la distribution d\u2019aide et au t\u00e9moignage&#8230;<\/p>\n","protected":false},"author":3,"featured_media":133989,"comment_status":"closed","ping_status":"closed","sticky":false,"template":"","format":"standard","meta":{"_acf_changed":false,"footnotes":""},"categories":[21,19],"tags":[],"class_list":["post-134060","post","type-post","status-publish","format-standard","has-post-thumbnail","hentry","category-nouvelles-du-territoire","category-rss-francais"],"acf":[],"yoast_head":"<!-- This site is optimized with the Yoast SEO plugin v27.3 - https:\/\/yoast.com\/product\/yoast-seo-wordpress\/ -->\n<title>En Ha\u00efti, les \u00c9claireurs c\u00e9l\u00e8brent la Journ\u00e9e Mondiale des \u00c9claireurs avec des actes de service dans les rues et des bapt\u00eames - \u00c9glise Adventiste Du Septieme Jour - Inter Am\u00e9rique Division<\/title>\n<meta name=\"robots\" content=\"index, follow, max-snippet:-1, max-image-preview:large, max-video-preview:-1\" \/>\n<link rel=\"canonical\" href=\"https:\/\/interamerica.org\/fr\/2025\/09\/en-haiti-les-eclaireurs-celebrent-la-journee-mondiale-des-eclaireurs-avec-des-actes-de-service-dans-les-rues-et-des-baptemes\/\" \/>\n<meta property=\"og:locale\" content=\"fr_FR\" \/>\n<meta property=\"og:type\" content=\"article\" \/>\n<meta property=\"og:title\" content=\"En Ha\u00efti, les \u00c9claireurs c\u00e9l\u00e8brent la Journ\u00e9e Mondiale des \u00c9claireurs avec des actes de service dans les rues et des bapt\u00eames - \u00c9glise Adventiste Du Septieme Jour - Inter Am\u00e9rique Division\" \/>\n<meta property=\"og:description\" content=\"Malgr\u00e9 les crises que continue de traverser le pays, les jeunes se mobilisent pour la Semaine du Foulard, et prennent part aux nettoyages, \u00e0 la distribution d\u2019aide et au t\u00e9moignage...\" \/>\n<meta property=\"og:url\" content=\"https:\/\/interamerica.org\/fr\/2025\/09\/en-haiti-les-eclaireurs-celebrent-la-journee-mondiale-des-eclaireurs-avec-des-actes-de-service-dans-les-rues-et-des-baptemes\/\" \/>\n<meta property=\"og:site_name\" content=\"\u00c9glise Adventiste Du Septieme Jour - Inter Am\u00e9rique Division\" \/>\n<meta property=\"article:published_time\" content=\"2025-09-30T22:09:09+00:00\" \/>\n<meta property=\"article:modified_time\" content=\"2025-10-06T18:58:36+00:00\" \/>\n<meta property=\"og:image\" content=\"https:\/\/interamerica.org\/wp-content\/uploads\/2025\/09\/haiti-scarfweek-2025-img-9415.jpg\" \/>\n\t<meta property=\"og:image:width\" content=\"1000\" \/>\n\t<meta property=\"og:image:height\" content=\"667\" \/>\n\t<meta property=\"og:image:type\" content=\"image\/jpeg\" \/>\n<meta name=\"author\" content=\"libna\" \/>\n<meta name=\"twitter:card\" content=\"summary_large_image\" \/>\n<meta name=\"twitter:label1\" content=\"\u00c9crit par\" \/>\n\t<meta name=\"twitter:data1\" content=\"libna\" \/>\n\t<meta name=\"twitter:label2\" content=\"Dur\u00e9e de lecture estim\u00e9e\" \/>\n\t<meta name=\"twitter:data2\" content=\"4 minutes\" \/>\n<script type=\"application\/ld+json\" class=\"yoast-schema-graph\">{\"@context\":\"https:\\\/\\\/schema.org\",\"@graph\":[{\"@type\":\"Article\",\"@id\":\"https:\\\/\\\/interamerica.org\\\/fr\\\/2025\\\/09\\\/en-haiti-les-eclaireurs-celebrent-la-journee-mondiale-des-eclaireurs-avec-des-actes-de-service-dans-les-rues-et-des-baptemes\\\/#article\",\"isPartOf\":{\"@id\":\"https:\\\/\\\/interamerica.org\\\/fr\\\/2025\\\/09\\\/en-haiti-les-eclaireurs-celebrent-la-journee-mondiale-des-eclaireurs-avec-des-actes-de-service-dans-les-rues-et-des-baptemes\\\/\"},\"author\":{\"name\":\"libna\",\"@id\":\"https:\\\/\\\/interamerica.org\\\/fr\\\/#\\\/schema\\\/person\\\/29998f2bc2d8bd0d38662909289b54f1\"},\"headline\":\"En Ha\u00efti, les \u00c9claireurs c\u00e9l\u00e8brent la Journ\u00e9e Mondiale des \u00c9claireurs avec des actes de service dans les rues et des bapt\u00eames\",\"datePublished\":\"2025-09-30T22:09:09+00:00\",\"dateModified\":\"2025-10-06T18:58:36+00:00\",\"mainEntityOfPage\":{\"@id\":\"https:\\\/\\\/interamerica.org\\\/fr\\\/2025\\\/09\\\/en-haiti-les-eclaireurs-celebrent-la-journee-mondiale-des-eclaireurs-avec-des-actes-de-service-dans-les-rues-et-des-baptemes\\\/\"},\"wordCount\":678,\"image\":{\"@id\":\"https:\\\/\\\/interamerica.org\\\/fr\\\/2025\\\/09\\\/en-haiti-les-eclaireurs-celebrent-la-journee-mondiale-des-eclaireurs-avec-des-actes-de-service-dans-les-rues-et-des-baptemes\\\/#primaryimage\"},\"thumbnailUrl\":\"https:\\\/\\\/interamerica.org\\\/wp-content\\\/uploads\\\/2025\\\/09\\\/haiti-scarfweek-2025-img-9415.jpg\",\"articleSection\":[\"Nouvelles du territoire\",\"RSS Fran\u00e7ais\"],\"inLanguage\":\"fr-FR\"},{\"@type\":\"WebPage\",\"@id\":\"https:\\\/\\\/interamerica.org\\\/fr\\\/2025\\\/09\\\/en-haiti-les-eclaireurs-celebrent-la-journee-mondiale-des-eclaireurs-avec-des-actes-de-service-dans-les-rues-et-des-baptemes\\\/\",\"url\":\"https:\\\/\\\/interamerica.org\\\/fr\\\/2025\\\/09\\\/en-haiti-les-eclaireurs-celebrent-la-journee-mondiale-des-eclaireurs-avec-des-actes-de-service-dans-les-rues-et-des-baptemes\\\/\",\"name\":\"En Ha\u00efti, les \u00c9claireurs c\u00e9l\u00e8brent la Journ\u00e9e Mondiale des \u00c9claireurs avec des actes de service dans les rues et des bapt\u00eames - \u00c9glise Adventiste Du Septieme Jour - Inter Am\u00e9rique Division\",\"isPartOf\":{\"@id\":\"https:\\\/\\\/interamerica.org\\\/fr\\\/#website\"},\"primaryImageOfPage\":{\"@id\":\"https:\\\/\\\/interamerica.org\\\/fr\\\/2025\\\/09\\\/en-haiti-les-eclaireurs-celebrent-la-journee-mondiale-des-eclaireurs-avec-des-actes-de-service-dans-les-rues-et-des-baptemes\\\/#primaryimage\"},\"image\":{\"@id\":\"https:\\\/\\\/interamerica.org\\\/fr\\\/2025\\\/09\\\/en-haiti-les-eclaireurs-celebrent-la-journee-mondiale-des-eclaireurs-avec-des-actes-de-service-dans-les-rues-et-des-baptemes\\\/#primaryimage\"},\"thumbnailUrl\":\"https:\\\/\\\/interamerica.org\\\/wp-content\\\/uploads\\\/2025\\\/09\\\/haiti-scarfweek-2025-img-9415.jpg\",\"datePublished\":\"2025-09-30T22:09:09+00:00\",\"dateModified\":\"2025-10-06T18:58:36+00:00\",\"author\":{\"@id\":\"https:\\\/\\\/interamerica.org\\\/fr\\\/#\\\/schema\\\/person\\\/29998f2bc2d8bd0d38662909289b54f1\"},\"breadcrumb\":{\"@id\":\"https:\\\/\\\/interamerica.org\\\/fr\\\/2025\\\/09\\\/en-haiti-les-eclaireurs-celebrent-la-journee-mondiale-des-eclaireurs-avec-des-actes-de-service-dans-les-rues-et-des-baptemes\\\/#breadcrumb\"},\"inLanguage\":\"fr-FR\",\"potentialAction\":[{\"@type\":\"ReadAction\",\"target\":[\"https:\\\/\\\/interamerica.org\\\/fr\\\/2025\\\/09\\\/en-haiti-les-eclaireurs-celebrent-la-journee-mondiale-des-eclaireurs-avec-des-actes-de-service-dans-les-rues-et-des-baptemes\\\/\"]}]},{\"@type\":\"ImageObject\",\"inLanguage\":\"fr-FR\",\"@id\":\"https:\\\/\\\/interamerica.org\\\/fr\\\/2025\\\/09\\\/en-haiti-les-eclaireurs-celebrent-la-journee-mondiale-des-eclaireurs-avec-des-actes-de-service-dans-les-rues-et-des-baptemes\\\/#primaryimage\",\"url\":\"https:\\\/\\\/interamerica.org\\\/wp-content\\\/uploads\\\/2025\\\/09\\\/haiti-scarfweek-2025-img-9415.jpg\",\"contentUrl\":\"https:\\\/\\\/interamerica.org\\\/wp-content\\\/uploads\\\/2025\\\/09\\\/haiti-scarfweek-2025-img-9415.jpg\",\"width\":1000,\"height\":667,\"caption\":\"[Photo: Haitian Union]\"},{\"@type\":\"BreadcrumbList\",\"@id\":\"https:\\\/\\\/interamerica.org\\\/fr\\\/2025\\\/09\\\/en-haiti-les-eclaireurs-celebrent-la-journee-mondiale-des-eclaireurs-avec-des-actes-de-service-dans-les-rues-et-des-baptemes\\\/#breadcrumb\",\"itemListElement\":[{\"@type\":\"ListItem\",\"position\":1,\"name\":\"Home\",\"item\":\"https:\\\/\\\/interamerica.org\\\/fr\\\/\"},{\"@type\":\"ListItem\",\"position\":2,\"name\":\"En Ha\u00efti, les \u00c9claireurs c\u00e9l\u00e8brent la Journ\u00e9e Mondiale des \u00c9claireurs avec des actes de service dans les rues et des bapt\u00eames\"}]},{\"@type\":\"WebSite\",\"@id\":\"https:\\\/\\\/interamerica.org\\\/fr\\\/#website\",\"url\":\"https:\\\/\\\/interamerica.org\\\/fr\\\/\",\"name\":\"\u00c9glise Adventiste Du Septieme Jour - Inter Am\u00e9rique Division\",\"description\":\"\",\"potentialAction\":[{\"@type\":\"SearchAction\",\"target\":{\"@type\":\"EntryPoint\",\"urlTemplate\":\"https:\\\/\\\/interamerica.org\\\/fr\\\/?s={search_term_string}\"},\"query-input\":{\"@type\":\"PropertyValueSpecification\",\"valueRequired\":true,\"valueName\":\"search_term_string\"}}],\"inLanguage\":\"fr-FR\"},{\"@type\":\"Person\",\"@id\":\"https:\\\/\\\/interamerica.org\\\/fr\\\/#\\\/schema\\\/person\\\/29998f2bc2d8bd0d38662909289b54f1\",\"name\":\"libna\",\"image\":{\"@type\":\"ImageObject\",\"inLanguage\":\"fr-FR\",\"@id\":\"https:\\\/\\\/secure.gravatar.com\\\/avatar\\\/7c5bd30ae4b47a9ba3c856590957fd1d96dc588bf3ac05719d247e126840331f?s=96&d=mm&r=g\",\"url\":\"https:\\\/\\\/secure.gravatar.com\\\/avatar\\\/7c5bd30ae4b47a9ba3c856590957fd1d96dc588bf3ac05719d247e126840331f?s=96&d=mm&r=g\",\"contentUrl\":\"https:\\\/\\\/secure.gravatar.com\\\/avatar\\\/7c5bd30ae4b47a9ba3c856590957fd1d96dc588bf3ac05719d247e126840331f?s=96&d=mm&r=g\",\"caption\":\"libna\"}}]}<\/script>\n<!-- \/ Yoast SEO plugin. -->","yoast_head_json":{"title":"En Ha\u00efti, les \u00c9claireurs c\u00e9l\u00e8brent la Journ\u00e9e Mondiale des \u00c9claireurs avec des actes de service dans les rues et des bapt\u00eames - \u00c9glise Adventiste Du Septieme Jour - Inter Am\u00e9rique Division","robots":{"index":"index","follow":"follow","max-snippet":"max-snippet:-1","max-image-preview":"max-image-preview:large","max-video-preview":"max-video-preview:-1"},"canonical":"https:\/\/interamerica.org\/fr\/2025\/09\/en-haiti-les-eclaireurs-celebrent-la-journee-mondiale-des-eclaireurs-avec-des-actes-de-service-dans-les-rues-et-des-baptemes\/","og_locale":"fr_FR","og_type":"article","og_title":"En Ha\u00efti, les \u00c9claireurs c\u00e9l\u00e8brent la Journ\u00e9e Mondiale des \u00c9claireurs avec des actes de service dans les rues et des bapt\u00eames - \u00c9glise Adventiste Du Septieme Jour - Inter Am\u00e9rique Division","og_description":"Malgr\u00e9 les crises que continue de traverser le pays, les jeunes se mobilisent pour la Semaine du Foulard, et prennent part aux nettoyages, \u00e0 la distribution d\u2019aide et au t\u00e9moignage...","og_url":"https:\/\/interamerica.org\/fr\/2025\/09\/en-haiti-les-eclaireurs-celebrent-la-journee-mondiale-des-eclaireurs-avec-des-actes-de-service-dans-les-rues-et-des-baptemes\/","og_site_name":"\u00c9glise Adventiste Du Septieme Jour - Inter Am\u00e9rique Division","article_published_time":"2025-09-30T22:09:09+00:00","article_modified_time":"2025-10-06T18:58:36+00:00","og_image":[{"width":1000,"height":667,"url":"https:\/\/interamerica.org\/wp-content\/uploads\/2025\/09\/haiti-scarfweek-2025-img-9415.jpg","type":"image\/jpeg"}],"author":"libna","twitter_card":"summary_large_image","twitter_misc":{"\u00c9crit par":"libna","Dur\u00e9e de lecture estim\u00e9e":"4 minutes"},"schema":{"@context":"https:\/\/schema.org","@graph":[{"@type":"Article","@id":"https:\/\/interamerica.org\/fr\/2025\/09\/en-haiti-les-eclaireurs-celebrent-la-journee-mondiale-des-eclaireurs-avec-des-actes-de-service-dans-les-rues-et-des-baptemes\/#article","isPartOf":{"@id":"https:\/\/interamerica.org\/fr\/2025\/09\/en-haiti-les-eclaireurs-celebrent-la-journee-mondiale-des-eclaireurs-avec-des-actes-de-service-dans-les-rues-et-des-baptemes\/"},"author":{"name":"libna","@id":"https:\/\/interamerica.org\/fr\/#\/schema\/person\/29998f2bc2d8bd0d38662909289b54f1"},"headline":"En Ha\u00efti, les \u00c9claireurs c\u00e9l\u00e8brent la Journ\u00e9e Mondiale des \u00c9claireurs avec des actes de service dans les rues et des bapt\u00eames","datePublished":"2025-09-30T22:09:09+00:00","dateModified":"2025-10-06T18:58:36+00:00","mainEntityOfPage":{"@id":"https:\/\/interamerica.org\/fr\/2025\/09\/en-haiti-les-eclaireurs-celebrent-la-journee-mondiale-des-eclaireurs-avec-des-actes-de-service-dans-les-rues-et-des-baptemes\/"},"wordCount":678,"image":{"@id":"https:\/\/interamerica.org\/fr\/2025\/09\/en-haiti-les-eclaireurs-celebrent-la-journee-mondiale-des-eclaireurs-avec-des-actes-de-service-dans-les-rues-et-des-baptemes\/#primaryimage"},"thumbnailUrl":"https:\/\/interamerica.org\/wp-content\/uploads\/2025\/09\/haiti-scarfweek-2025-img-9415.jpg","articleSection":["Nouvelles du territoire","RSS Fran\u00e7ais"],"inLanguage":"fr-FR"},{"@type":"WebPage","@id":"https:\/\/interamerica.org\/fr\/2025\/09\/en-haiti-les-eclaireurs-celebrent-la-journee-mondiale-des-eclaireurs-avec-des-actes-de-service-dans-les-rues-et-des-baptemes\/","url":"https:\/\/interamerica.org\/fr\/2025\/09\/en-haiti-les-eclaireurs-celebrent-la-journee-mondiale-des-eclaireurs-avec-des-actes-de-service-dans-les-rues-et-des-baptemes\/","name":"En Ha\u00efti, les \u00c9claireurs c\u00e9l\u00e8brent la Journ\u00e9e Mondiale des \u00c9claireurs avec des actes de service dans les rues et des bapt\u00eames - \u00c9glise Adventiste Du Septieme Jour - Inter Am\u00e9rique Division","isPartOf":{"@id":"https:\/\/interamerica.org\/fr\/#website"},"primaryImageOfPage":{"@id":"https:\/\/interamerica.org\/fr\/2025\/09\/en-haiti-les-eclaireurs-celebrent-la-journee-mondiale-des-eclaireurs-avec-des-actes-de-service-dans-les-rues-et-des-baptemes\/#primaryimage"},"image":{"@id":"https:\/\/interamerica.org\/fr\/2025\/09\/en-haiti-les-eclaireurs-celebrent-la-journee-mondiale-des-eclaireurs-avec-des-actes-de-service-dans-les-rues-et-des-baptemes\/#primaryimage"},"thumbnailUrl":"https:\/\/interamerica.org\/wp-content\/uploads\/2025\/09\/haiti-scarfweek-2025-img-9415.jpg","datePublished":"2025-09-30T22:09:09+00:00","dateModified":"2025-10-06T18:58:36+00:00","author":{"@id":"https:\/\/interamerica.org\/fr\/#\/schema\/person\/29998f2bc2d8bd0d38662909289b54f1"},"breadcrumb":{"@id":"https:\/\/interamerica.org\/fr\/2025\/09\/en-haiti-les-eclaireurs-celebrent-la-journee-mondiale-des-eclaireurs-avec-des-actes-de-service-dans-les-rues-et-des-baptemes\/#breadcrumb"},"inLanguage":"fr-FR","potentialAction":[{"@type":"ReadAction","target":["https:\/\/interamerica.org\/fr\/2025\/09\/en-haiti-les-eclaireurs-celebrent-la-journee-mondiale-des-eclaireurs-avec-des-actes-de-service-dans-les-rues-et-des-baptemes\/"]}]},{"@type":"ImageObject","inLanguage":"fr-FR","@id":"https:\/\/interamerica.org\/fr\/2025\/09\/en-haiti-les-eclaireurs-celebrent-la-journee-mondiale-des-eclaireurs-avec-des-actes-de-service-dans-les-rues-et-des-baptemes\/#primaryimage","url":"https:\/\/interamerica.org\/wp-content\/uploads\/2025\/09\/haiti-scarfweek-2025-img-9415.jpg","contentUrl":"https:\/\/interamerica.org\/wp-content\/uploads\/2025\/09\/haiti-scarfweek-2025-img-9415.jpg","width":1000,"height":667,"caption":"[Photo: Haitian Union]"},{"@type":"BreadcrumbList","@id":"https:\/\/interamerica.org\/fr\/2025\/09\/en-haiti-les-eclaireurs-celebrent-la-journee-mondiale-des-eclaireurs-avec-des-actes-de-service-dans-les-rues-et-des-baptemes\/#breadcrumb","itemListElement":[{"@type":"ListItem","position":1,"name":"Home","item":"https:\/\/interamerica.org\/fr\/"},{"@type":"ListItem","position":2,"name":"En Ha\u00efti, les \u00c9claireurs c\u00e9l\u00e8brent la Journ\u00e9e Mondiale des \u00c9claireurs avec des actes de service dans les rues et des bapt\u00eames"}]},{"@type":"WebSite","@id":"https:\/\/interamerica.org\/fr\/#website","url":"https:\/\/interamerica.org\/fr\/","name":"\u00c9glise Adventiste Du Septieme Jour - Inter Am\u00e9rique Division","description":"","potentialAction":[{"@type":"SearchAction","target":{"@type":"EntryPoint","urlTemplate":"https:\/\/interamerica.org\/fr\/?s={search_term_string}"},"query-input":{"@type":"PropertyValueSpecification","valueRequired":true,"valueName":"search_term_string"}}],"inLanguage":"fr-FR"},{"@type":"Person","@id":"https:\/\/interamerica.org\/fr\/#\/schema\/person\/29998f2bc2d8bd0d38662909289b54f1","name":"libna","image":{"@type":"ImageObject","inLanguage":"fr-FR","@id":"https:\/\/secure.gravatar.com\/avatar\/7c5bd30ae4b47a9ba3c856590957fd1d96dc588bf3ac05719d247e126840331f?s=96&d=mm&r=g","url":"https:\/\/secure.gravatar.com\/avatar\/7c5bd30ae4b47a9ba3c856590957fd1d96dc588bf3ac05719d247e126840331f?s=96&d=mm&r=g","contentUrl":"https:\/\/secure.gravatar.com\/avatar\/7c5bd30ae4b47a9ba3c856590957fd1d96dc588bf3ac05719d247e126840331f?s=96&d=mm&r=g","caption":"libna"}}]}},"_links":{"self":[{"href":"https:\/\/interamerica.org\/fr\/wp-json\/wp\/v2\/posts\/134060","targetHints":{"allow":["GET"]}}],"collection":[{"href":"https:\/\/interamerica.org\/fr\/wp-json\/wp\/v2\/posts"}],"about":[{"href":"https:\/\/interamerica.org\/fr\/wp-json\/wp\/v2\/types\/post"}],"author":[{"embeddable":true,"href":"https:\/\/interamerica.org\/fr\/wp-json\/wp\/v2\/users\/3"}],"replies":[{"embeddable":true,"href":"https:\/\/interamerica.org\/fr\/wp-json\/wp\/v2\/comments?post=134060"}],"version-history":[{"count":1,"href":"https:\/\/interamerica.org\/fr\/wp-json\/wp\/v2\/posts\/134060\/revisions"}],"predecessor-version":[{"id":134076,"href":"https:\/\/interamerica.org\/fr\/wp-json\/wp\/v2\/posts\/134060\/revisions\/134076"}],"wp:featuredmedia":[{"embeddable":true,"href":"https:\/\/interamerica.org\/fr\/wp-json\/wp\/v2\/media\/133989"}],"wp:attachment":[{"href":"https:\/\/interamerica.org\/fr\/wp-json\/wp\/v2\/media?parent=134060"}],"wp:term":[{"taxonomy":"category","embeddable":true,"href":"https:\/\/interamerica.org\/fr\/wp-json\/wp\/v2\/categories?post=134060"},{"taxonomy":"post_tag","embeddable":true,"href":"https:\/\/interamerica.org\/fr\/wp-json\/wp\/v2\/tags?post=134060"}],"curies":[{"name":"wp","href":"https:\/\/api.w.org\/{rel}","templated":true}]}}