{"id":13408,"date":"2010-07-06T00:00:00","date_gmt":"2010-07-06T04:00:00","guid":{"rendered":"http:\/\/192.81.217.108\/interamerica\/2010\/07\/nord-du-mexique-leglise-intervient-apres-les-inondations-dont-a-ete-victime-la-ville-de-monterrey-apres-la-tempete-tropicale-alex\/"},"modified":"2017-06-02T13:03:30","modified_gmt":"2017-06-02T17:03:30","slug":"nord-du-mexique-leglise-intervient-apres-les-inondations-dont-a-ete-victime-la-ville-de-monterrey-apres-la-tempete-tropicale-alex","status":"publish","type":"post","link":"https:\/\/interamerica.org\/fr\/2010\/07\/nord-du-mexique-leglise-intervient-apres-les-inondations-dont-a-ete-victime-la-ville-de-monterrey-apres-la-tempete-tropicale-alex\/","title":{"rendered":"Nord du Mexique: L&rsquo;\u00e9glise intervient apr\u00e8s les inondations dont a \u00e9t\u00e9 victime la ville de Monterrey apr\u00e8s la Temp\u00eate Tropicale Alex"},"content":{"rendered":"<p><em  >6 Juillet 2010<\/em  > &#8211; Monterrey, Nuevo Leon, Mexique&#8230;[Libna Stevens\/DIA] <\/p>\n<p>Quelques jours apr\u00e8s que la temp\u00eate tropicale se soit abattue sur le Nord-est du Mexique, d\u00e9versant des pluies torrentielles et causant la mort de 12 personnes dans l&rsquo;\u00e9tat du Nuevo Leon, l&rsquo;Eglise Adventiste du Septi\u00e8me jour se mobilise pour venir en aide aux personnes se trouvant dans le besoin. <\/p>\n<p>\u00ab L&rsquo;inondation a \u00e9t\u00e9 si importante qu&rsquo;elle a caus\u00e9 des d\u00e9g\u00e2ts sur les autoroutes et emport\u00e9 des v\u00e9hicules et des d\u00e9bris sur son chemin, a rapport\u00e9 Miguel Patino, directeur de communication pour l&rsquo;\u00e9glise Adventiste dans le Nord-est du Mexique, dont le si\u00e8ge se trouve \u00e0 Monterrey. \u00ab Le pr\u00e9sident de notre nation a visit\u00e9 la r\u00e9gion a d\u00e9clar\u00e9 l&rsquo;\u00e9tat de catastrophe naturelle. \u00bb <\/p>\n<p>\u00ab Certains de nos fr\u00e8res et s\u0153urs ont perdu tout ce qu&rsquo;ils poss\u00e9daient, \u00bb a expliqu\u00e9 Miguel Patino. <\/p>\n<p>Bien qu&rsquo;il n&rsquo;ait \u00e9t\u00e9 fait \u00e9tat d&rsquo;aucun d\u00e9c\u00e8s parmi les membres d&rsquo;\u00e9glise, Patino a indiqu\u00e9 que les dirigeants de l&rsquo;\u00e9glise n&rsquo;ont pas encore pu faire un bilan complet des d\u00e9g\u00e2ts caus\u00e9s aux maisons des membres d&rsquo;\u00e9glise ainsi qu&rsquo;aux 75 \u00e9glises du territoire. Des d\u00e9g\u00e2ts l\u00e9gers ont \u00e9t\u00e9 signal\u00e9s dans trois \u00e9coles primaires et secondaires Adventistes de la r\u00e9gion. <\/p>\n<p>Selon Miguel Patino, plus de 300 jeunes ont \u00e9t\u00e9 mobilis\u00e9s pour distribuer de l&rsquo;eau, enlever les d\u00e9bris et nettoyer les routes boueuses dans les communaut\u00e9s affect\u00e9es. Les \u00e9glises Adventistes ont \u00e9t\u00e9 transform\u00e9es \u00e9galement en centre de collecte. <\/p>\n<p>\u00ab Les jeunes ont \u00e9t\u00e9 organis\u00e9s en diff\u00e9rentes \u00e9quipes pour aider dans les diverses initiatives \u00e0 travers la ville, \u00bb a indiqu\u00e9 Arnulfo Gallegos, coordinateur de l&rsquo;Agence Adventiste de D\u00e9veloppement et de Secours (ADRA) dans le Nord-est du Mexique. <\/p>\n<p>Peu apr\u00e8s qu&rsquo;Alex ait frapp\u00e9 la r\u00e9gion, pasteur Arturo King, pr\u00e9sident de l&rsquo;\u00e9glise Adventiste dans le Nord-est du Mexique, a fait parvenir un message vid\u00e9o depuis Atlanta o\u00f9 il participait \u00e0 la Session de la Conf\u00e9rence G\u00e9n\u00e9rale. Dans cette vid\u00e9o Il a applaudi le travail fait par les jeunes  et a d\u00e9clar\u00e9 \u00ab\u00a0nous voulons exprimer notre sinc\u00e8re appr\u00e9ciation aux jeunes de notre territoire. Nous sommes si fiers de les voir apporter leur aide d\u00e8s que le besoin s&rsquo;est fait ressentir.\u00a0\u00bb <\/p>\n<p>De plus, pasteur King a invit\u00e9 les membres d&rsquo;\u00e9glise locaux \u00e0 donner des draps, des denr\u00e9es alimentaires non p\u00e9rissables, de l&rsquo;eau et des v\u00eatements. Il a aussi invit\u00e9 les professionnels Adventistes \u00e0 les rejoindre dans cet effort de telle sorte que l&rsquo;\u00e9glise puisse servir les communaut\u00e9s affect\u00e9es par la temp\u00eate. <\/p>\n<p>Avant de toucher la r\u00e9gion, la Temp\u00eate Tropicale Alex \u00e9tait un cyclone de cat\u00e9gorie 2, le stade le plus \u00e9lev\u00e9 qu&rsquo;il ait atteint pendant sa trajectoire dans le Golfe du Mexique. <\/p>\n<p>D&rsquo;apr\u00e8s les rapports, l&rsquo;\u00e9tat du Nuevo Leon n&rsquo;avait pas \u00e9t\u00e9 aussi durement touch\u00e9 depuis le passage du cyclone Gilbert, une temp\u00eate de cat\u00e9gorie 5 qui avait sem\u00e9 la destruction \u00e0 travers le Nord-est du Mexique en 1988. <\/p>\n","protected":false},"excerpt":{"rendered":"<p>Quelques joursapr\u00e8s que la temp\u00eate tropicale se soit abattue sur le Nord-est du Mexique,d\u00e9versant des pluies torrentielles et causant la mort de 12 personnes dansl&rsquo;\u00e9tat du Nuevo Leon, l&rsquo;Eglise Adventiste du S<\/p>\n","protected":false},"author":1,"featured_media":0,"comment_status":"closed","ping_status":"closed","sticky":false,"template":"","format":"standard","meta":{"_acf_changed":false,"footnotes":""},"categories":[9],"tags":[],"class_list":["post-13408","post","type-post","status-publish","format-standard","hentry","category-archive-fr"],"acf":[],"yoast_head":"<!-- This site is optimized with the Yoast SEO plugin v27.3 - https:\/\/yoast.com\/product\/yoast-seo-wordpress\/ -->\n<title>Nord du Mexique: L&#039;\u00e9glise intervient apr\u00e8s les inondations dont a \u00e9t\u00e9 victime la ville de Monterrey apr\u00e8s la Temp\u00eate Tropicale Alex - \u00c9glise Adventiste Du Septieme Jour - Inter Am\u00e9rique Division<\/title>\n<meta name=\"robots\" content=\"index, follow, max-snippet:-1, max-image-preview:large, max-video-preview:-1\" \/>\n<link rel=\"canonical\" href=\"https:\/\/interamerica.org\/fr\/2010\/07\/nord-du-mexique-leglise-intervient-apres-les-inondations-dont-a-ete-victime-la-ville-de-monterrey-apres-la-tempete-tropicale-alex\/\" \/>\n<meta property=\"og:locale\" content=\"fr_FR\" \/>\n<meta property=\"og:type\" content=\"article\" \/>\n<meta property=\"og:title\" content=\"Nord du Mexique: L&#039;\u00e9glise intervient apr\u00e8s les inondations dont a \u00e9t\u00e9 victime la ville de Monterrey apr\u00e8s la Temp\u00eate Tropicale Alex - \u00c9glise Adventiste Du Septieme Jour - Inter Am\u00e9rique Division\" \/>\n<meta property=\"og:description\" content=\"Quelques joursapr\u00e8s que la temp\u00eate tropicale se soit abattue sur le Nord-est du Mexique,d\u00e9versant des pluies torrentielles et causant la mort de 12 personnes dansl&#039;\u00e9tat du Nuevo Leon, l&#039;Eglise Adventiste du S\" \/>\n<meta property=\"og:url\" content=\"https:\/\/interamerica.org\/fr\/2010\/07\/nord-du-mexique-leglise-intervient-apres-les-inondations-dont-a-ete-victime-la-ville-de-monterrey-apres-la-tempete-tropicale-alex\/\" \/>\n<meta property=\"og:site_name\" content=\"\u00c9glise Adventiste Du Septieme Jour - Inter Am\u00e9rique Division\" \/>\n<meta property=\"article:published_time\" content=\"2010-07-06T04:00:00+00:00\" \/>\n<meta property=\"article:modified_time\" content=\"2017-06-02T17:03:30+00:00\" \/>\n<meta name=\"author\" content=\"Lorenzo Verduzco\" \/>\n<meta name=\"twitter:card\" content=\"summary_large_image\" \/>\n<meta name=\"twitter:label1\" content=\"\u00c9crit par\" \/>\n\t<meta name=\"twitter:data1\" content=\"Lorenzo Verduzco\" \/>\n\t<meta name=\"twitter:label2\" content=\"Dur\u00e9e de lecture estim\u00e9e\" \/>\n\t<meta name=\"twitter:data2\" content=\"3 minutes\" \/>\n<script type=\"application\/ld+json\" class=\"yoast-schema-graph\">{\"@context\":\"https:\\\/\\\/schema.org\",\"@graph\":[{\"@type\":\"Article\",\"@id\":\"https:\\\/\\\/interamerica.org\\\/fr\\\/2010\\\/07\\\/nord-du-mexique-leglise-intervient-apres-les-inondations-dont-a-ete-victime-la-ville-de-monterrey-apres-la-tempete-tropicale-alex\\\/#article\",\"isPartOf\":{\"@id\":\"https:\\\/\\\/interamerica.org\\\/fr\\\/2010\\\/07\\\/nord-du-mexique-leglise-intervient-apres-les-inondations-dont-a-ete-victime-la-ville-de-monterrey-apres-la-tempete-tropicale-alex\\\/\"},\"author\":{\"name\":\"Lorenzo Verduzco\",\"@id\":\"https:\\\/\\\/interamerica.org\\\/fr\\\/#\\\/schema\\\/person\\\/68ede8bdc292885bb76c1e3810e73c39\"},\"headline\":\"Nord du Mexique: L&rsquo;\u00e9glise intervient apr\u00e8s les inondations dont a \u00e9t\u00e9 victime la ville de Monterrey apr\u00e8s la Temp\u00eate Tropicale Alex\",\"datePublished\":\"2010-07-06T04:00:00+00:00\",\"dateModified\":\"2017-06-02T17:03:30+00:00\",\"mainEntityOfPage\":{\"@id\":\"https:\\\/\\\/interamerica.org\\\/fr\\\/2010\\\/07\\\/nord-du-mexique-leglise-intervient-apres-les-inondations-dont-a-ete-victime-la-ville-de-monterrey-apres-la-tempete-tropicale-alex\\\/\"},\"wordCount\":561,\"articleSection\":[\"Archive\"],\"inLanguage\":\"fr-FR\"},{\"@type\":\"WebPage\",\"@id\":\"https:\\\/\\\/interamerica.org\\\/fr\\\/2010\\\/07\\\/nord-du-mexique-leglise-intervient-apres-les-inondations-dont-a-ete-victime-la-ville-de-monterrey-apres-la-tempete-tropicale-alex\\\/\",\"url\":\"https:\\\/\\\/interamerica.org\\\/fr\\\/2010\\\/07\\\/nord-du-mexique-leglise-intervient-apres-les-inondations-dont-a-ete-victime-la-ville-de-monterrey-apres-la-tempete-tropicale-alex\\\/\",\"name\":\"Nord du Mexique: L'\u00e9glise intervient apr\u00e8s les inondations dont a \u00e9t\u00e9 victime la ville de Monterrey apr\u00e8s la Temp\u00eate Tropicale Alex - \u00c9glise Adventiste Du Septieme Jour - Inter Am\u00e9rique Division\",\"isPartOf\":{\"@id\":\"https:\\\/\\\/interamerica.org\\\/fr\\\/#website\"},\"datePublished\":\"2010-07-06T04:00:00+00:00\",\"dateModified\":\"2017-06-02T17:03:30+00:00\",\"author\":{\"@id\":\"https:\\\/\\\/interamerica.org\\\/fr\\\/#\\\/schema\\\/person\\\/68ede8bdc292885bb76c1e3810e73c39\"},\"breadcrumb\":{\"@id\":\"https:\\\/\\\/interamerica.org\\\/fr\\\/2010\\\/07\\\/nord-du-mexique-leglise-intervient-apres-les-inondations-dont-a-ete-victime-la-ville-de-monterrey-apres-la-tempete-tropicale-alex\\\/#breadcrumb\"},\"inLanguage\":\"fr-FR\",\"potentialAction\":[{\"@type\":\"ReadAction\",\"target\":[\"https:\\\/\\\/interamerica.org\\\/fr\\\/2010\\\/07\\\/nord-du-mexique-leglise-intervient-apres-les-inondations-dont-a-ete-victime-la-ville-de-monterrey-apres-la-tempete-tropicale-alex\\\/\"]}]},{\"@type\":\"BreadcrumbList\",\"@id\":\"https:\\\/\\\/interamerica.org\\\/fr\\\/2010\\\/07\\\/nord-du-mexique-leglise-intervient-apres-les-inondations-dont-a-ete-victime-la-ville-de-monterrey-apres-la-tempete-tropicale-alex\\\/#breadcrumb\",\"itemListElement\":[{\"@type\":\"ListItem\",\"position\":1,\"name\":\"Home\",\"item\":\"https:\\\/\\\/interamerica.org\\\/fr\\\/\"},{\"@type\":\"ListItem\",\"position\":2,\"name\":\"Nord du Mexique: L&rsquo;\u00e9glise intervient apr\u00e8s les inondations dont a \u00e9t\u00e9 victime la ville de Monterrey apr\u00e8s la Temp\u00eate Tropicale Alex\"}]},{\"@type\":\"WebSite\",\"@id\":\"https:\\\/\\\/interamerica.org\\\/fr\\\/#website\",\"url\":\"https:\\\/\\\/interamerica.org\\\/fr\\\/\",\"name\":\"\u00c9glise Adventiste Du Septieme Jour - Inter Am\u00e9rique Division\",\"description\":\"\",\"potentialAction\":[{\"@type\":\"SearchAction\",\"target\":{\"@type\":\"EntryPoint\",\"urlTemplate\":\"https:\\\/\\\/interamerica.org\\\/fr\\\/?s={search_term_string}\"},\"query-input\":{\"@type\":\"PropertyValueSpecification\",\"valueRequired\":true,\"valueName\":\"search_term_string\"}}],\"inLanguage\":\"fr-FR\"},{\"@type\":\"Person\",\"@id\":\"https:\\\/\\\/interamerica.org\\\/fr\\\/#\\\/schema\\\/person\\\/68ede8bdc292885bb76c1e3810e73c39\",\"name\":\"Lorenzo Verduzco\",\"image\":{\"@type\":\"ImageObject\",\"inLanguage\":\"fr-FR\",\"@id\":\"https:\\\/\\\/secure.gravatar.com\\\/avatar\\\/fb81a55b6218459490a9c1dc841a34909185b81904c5337b4b27f7a6fd60c49e?s=96&d=mm&r=g\",\"url\":\"https:\\\/\\\/secure.gravatar.com\\\/avatar\\\/fb81a55b6218459490a9c1dc841a34909185b81904c5337b4b27f7a6fd60c49e?s=96&d=mm&r=g\",\"contentUrl\":\"https:\\\/\\\/secure.gravatar.com\\\/avatar\\\/fb81a55b6218459490a9c1dc841a34909185b81904c5337b4b27f7a6fd60c49e?s=96&d=mm&r=g\",\"caption\":\"Lorenzo Verduzco\"}}]}<\/script>\n<!-- \/ Yoast SEO plugin. -->","yoast_head_json":{"title":"Nord du Mexique: L'\u00e9glise intervient apr\u00e8s les inondations dont a \u00e9t\u00e9 victime la ville de Monterrey apr\u00e8s la Temp\u00eate Tropicale Alex - \u00c9glise Adventiste Du Septieme Jour - Inter Am\u00e9rique Division","robots":{"index":"index","follow":"follow","max-snippet":"max-snippet:-1","max-image-preview":"max-image-preview:large","max-video-preview":"max-video-preview:-1"},"canonical":"https:\/\/interamerica.org\/fr\/2010\/07\/nord-du-mexique-leglise-intervient-apres-les-inondations-dont-a-ete-victime-la-ville-de-monterrey-apres-la-tempete-tropicale-alex\/","og_locale":"fr_FR","og_type":"article","og_title":"Nord du Mexique: L'\u00e9glise intervient apr\u00e8s les inondations dont a \u00e9t\u00e9 victime la ville de Monterrey apr\u00e8s la Temp\u00eate Tropicale Alex - \u00c9glise Adventiste Du Septieme Jour - Inter Am\u00e9rique Division","og_description":"Quelques joursapr\u00e8s que la temp\u00eate tropicale se soit abattue sur le Nord-est du Mexique,d\u00e9versant des pluies torrentielles et causant la mort de 12 personnes dansl'\u00e9tat du Nuevo Leon, l'Eglise Adventiste du S","og_url":"https:\/\/interamerica.org\/fr\/2010\/07\/nord-du-mexique-leglise-intervient-apres-les-inondations-dont-a-ete-victime-la-ville-de-monterrey-apres-la-tempete-tropicale-alex\/","og_site_name":"\u00c9glise Adventiste Du Septieme Jour - Inter Am\u00e9rique Division","article_published_time":"2010-07-06T04:00:00+00:00","article_modified_time":"2017-06-02T17:03:30+00:00","author":"Lorenzo Verduzco","twitter_card":"summary_large_image","twitter_misc":{"\u00c9crit par":"Lorenzo Verduzco","Dur\u00e9e de lecture estim\u00e9e":"3 minutes"},"schema":{"@context":"https:\/\/schema.org","@graph":[{"@type":"Article","@id":"https:\/\/interamerica.org\/fr\/2010\/07\/nord-du-mexique-leglise-intervient-apres-les-inondations-dont-a-ete-victime-la-ville-de-monterrey-apres-la-tempete-tropicale-alex\/#article","isPartOf":{"@id":"https:\/\/interamerica.org\/fr\/2010\/07\/nord-du-mexique-leglise-intervient-apres-les-inondations-dont-a-ete-victime-la-ville-de-monterrey-apres-la-tempete-tropicale-alex\/"},"author":{"name":"Lorenzo Verduzco","@id":"https:\/\/interamerica.org\/fr\/#\/schema\/person\/68ede8bdc292885bb76c1e3810e73c39"},"headline":"Nord du Mexique: L&rsquo;\u00e9glise intervient apr\u00e8s les inondations dont a \u00e9t\u00e9 victime la ville de Monterrey apr\u00e8s la Temp\u00eate Tropicale Alex","datePublished":"2010-07-06T04:00:00+00:00","dateModified":"2017-06-02T17:03:30+00:00","mainEntityOfPage":{"@id":"https:\/\/interamerica.org\/fr\/2010\/07\/nord-du-mexique-leglise-intervient-apres-les-inondations-dont-a-ete-victime-la-ville-de-monterrey-apres-la-tempete-tropicale-alex\/"},"wordCount":561,"articleSection":["Archive"],"inLanguage":"fr-FR"},{"@type":"WebPage","@id":"https:\/\/interamerica.org\/fr\/2010\/07\/nord-du-mexique-leglise-intervient-apres-les-inondations-dont-a-ete-victime-la-ville-de-monterrey-apres-la-tempete-tropicale-alex\/","url":"https:\/\/interamerica.org\/fr\/2010\/07\/nord-du-mexique-leglise-intervient-apres-les-inondations-dont-a-ete-victime-la-ville-de-monterrey-apres-la-tempete-tropicale-alex\/","name":"Nord du Mexique: L'\u00e9glise intervient apr\u00e8s les inondations dont a \u00e9t\u00e9 victime la ville de Monterrey apr\u00e8s la Temp\u00eate Tropicale Alex - \u00c9glise Adventiste Du Septieme Jour - Inter Am\u00e9rique Division","isPartOf":{"@id":"https:\/\/interamerica.org\/fr\/#website"},"datePublished":"2010-07-06T04:00:00+00:00","dateModified":"2017-06-02T17:03:30+00:00","author":{"@id":"https:\/\/interamerica.org\/fr\/#\/schema\/person\/68ede8bdc292885bb76c1e3810e73c39"},"breadcrumb":{"@id":"https:\/\/interamerica.org\/fr\/2010\/07\/nord-du-mexique-leglise-intervient-apres-les-inondations-dont-a-ete-victime-la-ville-de-monterrey-apres-la-tempete-tropicale-alex\/#breadcrumb"},"inLanguage":"fr-FR","potentialAction":[{"@type":"ReadAction","target":["https:\/\/interamerica.org\/fr\/2010\/07\/nord-du-mexique-leglise-intervient-apres-les-inondations-dont-a-ete-victime-la-ville-de-monterrey-apres-la-tempete-tropicale-alex\/"]}]},{"@type":"BreadcrumbList","@id":"https:\/\/interamerica.org\/fr\/2010\/07\/nord-du-mexique-leglise-intervient-apres-les-inondations-dont-a-ete-victime-la-ville-de-monterrey-apres-la-tempete-tropicale-alex\/#breadcrumb","itemListElement":[{"@type":"ListItem","position":1,"name":"Home","item":"https:\/\/interamerica.org\/fr\/"},{"@type":"ListItem","position":2,"name":"Nord du Mexique: L&rsquo;\u00e9glise intervient apr\u00e8s les inondations dont a \u00e9t\u00e9 victime la ville de Monterrey apr\u00e8s la Temp\u00eate Tropicale Alex"}]},{"@type":"WebSite","@id":"https:\/\/interamerica.org\/fr\/#website","url":"https:\/\/interamerica.org\/fr\/","name":"\u00c9glise Adventiste Du Septieme Jour - Inter Am\u00e9rique Division","description":"","potentialAction":[{"@type":"SearchAction","target":{"@type":"EntryPoint","urlTemplate":"https:\/\/interamerica.org\/fr\/?s={search_term_string}"},"query-input":{"@type":"PropertyValueSpecification","valueRequired":true,"valueName":"search_term_string"}}],"inLanguage":"fr-FR"},{"@type":"Person","@id":"https:\/\/interamerica.org\/fr\/#\/schema\/person\/68ede8bdc292885bb76c1e3810e73c39","name":"Lorenzo Verduzco","image":{"@type":"ImageObject","inLanguage":"fr-FR","@id":"https:\/\/secure.gravatar.com\/avatar\/fb81a55b6218459490a9c1dc841a34909185b81904c5337b4b27f7a6fd60c49e?s=96&d=mm&r=g","url":"https:\/\/secure.gravatar.com\/avatar\/fb81a55b6218459490a9c1dc841a34909185b81904c5337b4b27f7a6fd60c49e?s=96&d=mm&r=g","contentUrl":"https:\/\/secure.gravatar.com\/avatar\/fb81a55b6218459490a9c1dc841a34909185b81904c5337b4b27f7a6fd60c49e?s=96&d=mm&r=g","caption":"Lorenzo Verduzco"}}]}},"_links":{"self":[{"href":"https:\/\/interamerica.org\/fr\/wp-json\/wp\/v2\/posts\/13408","targetHints":{"allow":["GET"]}}],"collection":[{"href":"https:\/\/interamerica.org\/fr\/wp-json\/wp\/v2\/posts"}],"about":[{"href":"https:\/\/interamerica.org\/fr\/wp-json\/wp\/v2\/types\/post"}],"author":[{"embeddable":true,"href":"https:\/\/interamerica.org\/fr\/wp-json\/wp\/v2\/users\/1"}],"replies":[{"embeddable":true,"href":"https:\/\/interamerica.org\/fr\/wp-json\/wp\/v2\/comments?post=13408"}],"version-history":[{"count":0,"href":"https:\/\/interamerica.org\/fr\/wp-json\/wp\/v2\/posts\/13408\/revisions"}],"wp:attachment":[{"href":"https:\/\/interamerica.org\/fr\/wp-json\/wp\/v2\/media?parent=13408"}],"wp:term":[{"taxonomy":"category","embeddable":true,"href":"https:\/\/interamerica.org\/fr\/wp-json\/wp\/v2\/categories?post=13408"},{"taxonomy":"post_tag","embeddable":true,"href":"https:\/\/interamerica.org\/fr\/wp-json\/wp\/v2\/tags?post=13408"}],"curies":[{"name":"wp","href":"https:\/\/api.w.org\/{rel}","templated":true}]}}