{"id":13411,"date":"2010-07-20T00:00:00","date_gmt":"2010-07-20T04:00:00","guid":{"rendered":"http:\/\/192.81.217.108\/interamerica\/2010\/07\/une-etude-indique-que-les-jeunes-adultes-representaient-2-pourcent-des-delegues\/"},"modified":"2017-06-02T13:03:29","modified_gmt":"2017-06-02T17:03:29","slug":"une-etude-indique-que-les-jeunes-adultes-representaient-2-pourcent-des-delegues","status":"publish","type":"post","link":"https:\/\/interamerica.org\/fr\/2010\/07\/une-etude-indique-que-les-jeunes-adultes-representaient-2-pourcent-des-delegues\/","title":{"rendered":"Une \u00e9tude indique que les jeunes adultes repr\u00e9sentaient 2 pourcent des d\u00e9l\u00e9gu\u00e9s"},"content":{"rendered":"<p>20 Juillet 2010, Silver Spring, Maryland, Etats Unis&#8230;Elizabeth Lechleitner\/ANN <\/p>\n<p>Un \u00e9tude men\u00e9e sur les noms des 2033 d\u00e9l\u00e9gu\u00e9s \u00e0 la Session de la Conf\u00e9rence G\u00e9n\u00e9rale ayant indiqu\u00e9 leur \u00e2ge sur le formulaire d&#39;inscription pour la 59\u00e8me Session de la Conf\u00e9rence G\u00e9n\u00e9rale de l&#39;Eglise Adventiste du Septi\u00e8me jour, montre que 2 pourcent d&#39;entre eux \u00e9taient \u00e2g\u00e9s de moins de 30 ans. <\/p>\n<p>L&#39;\u00e9tude sur la composition d\u00e9mographique de la d\u00e9l\u00e9gation intervient apr\u00e8s que plusieurs d\u00e9l\u00e9gu\u00e9s \u00e0 la Session aient exprim\u00e9 \u00e0 maintes reprises leur pr\u00e9occupation au sujet de ce qu&#39;ils consid\u00e8rent \u00eatre une carence \u00e9vidente au niveau de la repr\u00e9sentation des jeunes adultes \u00e0 la Session&#8211; \u00e0 la fois parmi les d\u00e9l\u00e9gu\u00e9s et au niveau des personnes \u00e9lues au principales positions de la direction de l&#39;\u00e9glise pour les cinq prochaines ann\u00e9es. <\/p>\n<p>Dans certaines division telles que la Division Inter Am\u00e9ricaine, plus de 60 pourcent des membres d&#39;\u00e9glise ont entre 16 et 35 ans, ce qui a \u00e9t\u00e9 pr\u00e9sent\u00e9 par certains d\u00e9l\u00e9gu\u00e9s comme une bonne raison d&#39;avoir un corps d\u00e9cisionnel plus repr\u00e9sentatif. <\/p>\n<p>La Session, une rencontre administrative de l&#39;\u00e9glise qui s&#39;est tenue du 24 Juin au 3 Juillet, a rassembl\u00e9 2241 d\u00e9l\u00e9gu\u00e9s \u00e0 Atlanta en G\u00e9orgie aux Etats Unis afin de participer au vote sur des questions relatives aux r\u00e8gles de fonctionnement  et aussi pour \u00e9lire des responsables pour l&#39;\u00e9glise Adventiste. Toutefois, 208 d\u00e9l\u00e9gu\u00e9s ont choisi de ne pas indiquer leur \u00e2ge et leur sexe sur le formulaire d&#39;inscription. <\/p>\n<p>Parmi ceux qui ont mentionn\u00e9 leur \u00e2ge et leur sexe, 44 ont indiqu\u00e9 \u00eatre \u00e2g\u00e9s de moins de 30 ans; 225 avaient entre 30 et 39 ans; 580 avaient entre 40 et 49 ans; 800, soit 40 pourcent de la d\u00e9l\u00e9gation, avaient entre 50 et 59 ans; 321 \u00e9taient dans la tranche des 60 \u00e0 69 ans et 38 avaient 70 ans ou plus. <\/p>\n<p>Les d\u00e9l\u00e9gu\u00e9s ayant r\u00e9v\u00e9l\u00e9 leur \u00e2ge ont \u00e9galement indiqu\u00e9 leur sexe. Quatre vingt quatre pourcent, soit 1701 d\u00e9l\u00e9gu\u00e9s se sont identifi\u00e9s comme \u00e9tant de sexe masculin; 332 soit 16 pourcent se sont pr\u00e9sent\u00e9es comme \u00e9tant des femmes. <\/p>\n<p>Bien que les d\u00e9tails de la compositions d\u00e9mographique de la d\u00e9l\u00e9gation n&#39;aient pas \u00e9t\u00e9 publi\u00e9s officiellement au cours de la Session, les d\u00e9l\u00e9gu\u00e9s ayant exprim\u00e9 leur pr\u00e9occupation ont jou\u00e9 un r\u00f4le dans la d\u00e9cision visant \u00e0 stimuler l&#39;implication des jeunes adultes dans la direction de l&#39;\u00e9glise. <\/p>\n<p>Les d\u00e9l\u00e9gu\u00e9s \u00e0 la Session ont <a  href=\"http:\/\/news.adventist.org\/2010\/07\/adventist-churchs-to.html\">vot\u00e9 d&#39;inclure<\/a > \u00ab\u00a0au moins 15 et pas plus de 20\u00a0\u00bb la\u00efcs&#8211; parmi lesquels des jeunes adultes&#8211; dans le Comit\u00e9 Ex\u00e9cutif de la Conf\u00e9rence G\u00e9n\u00e9rale qui compte 300 membres et qui est la plus importante structure d\u00e9cisionnelle de l&#39;\u00e9glise. <\/p>\n","protected":false},"excerpt":{"rendered":"<p>Un \u00e9tude men\u00e9e sur les noms des 2033 d\u00e9l\u00e9gu\u00e9s \u00e0 la Session de la Conf\u00e9rence G\u00e9n\u00e9rale ayant indiqu\u00e9 leur \u00e2ge sur le formulaire d&#39;inscription pour la 59\u00e8me Session de l<\/p>\n","protected":false},"author":1,"featured_media":0,"comment_status":"closed","ping_status":"closed","sticky":false,"template":"","format":"standard","meta":{"_acf_changed":false,"footnotes":""},"categories":[9],"tags":[],"class_list":["post-13411","post","type-post","status-publish","format-standard","hentry","category-archive-fr"],"acf":[],"yoast_head":"<!-- This site is optimized with the Yoast SEO plugin v27.3 - https:\/\/yoast.com\/product\/yoast-seo-wordpress\/ -->\n<title>Une \u00e9tude indique que les jeunes adultes repr\u00e9sentaient 2 pourcent des d\u00e9l\u00e9gu\u00e9s - \u00c9glise Adventiste Du Septieme Jour - Inter Am\u00e9rique Division<\/title>\n<meta name=\"robots\" content=\"index, follow, max-snippet:-1, max-image-preview:large, max-video-preview:-1\" \/>\n<link rel=\"canonical\" href=\"https:\/\/interamerica.org\/fr\/2010\/07\/une-etude-indique-que-les-jeunes-adultes-representaient-2-pourcent-des-delegues\/\" \/>\n<meta property=\"og:locale\" content=\"fr_FR\" \/>\n<meta property=\"og:type\" content=\"article\" \/>\n<meta property=\"og:title\" content=\"Une \u00e9tude indique que les jeunes adultes repr\u00e9sentaient 2 pourcent des d\u00e9l\u00e9gu\u00e9s - \u00c9glise Adventiste Du Septieme Jour - Inter Am\u00e9rique Division\" \/>\n<meta property=\"og:description\" content=\"Un \u00e9tude men\u00e9e sur les noms des 2033 d\u00e9l\u00e9gu\u00e9s \u00e0 la Session de la Conf\u00e9rence G\u00e9n\u00e9rale ayant indiqu\u00e9 leur \u00e2ge sur le formulaire d&#039;inscription pour la 59\u00e8me Session de l\" \/>\n<meta property=\"og:url\" content=\"https:\/\/interamerica.org\/fr\/2010\/07\/une-etude-indique-que-les-jeunes-adultes-representaient-2-pourcent-des-delegues\/\" \/>\n<meta property=\"og:site_name\" content=\"\u00c9glise Adventiste Du Septieme Jour - Inter Am\u00e9rique Division\" \/>\n<meta property=\"article:published_time\" content=\"2010-07-20T04:00:00+00:00\" \/>\n<meta property=\"article:modified_time\" content=\"2017-06-02T17:03:29+00:00\" \/>\n<meta name=\"author\" content=\"Lorenzo Verduzco\" \/>\n<meta name=\"twitter:card\" content=\"summary_large_image\" \/>\n<meta name=\"twitter:label1\" content=\"\u00c9crit par\" \/>\n\t<meta name=\"twitter:data1\" content=\"Lorenzo Verduzco\" \/>\n\t<meta name=\"twitter:label2\" content=\"Dur\u00e9e de lecture estim\u00e9e\" \/>\n\t<meta name=\"twitter:data2\" content=\"2 minutes\" \/>\n<script type=\"application\/ld+json\" class=\"yoast-schema-graph\">{\"@context\":\"https:\\\/\\\/schema.org\",\"@graph\":[{\"@type\":\"Article\",\"@id\":\"https:\\\/\\\/interamerica.org\\\/fr\\\/2010\\\/07\\\/une-etude-indique-que-les-jeunes-adultes-representaient-2-pourcent-des-delegues\\\/#article\",\"isPartOf\":{\"@id\":\"https:\\\/\\\/interamerica.org\\\/fr\\\/2010\\\/07\\\/une-etude-indique-que-les-jeunes-adultes-representaient-2-pourcent-des-delegues\\\/\"},\"author\":{\"name\":\"Lorenzo Verduzco\",\"@id\":\"https:\\\/\\\/interamerica.org\\\/fr\\\/#\\\/schema\\\/person\\\/68ede8bdc292885bb76c1e3810e73c39\"},\"headline\":\"Une \u00e9tude indique que les jeunes adultes repr\u00e9sentaient 2 pourcent des d\u00e9l\u00e9gu\u00e9s\",\"datePublished\":\"2010-07-20T04:00:00+00:00\",\"dateModified\":\"2017-06-02T17:03:29+00:00\",\"mainEntityOfPage\":{\"@id\":\"https:\\\/\\\/interamerica.org\\\/fr\\\/2010\\\/07\\\/une-etude-indique-que-les-jeunes-adultes-representaient-2-pourcent-des-delegues\\\/\"},\"wordCount\":492,\"articleSection\":[\"Archive\"],\"inLanguage\":\"fr-FR\"},{\"@type\":\"WebPage\",\"@id\":\"https:\\\/\\\/interamerica.org\\\/fr\\\/2010\\\/07\\\/une-etude-indique-que-les-jeunes-adultes-representaient-2-pourcent-des-delegues\\\/\",\"url\":\"https:\\\/\\\/interamerica.org\\\/fr\\\/2010\\\/07\\\/une-etude-indique-que-les-jeunes-adultes-representaient-2-pourcent-des-delegues\\\/\",\"name\":\"Une \u00e9tude indique que les jeunes adultes repr\u00e9sentaient 2 pourcent des d\u00e9l\u00e9gu\u00e9s - \u00c9glise Adventiste Du Septieme Jour - Inter Am\u00e9rique Division\",\"isPartOf\":{\"@id\":\"https:\\\/\\\/interamerica.org\\\/fr\\\/#website\"},\"datePublished\":\"2010-07-20T04:00:00+00:00\",\"dateModified\":\"2017-06-02T17:03:29+00:00\",\"author\":{\"@id\":\"https:\\\/\\\/interamerica.org\\\/fr\\\/#\\\/schema\\\/person\\\/68ede8bdc292885bb76c1e3810e73c39\"},\"breadcrumb\":{\"@id\":\"https:\\\/\\\/interamerica.org\\\/fr\\\/2010\\\/07\\\/une-etude-indique-que-les-jeunes-adultes-representaient-2-pourcent-des-delegues\\\/#breadcrumb\"},\"inLanguage\":\"fr-FR\",\"potentialAction\":[{\"@type\":\"ReadAction\",\"target\":[\"https:\\\/\\\/interamerica.org\\\/fr\\\/2010\\\/07\\\/une-etude-indique-que-les-jeunes-adultes-representaient-2-pourcent-des-delegues\\\/\"]}]},{\"@type\":\"BreadcrumbList\",\"@id\":\"https:\\\/\\\/interamerica.org\\\/fr\\\/2010\\\/07\\\/une-etude-indique-que-les-jeunes-adultes-representaient-2-pourcent-des-delegues\\\/#breadcrumb\",\"itemListElement\":[{\"@type\":\"ListItem\",\"position\":1,\"name\":\"Home\",\"item\":\"https:\\\/\\\/interamerica.org\\\/fr\\\/\"},{\"@type\":\"ListItem\",\"position\":2,\"name\":\"Une \u00e9tude indique que les jeunes adultes repr\u00e9sentaient 2 pourcent des d\u00e9l\u00e9gu\u00e9s\"}]},{\"@type\":\"WebSite\",\"@id\":\"https:\\\/\\\/interamerica.org\\\/fr\\\/#website\",\"url\":\"https:\\\/\\\/interamerica.org\\\/fr\\\/\",\"name\":\"\u00c9glise Adventiste Du Septieme Jour - Inter Am\u00e9rique Division\",\"description\":\"\",\"potentialAction\":[{\"@type\":\"SearchAction\",\"target\":{\"@type\":\"EntryPoint\",\"urlTemplate\":\"https:\\\/\\\/interamerica.org\\\/fr\\\/?s={search_term_string}\"},\"query-input\":{\"@type\":\"PropertyValueSpecification\",\"valueRequired\":true,\"valueName\":\"search_term_string\"}}],\"inLanguage\":\"fr-FR\"},{\"@type\":\"Person\",\"@id\":\"https:\\\/\\\/interamerica.org\\\/fr\\\/#\\\/schema\\\/person\\\/68ede8bdc292885bb76c1e3810e73c39\",\"name\":\"Lorenzo Verduzco\",\"image\":{\"@type\":\"ImageObject\",\"inLanguage\":\"fr-FR\",\"@id\":\"https:\\\/\\\/secure.gravatar.com\\\/avatar\\\/fb81a55b6218459490a9c1dc841a34909185b81904c5337b4b27f7a6fd60c49e?s=96&d=mm&r=g\",\"url\":\"https:\\\/\\\/secure.gravatar.com\\\/avatar\\\/fb81a55b6218459490a9c1dc841a34909185b81904c5337b4b27f7a6fd60c49e?s=96&d=mm&r=g\",\"contentUrl\":\"https:\\\/\\\/secure.gravatar.com\\\/avatar\\\/fb81a55b6218459490a9c1dc841a34909185b81904c5337b4b27f7a6fd60c49e?s=96&d=mm&r=g\",\"caption\":\"Lorenzo Verduzco\"}}]}<\/script>\n<!-- \/ Yoast SEO plugin. -->","yoast_head_json":{"title":"Une \u00e9tude indique que les jeunes adultes repr\u00e9sentaient 2 pourcent des d\u00e9l\u00e9gu\u00e9s - \u00c9glise Adventiste Du Septieme Jour - Inter Am\u00e9rique Division","robots":{"index":"index","follow":"follow","max-snippet":"max-snippet:-1","max-image-preview":"max-image-preview:large","max-video-preview":"max-video-preview:-1"},"canonical":"https:\/\/interamerica.org\/fr\/2010\/07\/une-etude-indique-que-les-jeunes-adultes-representaient-2-pourcent-des-delegues\/","og_locale":"fr_FR","og_type":"article","og_title":"Une \u00e9tude indique que les jeunes adultes repr\u00e9sentaient 2 pourcent des d\u00e9l\u00e9gu\u00e9s - \u00c9glise Adventiste Du Septieme Jour - Inter Am\u00e9rique Division","og_description":"Un \u00e9tude men\u00e9e sur les noms des 2033 d\u00e9l\u00e9gu\u00e9s \u00e0 la Session de la Conf\u00e9rence G\u00e9n\u00e9rale ayant indiqu\u00e9 leur \u00e2ge sur le formulaire d&#39;inscription pour la 59\u00e8me Session de l","og_url":"https:\/\/interamerica.org\/fr\/2010\/07\/une-etude-indique-que-les-jeunes-adultes-representaient-2-pourcent-des-delegues\/","og_site_name":"\u00c9glise Adventiste Du Septieme Jour - Inter Am\u00e9rique Division","article_published_time":"2010-07-20T04:00:00+00:00","article_modified_time":"2017-06-02T17:03:29+00:00","author":"Lorenzo Verduzco","twitter_card":"summary_large_image","twitter_misc":{"\u00c9crit par":"Lorenzo Verduzco","Dur\u00e9e de lecture estim\u00e9e":"2 minutes"},"schema":{"@context":"https:\/\/schema.org","@graph":[{"@type":"Article","@id":"https:\/\/interamerica.org\/fr\/2010\/07\/une-etude-indique-que-les-jeunes-adultes-representaient-2-pourcent-des-delegues\/#article","isPartOf":{"@id":"https:\/\/interamerica.org\/fr\/2010\/07\/une-etude-indique-que-les-jeunes-adultes-representaient-2-pourcent-des-delegues\/"},"author":{"name":"Lorenzo Verduzco","@id":"https:\/\/interamerica.org\/fr\/#\/schema\/person\/68ede8bdc292885bb76c1e3810e73c39"},"headline":"Une \u00e9tude indique que les jeunes adultes repr\u00e9sentaient 2 pourcent des d\u00e9l\u00e9gu\u00e9s","datePublished":"2010-07-20T04:00:00+00:00","dateModified":"2017-06-02T17:03:29+00:00","mainEntityOfPage":{"@id":"https:\/\/interamerica.org\/fr\/2010\/07\/une-etude-indique-que-les-jeunes-adultes-representaient-2-pourcent-des-delegues\/"},"wordCount":492,"articleSection":["Archive"],"inLanguage":"fr-FR"},{"@type":"WebPage","@id":"https:\/\/interamerica.org\/fr\/2010\/07\/une-etude-indique-que-les-jeunes-adultes-representaient-2-pourcent-des-delegues\/","url":"https:\/\/interamerica.org\/fr\/2010\/07\/une-etude-indique-que-les-jeunes-adultes-representaient-2-pourcent-des-delegues\/","name":"Une \u00e9tude indique que les jeunes adultes repr\u00e9sentaient 2 pourcent des d\u00e9l\u00e9gu\u00e9s - \u00c9glise Adventiste Du Septieme Jour - Inter Am\u00e9rique Division","isPartOf":{"@id":"https:\/\/interamerica.org\/fr\/#website"},"datePublished":"2010-07-20T04:00:00+00:00","dateModified":"2017-06-02T17:03:29+00:00","author":{"@id":"https:\/\/interamerica.org\/fr\/#\/schema\/person\/68ede8bdc292885bb76c1e3810e73c39"},"breadcrumb":{"@id":"https:\/\/interamerica.org\/fr\/2010\/07\/une-etude-indique-que-les-jeunes-adultes-representaient-2-pourcent-des-delegues\/#breadcrumb"},"inLanguage":"fr-FR","potentialAction":[{"@type":"ReadAction","target":["https:\/\/interamerica.org\/fr\/2010\/07\/une-etude-indique-que-les-jeunes-adultes-representaient-2-pourcent-des-delegues\/"]}]},{"@type":"BreadcrumbList","@id":"https:\/\/interamerica.org\/fr\/2010\/07\/une-etude-indique-que-les-jeunes-adultes-representaient-2-pourcent-des-delegues\/#breadcrumb","itemListElement":[{"@type":"ListItem","position":1,"name":"Home","item":"https:\/\/interamerica.org\/fr\/"},{"@type":"ListItem","position":2,"name":"Une \u00e9tude indique que les jeunes adultes repr\u00e9sentaient 2 pourcent des d\u00e9l\u00e9gu\u00e9s"}]},{"@type":"WebSite","@id":"https:\/\/interamerica.org\/fr\/#website","url":"https:\/\/interamerica.org\/fr\/","name":"\u00c9glise Adventiste Du Septieme Jour - Inter Am\u00e9rique Division","description":"","potentialAction":[{"@type":"SearchAction","target":{"@type":"EntryPoint","urlTemplate":"https:\/\/interamerica.org\/fr\/?s={search_term_string}"},"query-input":{"@type":"PropertyValueSpecification","valueRequired":true,"valueName":"search_term_string"}}],"inLanguage":"fr-FR"},{"@type":"Person","@id":"https:\/\/interamerica.org\/fr\/#\/schema\/person\/68ede8bdc292885bb76c1e3810e73c39","name":"Lorenzo Verduzco","image":{"@type":"ImageObject","inLanguage":"fr-FR","@id":"https:\/\/secure.gravatar.com\/avatar\/fb81a55b6218459490a9c1dc841a34909185b81904c5337b4b27f7a6fd60c49e?s=96&d=mm&r=g","url":"https:\/\/secure.gravatar.com\/avatar\/fb81a55b6218459490a9c1dc841a34909185b81904c5337b4b27f7a6fd60c49e?s=96&d=mm&r=g","contentUrl":"https:\/\/secure.gravatar.com\/avatar\/fb81a55b6218459490a9c1dc841a34909185b81904c5337b4b27f7a6fd60c49e?s=96&d=mm&r=g","caption":"Lorenzo Verduzco"}}]}},"_links":{"self":[{"href":"https:\/\/interamerica.org\/fr\/wp-json\/wp\/v2\/posts\/13411","targetHints":{"allow":["GET"]}}],"collection":[{"href":"https:\/\/interamerica.org\/fr\/wp-json\/wp\/v2\/posts"}],"about":[{"href":"https:\/\/interamerica.org\/fr\/wp-json\/wp\/v2\/types\/post"}],"author":[{"embeddable":true,"href":"https:\/\/interamerica.org\/fr\/wp-json\/wp\/v2\/users\/1"}],"replies":[{"embeddable":true,"href":"https:\/\/interamerica.org\/fr\/wp-json\/wp\/v2\/comments?post=13411"}],"version-history":[{"count":0,"href":"https:\/\/interamerica.org\/fr\/wp-json\/wp\/v2\/posts\/13411\/revisions"}],"wp:attachment":[{"href":"https:\/\/interamerica.org\/fr\/wp-json\/wp\/v2\/media?parent=13411"}],"wp:term":[{"taxonomy":"category","embeddable":true,"href":"https:\/\/interamerica.org\/fr\/wp-json\/wp\/v2\/categories?post=13411"},{"taxonomy":"post_tag","embeddable":true,"href":"https:\/\/interamerica.org\/fr\/wp-json\/wp\/v2\/tags?post=13411"}],"curies":[{"name":"wp","href":"https:\/\/api.w.org\/{rel}","templated":true}]}}