{"id":13412,"date":"2010-07-27T00:00:00","date_gmt":"2010-07-27T04:00:00","guid":{"rendered":"http:\/\/192.81.217.108\/interamerica\/2010\/07\/inter-amerique-legliserecherche-un-directeur-de-leducation-pour-la-division\/"},"modified":"2017-06-02T13:03:28","modified_gmt":"2017-06-02T17:03:28","slug":"inter-amerique-legliserecherche-un-directeur-de-leducation-pour-la-division","status":"publish","type":"post","link":"https:\/\/interamerica.org\/fr\/2010\/07\/inter-amerique-legliserecherche-un-directeur-de-leducation-pour-la-division\/","title":{"rendered":"Inter Am\u00e9rique: l&#39;Egliserecherche un directeur de l&#39;\u00e9ducation pour la division"},"content":{"rendered":"<p><!--[if gte mso 9]><xml ><\/xml ><![endif]--><!--[if gte mso 9]><xml ><\/xml ><![endif]--><\/p>\n<p><em >27 Juillet 2010<\/em > &#8211; Miami, Floride, Etats Unis&#8230;Libna Stevens\/DIA<\/p>\n<p>Les principauxdirigeants Adventistes \u00e0 la Division Inter Am\u00e9ricaine (DIA) sont \u00e0 la recherched&#39;un nouveau directeur de l&#39;\u00e9ducation pour l&#39;ensemble des 21 unions, quelqu&#39;unqui superviserait les dizaines d&#39;universit\u00e9s et les centaines d&#39;\u00e9coles setrouvant dans le territoire.<\/p>\n<p>\u00ab Avec l&#39;emphaseque nous mettrons sur l&#39;\u00e9ducation au cours de ce nouveau quinquennat, nousvoulons nous assurer de trouver le bon candidat pour cette position, \u00bb a d\u00e9clar\u00e9pasteur Isra\u00ebl Leito, pr\u00e9sident de l&#39;\u00e9glise Adventiste en Inter Am\u00e9rique. PasteurLeito a indiqu\u00e9 qu&#39;un comit\u00e9 sp\u00e9cial de recherche avait \u00e9t\u00e9 mis en place r\u00e9cemmentpour trouver un nouveau directeur.<\/p>\n<p>Le poste s&#39;estretrouv\u00e9 vacant apr\u00e8s que les d\u00e9l\u00e9gu\u00e9s de la DIA aient \u00e9lu Dr Isma\u00ebl Castillo, pr\u00e9sidentde l&#39;Universit\u00e9 de Montemorelos, pour la fonction et que ce dernier ait d\u00e9clin\u00e9.L&#39;\u00e9lection s&#39;\u00e9tait d\u00e9roul\u00e9e au cours de la 59\u00e8me Session de la Conf\u00e9rence G\u00e9n\u00e9ralele mois dernier \u00e0 Atlanta en G\u00e9orgie.<\/p>\n<p>Dr Myrna Costa,vice-pr\u00e9sident de l&#39;\u00e9glise Adventiste en Inter Am\u00e9rique et pr\u00e9sidente du comit\u00e9sp\u00e9cial de recherche compos\u00e9 de sept personnes, a d\u00e9clar\u00e9 que trouver la bonnepersonne est une priorit\u00e9. <\/p>\n<p>\u00ab Nous avonsd\u00e9j\u00e0 inform\u00e9 toutes nos pr\u00e9sidents d&#39;union et d&#39;universit\u00e9 ainsi que les d\u00e9partementsde l&#39;\u00e9ducation au niveau des unions afin qu&#39;ils fassent des propositions denoms pour le poste, de sorte que nous puissions avancer dans la proc\u00e9dure, \u00bba indiqu\u00e9 Dr Costa. Elle a rappel\u00e9 que le comit\u00e9 se r\u00e9unira au d\u00e9but de la semaineprochaine afin de consid\u00e9rer les diff\u00e9rents noms.<\/p>\n<p>Les dirigeants esp\u00e8rentterminer le processus d&#39;ici Septembre et soumettre leur nomination au Comit\u00e9 Ex\u00e9cutifde la DIA \u00e0 la fin du mois d&#39;octobre.<\/p>\n<p>Pour desinformations r\u00e9centes, visitez notre site \u00e0 <a  href=\"https:\/\/recursing-golick.147-182-135-0.plesk.page\/\">www.interamerica.org<\/a ><\/p>\n","protected":false},"excerpt":{"rendered":"<p>Les principauxdirigeants Adventistes \u00e0 la Division Inter Am\u00e9ricaine (DIA) sont \u00e0 la recherched&#39;un nouveau directeur de l&#39;\u00e9ducation pour l&#39;ensemble des 21 unions, quelqu&#39;unqui superviserait les dizain<\/p>\n","protected":false},"author":1,"featured_media":0,"comment_status":"closed","ping_status":"closed","sticky":false,"template":"","format":"standard","meta":{"_acf_changed":false,"footnotes":""},"categories":[9],"tags":[],"class_list":["post-13412","post","type-post","status-publish","format-standard","hentry","category-archive-fr"],"acf":[],"yoast_head":"<!-- This site is optimized with the Yoast SEO plugin v27.3 - https:\/\/yoast.com\/product\/yoast-seo-wordpress\/ -->\n<title>Inter Am\u00e9rique: l&#039;Egliserecherche un directeur de l&#039;\u00e9ducation pour la division - \u00c9glise Adventiste Du Septieme Jour - Inter Am\u00e9rique Division<\/title>\n<meta name=\"robots\" content=\"index, follow, max-snippet:-1, max-image-preview:large, max-video-preview:-1\" \/>\n<link rel=\"canonical\" href=\"https:\/\/interamerica.org\/fr\/2010\/07\/inter-amerique-legliserecherche-un-directeur-de-leducation-pour-la-division\/\" \/>\n<meta property=\"og:locale\" content=\"fr_FR\" \/>\n<meta property=\"og:type\" content=\"article\" \/>\n<meta property=\"og:title\" content=\"Inter Am\u00e9rique: l&#039;Egliserecherche un directeur de l&#039;\u00e9ducation pour la division - \u00c9glise Adventiste Du Septieme Jour - Inter Am\u00e9rique Division\" \/>\n<meta property=\"og:description\" content=\"Les principauxdirigeants Adventistes \u00e0 la Division Inter Am\u00e9ricaine (DIA) sont \u00e0 la recherched&#039;un nouveau directeur de l&#039;\u00e9ducation pour l&#039;ensemble des 21 unions, quelqu&#039;unqui superviserait les dizain\" \/>\n<meta property=\"og:url\" content=\"https:\/\/interamerica.org\/fr\/2010\/07\/inter-amerique-legliserecherche-un-directeur-de-leducation-pour-la-division\/\" \/>\n<meta property=\"og:site_name\" content=\"\u00c9glise Adventiste Du Septieme Jour - Inter Am\u00e9rique Division\" \/>\n<meta property=\"article:published_time\" content=\"2010-07-27T04:00:00+00:00\" \/>\n<meta property=\"article:modified_time\" content=\"2017-06-02T17:03:28+00:00\" \/>\n<meta name=\"author\" content=\"Lorenzo Verduzco\" \/>\n<meta name=\"twitter:card\" content=\"summary_large_image\" \/>\n<meta name=\"twitter:label1\" content=\"\u00c9crit par\" \/>\n\t<meta name=\"twitter:data1\" content=\"Lorenzo Verduzco\" \/>\n\t<meta name=\"twitter:label2\" content=\"Dur\u00e9e de lecture estim\u00e9e\" \/>\n\t<meta name=\"twitter:data2\" content=\"2 minutes\" \/>\n<script type=\"application\/ld+json\" class=\"yoast-schema-graph\">{\"@context\":\"https:\\\/\\\/schema.org\",\"@graph\":[{\"@type\":\"Article\",\"@id\":\"https:\\\/\\\/interamerica.org\\\/fr\\\/2010\\\/07\\\/inter-amerique-legliserecherche-un-directeur-de-leducation-pour-la-division\\\/#article\",\"isPartOf\":{\"@id\":\"https:\\\/\\\/interamerica.org\\\/fr\\\/2010\\\/07\\\/inter-amerique-legliserecherche-un-directeur-de-leducation-pour-la-division\\\/\"},\"author\":{\"name\":\"Lorenzo Verduzco\",\"@id\":\"https:\\\/\\\/interamerica.org\\\/fr\\\/#\\\/schema\\\/person\\\/68ede8bdc292885bb76c1e3810e73c39\"},\"headline\":\"Inter Am\u00e9rique: l&#39;Egliserecherche un directeur de l&#39;\u00e9ducation pour la division\",\"datePublished\":\"2010-07-27T04:00:00+00:00\",\"dateModified\":\"2017-06-02T17:03:28+00:00\",\"mainEntityOfPage\":{\"@id\":\"https:\\\/\\\/interamerica.org\\\/fr\\\/2010\\\/07\\\/inter-amerique-legliserecherche-un-directeur-de-leducation-pour-la-division\\\/\"},\"wordCount\":331,\"articleSection\":[\"Archive\"],\"inLanguage\":\"fr-FR\"},{\"@type\":\"WebPage\",\"@id\":\"https:\\\/\\\/interamerica.org\\\/fr\\\/2010\\\/07\\\/inter-amerique-legliserecherche-un-directeur-de-leducation-pour-la-division\\\/\",\"url\":\"https:\\\/\\\/interamerica.org\\\/fr\\\/2010\\\/07\\\/inter-amerique-legliserecherche-un-directeur-de-leducation-pour-la-division\\\/\",\"name\":\"Inter Am\u00e9rique: l&#39;Egliserecherche un directeur de l&#39;\u00e9ducation pour la division - \u00c9glise Adventiste Du Septieme Jour - Inter Am\u00e9rique Division\",\"isPartOf\":{\"@id\":\"https:\\\/\\\/interamerica.org\\\/fr\\\/#website\"},\"datePublished\":\"2010-07-27T04:00:00+00:00\",\"dateModified\":\"2017-06-02T17:03:28+00:00\",\"author\":{\"@id\":\"https:\\\/\\\/interamerica.org\\\/fr\\\/#\\\/schema\\\/person\\\/68ede8bdc292885bb76c1e3810e73c39\"},\"breadcrumb\":{\"@id\":\"https:\\\/\\\/interamerica.org\\\/fr\\\/2010\\\/07\\\/inter-amerique-legliserecherche-un-directeur-de-leducation-pour-la-division\\\/#breadcrumb\"},\"inLanguage\":\"fr-FR\",\"potentialAction\":[{\"@type\":\"ReadAction\",\"target\":[\"https:\\\/\\\/interamerica.org\\\/fr\\\/2010\\\/07\\\/inter-amerique-legliserecherche-un-directeur-de-leducation-pour-la-division\\\/\"]}]},{\"@type\":\"BreadcrumbList\",\"@id\":\"https:\\\/\\\/interamerica.org\\\/fr\\\/2010\\\/07\\\/inter-amerique-legliserecherche-un-directeur-de-leducation-pour-la-division\\\/#breadcrumb\",\"itemListElement\":[{\"@type\":\"ListItem\",\"position\":1,\"name\":\"Home\",\"item\":\"https:\\\/\\\/interamerica.org\\\/fr\\\/\"},{\"@type\":\"ListItem\",\"position\":2,\"name\":\"Inter Am\u00e9rique: l&#39;Egliserecherche un directeur de l&#39;\u00e9ducation pour la division\"}]},{\"@type\":\"WebSite\",\"@id\":\"https:\\\/\\\/interamerica.org\\\/fr\\\/#website\",\"url\":\"https:\\\/\\\/interamerica.org\\\/fr\\\/\",\"name\":\"\u00c9glise Adventiste Du Septieme Jour - Inter Am\u00e9rique Division\",\"description\":\"\",\"potentialAction\":[{\"@type\":\"SearchAction\",\"target\":{\"@type\":\"EntryPoint\",\"urlTemplate\":\"https:\\\/\\\/interamerica.org\\\/fr\\\/?s={search_term_string}\"},\"query-input\":{\"@type\":\"PropertyValueSpecification\",\"valueRequired\":true,\"valueName\":\"search_term_string\"}}],\"inLanguage\":\"fr-FR\"},{\"@type\":\"Person\",\"@id\":\"https:\\\/\\\/interamerica.org\\\/fr\\\/#\\\/schema\\\/person\\\/68ede8bdc292885bb76c1e3810e73c39\",\"name\":\"Lorenzo Verduzco\",\"image\":{\"@type\":\"ImageObject\",\"inLanguage\":\"fr-FR\",\"@id\":\"https:\\\/\\\/secure.gravatar.com\\\/avatar\\\/fb81a55b6218459490a9c1dc841a34909185b81904c5337b4b27f7a6fd60c49e?s=96&d=mm&r=g\",\"url\":\"https:\\\/\\\/secure.gravatar.com\\\/avatar\\\/fb81a55b6218459490a9c1dc841a34909185b81904c5337b4b27f7a6fd60c49e?s=96&d=mm&r=g\",\"contentUrl\":\"https:\\\/\\\/secure.gravatar.com\\\/avatar\\\/fb81a55b6218459490a9c1dc841a34909185b81904c5337b4b27f7a6fd60c49e?s=96&d=mm&r=g\",\"caption\":\"Lorenzo Verduzco\"}}]}<\/script>\n<!-- \/ Yoast SEO plugin. -->","yoast_head_json":{"title":"Inter Am\u00e9rique: l&#39;Egliserecherche un directeur de l&#39;\u00e9ducation pour la division - \u00c9glise Adventiste Du Septieme Jour - Inter Am\u00e9rique Division","robots":{"index":"index","follow":"follow","max-snippet":"max-snippet:-1","max-image-preview":"max-image-preview:large","max-video-preview":"max-video-preview:-1"},"canonical":"https:\/\/interamerica.org\/fr\/2010\/07\/inter-amerique-legliserecherche-un-directeur-de-leducation-pour-la-division\/","og_locale":"fr_FR","og_type":"article","og_title":"Inter Am\u00e9rique: l&#39;Egliserecherche un directeur de l&#39;\u00e9ducation pour la division - \u00c9glise Adventiste Du Septieme Jour - Inter Am\u00e9rique Division","og_description":"Les principauxdirigeants Adventistes \u00e0 la Division Inter Am\u00e9ricaine (DIA) sont \u00e0 la recherched&#39;un nouveau directeur de l&#39;\u00e9ducation pour l&#39;ensemble des 21 unions, quelqu&#39;unqui superviserait les dizain","og_url":"https:\/\/interamerica.org\/fr\/2010\/07\/inter-amerique-legliserecherche-un-directeur-de-leducation-pour-la-division\/","og_site_name":"\u00c9glise Adventiste Du Septieme Jour - Inter Am\u00e9rique Division","article_published_time":"2010-07-27T04:00:00+00:00","article_modified_time":"2017-06-02T17:03:28+00:00","author":"Lorenzo Verduzco","twitter_card":"summary_large_image","twitter_misc":{"\u00c9crit par":"Lorenzo Verduzco","Dur\u00e9e de lecture estim\u00e9e":"2 minutes"},"schema":{"@context":"https:\/\/schema.org","@graph":[{"@type":"Article","@id":"https:\/\/interamerica.org\/fr\/2010\/07\/inter-amerique-legliserecherche-un-directeur-de-leducation-pour-la-division\/#article","isPartOf":{"@id":"https:\/\/interamerica.org\/fr\/2010\/07\/inter-amerique-legliserecherche-un-directeur-de-leducation-pour-la-division\/"},"author":{"name":"Lorenzo Verduzco","@id":"https:\/\/interamerica.org\/fr\/#\/schema\/person\/68ede8bdc292885bb76c1e3810e73c39"},"headline":"Inter Am\u00e9rique: l&#39;Egliserecherche un directeur de l&#39;\u00e9ducation pour la division","datePublished":"2010-07-27T04:00:00+00:00","dateModified":"2017-06-02T17:03:28+00:00","mainEntityOfPage":{"@id":"https:\/\/interamerica.org\/fr\/2010\/07\/inter-amerique-legliserecherche-un-directeur-de-leducation-pour-la-division\/"},"wordCount":331,"articleSection":["Archive"],"inLanguage":"fr-FR"},{"@type":"WebPage","@id":"https:\/\/interamerica.org\/fr\/2010\/07\/inter-amerique-legliserecherche-un-directeur-de-leducation-pour-la-division\/","url":"https:\/\/interamerica.org\/fr\/2010\/07\/inter-amerique-legliserecherche-un-directeur-de-leducation-pour-la-division\/","name":"Inter Am\u00e9rique: l&#39;Egliserecherche un directeur de l&#39;\u00e9ducation pour la division - \u00c9glise Adventiste Du Septieme Jour - Inter Am\u00e9rique Division","isPartOf":{"@id":"https:\/\/interamerica.org\/fr\/#website"},"datePublished":"2010-07-27T04:00:00+00:00","dateModified":"2017-06-02T17:03:28+00:00","author":{"@id":"https:\/\/interamerica.org\/fr\/#\/schema\/person\/68ede8bdc292885bb76c1e3810e73c39"},"breadcrumb":{"@id":"https:\/\/interamerica.org\/fr\/2010\/07\/inter-amerique-legliserecherche-un-directeur-de-leducation-pour-la-division\/#breadcrumb"},"inLanguage":"fr-FR","potentialAction":[{"@type":"ReadAction","target":["https:\/\/interamerica.org\/fr\/2010\/07\/inter-amerique-legliserecherche-un-directeur-de-leducation-pour-la-division\/"]}]},{"@type":"BreadcrumbList","@id":"https:\/\/interamerica.org\/fr\/2010\/07\/inter-amerique-legliserecherche-un-directeur-de-leducation-pour-la-division\/#breadcrumb","itemListElement":[{"@type":"ListItem","position":1,"name":"Home","item":"https:\/\/interamerica.org\/fr\/"},{"@type":"ListItem","position":2,"name":"Inter Am\u00e9rique: l&#39;Egliserecherche un directeur de l&#39;\u00e9ducation pour la division"}]},{"@type":"WebSite","@id":"https:\/\/interamerica.org\/fr\/#website","url":"https:\/\/interamerica.org\/fr\/","name":"\u00c9glise Adventiste Du Septieme Jour - Inter Am\u00e9rique Division","description":"","potentialAction":[{"@type":"SearchAction","target":{"@type":"EntryPoint","urlTemplate":"https:\/\/interamerica.org\/fr\/?s={search_term_string}"},"query-input":{"@type":"PropertyValueSpecification","valueRequired":true,"valueName":"search_term_string"}}],"inLanguage":"fr-FR"},{"@type":"Person","@id":"https:\/\/interamerica.org\/fr\/#\/schema\/person\/68ede8bdc292885bb76c1e3810e73c39","name":"Lorenzo Verduzco","image":{"@type":"ImageObject","inLanguage":"fr-FR","@id":"https:\/\/secure.gravatar.com\/avatar\/fb81a55b6218459490a9c1dc841a34909185b81904c5337b4b27f7a6fd60c49e?s=96&d=mm&r=g","url":"https:\/\/secure.gravatar.com\/avatar\/fb81a55b6218459490a9c1dc841a34909185b81904c5337b4b27f7a6fd60c49e?s=96&d=mm&r=g","contentUrl":"https:\/\/secure.gravatar.com\/avatar\/fb81a55b6218459490a9c1dc841a34909185b81904c5337b4b27f7a6fd60c49e?s=96&d=mm&r=g","caption":"Lorenzo Verduzco"}}]}},"_links":{"self":[{"href":"https:\/\/interamerica.org\/fr\/wp-json\/wp\/v2\/posts\/13412","targetHints":{"allow":["GET"]}}],"collection":[{"href":"https:\/\/interamerica.org\/fr\/wp-json\/wp\/v2\/posts"}],"about":[{"href":"https:\/\/interamerica.org\/fr\/wp-json\/wp\/v2\/types\/post"}],"author":[{"embeddable":true,"href":"https:\/\/interamerica.org\/fr\/wp-json\/wp\/v2\/users\/1"}],"replies":[{"embeddable":true,"href":"https:\/\/interamerica.org\/fr\/wp-json\/wp\/v2\/comments?post=13412"}],"version-history":[{"count":0,"href":"https:\/\/interamerica.org\/fr\/wp-json\/wp\/v2\/posts\/13412\/revisions"}],"wp:attachment":[{"href":"https:\/\/interamerica.org\/fr\/wp-json\/wp\/v2\/media?parent=13412"}],"wp:term":[{"taxonomy":"category","embeddable":true,"href":"https:\/\/interamerica.org\/fr\/wp-json\/wp\/v2\/categories?post=13412"},{"taxonomy":"post_tag","embeddable":true,"href":"https:\/\/interamerica.org\/fr\/wp-json\/wp\/v2\/tags?post=13412"}],"curies":[{"name":"wp","href":"https:\/\/api.w.org\/{rel}","templated":true}]}}