{"id":13413,"date":"2010-07-28T00:00:00","date_gmt":"2010-07-28T04:00:00","guid":{"rendered":"http:\/\/192.81.217.108\/interamerica\/2010\/07\/le-nouveau-president-de-leglise-adventiste-a-la-vision-dune-eglise-caracterisee-par-la-priere-et-le-reveil\/"},"modified":"2017-06-02T13:03:28","modified_gmt":"2017-06-02T17:03:28","slug":"le-nouveau-president-de-leglise-adventiste-a-la-vision-dune-eglise-caracterisee-par-la-priere-et-le-reveil","status":"publish","type":"post","link":"https:\/\/interamerica.org\/fr\/2010\/07\/le-nouveau-president-de-leglise-adventiste-a-la-vision-dune-eglise-caracterisee-par-la-priere-et-le-reveil\/","title":{"rendered":"Le nouveau pr\u00e9sident de l&#39;Eglise Adventiste a la vision d&#39;une \u00e9glise caract\u00e9ris\u00e9e par la pri\u00e8re et le r\u00e9veil."},"content":{"rendered":"<p>28 Juillet 2010, <em >Silver Spring, Maryland, Etats-Unis<\/em >&#8230;Elizabeth Lechleitner\/ANN <\/p>\n<p>Lors de sa premi\u00e8re allocution aux employ\u00e9s du si\u00e8ge de l&#39;Eglise Adventiste du Septi\u00e8me jour, le pr\u00e9sident Ted N. C. Wilson a esquiss\u00e9 un plan strat\u00e9gique pour la d\u00e9nomination con\u00e7u dans le but de stimuler un renouvellement de l&#39;engagement des membres dans la mission de l&#39;\u00e9glise. <\/p>\n<p>Une emphase sur la pri\u00e8re personnelle et collective ainsi que la mise en place d&#39;un Comit\u00e9 pour le R\u00e9veil et R\u00e9forme au si\u00e8ge de l&#39;Eglise Adventiste avaient une place de choix dans ce plan. <\/p>\n<p>La croyance selon laquelle les Chr\u00e9tiens ne peuvent \u00ab h\u00e2ter ou retarder \u00bb la Seconde Venue est une id\u00e9e fausse, a dit Ted Wilson. Bien que \u00ab l&#39;\u00e9laboration \u00bb de programmes ou d&#39;activit\u00e9s au si\u00e8ge de l&#39;\u00e9glise ne peut \u00ab forcer \u00bb le retour du Christ, un \u00ab r\u00e9veil de la v\u00e9ritable pi\u00e9t\u00e9 \u00bb et une \u00ab humble soumission \u00e0 Dieu \u00bb parmi les Chr\u00e9tiens le peut, a-t-il indiqu\u00e9, citant une d\u00e9claration de la co-fondatrice de l&#39;\u00e9glise, Ellen G. White. <\/p>\n<p>Dans le livre des Actes dans le Nouveau Testament, les ap\u00f4tres sont d\u00e9crits dit Ted Wilson comme \u00e9tant \u00ab d&#39;un commun accord \u00bb et \u00ab dans un m\u00eame lieu \u00bb&#8211;conditions qu&#39;il a mentionn\u00e9es comme \u00e9tant les conditions ayant amen\u00e9 l&#39;effusion de l&#39;Esprit de Dieu. Dieu recherche un \u00e9tat d&#39;esprit similaire parmi les Adventistes aujourd&#39;hui, a-t-il dit. <\/p>\n<p>Ted Wilson a confi\u00e9 avoir r\u00e9cemment re\u00e7u un email dans lequel quelqu&#39;un s&#39;inqui\u00e9tait de ce qu&#39;une emphase sur le r\u00e9veil chez les Adventistes ne provoque du l\u00e9galisme ou un esprit exclusiviste. <\/p>\n<p>Pas du tout, a assur\u00e9 Ted Wilson \u00e0 plus de 400 employ\u00e9s r\u00e9unis aujourd&#39;hui dans l&#39;auditorium du si\u00e8ge de l&#39;\u00e9glise pour le discours du pr\u00e9sident. \u00ab Ce n&#39;est pas un message l\u00e9galiste ; c&#39;est un message d&#39;amour, d&#39;espoir et d&#39;encouragement&#8230;Dieu nous a donn\u00e9 ce message et nous devons le partager, en \u00e9tant le plus inclusif possible, \u00bb a-t-il d\u00e9clar\u00e9. <\/p>\n<p>Le partage de ce message repose sur la pri\u00e8re, a dit Ted Wilson, encourageant les employ\u00e9s \u00e0 adopter cette emphase sur la pri\u00e8re personnelle et collective. <\/p>\n<p>\u00ab Vous \u00eates des personnes d\u00e9vou\u00e9es, \u00e9duqu\u00e9es et consacr\u00e9es, \u00bb a dit Ted Wilson, \u00ab mais si nous ne prions pas avec humilit\u00e9&#8230; nos talents ne valent virtuellement rien. \u00bb <\/p>\n<p>Aucun style de pri\u00e8re en particulier n&#39;est obligatoire, a ajout\u00e9 Ted Wilson. \u00ab Si vous n&#39;\u00eates pas \u00e0 l&#39;aise avec l&#39;id\u00e9e de prier \u00e0 voix haute, vous n&#39;\u00eates pas oblig\u00e9s de le faire &#8212; vous pouvez simplement prier dans votre c\u0153ur. Nous n&#39;essayons pas de forcer les gens \u00e0 entrer dans un certain moule. Mais il nous faut prier. Je ne sais pas ce que font les gens sans la pri\u00e8re, \u00bb a-t-il dit. <\/p>\n<p>La pri\u00e8re devrait \u00e9galement ponctuer les diff\u00e9rentes rencontres du nouveau Comit\u00e9 pour le R\u00e9veil et la R\u00e9forme, a d\u00e9clar\u00e9 Ted Wilson. \u00ab Ne laissez pas le nom vous d\u00e9courager. Les comit\u00e9s ne d\u00e9truisent pas n\u00e9cessairement tout, \u00bb a-t-il dit. Le comit\u00e9 est cens\u00e9 regrouper des personnes \u00ab sinc\u00e8res \u00bb qui font tout leur possible pour \u00ab aider le peuple de Dieu \u00e0 pr\u00e9parer un cadre afin que son Esprit fasse son travail, \u00bb a encore dit Ted Wilson. <\/p>\n<p>Armando Miranda, un des vice-pr\u00e9sidents de l&#39;\u00e9glise Adventiste mondiale a \u00e9t\u00e9 nomm\u00e9 pr\u00e9sident du comit\u00e9 en compagnie du vice-pr\u00e9sident r\u00e9cemment parti \u00e0 la retraite Mark Finley qui servira en tant que vice-pr\u00e9sident dans son nouveau r\u00f4le en tant qu&#39;assistant aupr\u00e8s du pr\u00e9sident pour l&#39;\u00e9vang\u00e9lisation. <\/p>\n<p>Ted Wilson a bri\u00e8vement expos\u00e9 quelques attentes sp\u00e9cifiques pour les cinq prochaines ann\u00e9es. Il a pr\u00e9sent\u00e9 le lancement de conf\u00e9rences internationales sur la Bible et la mission, des centres o\u00f9 des pasteurs, des enseignants, ceux qui \u0153uvrent dans le cadre des Minist\u00e8res de la Sant\u00e9 ainsi que d&#39;autres peuvent se rencontrer pour \u00e9tudier la Bible ensemble afin de mieux saisir la \u00ab destin\u00e9e spirituelle \u00bb de l&#39;\u00e9glise. Id\u00e9alement, a dit Ted Wilson, les rencontres stimuleront l&#39;\u00e9vang\u00e9lisation. Nous ne devons pas simplement rester assis l\u00e0 et attirer tout vers nous, mais il nous faut aller vers l&#39;ext\u00e9rieur, \u00bb a-t-il dit. <\/p>\n<p>Les cinq prochaines ann\u00e9es seront aussi l&#39;occasion de voir une emphase continuelle plac\u00e9e sur l&#39;\u00e9vang\u00e9lisation par le biais de la technologie, a dit Ted Wilson, citant l&#39;impact de Hope Channel, la Radio Adventiste Mondiale, le R\u00e9seau Mondial d&#39;Evang\u00e9lisation par Internet et les nombreux minist\u00e8res par internet qu&#39;a l&#39;\u00e9glise. <\/p>\n<p>Ted Wilson a indiqu\u00e9 que sous son administration l&#39;\u00e9glise maintiendrait les emphases fondamentales telles que l&#39;\u00e9ducation Adventiste et les Minist\u00e8res de la Sant\u00e9. Reconduire le projet \u2018Se Connecter avec J\u00e9sus&#39;, \u00e0 travers lequel des livres d&#39;Ellen G. White sont distribu\u00e9s aux membres dans le monde entier, est aussi une priorit\u00e9, a-t-il dit. <\/p>\n<p>Les employ\u00e9s du si\u00e8ge de l&#39;\u00e9glise ont particip\u00e9 au projet ce matin &#8211; une collecte a \u00e9t\u00e9 recueillie afin de faire parvenir des copies du livre d&#39;Ellen White, La Trag\u00e9die des Si\u00e8cles, a tous les foyers dans le district postal avoisinant. <\/p>\n<p>Ted Wilson a \u00e9galement d\u00e9clar\u00e9 que son objectif \u00e9tait aussi d&#39;impliquer les jeunes dans la mission de l&#39;\u00e9glise &#8212; \u00ab pas simplement les inclure dans un comit\u00e9, mais aller beaucoup plus loin. \u00bb <\/p>\n<p>On esp\u00e8re que l&#39;emphase plac\u00e9e sur l&#39;\u00e9vang\u00e9lisation et la Gestion Chr\u00e9tienne soit le catalyseur du succ\u00e8s de l&#39;\u00e9glise au cours des cinq prochaines ann\u00e9es, a dit Ted Wilson. \u00ab Quand ces deux choses vont dans la bonne direction, tout le reste suit. \u00bb <\/p>\n<p>Le plan strat\u00e9gique n&#39;est pas complet ou fig\u00e9 dans le marbre, il est ouvert aux suggestions, a indiqu\u00e9 Ted Wilson. \u00ab L&#39;Eglise Adventiste n&#39;est pas une organisation qui promeut \u00ab un pouvoir royal. \u00bb Il n&#39;y a pas quelqu&#39;un \u00e0 la t\u00eate qui dit, \u00ab C&#39;est \u00e7a, faites le ! \u00bb et la chose se produit&#8230;La meilleure m\u00e9thode consiste \u00e0 se rassembler dans la pri\u00e8re dans un cadre o\u00f9 une multitude de conseillers am\u00e8ne la sagesse, \u00bb a-t-il d\u00e9clar\u00e9. <\/p>\n<p>Tout en sollicitant les pri\u00e8res et la participation des employ\u00e9s alors que l&#39;\u00e9glise continue d&#39;avancer, Ted Wilson a dit qu&#39;il souhaitait \u00ab une communication ouverte \u00bb dans les murs du si\u00e8ge et \u00e0 travers l&#39;\u00e9glise. \u00ab Mon bureau est ouvert. Si vous avez une id\u00e9e ou une suggestion &#8212; peu importe si elle petite ou grande &#8212; vous pouvez me contacter et me parler. \u00bb <\/p>\n<p>Traducteur: Patrick Luciathe <br  \/><\/p>\n","protected":false},"excerpt":{"rendered":"<p>Lors de sa premi\u00e8re allocution aux employ\u00e9s du si\u00e8ge de l&#39;Eglise Adventiste du Septi\u00e8me jour, le pr\u00e9sident Ted N. C. Wilson a esquiss\u00e9 un plan strat\u00e9gique pour la d\u00e9nomination con\u00e7u dans<\/p>\n","protected":false},"author":1,"featured_media":0,"comment_status":"closed","ping_status":"closed","sticky":false,"template":"","format":"standard","meta":{"_acf_changed":false,"footnotes":""},"categories":[9],"tags":[],"class_list":["post-13413","post","type-post","status-publish","format-standard","hentry","category-archive-fr"],"acf":[],"yoast_head":"<!-- This site is optimized with the Yoast SEO plugin v27.3 - https:\/\/yoast.com\/product\/yoast-seo-wordpress\/ -->\n<title>Le nouveau pr\u00e9sident de l&#039;Eglise Adventiste a la vision d&#039;une \u00e9glise caract\u00e9ris\u00e9e par la pri\u00e8re et le r\u00e9veil. - \u00c9glise Adventiste Du Septieme Jour - Inter Am\u00e9rique Division<\/title>\n<meta name=\"robots\" content=\"index, follow, max-snippet:-1, max-image-preview:large, max-video-preview:-1\" \/>\n<link rel=\"canonical\" href=\"https:\/\/interamerica.org\/fr\/2010\/07\/le-nouveau-president-de-leglise-adventiste-a-la-vision-dune-eglise-caracterisee-par-la-priere-et-le-reveil\/\" \/>\n<meta property=\"og:locale\" content=\"fr_FR\" \/>\n<meta property=\"og:type\" content=\"article\" \/>\n<meta property=\"og:title\" content=\"Le nouveau pr\u00e9sident de l&#039;Eglise Adventiste a la vision d&#039;une \u00e9glise caract\u00e9ris\u00e9e par la pri\u00e8re et le r\u00e9veil. - \u00c9glise Adventiste Du Septieme Jour - Inter Am\u00e9rique Division\" \/>\n<meta property=\"og:description\" content=\"Lors de sa premi\u00e8re allocution aux employ\u00e9s du si\u00e8ge de l&#039;Eglise Adventiste du Septi\u00e8me jour, le pr\u00e9sident Ted N. C. Wilson a esquiss\u00e9 un plan strat\u00e9gique pour la d\u00e9nomination con\u00e7u dans\" \/>\n<meta property=\"og:url\" content=\"https:\/\/interamerica.org\/fr\/2010\/07\/le-nouveau-president-de-leglise-adventiste-a-la-vision-dune-eglise-caracterisee-par-la-priere-et-le-reveil\/\" \/>\n<meta property=\"og:site_name\" content=\"\u00c9glise Adventiste Du Septieme Jour - Inter Am\u00e9rique Division\" \/>\n<meta property=\"article:published_time\" content=\"2010-07-28T04:00:00+00:00\" \/>\n<meta property=\"article:modified_time\" content=\"2017-06-02T17:03:28+00:00\" \/>\n<meta name=\"author\" content=\"Lorenzo Verduzco\" \/>\n<meta name=\"twitter:card\" content=\"summary_large_image\" \/>\n<meta name=\"twitter:label1\" content=\"\u00c9crit par\" \/>\n\t<meta name=\"twitter:data1\" content=\"Lorenzo Verduzco\" \/>\n\t<meta name=\"twitter:label2\" content=\"Dur\u00e9e de lecture estim\u00e9e\" \/>\n\t<meta name=\"twitter:data2\" content=\"6 minutes\" \/>\n<script type=\"application\/ld+json\" class=\"yoast-schema-graph\">{\"@context\":\"https:\\\/\\\/schema.org\",\"@graph\":[{\"@type\":\"Article\",\"@id\":\"https:\\\/\\\/interamerica.org\\\/fr\\\/2010\\\/07\\\/le-nouveau-president-de-leglise-adventiste-a-la-vision-dune-eglise-caracterisee-par-la-priere-et-le-reveil\\\/#article\",\"isPartOf\":{\"@id\":\"https:\\\/\\\/interamerica.org\\\/fr\\\/2010\\\/07\\\/le-nouveau-president-de-leglise-adventiste-a-la-vision-dune-eglise-caracterisee-par-la-priere-et-le-reveil\\\/\"},\"author\":{\"name\":\"Lorenzo Verduzco\",\"@id\":\"https:\\\/\\\/interamerica.org\\\/fr\\\/#\\\/schema\\\/person\\\/68ede8bdc292885bb76c1e3810e73c39\"},\"headline\":\"Le nouveau pr\u00e9sident de l&#39;Eglise Adventiste a la vision d&#39;une \u00e9glise caract\u00e9ris\u00e9e par la pri\u00e8re et le r\u00e9veil.\",\"datePublished\":\"2010-07-28T04:00:00+00:00\",\"dateModified\":\"2017-06-02T17:03:28+00:00\",\"mainEntityOfPage\":{\"@id\":\"https:\\\/\\\/interamerica.org\\\/fr\\\/2010\\\/07\\\/le-nouveau-president-de-leglise-adventiste-a-la-vision-dune-eglise-caracterisee-par-la-priere-et-le-reveil\\\/\"},\"wordCount\":1171,\"articleSection\":[\"Archive\"],\"inLanguage\":\"fr-FR\"},{\"@type\":\"WebPage\",\"@id\":\"https:\\\/\\\/interamerica.org\\\/fr\\\/2010\\\/07\\\/le-nouveau-president-de-leglise-adventiste-a-la-vision-dune-eglise-caracterisee-par-la-priere-et-le-reveil\\\/\",\"url\":\"https:\\\/\\\/interamerica.org\\\/fr\\\/2010\\\/07\\\/le-nouveau-president-de-leglise-adventiste-a-la-vision-dune-eglise-caracterisee-par-la-priere-et-le-reveil\\\/\",\"name\":\"Le nouveau pr\u00e9sident de l&#39;Eglise Adventiste a la vision d&#39;une \u00e9glise caract\u00e9ris\u00e9e par la pri\u00e8re et le r\u00e9veil. - \u00c9glise Adventiste Du Septieme Jour - Inter Am\u00e9rique Division\",\"isPartOf\":{\"@id\":\"https:\\\/\\\/interamerica.org\\\/fr\\\/#website\"},\"datePublished\":\"2010-07-28T04:00:00+00:00\",\"dateModified\":\"2017-06-02T17:03:28+00:00\",\"author\":{\"@id\":\"https:\\\/\\\/interamerica.org\\\/fr\\\/#\\\/schema\\\/person\\\/68ede8bdc292885bb76c1e3810e73c39\"},\"breadcrumb\":{\"@id\":\"https:\\\/\\\/interamerica.org\\\/fr\\\/2010\\\/07\\\/le-nouveau-president-de-leglise-adventiste-a-la-vision-dune-eglise-caracterisee-par-la-priere-et-le-reveil\\\/#breadcrumb\"},\"inLanguage\":\"fr-FR\",\"potentialAction\":[{\"@type\":\"ReadAction\",\"target\":[\"https:\\\/\\\/interamerica.org\\\/fr\\\/2010\\\/07\\\/le-nouveau-president-de-leglise-adventiste-a-la-vision-dune-eglise-caracterisee-par-la-priere-et-le-reveil\\\/\"]}]},{\"@type\":\"BreadcrumbList\",\"@id\":\"https:\\\/\\\/interamerica.org\\\/fr\\\/2010\\\/07\\\/le-nouveau-president-de-leglise-adventiste-a-la-vision-dune-eglise-caracterisee-par-la-priere-et-le-reveil\\\/#breadcrumb\",\"itemListElement\":[{\"@type\":\"ListItem\",\"position\":1,\"name\":\"Home\",\"item\":\"https:\\\/\\\/interamerica.org\\\/fr\\\/\"},{\"@type\":\"ListItem\",\"position\":2,\"name\":\"Le nouveau pr\u00e9sident de l&#39;Eglise Adventiste a la vision d&#39;une \u00e9glise caract\u00e9ris\u00e9e par la pri\u00e8re et le r\u00e9veil.\"}]},{\"@type\":\"WebSite\",\"@id\":\"https:\\\/\\\/interamerica.org\\\/fr\\\/#website\",\"url\":\"https:\\\/\\\/interamerica.org\\\/fr\\\/\",\"name\":\"\u00c9glise Adventiste Du Septieme Jour - Inter Am\u00e9rique Division\",\"description\":\"\",\"potentialAction\":[{\"@type\":\"SearchAction\",\"target\":{\"@type\":\"EntryPoint\",\"urlTemplate\":\"https:\\\/\\\/interamerica.org\\\/fr\\\/?s={search_term_string}\"},\"query-input\":{\"@type\":\"PropertyValueSpecification\",\"valueRequired\":true,\"valueName\":\"search_term_string\"}}],\"inLanguage\":\"fr-FR\"},{\"@type\":\"Person\",\"@id\":\"https:\\\/\\\/interamerica.org\\\/fr\\\/#\\\/schema\\\/person\\\/68ede8bdc292885bb76c1e3810e73c39\",\"name\":\"Lorenzo Verduzco\",\"image\":{\"@type\":\"ImageObject\",\"inLanguage\":\"fr-FR\",\"@id\":\"https:\\\/\\\/secure.gravatar.com\\\/avatar\\\/fb81a55b6218459490a9c1dc841a34909185b81904c5337b4b27f7a6fd60c49e?s=96&d=mm&r=g\",\"url\":\"https:\\\/\\\/secure.gravatar.com\\\/avatar\\\/fb81a55b6218459490a9c1dc841a34909185b81904c5337b4b27f7a6fd60c49e?s=96&d=mm&r=g\",\"contentUrl\":\"https:\\\/\\\/secure.gravatar.com\\\/avatar\\\/fb81a55b6218459490a9c1dc841a34909185b81904c5337b4b27f7a6fd60c49e?s=96&d=mm&r=g\",\"caption\":\"Lorenzo Verduzco\"}}]}<\/script>\n<!-- \/ Yoast SEO plugin. -->","yoast_head_json":{"title":"Le nouveau pr\u00e9sident de l&#39;Eglise Adventiste a la vision d&#39;une \u00e9glise caract\u00e9ris\u00e9e par la pri\u00e8re et le r\u00e9veil. - \u00c9glise Adventiste Du Septieme Jour - Inter Am\u00e9rique Division","robots":{"index":"index","follow":"follow","max-snippet":"max-snippet:-1","max-image-preview":"max-image-preview:large","max-video-preview":"max-video-preview:-1"},"canonical":"https:\/\/interamerica.org\/fr\/2010\/07\/le-nouveau-president-de-leglise-adventiste-a-la-vision-dune-eglise-caracterisee-par-la-priere-et-le-reveil\/","og_locale":"fr_FR","og_type":"article","og_title":"Le nouveau pr\u00e9sident de l&#39;Eglise Adventiste a la vision d&#39;une \u00e9glise caract\u00e9ris\u00e9e par la pri\u00e8re et le r\u00e9veil. - \u00c9glise Adventiste Du Septieme Jour - Inter Am\u00e9rique Division","og_description":"Lors de sa premi\u00e8re allocution aux employ\u00e9s du si\u00e8ge de l&#39;Eglise Adventiste du Septi\u00e8me jour, le pr\u00e9sident Ted N. C. Wilson a esquiss\u00e9 un plan strat\u00e9gique pour la d\u00e9nomination con\u00e7u dans","og_url":"https:\/\/interamerica.org\/fr\/2010\/07\/le-nouveau-president-de-leglise-adventiste-a-la-vision-dune-eglise-caracterisee-par-la-priere-et-le-reveil\/","og_site_name":"\u00c9glise Adventiste Du Septieme Jour - Inter Am\u00e9rique Division","article_published_time":"2010-07-28T04:00:00+00:00","article_modified_time":"2017-06-02T17:03:28+00:00","author":"Lorenzo Verduzco","twitter_card":"summary_large_image","twitter_misc":{"\u00c9crit par":"Lorenzo Verduzco","Dur\u00e9e de lecture estim\u00e9e":"6 minutes"},"schema":{"@context":"https:\/\/schema.org","@graph":[{"@type":"Article","@id":"https:\/\/interamerica.org\/fr\/2010\/07\/le-nouveau-president-de-leglise-adventiste-a-la-vision-dune-eglise-caracterisee-par-la-priere-et-le-reveil\/#article","isPartOf":{"@id":"https:\/\/interamerica.org\/fr\/2010\/07\/le-nouveau-president-de-leglise-adventiste-a-la-vision-dune-eglise-caracterisee-par-la-priere-et-le-reveil\/"},"author":{"name":"Lorenzo Verduzco","@id":"https:\/\/interamerica.org\/fr\/#\/schema\/person\/68ede8bdc292885bb76c1e3810e73c39"},"headline":"Le nouveau pr\u00e9sident de l&#39;Eglise Adventiste a la vision d&#39;une \u00e9glise caract\u00e9ris\u00e9e par la pri\u00e8re et le r\u00e9veil.","datePublished":"2010-07-28T04:00:00+00:00","dateModified":"2017-06-02T17:03:28+00:00","mainEntityOfPage":{"@id":"https:\/\/interamerica.org\/fr\/2010\/07\/le-nouveau-president-de-leglise-adventiste-a-la-vision-dune-eglise-caracterisee-par-la-priere-et-le-reveil\/"},"wordCount":1171,"articleSection":["Archive"],"inLanguage":"fr-FR"},{"@type":"WebPage","@id":"https:\/\/interamerica.org\/fr\/2010\/07\/le-nouveau-president-de-leglise-adventiste-a-la-vision-dune-eglise-caracterisee-par-la-priere-et-le-reveil\/","url":"https:\/\/interamerica.org\/fr\/2010\/07\/le-nouveau-president-de-leglise-adventiste-a-la-vision-dune-eglise-caracterisee-par-la-priere-et-le-reveil\/","name":"Le nouveau pr\u00e9sident de l&#39;Eglise Adventiste a la vision d&#39;une \u00e9glise caract\u00e9ris\u00e9e par la pri\u00e8re et le r\u00e9veil. - \u00c9glise Adventiste Du Septieme Jour - Inter Am\u00e9rique Division","isPartOf":{"@id":"https:\/\/interamerica.org\/fr\/#website"},"datePublished":"2010-07-28T04:00:00+00:00","dateModified":"2017-06-02T17:03:28+00:00","author":{"@id":"https:\/\/interamerica.org\/fr\/#\/schema\/person\/68ede8bdc292885bb76c1e3810e73c39"},"breadcrumb":{"@id":"https:\/\/interamerica.org\/fr\/2010\/07\/le-nouveau-president-de-leglise-adventiste-a-la-vision-dune-eglise-caracterisee-par-la-priere-et-le-reveil\/#breadcrumb"},"inLanguage":"fr-FR","potentialAction":[{"@type":"ReadAction","target":["https:\/\/interamerica.org\/fr\/2010\/07\/le-nouveau-president-de-leglise-adventiste-a-la-vision-dune-eglise-caracterisee-par-la-priere-et-le-reveil\/"]}]},{"@type":"BreadcrumbList","@id":"https:\/\/interamerica.org\/fr\/2010\/07\/le-nouveau-president-de-leglise-adventiste-a-la-vision-dune-eglise-caracterisee-par-la-priere-et-le-reveil\/#breadcrumb","itemListElement":[{"@type":"ListItem","position":1,"name":"Home","item":"https:\/\/interamerica.org\/fr\/"},{"@type":"ListItem","position":2,"name":"Le nouveau pr\u00e9sident de l&#39;Eglise Adventiste a la vision d&#39;une \u00e9glise caract\u00e9ris\u00e9e par la pri\u00e8re et le r\u00e9veil."}]},{"@type":"WebSite","@id":"https:\/\/interamerica.org\/fr\/#website","url":"https:\/\/interamerica.org\/fr\/","name":"\u00c9glise Adventiste Du Septieme Jour - Inter Am\u00e9rique Division","description":"","potentialAction":[{"@type":"SearchAction","target":{"@type":"EntryPoint","urlTemplate":"https:\/\/interamerica.org\/fr\/?s={search_term_string}"},"query-input":{"@type":"PropertyValueSpecification","valueRequired":true,"valueName":"search_term_string"}}],"inLanguage":"fr-FR"},{"@type":"Person","@id":"https:\/\/interamerica.org\/fr\/#\/schema\/person\/68ede8bdc292885bb76c1e3810e73c39","name":"Lorenzo Verduzco","image":{"@type":"ImageObject","inLanguage":"fr-FR","@id":"https:\/\/secure.gravatar.com\/avatar\/fb81a55b6218459490a9c1dc841a34909185b81904c5337b4b27f7a6fd60c49e?s=96&d=mm&r=g","url":"https:\/\/secure.gravatar.com\/avatar\/fb81a55b6218459490a9c1dc841a34909185b81904c5337b4b27f7a6fd60c49e?s=96&d=mm&r=g","contentUrl":"https:\/\/secure.gravatar.com\/avatar\/fb81a55b6218459490a9c1dc841a34909185b81904c5337b4b27f7a6fd60c49e?s=96&d=mm&r=g","caption":"Lorenzo Verduzco"}}]}},"_links":{"self":[{"href":"https:\/\/interamerica.org\/fr\/wp-json\/wp\/v2\/posts\/13413","targetHints":{"allow":["GET"]}}],"collection":[{"href":"https:\/\/interamerica.org\/fr\/wp-json\/wp\/v2\/posts"}],"about":[{"href":"https:\/\/interamerica.org\/fr\/wp-json\/wp\/v2\/types\/post"}],"author":[{"embeddable":true,"href":"https:\/\/interamerica.org\/fr\/wp-json\/wp\/v2\/users\/1"}],"replies":[{"embeddable":true,"href":"https:\/\/interamerica.org\/fr\/wp-json\/wp\/v2\/comments?post=13413"}],"version-history":[{"count":0,"href":"https:\/\/interamerica.org\/fr\/wp-json\/wp\/v2\/posts\/13413\/revisions"}],"wp:attachment":[{"href":"https:\/\/interamerica.org\/fr\/wp-json\/wp\/v2\/media?parent=13413"}],"wp:term":[{"taxonomy":"category","embeddable":true,"href":"https:\/\/interamerica.org\/fr\/wp-json\/wp\/v2\/categories?post=13413"},{"taxonomy":"post_tag","embeddable":true,"href":"https:\/\/interamerica.org\/fr\/wp-json\/wp\/v2\/tags?post=13413"}],"curies":[{"name":"wp","href":"https:\/\/api.w.org\/{rel}","templated":true}]}}