{"id":13414,"date":"2010-08-02T00:00:00","date_gmt":"2010-08-02T04:00:00","guid":{"rendered":"http:\/\/192.81.217.108\/interamerica\/2010\/08\/venezuela-leglise-organise-de-grandes-ceremonies-pour-commemorer-les-100-ans-du-message-adventiste\/"},"modified":"2017-06-02T13:03:27","modified_gmt":"2017-06-02T17:03:27","slug":"venezuela-leglise-organise-de-grandes-ceremonies-pour-commemorer-les-100-ans-du-message-adventiste","status":"publish","type":"post","link":"https:\/\/interamerica.org\/fr\/2010\/08\/venezuela-leglise-organise-de-grandes-ceremonies-pour-commemorer-les-100-ans-du-message-adventiste\/","title":{"rendered":"V\u00e9n\u00e9zu\u00e9la: L&#39;Eglise organise de grandes c\u00e9r\u00e9monies pour comm\u00e9morer les 100 ans du message Adventiste"},"content":{"rendered":"<p>2 ao\u00fbt 2010 &#8211; <em >Miami, Florida, Etats-Unis&#8230;<\/em > Libna Stevens\/DIA <\/p>\n<p>Les Adventistes du Septi\u00e8me jour du V\u00e9n\u00e9zu\u00e9la c\u00e9l\u00e8breront le 100\u00e8me anniversaire de l&#39;introduction du message Adventiste dans le pays.  Les c\u00e9r\u00e9monies comm\u00e9moratives qui auront lieu au cours de cette fin de semaine d\u00e9buteront ce samedi 7 ao\u00fbt \u00e0 Poliedro de Caracas ou au stade de Caracas Polyhedron.  Plus de 12.000 personnes y sont attendues. <\/p>\n<p>Pasteur Ted Wilson, pr\u00e9sident de l&#39;Eglise Mondiale des Adventistes du Septi\u00e8me jour, sera l&#39;orateur sp\u00e9cial au cours du programme de samedi, qui sera retransmis en directe par Esperanza TV.  Les principaux dirigeants de la Division Inter-Am\u00e9rcaine (DIA) y prendront aussi part. <\/p>\n<p>\u00ab\u00a0Nous sommes vraiment heureux que le V\u00e9n\u00e9zu\u00e9la va c\u00e9l\u00e8brer le centi\u00e8me anniversaire de l&#39;\u00e9tablissement de son \u00e9glise,\u00a0\u00bb dit Pasteur Israel Leito, pr\u00e9sident de l&#39;\u00e9glise de l&#39;Inter-Am\u00e9rique.  \u00ab\u00a0La pr\u00e9sente \u00e9glise du V\u00e9n\u00e9zu\u00e9la est compl\u00e8tement diff\u00e9rente de celle des 25 derni\u00e8res ann\u00e9es.  L&#39;oeuvre a prosp\u00e9r\u00e9 et elle continue de se d\u00e9velopper et maintenant  elle comprend deux r\u00e9gions florissantes et nous sommes ici pour leur apporter notre soutien.\u00a0\u00bb <\/p>\n<p>Des c\u00e9r\u00e9monies comm\u00e9moratives se poursuivront le dimanche 8 ao\u00fbt au Stade Feria Bicentenario de Barquisimeto \u00e0 Barquisimeto pendant toute la journ\u00e9e.  Pasteur Wilson d\u00e9livera le message sp\u00e9cial.  Plus de 7.000 personnes sont attendues dimanche. <\/p>\n<p>L&#39;\u00e9quipe de production de la DIA contirbuera \u00e0 la retransmission en directe par satellite des c\u00e9r\u00e9monies tenues \u00e0 Caracas en vue de permettre au monde entier d&#39;y assister, rapportent les dirigeants. <\/p>\n<p>\u00ab\u00a0Nous travaillerons avec une \u00e9quipe locale pour que cette pr\u00e9sentation soit une b\u00e9n\u00e9diction,\u00a0\u00bb avance Abel Marquez, directeur adjoint de communication de l&#39;\u00e9glise de l&#39;Inter-Am\u00e9rique et producteur du programme par satellite de Caracas. <\/p>\n<p>\u00ab\u00a0Nous avons pour objectif principal de permettre \u00e0 plus de membres d&#39;\u00e9glise du territoire de notre Division et au monde entier de participer \u00e0 la c\u00e9l\u00e9bration en se joignant aux fr\u00e8res du V\u00e9n\u00e9zu\u00e9la par le biais de leurs ordinateurs ou de leurs t\u00e9l\u00e9viseurs,\u00a0\u00bb ajoute Marquez. <\/p>\n<p>\u00ab\u00a0Au cours de notre programme il y aura des activit\u00e9s sp\u00e9ciales qui pourront \u00eatre suivies \u00e0 travers le reste du pays par le biais de l&#39;internet et des stations de radio,\u00a0\u00bb avance Pasteur Rodolfo Escobar, directeur de communication et coordinateur de l&#39;\u00e9v\u00e8nement.  Le programme se poursuivra jusqu&#39;\u00e0 6:00 heures P.M. <\/p>\n<p>Il y aura aussi au cours des deux programmes des concerts musicaux, des pr\u00e9sentations, des remises de prix, des bapt\u00eames, et d&#39;autres activit\u00e9s. <\/p>\n<p>Depuis l&#39;introduction du message Adventiste au V\u00e9n\u00e9zu\u00e9la, l&#39;\u00e9glise qui n&#39;avait qu&#39;une r\u00e9gion s&#39;est d\u00e9velopp\u00e9e et a \u00e0 pr\u00e9sent deux r\u00e9gions.  Il y a plus de 223.000 membres d\u00e9glise qui adorent au sein de 815 \u00e9glises et congr\u00e9gations. <\/p>\n<p>Pour suivre les programmes en directe de la c\u00e9l\u00e9bration du centenaire du V\u00e9n\u00e9zu\u00e9la visitez: <\/p>\n<p><a  href=\"http:\/\/www.esperanzatv.org\/\">www.esperanzatv.org<\/a > le 7 ao\u00fbt pour le programme de Caracas, qui commence \u00e0 11:00 A.M. Heure Standard de l&#39;Est ou 10:30 Heure du V\u00e9n\u00e9zu\u00e9la. <\/p>\n<p><a  href=\"https:\/\/recursing-golick.147-182-135-0.plesk.page\/\">www.interamerica.org<\/a > le 8 ao\u00fbt pour le programme de Barquisimeto, qui d\u00e9bute \u00e0 9:00 A.M. Heure Standard de l&#39;Est ou 8:30 A.M. Heure du V\u00e9n\u00e9zu\u00e9la. <\/p>\n<p><em >Translator: Fernelle Alc\u00e9<\/em >   <\/p><\/p>\n","protected":false},"excerpt":{"rendered":"<p>Les Adventistes du Septi\u00e8me jour du V\u00e9n\u00e9zu\u00e9la c\u00e9l\u00e8breront le 100\u00e8me anniversaire de l&#39;introduction du message Adventiste dans le pays.<\/p>\n","protected":false},"author":1,"featured_media":0,"comment_status":"closed","ping_status":"closed","sticky":false,"template":"","format":"standard","meta":{"_acf_changed":false,"footnotes":""},"categories":[9],"tags":[],"class_list":["post-13414","post","type-post","status-publish","format-standard","hentry","category-archive-fr"],"acf":[],"yoast_head":"<!-- This site is optimized with the Yoast SEO plugin v27.3 - https:\/\/yoast.com\/product\/yoast-seo-wordpress\/ -->\n<title>V\u00e9n\u00e9zu\u00e9la: L&#039;Eglise organise de grandes c\u00e9r\u00e9monies pour comm\u00e9morer les 100 ans du message Adventiste - \u00c9glise Adventiste Du Septieme Jour - Inter Am\u00e9rique Division<\/title>\n<meta name=\"robots\" content=\"index, follow, max-snippet:-1, max-image-preview:large, max-video-preview:-1\" \/>\n<link rel=\"canonical\" href=\"https:\/\/interamerica.org\/fr\/2010\/08\/venezuela-leglise-organise-de-grandes-ceremonies-pour-commemorer-les-100-ans-du-message-adventiste\/\" \/>\n<meta property=\"og:locale\" content=\"fr_FR\" \/>\n<meta property=\"og:type\" content=\"article\" \/>\n<meta property=\"og:title\" content=\"V\u00e9n\u00e9zu\u00e9la: L&#039;Eglise organise de grandes c\u00e9r\u00e9monies pour comm\u00e9morer les 100 ans du message Adventiste - \u00c9glise Adventiste Du Septieme Jour - Inter Am\u00e9rique Division\" \/>\n<meta property=\"og:description\" content=\"Les Adventistes du Septi\u00e8me jour du V\u00e9n\u00e9zu\u00e9la c\u00e9l\u00e8breront le 100\u00e8me anniversaire de l&#039;introduction du message Adventiste dans le pays.\" \/>\n<meta property=\"og:url\" content=\"https:\/\/interamerica.org\/fr\/2010\/08\/venezuela-leglise-organise-de-grandes-ceremonies-pour-commemorer-les-100-ans-du-message-adventiste\/\" \/>\n<meta property=\"og:site_name\" content=\"\u00c9glise Adventiste Du Septieme Jour - Inter Am\u00e9rique Division\" \/>\n<meta property=\"article:published_time\" content=\"2010-08-02T04:00:00+00:00\" \/>\n<meta property=\"article:modified_time\" content=\"2017-06-02T17:03:27+00:00\" \/>\n<meta name=\"author\" content=\"Lorenzo Verduzco\" \/>\n<meta name=\"twitter:card\" content=\"summary_large_image\" \/>\n<meta name=\"twitter:label1\" content=\"\u00c9crit par\" \/>\n\t<meta name=\"twitter:data1\" content=\"Lorenzo Verduzco\" \/>\n\t<meta name=\"twitter:label2\" content=\"Dur\u00e9e de lecture estim\u00e9e\" \/>\n\t<meta name=\"twitter:data2\" content=\"3 minutes\" \/>\n<script type=\"application\/ld+json\" class=\"yoast-schema-graph\">{\"@context\":\"https:\\\/\\\/schema.org\",\"@graph\":[{\"@type\":\"Article\",\"@id\":\"https:\\\/\\\/interamerica.org\\\/fr\\\/2010\\\/08\\\/venezuela-leglise-organise-de-grandes-ceremonies-pour-commemorer-les-100-ans-du-message-adventiste\\\/#article\",\"isPartOf\":{\"@id\":\"https:\\\/\\\/interamerica.org\\\/fr\\\/2010\\\/08\\\/venezuela-leglise-organise-de-grandes-ceremonies-pour-commemorer-les-100-ans-du-message-adventiste\\\/\"},\"author\":{\"name\":\"Lorenzo Verduzco\",\"@id\":\"https:\\\/\\\/interamerica.org\\\/fr\\\/#\\\/schema\\\/person\\\/68ede8bdc292885bb76c1e3810e73c39\"},\"headline\":\"V\u00e9n\u00e9zu\u00e9la: L&#39;Eglise organise de grandes c\u00e9r\u00e9monies pour comm\u00e9morer les 100 ans du message Adventiste\",\"datePublished\":\"2010-08-02T04:00:00+00:00\",\"dateModified\":\"2017-06-02T17:03:27+00:00\",\"mainEntityOfPage\":{\"@id\":\"https:\\\/\\\/interamerica.org\\\/fr\\\/2010\\\/08\\\/venezuela-leglise-organise-de-grandes-ceremonies-pour-commemorer-les-100-ans-du-message-adventiste\\\/\"},\"wordCount\":596,\"articleSection\":[\"Archive\"],\"inLanguage\":\"fr-FR\"},{\"@type\":\"WebPage\",\"@id\":\"https:\\\/\\\/interamerica.org\\\/fr\\\/2010\\\/08\\\/venezuela-leglise-organise-de-grandes-ceremonies-pour-commemorer-les-100-ans-du-message-adventiste\\\/\",\"url\":\"https:\\\/\\\/interamerica.org\\\/fr\\\/2010\\\/08\\\/venezuela-leglise-organise-de-grandes-ceremonies-pour-commemorer-les-100-ans-du-message-adventiste\\\/\",\"name\":\"V\u00e9n\u00e9zu\u00e9la: L&#39;Eglise organise de grandes c\u00e9r\u00e9monies pour comm\u00e9morer les 100 ans du message Adventiste - \u00c9glise Adventiste Du Septieme Jour - Inter Am\u00e9rique Division\",\"isPartOf\":{\"@id\":\"https:\\\/\\\/interamerica.org\\\/fr\\\/#website\"},\"datePublished\":\"2010-08-02T04:00:00+00:00\",\"dateModified\":\"2017-06-02T17:03:27+00:00\",\"author\":{\"@id\":\"https:\\\/\\\/interamerica.org\\\/fr\\\/#\\\/schema\\\/person\\\/68ede8bdc292885bb76c1e3810e73c39\"},\"breadcrumb\":{\"@id\":\"https:\\\/\\\/interamerica.org\\\/fr\\\/2010\\\/08\\\/venezuela-leglise-organise-de-grandes-ceremonies-pour-commemorer-les-100-ans-du-message-adventiste\\\/#breadcrumb\"},\"inLanguage\":\"fr-FR\",\"potentialAction\":[{\"@type\":\"ReadAction\",\"target\":[\"https:\\\/\\\/interamerica.org\\\/fr\\\/2010\\\/08\\\/venezuela-leglise-organise-de-grandes-ceremonies-pour-commemorer-les-100-ans-du-message-adventiste\\\/\"]}]},{\"@type\":\"BreadcrumbList\",\"@id\":\"https:\\\/\\\/interamerica.org\\\/fr\\\/2010\\\/08\\\/venezuela-leglise-organise-de-grandes-ceremonies-pour-commemorer-les-100-ans-du-message-adventiste\\\/#breadcrumb\",\"itemListElement\":[{\"@type\":\"ListItem\",\"position\":1,\"name\":\"Home\",\"item\":\"https:\\\/\\\/interamerica.org\\\/fr\\\/\"},{\"@type\":\"ListItem\",\"position\":2,\"name\":\"V\u00e9n\u00e9zu\u00e9la: L&#39;Eglise organise de grandes c\u00e9r\u00e9monies pour comm\u00e9morer les 100 ans du message Adventiste\"}]},{\"@type\":\"WebSite\",\"@id\":\"https:\\\/\\\/interamerica.org\\\/fr\\\/#website\",\"url\":\"https:\\\/\\\/interamerica.org\\\/fr\\\/\",\"name\":\"\u00c9glise Adventiste Du Septieme Jour - Inter Am\u00e9rique Division\",\"description\":\"\",\"potentialAction\":[{\"@type\":\"SearchAction\",\"target\":{\"@type\":\"EntryPoint\",\"urlTemplate\":\"https:\\\/\\\/interamerica.org\\\/fr\\\/?s={search_term_string}\"},\"query-input\":{\"@type\":\"PropertyValueSpecification\",\"valueRequired\":true,\"valueName\":\"search_term_string\"}}],\"inLanguage\":\"fr-FR\"},{\"@type\":\"Person\",\"@id\":\"https:\\\/\\\/interamerica.org\\\/fr\\\/#\\\/schema\\\/person\\\/68ede8bdc292885bb76c1e3810e73c39\",\"name\":\"Lorenzo Verduzco\",\"image\":{\"@type\":\"ImageObject\",\"inLanguage\":\"fr-FR\",\"@id\":\"https:\\\/\\\/secure.gravatar.com\\\/avatar\\\/fb81a55b6218459490a9c1dc841a34909185b81904c5337b4b27f7a6fd60c49e?s=96&d=mm&r=g\",\"url\":\"https:\\\/\\\/secure.gravatar.com\\\/avatar\\\/fb81a55b6218459490a9c1dc841a34909185b81904c5337b4b27f7a6fd60c49e?s=96&d=mm&r=g\",\"contentUrl\":\"https:\\\/\\\/secure.gravatar.com\\\/avatar\\\/fb81a55b6218459490a9c1dc841a34909185b81904c5337b4b27f7a6fd60c49e?s=96&d=mm&r=g\",\"caption\":\"Lorenzo Verduzco\"}}]}<\/script>\n<!-- \/ Yoast SEO plugin. -->","yoast_head_json":{"title":"V\u00e9n\u00e9zu\u00e9la: L&#39;Eglise organise de grandes c\u00e9r\u00e9monies pour comm\u00e9morer les 100 ans du message Adventiste - \u00c9glise Adventiste Du Septieme Jour - Inter Am\u00e9rique Division","robots":{"index":"index","follow":"follow","max-snippet":"max-snippet:-1","max-image-preview":"max-image-preview:large","max-video-preview":"max-video-preview:-1"},"canonical":"https:\/\/interamerica.org\/fr\/2010\/08\/venezuela-leglise-organise-de-grandes-ceremonies-pour-commemorer-les-100-ans-du-message-adventiste\/","og_locale":"fr_FR","og_type":"article","og_title":"V\u00e9n\u00e9zu\u00e9la: L&#39;Eglise organise de grandes c\u00e9r\u00e9monies pour comm\u00e9morer les 100 ans du message Adventiste - \u00c9glise Adventiste Du Septieme Jour - Inter Am\u00e9rique Division","og_description":"Les Adventistes du Septi\u00e8me jour du V\u00e9n\u00e9zu\u00e9la c\u00e9l\u00e8breront le 100\u00e8me anniversaire de l&#39;introduction du message Adventiste dans le pays.","og_url":"https:\/\/interamerica.org\/fr\/2010\/08\/venezuela-leglise-organise-de-grandes-ceremonies-pour-commemorer-les-100-ans-du-message-adventiste\/","og_site_name":"\u00c9glise Adventiste Du Septieme Jour - Inter Am\u00e9rique Division","article_published_time":"2010-08-02T04:00:00+00:00","article_modified_time":"2017-06-02T17:03:27+00:00","author":"Lorenzo Verduzco","twitter_card":"summary_large_image","twitter_misc":{"\u00c9crit par":"Lorenzo Verduzco","Dur\u00e9e de lecture estim\u00e9e":"3 minutes"},"schema":{"@context":"https:\/\/schema.org","@graph":[{"@type":"Article","@id":"https:\/\/interamerica.org\/fr\/2010\/08\/venezuela-leglise-organise-de-grandes-ceremonies-pour-commemorer-les-100-ans-du-message-adventiste\/#article","isPartOf":{"@id":"https:\/\/interamerica.org\/fr\/2010\/08\/venezuela-leglise-organise-de-grandes-ceremonies-pour-commemorer-les-100-ans-du-message-adventiste\/"},"author":{"name":"Lorenzo Verduzco","@id":"https:\/\/interamerica.org\/fr\/#\/schema\/person\/68ede8bdc292885bb76c1e3810e73c39"},"headline":"V\u00e9n\u00e9zu\u00e9la: L&#39;Eglise organise de grandes c\u00e9r\u00e9monies pour comm\u00e9morer les 100 ans du message Adventiste","datePublished":"2010-08-02T04:00:00+00:00","dateModified":"2017-06-02T17:03:27+00:00","mainEntityOfPage":{"@id":"https:\/\/interamerica.org\/fr\/2010\/08\/venezuela-leglise-organise-de-grandes-ceremonies-pour-commemorer-les-100-ans-du-message-adventiste\/"},"wordCount":596,"articleSection":["Archive"],"inLanguage":"fr-FR"},{"@type":"WebPage","@id":"https:\/\/interamerica.org\/fr\/2010\/08\/venezuela-leglise-organise-de-grandes-ceremonies-pour-commemorer-les-100-ans-du-message-adventiste\/","url":"https:\/\/interamerica.org\/fr\/2010\/08\/venezuela-leglise-organise-de-grandes-ceremonies-pour-commemorer-les-100-ans-du-message-adventiste\/","name":"V\u00e9n\u00e9zu\u00e9la: L&#39;Eglise organise de grandes c\u00e9r\u00e9monies pour comm\u00e9morer les 100 ans du message Adventiste - \u00c9glise Adventiste Du Septieme Jour - Inter Am\u00e9rique Division","isPartOf":{"@id":"https:\/\/interamerica.org\/fr\/#website"},"datePublished":"2010-08-02T04:00:00+00:00","dateModified":"2017-06-02T17:03:27+00:00","author":{"@id":"https:\/\/interamerica.org\/fr\/#\/schema\/person\/68ede8bdc292885bb76c1e3810e73c39"},"breadcrumb":{"@id":"https:\/\/interamerica.org\/fr\/2010\/08\/venezuela-leglise-organise-de-grandes-ceremonies-pour-commemorer-les-100-ans-du-message-adventiste\/#breadcrumb"},"inLanguage":"fr-FR","potentialAction":[{"@type":"ReadAction","target":["https:\/\/interamerica.org\/fr\/2010\/08\/venezuela-leglise-organise-de-grandes-ceremonies-pour-commemorer-les-100-ans-du-message-adventiste\/"]}]},{"@type":"BreadcrumbList","@id":"https:\/\/interamerica.org\/fr\/2010\/08\/venezuela-leglise-organise-de-grandes-ceremonies-pour-commemorer-les-100-ans-du-message-adventiste\/#breadcrumb","itemListElement":[{"@type":"ListItem","position":1,"name":"Home","item":"https:\/\/interamerica.org\/fr\/"},{"@type":"ListItem","position":2,"name":"V\u00e9n\u00e9zu\u00e9la: L&#39;Eglise organise de grandes c\u00e9r\u00e9monies pour comm\u00e9morer les 100 ans du message Adventiste"}]},{"@type":"WebSite","@id":"https:\/\/interamerica.org\/fr\/#website","url":"https:\/\/interamerica.org\/fr\/","name":"\u00c9glise Adventiste Du Septieme Jour - Inter Am\u00e9rique Division","description":"","potentialAction":[{"@type":"SearchAction","target":{"@type":"EntryPoint","urlTemplate":"https:\/\/interamerica.org\/fr\/?s={search_term_string}"},"query-input":{"@type":"PropertyValueSpecification","valueRequired":true,"valueName":"search_term_string"}}],"inLanguage":"fr-FR"},{"@type":"Person","@id":"https:\/\/interamerica.org\/fr\/#\/schema\/person\/68ede8bdc292885bb76c1e3810e73c39","name":"Lorenzo Verduzco","image":{"@type":"ImageObject","inLanguage":"fr-FR","@id":"https:\/\/secure.gravatar.com\/avatar\/fb81a55b6218459490a9c1dc841a34909185b81904c5337b4b27f7a6fd60c49e?s=96&d=mm&r=g","url":"https:\/\/secure.gravatar.com\/avatar\/fb81a55b6218459490a9c1dc841a34909185b81904c5337b4b27f7a6fd60c49e?s=96&d=mm&r=g","contentUrl":"https:\/\/secure.gravatar.com\/avatar\/fb81a55b6218459490a9c1dc841a34909185b81904c5337b4b27f7a6fd60c49e?s=96&d=mm&r=g","caption":"Lorenzo Verduzco"}}]}},"_links":{"self":[{"href":"https:\/\/interamerica.org\/fr\/wp-json\/wp\/v2\/posts\/13414","targetHints":{"allow":["GET"]}}],"collection":[{"href":"https:\/\/interamerica.org\/fr\/wp-json\/wp\/v2\/posts"}],"about":[{"href":"https:\/\/interamerica.org\/fr\/wp-json\/wp\/v2\/types\/post"}],"author":[{"embeddable":true,"href":"https:\/\/interamerica.org\/fr\/wp-json\/wp\/v2\/users\/1"}],"replies":[{"embeddable":true,"href":"https:\/\/interamerica.org\/fr\/wp-json\/wp\/v2\/comments?post=13414"}],"version-history":[{"count":0,"href":"https:\/\/interamerica.org\/fr\/wp-json\/wp\/v2\/posts\/13414\/revisions"}],"wp:attachment":[{"href":"https:\/\/interamerica.org\/fr\/wp-json\/wp\/v2\/media?parent=13414"}],"wp:term":[{"taxonomy":"category","embeddable":true,"href":"https:\/\/interamerica.org\/fr\/wp-json\/wp\/v2\/categories?post=13414"},{"taxonomy":"post_tag","embeddable":true,"href":"https:\/\/interamerica.org\/fr\/wp-json\/wp\/v2\/tags?post=13414"}],"curies":[{"name":"wp","href":"https:\/\/api.w.org\/{rel}","templated":true}]}}