{"id":13415,"date":"2010-08-03T00:00:00","date_gmt":"2010-08-03T04:00:00","guid":{"rendered":"http:\/\/192.81.217.108\/interamerica\/2010\/08\/martinique-lancement-dune-television-en-langue-francaise\/"},"modified":"2017-06-02T13:03:26","modified_gmt":"2017-06-02T17:03:26","slug":"martinique-lancement-dune-television-en-langue-francaise","status":"publish","type":"post","link":"https:\/\/interamerica.org\/fr\/2010\/08\/martinique-lancement-dune-television-en-langue-francaise\/","title":{"rendered":"Martinique : Lancement d&#39;une t\u00e9l\u00e9vision en langue fran\u00e7aise"},"content":{"rendered":"<p><em >Atlanta, G\u00e9orgie, Etats-Unis<\/em >&#8230;Arin Gencer\/ANN <\/p>\n<p>Les Adventistes Fran\u00e7ais peuvent maintenant recevoir des programmes dans leur langue maternelle, gr\u00e2ce \u00e0 une nouvelle station de t\u00e9l\u00e9vision diffusant sur internet appel\u00e9e T\u00e9l\u00e9vision de la Famille. <\/p>\n<p>\u00ab C&#39;est la contribution faite par des entrepreneurs ainsi que des professionnels \u00e0 l&#39;\u00e9vang\u00e9lisation dans le monde, \u00bb a d\u00e9clar\u00e9 Tania Fran\u00e7ois-Haugrin qui a aid\u00e9 au lancement et qui supervise la cha\u00eene sur internet. <\/p>\n<p>La cha\u00eene, qui est semble t-il une premi\u00e8re du genre, a pour but de proposer au monde Adventiste francophone ce qui est d\u00e9j\u00e0 disponible pour les anglophones et les hispanophones : des programmes sur l&#39;\u00e9ducation, la sant\u00e9, la nature et d&#39;autres sujets ancr\u00e9s dans les Ecritures, a indiqu\u00e9 Tania Fran\u00e7ois-Haugrin qui est originaire de l&#39;ile de la Martinique dans la Cara\u00efbe. <\/p>\n<p>La T\u00e9l\u00e9vision de la Famille est le r\u00e9sultat d&#39;ann\u00e9es de pri\u00e8re et de travail, a d\u00e9clar\u00e9 la journaliste ind\u00e9pendante qui travaille aussi en tant qu&#39;assistante aupr\u00e8s de l&#39;un des s\u00e9nateurs de son pays. <\/p>\n<p>La cha\u00eene \u00ab a vraiment pour but d&#39;aider la famille, \u00bb a dit Tania Fran\u00e7ois-Haugrin qui a servi comme pr\u00e9sidente des Adventistes La\u00efcs des Services et Industries (ASI) en Martinique et aussi comme vice-pr\u00e9sidente d&#39;ASI en Inter-Am\u00e9rique. ASI est une organisation compos\u00e9e de professionnels qui soutiennent les divers minist\u00e8res et les programmes \u00e9vang\u00e9liques -y compris dans les domaines de la sant\u00e9, l&#39;\u00e9ducation, l&#39;\u00e9vang\u00e9lisation et les services communautaires &#8211; dans le but de faire avancer la mission de l&#39;Eglise Adventiste. <\/p>\n<p>\u00ab Tous les programmes sont bas\u00e9s sur la Parole de Dieu, la Bible, \u00bb a-t-elle indiqu\u00e9. \u00ab Au centre de ces programmes il y a le message Adventiste. \u00bb <\/p>\n<p>Tania Fran\u00e7ois-Haugrin a confi\u00e9 que la section ASI de son pays a commenc\u00e9 \u00e0 r\u00e9fl\u00e9chir \u00e0 la r\u00e9alisation d&#39;un programme de t\u00e9l\u00e9vision local en 2003 mais a vite r\u00e9alis\u00e9 que \u00ab ce serait quelque peu difficile. \u00bb Mais au cours d&#39;une rencontre d&#39;ASI en R\u00e9publique Dominicaine un peu plus tard cette m\u00eame ann\u00e9e, ajoute t-elle, ils ont \u00e9t\u00e9 encourag\u00e9s \u00e0 voir encore plus grand, avec la cr\u00e9ation d&#39;une t\u00e9l\u00e9vision Adventiste pour les francophones \u00e0 travers le monde. <\/p>\n<p>Apr\u00e8s cela, \u00ab nous avons pri\u00e9, nous avons travaill\u00e9, \u00bb pendant sept ans, demandant \u00e0 Dieu de nous accorder la force de rendre ce projet r\u00e9alisable, a-t-elle d\u00e9clar\u00e9, ajoutant qu&#39;ils voulaient \u00ab absolument que Dieu dirige ce programme, cette t\u00e9l\u00e9vision. \u00bb <\/p>\n<p>D&#39;ici la fin de 2010, a indiqu\u00e9 Tania Fran\u00e7ois-Haugrin, la cha\u00eene devrait \u00eatre disponible sur le c\u00e2ble dans certains pays francophones, y compris son pays natal, l&#39;ile voisine de la Guadeloupe et certaines parties de l&#39;Europe et de l&#39;Afrique. <\/p>\n<p>Les programmes sont disponibles sur le site <a  href=\"http:\/\/www.tvfamille.com\/\">www.tvfamille.com<\/a > <\/p>\n<p><em >Traduction: Patrick Luciathe<\/em > <br  \/><\/p>\n","protected":false},"excerpt":{"rendered":"<p>Les Adventistes Fran\u00e7ais peuvent maintenant recevoir desprogrammes dans leur langue maternelle, gr\u00e2ce \u00e0 une nouvelle station de t\u00e9l\u00e9visiondiffusant sur internet appel\u00e9e T\u00e9l\u00e9vision de la Fami<\/p>\n","protected":false},"author":1,"featured_media":0,"comment_status":"closed","ping_status":"closed","sticky":false,"template":"","format":"standard","meta":{"_acf_changed":false,"footnotes":""},"categories":[9],"tags":[],"class_list":["post-13415","post","type-post","status-publish","format-standard","hentry","category-archive-fr"],"acf":[],"yoast_head":"<!-- This site is optimized with the Yoast SEO plugin v27.3 - https:\/\/yoast.com\/product\/yoast-seo-wordpress\/ -->\n<title>Martinique : Lancement d&#039;une t\u00e9l\u00e9vision en langue fran\u00e7aise - \u00c9glise Adventiste Du Septieme Jour - Inter Am\u00e9rique Division<\/title>\n<meta name=\"robots\" content=\"index, follow, max-snippet:-1, max-image-preview:large, max-video-preview:-1\" \/>\n<link rel=\"canonical\" href=\"https:\/\/interamerica.org\/fr\/2010\/08\/martinique-lancement-dune-television-en-langue-francaise\/\" \/>\n<meta property=\"og:locale\" content=\"fr_FR\" \/>\n<meta property=\"og:type\" content=\"article\" \/>\n<meta property=\"og:title\" content=\"Martinique : Lancement d&#039;une t\u00e9l\u00e9vision en langue fran\u00e7aise - \u00c9glise Adventiste Du Septieme Jour - Inter Am\u00e9rique Division\" \/>\n<meta property=\"og:description\" content=\"Les Adventistes Fran\u00e7ais peuvent maintenant recevoir desprogrammes dans leur langue maternelle, gr\u00e2ce \u00e0 une nouvelle station de t\u00e9l\u00e9visiondiffusant sur internet appel\u00e9e T\u00e9l\u00e9vision de la Fami\" \/>\n<meta property=\"og:url\" content=\"https:\/\/interamerica.org\/fr\/2010\/08\/martinique-lancement-dune-television-en-langue-francaise\/\" \/>\n<meta property=\"og:site_name\" content=\"\u00c9glise Adventiste Du Septieme Jour - Inter Am\u00e9rique Division\" \/>\n<meta property=\"article:published_time\" content=\"2010-08-03T04:00:00+00:00\" \/>\n<meta property=\"article:modified_time\" content=\"2017-06-02T17:03:26+00:00\" \/>\n<meta name=\"author\" content=\"Lorenzo Verduzco\" \/>\n<meta name=\"twitter:card\" content=\"summary_large_image\" \/>\n<meta name=\"twitter:label1\" content=\"\u00c9crit par\" \/>\n\t<meta name=\"twitter:data1\" content=\"Lorenzo Verduzco\" \/>\n\t<meta name=\"twitter:label2\" content=\"Dur\u00e9e de lecture estim\u00e9e\" \/>\n\t<meta name=\"twitter:data2\" content=\"2 minutes\" \/>\n<script type=\"application\/ld+json\" class=\"yoast-schema-graph\">{\"@context\":\"https:\\\/\\\/schema.org\",\"@graph\":[{\"@type\":\"Article\",\"@id\":\"https:\\\/\\\/interamerica.org\\\/fr\\\/2010\\\/08\\\/martinique-lancement-dune-television-en-langue-francaise\\\/#article\",\"isPartOf\":{\"@id\":\"https:\\\/\\\/interamerica.org\\\/fr\\\/2010\\\/08\\\/martinique-lancement-dune-television-en-langue-francaise\\\/\"},\"author\":{\"name\":\"Lorenzo Verduzco\",\"@id\":\"https:\\\/\\\/interamerica.org\\\/fr\\\/#\\\/schema\\\/person\\\/68ede8bdc292885bb76c1e3810e73c39\"},\"headline\":\"Martinique : Lancement d&#39;une t\u00e9l\u00e9vision en langue fran\u00e7aise\",\"datePublished\":\"2010-08-03T04:00:00+00:00\",\"dateModified\":\"2017-06-02T17:03:26+00:00\",\"mainEntityOfPage\":{\"@id\":\"https:\\\/\\\/interamerica.org\\\/fr\\\/2010\\\/08\\\/martinique-lancement-dune-television-en-langue-francaise\\\/\"},\"wordCount\":508,\"articleSection\":[\"Archive\"],\"inLanguage\":\"fr-FR\"},{\"@type\":\"WebPage\",\"@id\":\"https:\\\/\\\/interamerica.org\\\/fr\\\/2010\\\/08\\\/martinique-lancement-dune-television-en-langue-francaise\\\/\",\"url\":\"https:\\\/\\\/interamerica.org\\\/fr\\\/2010\\\/08\\\/martinique-lancement-dune-television-en-langue-francaise\\\/\",\"name\":\"Martinique : Lancement d&#39;une t\u00e9l\u00e9vision en langue fran\u00e7aise - \u00c9glise Adventiste Du Septieme Jour - Inter Am\u00e9rique Division\",\"isPartOf\":{\"@id\":\"https:\\\/\\\/interamerica.org\\\/fr\\\/#website\"},\"datePublished\":\"2010-08-03T04:00:00+00:00\",\"dateModified\":\"2017-06-02T17:03:26+00:00\",\"author\":{\"@id\":\"https:\\\/\\\/interamerica.org\\\/fr\\\/#\\\/schema\\\/person\\\/68ede8bdc292885bb76c1e3810e73c39\"},\"breadcrumb\":{\"@id\":\"https:\\\/\\\/interamerica.org\\\/fr\\\/2010\\\/08\\\/martinique-lancement-dune-television-en-langue-francaise\\\/#breadcrumb\"},\"inLanguage\":\"fr-FR\",\"potentialAction\":[{\"@type\":\"ReadAction\",\"target\":[\"https:\\\/\\\/interamerica.org\\\/fr\\\/2010\\\/08\\\/martinique-lancement-dune-television-en-langue-francaise\\\/\"]}]},{\"@type\":\"BreadcrumbList\",\"@id\":\"https:\\\/\\\/interamerica.org\\\/fr\\\/2010\\\/08\\\/martinique-lancement-dune-television-en-langue-francaise\\\/#breadcrumb\",\"itemListElement\":[{\"@type\":\"ListItem\",\"position\":1,\"name\":\"Home\",\"item\":\"https:\\\/\\\/interamerica.org\\\/fr\\\/\"},{\"@type\":\"ListItem\",\"position\":2,\"name\":\"Martinique : Lancement d&#39;une t\u00e9l\u00e9vision en langue fran\u00e7aise\"}]},{\"@type\":\"WebSite\",\"@id\":\"https:\\\/\\\/interamerica.org\\\/fr\\\/#website\",\"url\":\"https:\\\/\\\/interamerica.org\\\/fr\\\/\",\"name\":\"\u00c9glise Adventiste Du Septieme Jour - Inter Am\u00e9rique Division\",\"description\":\"\",\"potentialAction\":[{\"@type\":\"SearchAction\",\"target\":{\"@type\":\"EntryPoint\",\"urlTemplate\":\"https:\\\/\\\/interamerica.org\\\/fr\\\/?s={search_term_string}\"},\"query-input\":{\"@type\":\"PropertyValueSpecification\",\"valueRequired\":true,\"valueName\":\"search_term_string\"}}],\"inLanguage\":\"fr-FR\"},{\"@type\":\"Person\",\"@id\":\"https:\\\/\\\/interamerica.org\\\/fr\\\/#\\\/schema\\\/person\\\/68ede8bdc292885bb76c1e3810e73c39\",\"name\":\"Lorenzo Verduzco\",\"image\":{\"@type\":\"ImageObject\",\"inLanguage\":\"fr-FR\",\"@id\":\"https:\\\/\\\/secure.gravatar.com\\\/avatar\\\/fb81a55b6218459490a9c1dc841a34909185b81904c5337b4b27f7a6fd60c49e?s=96&d=mm&r=g\",\"url\":\"https:\\\/\\\/secure.gravatar.com\\\/avatar\\\/fb81a55b6218459490a9c1dc841a34909185b81904c5337b4b27f7a6fd60c49e?s=96&d=mm&r=g\",\"contentUrl\":\"https:\\\/\\\/secure.gravatar.com\\\/avatar\\\/fb81a55b6218459490a9c1dc841a34909185b81904c5337b4b27f7a6fd60c49e?s=96&d=mm&r=g\",\"caption\":\"Lorenzo Verduzco\"}}]}<\/script>\n<!-- \/ Yoast SEO plugin. -->","yoast_head_json":{"title":"Martinique : Lancement d&#39;une t\u00e9l\u00e9vision en langue fran\u00e7aise - \u00c9glise Adventiste Du Septieme Jour - Inter Am\u00e9rique Division","robots":{"index":"index","follow":"follow","max-snippet":"max-snippet:-1","max-image-preview":"max-image-preview:large","max-video-preview":"max-video-preview:-1"},"canonical":"https:\/\/interamerica.org\/fr\/2010\/08\/martinique-lancement-dune-television-en-langue-francaise\/","og_locale":"fr_FR","og_type":"article","og_title":"Martinique : Lancement d&#39;une t\u00e9l\u00e9vision en langue fran\u00e7aise - \u00c9glise Adventiste Du Septieme Jour - Inter Am\u00e9rique Division","og_description":"Les Adventistes Fran\u00e7ais peuvent maintenant recevoir desprogrammes dans leur langue maternelle, gr\u00e2ce \u00e0 une nouvelle station de t\u00e9l\u00e9visiondiffusant sur internet appel\u00e9e T\u00e9l\u00e9vision de la Fami","og_url":"https:\/\/interamerica.org\/fr\/2010\/08\/martinique-lancement-dune-television-en-langue-francaise\/","og_site_name":"\u00c9glise Adventiste Du Septieme Jour - Inter Am\u00e9rique Division","article_published_time":"2010-08-03T04:00:00+00:00","article_modified_time":"2017-06-02T17:03:26+00:00","author":"Lorenzo Verduzco","twitter_card":"summary_large_image","twitter_misc":{"\u00c9crit par":"Lorenzo Verduzco","Dur\u00e9e de lecture estim\u00e9e":"2 minutes"},"schema":{"@context":"https:\/\/schema.org","@graph":[{"@type":"Article","@id":"https:\/\/interamerica.org\/fr\/2010\/08\/martinique-lancement-dune-television-en-langue-francaise\/#article","isPartOf":{"@id":"https:\/\/interamerica.org\/fr\/2010\/08\/martinique-lancement-dune-television-en-langue-francaise\/"},"author":{"name":"Lorenzo Verduzco","@id":"https:\/\/interamerica.org\/fr\/#\/schema\/person\/68ede8bdc292885bb76c1e3810e73c39"},"headline":"Martinique : Lancement d&#39;une t\u00e9l\u00e9vision en langue fran\u00e7aise","datePublished":"2010-08-03T04:00:00+00:00","dateModified":"2017-06-02T17:03:26+00:00","mainEntityOfPage":{"@id":"https:\/\/interamerica.org\/fr\/2010\/08\/martinique-lancement-dune-television-en-langue-francaise\/"},"wordCount":508,"articleSection":["Archive"],"inLanguage":"fr-FR"},{"@type":"WebPage","@id":"https:\/\/interamerica.org\/fr\/2010\/08\/martinique-lancement-dune-television-en-langue-francaise\/","url":"https:\/\/interamerica.org\/fr\/2010\/08\/martinique-lancement-dune-television-en-langue-francaise\/","name":"Martinique : Lancement d&#39;une t\u00e9l\u00e9vision en langue fran\u00e7aise - \u00c9glise Adventiste Du Septieme Jour - Inter Am\u00e9rique Division","isPartOf":{"@id":"https:\/\/interamerica.org\/fr\/#website"},"datePublished":"2010-08-03T04:00:00+00:00","dateModified":"2017-06-02T17:03:26+00:00","author":{"@id":"https:\/\/interamerica.org\/fr\/#\/schema\/person\/68ede8bdc292885bb76c1e3810e73c39"},"breadcrumb":{"@id":"https:\/\/interamerica.org\/fr\/2010\/08\/martinique-lancement-dune-television-en-langue-francaise\/#breadcrumb"},"inLanguage":"fr-FR","potentialAction":[{"@type":"ReadAction","target":["https:\/\/interamerica.org\/fr\/2010\/08\/martinique-lancement-dune-television-en-langue-francaise\/"]}]},{"@type":"BreadcrumbList","@id":"https:\/\/interamerica.org\/fr\/2010\/08\/martinique-lancement-dune-television-en-langue-francaise\/#breadcrumb","itemListElement":[{"@type":"ListItem","position":1,"name":"Home","item":"https:\/\/interamerica.org\/fr\/"},{"@type":"ListItem","position":2,"name":"Martinique : Lancement d&#39;une t\u00e9l\u00e9vision en langue fran\u00e7aise"}]},{"@type":"WebSite","@id":"https:\/\/interamerica.org\/fr\/#website","url":"https:\/\/interamerica.org\/fr\/","name":"\u00c9glise Adventiste Du Septieme Jour - Inter Am\u00e9rique Division","description":"","potentialAction":[{"@type":"SearchAction","target":{"@type":"EntryPoint","urlTemplate":"https:\/\/interamerica.org\/fr\/?s={search_term_string}"},"query-input":{"@type":"PropertyValueSpecification","valueRequired":true,"valueName":"search_term_string"}}],"inLanguage":"fr-FR"},{"@type":"Person","@id":"https:\/\/interamerica.org\/fr\/#\/schema\/person\/68ede8bdc292885bb76c1e3810e73c39","name":"Lorenzo Verduzco","image":{"@type":"ImageObject","inLanguage":"fr-FR","@id":"https:\/\/secure.gravatar.com\/avatar\/fb81a55b6218459490a9c1dc841a34909185b81904c5337b4b27f7a6fd60c49e?s=96&d=mm&r=g","url":"https:\/\/secure.gravatar.com\/avatar\/fb81a55b6218459490a9c1dc841a34909185b81904c5337b4b27f7a6fd60c49e?s=96&d=mm&r=g","contentUrl":"https:\/\/secure.gravatar.com\/avatar\/fb81a55b6218459490a9c1dc841a34909185b81904c5337b4b27f7a6fd60c49e?s=96&d=mm&r=g","caption":"Lorenzo Verduzco"}}]}},"_links":{"self":[{"href":"https:\/\/interamerica.org\/fr\/wp-json\/wp\/v2\/posts\/13415","targetHints":{"allow":["GET"]}}],"collection":[{"href":"https:\/\/interamerica.org\/fr\/wp-json\/wp\/v2\/posts"}],"about":[{"href":"https:\/\/interamerica.org\/fr\/wp-json\/wp\/v2\/types\/post"}],"author":[{"embeddable":true,"href":"https:\/\/interamerica.org\/fr\/wp-json\/wp\/v2\/users\/1"}],"replies":[{"embeddable":true,"href":"https:\/\/interamerica.org\/fr\/wp-json\/wp\/v2\/comments?post=13415"}],"version-history":[{"count":0,"href":"https:\/\/interamerica.org\/fr\/wp-json\/wp\/v2\/posts\/13415\/revisions"}],"wp:attachment":[{"href":"https:\/\/interamerica.org\/fr\/wp-json\/wp\/v2\/media?parent=13415"}],"wp:term":[{"taxonomy":"category","embeddable":true,"href":"https:\/\/interamerica.org\/fr\/wp-json\/wp\/v2\/categories?post=13415"},{"taxonomy":"post_tag","embeddable":true,"href":"https:\/\/interamerica.org\/fr\/wp-json\/wp\/v2\/tags?post=13415"}],"curies":[{"name":"wp","href":"https:\/\/api.w.org\/{rel}","templated":true}]}}