{"id":13416,"date":"2010-08-03T00:00:00","date_gmt":"2010-08-03T04:00:00","guid":{"rendered":"http:\/\/192.81.217.108\/interamerica\/2010\/08\/de-nouvelles-recherches-pourraient-aider-dans-les-premiers-stades-de-la-maladie-dalzheimer\/"},"modified":"2017-06-02T13:03:26","modified_gmt":"2017-06-02T17:03:26","slug":"de-nouvelles-recherches-pourraient-aider-dans-les-premiers-stades-de-la-maladie-dalzheimer","status":"publish","type":"post","link":"https:\/\/interamerica.org\/fr\/2010\/08\/de-nouvelles-recherches-pourraient-aider-dans-les-premiers-stades-de-la-maladie-dalzheimer\/","title":{"rendered":"De nouvelles recherches pourraient aider dans les premiers stades de la maladie d&#39;Alzheimer"},"content":{"rendered":"<p>3 Ao\u00fbt 2010, Loma Linda, Californie, Etats-Unis&#8230;James Ponder\/Megan Brauner <\/p>\n<p>Plusieurs chercheurs de la principale facult\u00e9 de m\u00e9decine de l&#39;Eglise Adventiste du Septi\u00e8me jour ont d\u00e9couvert ce qu&#39;ils esp\u00e8rent \u00eatre une m\u00e9thode permettant de d\u00e9tecter la maladie d&#39;Alzheimer dans ses premiers stades au moment o\u00f9 elle peut encore \u00eatre trait\u00e9e. <\/p>\n<p>Les chercheurs en science neurologique ont d\u00e9couvert une trace de biomarqueurs -des prot\u00e9ines se trouvant dans le sang et indiquant la gravit\u00e9 ou la pr\u00e9sence d&#39;une maladie par leur forte concentration &#8211; qui pourrait conduire \u00e0 une d\u00e9tection rapide de cette maladie qui d\u00e9truit le cerveau. <\/p>\n<p>L&#39;\u00e9quipe de chercheurs de la Facult\u00e9 de M\u00e9decine de l&#39;Universit\u00e9 de Loma Linda et de l&#39;Universit\u00e9 George Mason en Virginie ont publi\u00e9 leurs d\u00e9couvertes au d\u00e9but de cette ann\u00e9e dans le volume 19 du Journal de la Maladie d&#39;Alzheimer. <\/p>\n<p>Utilisant la spectrom\u00e9trie de masse, une technique analytique utilis\u00e9e pour d\u00e9terminer la composition \u00e9l\u00e9mentaire d&#39;\u00e9chantillons, l&#39;\u00e9quipe a examin\u00e9 des prot\u00e9ines de s\u00e9rum de faible abondance et des fragments de prot\u00e9ines pour trouver des produits li\u00e9s \u00e0 l&#39;existence de la maladie d&#39;Alzheimer. <\/p>\n<p>L&#39;\u00e9quipe \u00e9tait compos\u00e9e de Claudius Mueller, \u00e0 l&#39;\u00e9poque un \u00e9tudiant universitaire affili\u00e9 \u00e0 la Facult\u00e9 de Medecine de Loma Linda ; Wolff Kirsch, professeur de chirurgie neurologique et de biochimie \u00e0 la Facult\u00e9 de M\u00e9decine de Loma Linda ; Lance Liotta, professeur de Sciences de la Vie \u00e0 l&#39;Universit\u00e9 George Mason ; et l&#39;\u00e9tudiant universitaire de l&#39;Universit\u00e9 de Loma Linda  Matthew Schrag. <\/p>\n<p>Claudius Mueller, maintenant employ\u00e9 de l&#39;Universit\u00e9 George Mason, a d\u00e9clar\u00e9 que l&#39;\u00e9quipe recherchait des \u00ab d\u00e9chets \u00bb dans le sang. Les d\u00e9g\u00e2ts caus\u00e9s par la maladie d&#39;Alzheimer au cerveau laissent leurs marques, m\u00eame dans les premiers stades, a ajout\u00e9 Wolff Kirsch. <\/p>\n<p>\u00ab L&#39;inflammation du cerveau provoque une r\u00e9action, \u00bb a dit Kirsch. \u00ab Les cellules sanguines se d\u00e9sint\u00e8grent et sont dig\u00e9r\u00e9es par le corps. Ceci indique la production d&#39;enzymes qui d\u00e9composent le sang encore plus. Des fragments de ces enzymes passent dans le sang. Il y aura des d\u00e9g\u00e2ts collat\u00e9raux. \u00bb <\/p>\n<p>La maladie d&#39;Alzheimer, nomm\u00e9e apr\u00e8s le m\u00e9decin Allemand qui a \u00e9t\u00e9 le premier \u00e0 d\u00e9crire la maladie en 1906, finit par d\u00e9truire les cellules nerveuses et les tissus dans le cerveau. Les personnes qui sont \u00e0 un stade avanc\u00e9 de la maladie d&#39;Alzheimer perdent leur habilet\u00e9 \u00e0 communiquer, leurs souvenirs et leur capacit\u00e9 \u00e0 s&#39;occuper d&#39;eux-m\u00eames. <\/p>\n<p>D\u00e9couvrir les biomarqueurs pour les premiers stades de la maladie d&#39;Alzheimer est quelque chose d&#39;important parce que c&#39;est le seul moment o\u00f9 la maladie peut encore \u00eatre trait\u00e9e, a indiqu\u00e9 Lance Liotta. \u00ab Cette \u00e9tude propose de nouveaux candidats dans cette optique. \u00bb <\/p>\n<p><em >Traduction: Patrick Luciathe<\/em > <br  \/><\/p>\n","protected":false},"excerpt":{"rendered":"<p>Plusieurs chercheurs de la principale facult\u00e9 de m\u00e9decine del&#39;Eglise Adventiste du Septi\u00e8me jour ont d\u00e9couvert ce qu&#39;ils esp\u00e8rent \u00eatre unem\u00e9thode permettant de d\u00e9tecter la maladie d&#038;<\/p>\n","protected":false},"author":1,"featured_media":0,"comment_status":"closed","ping_status":"closed","sticky":false,"template":"","format":"standard","meta":{"_acf_changed":false,"footnotes":""},"categories":[9],"tags":[],"class_list":["post-13416","post","type-post","status-publish","format-standard","hentry","category-archive-fr"],"acf":[],"yoast_head":"<!-- This site is optimized with the Yoast SEO plugin v27.3 - https:\/\/yoast.com\/product\/yoast-seo-wordpress\/ -->\n<title>De nouvelles recherches pourraient aider dans les premiers stades de la maladie d&#039;Alzheimer - \u00c9glise Adventiste Du Septieme Jour - Inter Am\u00e9rique Division<\/title>\n<meta name=\"robots\" content=\"index, follow, max-snippet:-1, max-image-preview:large, max-video-preview:-1\" \/>\n<link rel=\"canonical\" href=\"https:\/\/interamerica.org\/fr\/2010\/08\/de-nouvelles-recherches-pourraient-aider-dans-les-premiers-stades-de-la-maladie-dalzheimer\/\" \/>\n<meta property=\"og:locale\" content=\"fr_FR\" \/>\n<meta property=\"og:type\" content=\"article\" \/>\n<meta property=\"og:title\" content=\"De nouvelles recherches pourraient aider dans les premiers stades de la maladie d&#039;Alzheimer - \u00c9glise Adventiste Du Septieme Jour - Inter Am\u00e9rique Division\" \/>\n<meta property=\"og:description\" content=\"Plusieurs chercheurs de la principale facult\u00e9 de m\u00e9decine del&#039;Eglise Adventiste du Septi\u00e8me jour ont d\u00e9couvert ce qu&#039;ils esp\u00e8rent \u00eatre unem\u00e9thode permettant de d\u00e9tecter la maladie d&amp;\" \/>\n<meta property=\"og:url\" content=\"https:\/\/interamerica.org\/fr\/2010\/08\/de-nouvelles-recherches-pourraient-aider-dans-les-premiers-stades-de-la-maladie-dalzheimer\/\" \/>\n<meta property=\"og:site_name\" content=\"\u00c9glise Adventiste Du Septieme Jour - Inter Am\u00e9rique Division\" \/>\n<meta property=\"article:published_time\" content=\"2010-08-03T04:00:00+00:00\" \/>\n<meta property=\"article:modified_time\" content=\"2017-06-02T17:03:26+00:00\" \/>\n<meta name=\"author\" content=\"Lorenzo Verduzco\" \/>\n<meta name=\"twitter:card\" content=\"summary_large_image\" \/>\n<meta name=\"twitter:label1\" content=\"\u00c9crit par\" \/>\n\t<meta name=\"twitter:data1\" content=\"Lorenzo Verduzco\" \/>\n\t<meta name=\"twitter:label2\" content=\"Dur\u00e9e de lecture estim\u00e9e\" \/>\n\t<meta name=\"twitter:data2\" content=\"2 minutes\" \/>\n<script type=\"application\/ld+json\" class=\"yoast-schema-graph\">{\"@context\":\"https:\\\/\\\/schema.org\",\"@graph\":[{\"@type\":\"Article\",\"@id\":\"https:\\\/\\\/interamerica.org\\\/fr\\\/2010\\\/08\\\/de-nouvelles-recherches-pourraient-aider-dans-les-premiers-stades-de-la-maladie-dalzheimer\\\/#article\",\"isPartOf\":{\"@id\":\"https:\\\/\\\/interamerica.org\\\/fr\\\/2010\\\/08\\\/de-nouvelles-recherches-pourraient-aider-dans-les-premiers-stades-de-la-maladie-dalzheimer\\\/\"},\"author\":{\"name\":\"Lorenzo Verduzco\",\"@id\":\"https:\\\/\\\/interamerica.org\\\/fr\\\/#\\\/schema\\\/person\\\/68ede8bdc292885bb76c1e3810e73c39\"},\"headline\":\"De nouvelles recherches pourraient aider dans les premiers stades de la maladie d&#39;Alzheimer\",\"datePublished\":\"2010-08-03T04:00:00+00:00\",\"dateModified\":\"2017-06-02T17:03:26+00:00\",\"mainEntityOfPage\":{\"@id\":\"https:\\\/\\\/interamerica.org\\\/fr\\\/2010\\\/08\\\/de-nouvelles-recherches-pourraient-aider-dans-les-premiers-stades-de-la-maladie-dalzheimer\\\/\"},\"wordCount\":500,\"articleSection\":[\"Archive\"],\"inLanguage\":\"fr-FR\"},{\"@type\":\"WebPage\",\"@id\":\"https:\\\/\\\/interamerica.org\\\/fr\\\/2010\\\/08\\\/de-nouvelles-recherches-pourraient-aider-dans-les-premiers-stades-de-la-maladie-dalzheimer\\\/\",\"url\":\"https:\\\/\\\/interamerica.org\\\/fr\\\/2010\\\/08\\\/de-nouvelles-recherches-pourraient-aider-dans-les-premiers-stades-de-la-maladie-dalzheimer\\\/\",\"name\":\"De nouvelles recherches pourraient aider dans les premiers stades de la maladie d&#39;Alzheimer - \u00c9glise Adventiste Du Septieme Jour - Inter Am\u00e9rique Division\",\"isPartOf\":{\"@id\":\"https:\\\/\\\/interamerica.org\\\/fr\\\/#website\"},\"datePublished\":\"2010-08-03T04:00:00+00:00\",\"dateModified\":\"2017-06-02T17:03:26+00:00\",\"author\":{\"@id\":\"https:\\\/\\\/interamerica.org\\\/fr\\\/#\\\/schema\\\/person\\\/68ede8bdc292885bb76c1e3810e73c39\"},\"breadcrumb\":{\"@id\":\"https:\\\/\\\/interamerica.org\\\/fr\\\/2010\\\/08\\\/de-nouvelles-recherches-pourraient-aider-dans-les-premiers-stades-de-la-maladie-dalzheimer\\\/#breadcrumb\"},\"inLanguage\":\"fr-FR\",\"potentialAction\":[{\"@type\":\"ReadAction\",\"target\":[\"https:\\\/\\\/interamerica.org\\\/fr\\\/2010\\\/08\\\/de-nouvelles-recherches-pourraient-aider-dans-les-premiers-stades-de-la-maladie-dalzheimer\\\/\"]}]},{\"@type\":\"BreadcrumbList\",\"@id\":\"https:\\\/\\\/interamerica.org\\\/fr\\\/2010\\\/08\\\/de-nouvelles-recherches-pourraient-aider-dans-les-premiers-stades-de-la-maladie-dalzheimer\\\/#breadcrumb\",\"itemListElement\":[{\"@type\":\"ListItem\",\"position\":1,\"name\":\"Home\",\"item\":\"https:\\\/\\\/interamerica.org\\\/fr\\\/\"},{\"@type\":\"ListItem\",\"position\":2,\"name\":\"De nouvelles recherches pourraient aider dans les premiers stades de la maladie d&#39;Alzheimer\"}]},{\"@type\":\"WebSite\",\"@id\":\"https:\\\/\\\/interamerica.org\\\/fr\\\/#website\",\"url\":\"https:\\\/\\\/interamerica.org\\\/fr\\\/\",\"name\":\"\u00c9glise Adventiste Du Septieme Jour - Inter Am\u00e9rique Division\",\"description\":\"\",\"potentialAction\":[{\"@type\":\"SearchAction\",\"target\":{\"@type\":\"EntryPoint\",\"urlTemplate\":\"https:\\\/\\\/interamerica.org\\\/fr\\\/?s={search_term_string}\"},\"query-input\":{\"@type\":\"PropertyValueSpecification\",\"valueRequired\":true,\"valueName\":\"search_term_string\"}}],\"inLanguage\":\"fr-FR\"},{\"@type\":\"Person\",\"@id\":\"https:\\\/\\\/interamerica.org\\\/fr\\\/#\\\/schema\\\/person\\\/68ede8bdc292885bb76c1e3810e73c39\",\"name\":\"Lorenzo Verduzco\",\"image\":{\"@type\":\"ImageObject\",\"inLanguage\":\"fr-FR\",\"@id\":\"https:\\\/\\\/secure.gravatar.com\\\/avatar\\\/fb81a55b6218459490a9c1dc841a34909185b81904c5337b4b27f7a6fd60c49e?s=96&d=mm&r=g\",\"url\":\"https:\\\/\\\/secure.gravatar.com\\\/avatar\\\/fb81a55b6218459490a9c1dc841a34909185b81904c5337b4b27f7a6fd60c49e?s=96&d=mm&r=g\",\"contentUrl\":\"https:\\\/\\\/secure.gravatar.com\\\/avatar\\\/fb81a55b6218459490a9c1dc841a34909185b81904c5337b4b27f7a6fd60c49e?s=96&d=mm&r=g\",\"caption\":\"Lorenzo Verduzco\"}}]}<\/script>\n<!-- \/ Yoast SEO plugin. -->","yoast_head_json":{"title":"De nouvelles recherches pourraient aider dans les premiers stades de la maladie d&#39;Alzheimer - \u00c9glise Adventiste Du Septieme Jour - Inter Am\u00e9rique Division","robots":{"index":"index","follow":"follow","max-snippet":"max-snippet:-1","max-image-preview":"max-image-preview:large","max-video-preview":"max-video-preview:-1"},"canonical":"https:\/\/interamerica.org\/fr\/2010\/08\/de-nouvelles-recherches-pourraient-aider-dans-les-premiers-stades-de-la-maladie-dalzheimer\/","og_locale":"fr_FR","og_type":"article","og_title":"De nouvelles recherches pourraient aider dans les premiers stades de la maladie d&#39;Alzheimer - \u00c9glise Adventiste Du Septieme Jour - Inter Am\u00e9rique Division","og_description":"Plusieurs chercheurs de la principale facult\u00e9 de m\u00e9decine del&#39;Eglise Adventiste du Septi\u00e8me jour ont d\u00e9couvert ce qu&#39;ils esp\u00e8rent \u00eatre unem\u00e9thode permettant de d\u00e9tecter la maladie d&","og_url":"https:\/\/interamerica.org\/fr\/2010\/08\/de-nouvelles-recherches-pourraient-aider-dans-les-premiers-stades-de-la-maladie-dalzheimer\/","og_site_name":"\u00c9glise Adventiste Du Septieme Jour - Inter Am\u00e9rique Division","article_published_time":"2010-08-03T04:00:00+00:00","article_modified_time":"2017-06-02T17:03:26+00:00","author":"Lorenzo Verduzco","twitter_card":"summary_large_image","twitter_misc":{"\u00c9crit par":"Lorenzo Verduzco","Dur\u00e9e de lecture estim\u00e9e":"2 minutes"},"schema":{"@context":"https:\/\/schema.org","@graph":[{"@type":"Article","@id":"https:\/\/interamerica.org\/fr\/2010\/08\/de-nouvelles-recherches-pourraient-aider-dans-les-premiers-stades-de-la-maladie-dalzheimer\/#article","isPartOf":{"@id":"https:\/\/interamerica.org\/fr\/2010\/08\/de-nouvelles-recherches-pourraient-aider-dans-les-premiers-stades-de-la-maladie-dalzheimer\/"},"author":{"name":"Lorenzo Verduzco","@id":"https:\/\/interamerica.org\/fr\/#\/schema\/person\/68ede8bdc292885bb76c1e3810e73c39"},"headline":"De nouvelles recherches pourraient aider dans les premiers stades de la maladie d&#39;Alzheimer","datePublished":"2010-08-03T04:00:00+00:00","dateModified":"2017-06-02T17:03:26+00:00","mainEntityOfPage":{"@id":"https:\/\/interamerica.org\/fr\/2010\/08\/de-nouvelles-recherches-pourraient-aider-dans-les-premiers-stades-de-la-maladie-dalzheimer\/"},"wordCount":500,"articleSection":["Archive"],"inLanguage":"fr-FR"},{"@type":"WebPage","@id":"https:\/\/interamerica.org\/fr\/2010\/08\/de-nouvelles-recherches-pourraient-aider-dans-les-premiers-stades-de-la-maladie-dalzheimer\/","url":"https:\/\/interamerica.org\/fr\/2010\/08\/de-nouvelles-recherches-pourraient-aider-dans-les-premiers-stades-de-la-maladie-dalzheimer\/","name":"De nouvelles recherches pourraient aider dans les premiers stades de la maladie d&#39;Alzheimer - \u00c9glise Adventiste Du Septieme Jour - Inter Am\u00e9rique Division","isPartOf":{"@id":"https:\/\/interamerica.org\/fr\/#website"},"datePublished":"2010-08-03T04:00:00+00:00","dateModified":"2017-06-02T17:03:26+00:00","author":{"@id":"https:\/\/interamerica.org\/fr\/#\/schema\/person\/68ede8bdc292885bb76c1e3810e73c39"},"breadcrumb":{"@id":"https:\/\/interamerica.org\/fr\/2010\/08\/de-nouvelles-recherches-pourraient-aider-dans-les-premiers-stades-de-la-maladie-dalzheimer\/#breadcrumb"},"inLanguage":"fr-FR","potentialAction":[{"@type":"ReadAction","target":["https:\/\/interamerica.org\/fr\/2010\/08\/de-nouvelles-recherches-pourraient-aider-dans-les-premiers-stades-de-la-maladie-dalzheimer\/"]}]},{"@type":"BreadcrumbList","@id":"https:\/\/interamerica.org\/fr\/2010\/08\/de-nouvelles-recherches-pourraient-aider-dans-les-premiers-stades-de-la-maladie-dalzheimer\/#breadcrumb","itemListElement":[{"@type":"ListItem","position":1,"name":"Home","item":"https:\/\/interamerica.org\/fr\/"},{"@type":"ListItem","position":2,"name":"De nouvelles recherches pourraient aider dans les premiers stades de la maladie d&#39;Alzheimer"}]},{"@type":"WebSite","@id":"https:\/\/interamerica.org\/fr\/#website","url":"https:\/\/interamerica.org\/fr\/","name":"\u00c9glise Adventiste Du Septieme Jour - Inter Am\u00e9rique Division","description":"","potentialAction":[{"@type":"SearchAction","target":{"@type":"EntryPoint","urlTemplate":"https:\/\/interamerica.org\/fr\/?s={search_term_string}"},"query-input":{"@type":"PropertyValueSpecification","valueRequired":true,"valueName":"search_term_string"}}],"inLanguage":"fr-FR"},{"@type":"Person","@id":"https:\/\/interamerica.org\/fr\/#\/schema\/person\/68ede8bdc292885bb76c1e3810e73c39","name":"Lorenzo Verduzco","image":{"@type":"ImageObject","inLanguage":"fr-FR","@id":"https:\/\/secure.gravatar.com\/avatar\/fb81a55b6218459490a9c1dc841a34909185b81904c5337b4b27f7a6fd60c49e?s=96&d=mm&r=g","url":"https:\/\/secure.gravatar.com\/avatar\/fb81a55b6218459490a9c1dc841a34909185b81904c5337b4b27f7a6fd60c49e?s=96&d=mm&r=g","contentUrl":"https:\/\/secure.gravatar.com\/avatar\/fb81a55b6218459490a9c1dc841a34909185b81904c5337b4b27f7a6fd60c49e?s=96&d=mm&r=g","caption":"Lorenzo Verduzco"}}]}},"_links":{"self":[{"href":"https:\/\/interamerica.org\/fr\/wp-json\/wp\/v2\/posts\/13416","targetHints":{"allow":["GET"]}}],"collection":[{"href":"https:\/\/interamerica.org\/fr\/wp-json\/wp\/v2\/posts"}],"about":[{"href":"https:\/\/interamerica.org\/fr\/wp-json\/wp\/v2\/types\/post"}],"author":[{"embeddable":true,"href":"https:\/\/interamerica.org\/fr\/wp-json\/wp\/v2\/users\/1"}],"replies":[{"embeddable":true,"href":"https:\/\/interamerica.org\/fr\/wp-json\/wp\/v2\/comments?post=13416"}],"version-history":[{"count":0,"href":"https:\/\/interamerica.org\/fr\/wp-json\/wp\/v2\/posts\/13416\/revisions"}],"wp:attachment":[{"href":"https:\/\/interamerica.org\/fr\/wp-json\/wp\/v2\/media?parent=13416"}],"wp:term":[{"taxonomy":"category","embeddable":true,"href":"https:\/\/interamerica.org\/fr\/wp-json\/wp\/v2\/categories?post=13416"},{"taxonomy":"post_tag","embeddable":true,"href":"https:\/\/interamerica.org\/fr\/wp-json\/wp\/v2\/tags?post=13416"}],"curies":[{"name":"wp","href":"https:\/\/api.w.org\/{rel}","templated":true}]}}