{"id":13417,"date":"2010-08-06T00:00:00","date_gmt":"2010-08-06T04:00:00","guid":{"rendered":"http:\/\/192.81.217.108\/interamerica\/2010\/08\/venezuela-leglise-accueille-le-president-de-leglise-adventiste-mondiale\/"},"modified":"2017-06-02T13:03:24","modified_gmt":"2017-06-02T17:03:24","slug":"venezuela-leglise-accueille-le-president-de-leglise-adventiste-mondiale","status":"publish","type":"post","link":"https:\/\/interamerica.org\/fr\/2010\/08\/venezuela-leglise-accueille-le-president-de-leglise-adventiste-mondiale\/","title":{"rendered":"Venezuela : L&#39;Eglise accueille le pr\u00e9sident de l&#39;\u00e9glise Adventiste mondiale"},"content":{"rendered":"<p><em >6 Ao\u00fbt 2010<\/em > &#8211; Caracas, Venezuela&#8230;Libna Stevens\/DIA <\/p>\n<p>L&#39;Eglise Adventiste du Septi\u00e8me jour au Venezuela a accueilli le pr\u00e9sident de l&#39;\u00e9glise mondiale, pasteur Ted N. C. Wilson alors qu&#39;il arrivait aujourd&#39;hui dans le pays pour participer au 100<sup >\u00e8me<\/sup > anniversaire de l&#39;\u00e9glise Adventiste au Venezuela. <\/p>\n<p>\u00ab Nous somme vraiment heureux de vous avoir avec nous alors que nous c\u00e9l\u00e9brons 100 ans d&#39;histoire dans notre pays, \u00bb a dit pasteur Josney Rodriguez, pr\u00e9sident de l&#39;\u00e9glise Adventiste dans l&#39;Est du Venezuela \u00e0 pasteur Wilson, alors que des dizaines d&#39;Adventistes s&#39;\u00e9taient rassembl\u00e9s pour la c\u00e9r\u00e9monie d&#39;accueil. \u00ab Bienvenue sur la terre de Bolivar, le Venezuela, nous esp\u00e9rons que votre pr\u00e9sence ici puisse \u00eatre une grande b\u00e9n\u00e9diction pour notre \u00e9glise et le reste du monde. \u00bb <\/p>\n<p>\u00ab Quel grand privil\u00e8ge d&#39;\u00eatre ici au Venezuela, \u00bb a dit pasteur Wilson qui effectuait l\u00e0 sa premi\u00e8re visite dans le pays. \u00ab Cela me r\u00e9chauffe le c\u0153ur de voir les tout petits venir m&#39;accueillir, les jeunes avec leur force, les adultes avec leur exp\u00e9rience, quel privil\u00e8ge d&#39;\u00eatre une famille de Dieu. De pouvoir entendre ce merveilleux orchestre et de voir les Eclaireurs, cela me dit que l&#39;\u00e9glise est vivante au Venezuela. \u00bb <\/p>\n<p>Pasteur Wilson sera l&#39;orateur principal au cours de cette c\u00e9l\u00e9bration de deux jours qui d\u00e9bute demain au Polyhedron de Caracas et se poursuit dimanche \u00e0 Barquisimeto \u00e0 la Feria Bicentenario. On attend des milliers de personnes \u00e0 ces deux manifestations. <\/p>\n<p>Le programme de demain sera retransmis en direct sur Esperanza TV et sur quelques 20 stations de radio \u00e0 travers la nation. <\/p>\n<p>\u00ab Nous attendons tous impatiemment demain et dimanche, \u00bb a d\u00e9clar\u00e9 pasteur Wilson, \u00ab ce sera un moment o\u00f9 nous rendrons gloire \u00e0 Dieu, un moment o\u00f9 nous allons consid\u00e9rer le pass\u00e9 et remercier Dieu pour ses b\u00e9n\u00e9dictions mais aussi un moment o\u00f9 nous regarderons vers l&#39;avenir pour de plus grandes b\u00e9n\u00e9dictions, car c&#39;est l&#39;Eglise du Reste de Dieu, une \u00e9glise sp\u00e9ciale avec un message sp\u00e9cial. \u00bb <\/p>\n<p>Pasteur Wilson a continu\u00e9 en remerciant le gouvernement du Venezuela pour la libert\u00e9 religieuse et pour les opportunit\u00e9s qu&#39;a l&#39;\u00e9glise de parler de J\u00e9sus aux uns et aux autres. <\/p>\n<p>Pasteur Wilson a ensuite \u00e9t\u00e9 escort\u00e9 par un groupe d&#39;Eclaireurs et des tambours ; il a par la suite pri\u00e9 avec les dirigeants d&#39;\u00e9glise \u00e0 l&#39;Eglise Adventiste El Paraiso, la plus grande \u00e9glise de la ville o\u00f9 les membres pourront voir le programme en direct demain. Il y a 178 autres \u00e9glises et centres \u00e0 travers l&#39;Est du Venezuela qui retransmettront cet \u00e9v\u00e8nement historique. <\/p>\n<p>Pour voir les photos du programme d&#39;aujourd&#39;hui, rendez vous sur le site <a  href=\"http:\/\/www.flickr.com\/photos\/interamerica\/\">www.flickr.com\/photos\/interamerica\/<\/a > <\/p>\n<p>Pour voir en direct les programmes de la c\u00e9l\u00e9bration du centenaire de l&#39;adventisme au Venezuela, visitez le site : <\/p>\n<p><a  href=\"http:\/\/www.genesistv.com.ve\/\">http:\/\/www.genesistv.com.ve<\/a > le 7 ao\u00fbt pour le programme de Caracas \u00e0 partir de 8h heure de l&#39;Est des USA, 7h30 heure du Venezuela. <\/p>\n<p><a  href=\"http:\/\/www.esperanzatv.org\/\">http:\/\/www.esperanzatv.org<\/a > le 7 ao\u00fbt pour le programme de Caracas \u00e0 partir de 11h heure de l&#39;Est des USA ou 10h30 heure du Venezuela. <\/p>\n<p><a  href=\"https:\/\/recursing-golick.147-182-135-0.plesk.page\/\">https:\/\/recursing-golick.147-182-135-0.plesk.page<\/a > le 8 ao\u00fbt pour le programme de Barquisimeto, \u00e0 partir de 9h heure de l&#39;Est des USA, 8 h30 heure du Venezuela. <\/p>\n<p>Traducteur: Patrick Luciathe <br  \/><\/p>\n","protected":false},"excerpt":{"rendered":"<p>L&#39;Eglise Adventiste du Septi\u00e8me jour au Venezuela a accueillile pr\u00e9sident de l&#39;\u00e9glise mondiale, pasteur Ted N. C. Wilson alors qu&#39;ilarrivait aujourd&#39;hui dans le pays pour participer au 100\u00e8me anniversa<\/p>\n","protected":false},"author":1,"featured_media":0,"comment_status":"closed","ping_status":"closed","sticky":false,"template":"","format":"standard","meta":{"_acf_changed":false,"footnotes":""},"categories":[9],"tags":[],"class_list":["post-13417","post","type-post","status-publish","format-standard","hentry","category-archive-fr"],"acf":[],"yoast_head":"<!-- This site is optimized with the Yoast SEO plugin v27.3 - https:\/\/yoast.com\/product\/yoast-seo-wordpress\/ -->\n<title>Venezuela : L&#039;Eglise accueille le pr\u00e9sident de l&#039;\u00e9glise Adventiste mondiale - \u00c9glise Adventiste Du Septieme Jour - Inter Am\u00e9rique Division<\/title>\n<meta name=\"robots\" content=\"index, follow, max-snippet:-1, max-image-preview:large, max-video-preview:-1\" \/>\n<link rel=\"canonical\" href=\"https:\/\/interamerica.org\/fr\/2010\/08\/venezuela-leglise-accueille-le-president-de-leglise-adventiste-mondiale\/\" \/>\n<meta property=\"og:locale\" content=\"fr_FR\" \/>\n<meta property=\"og:type\" content=\"article\" \/>\n<meta property=\"og:title\" content=\"Venezuela : L&#039;Eglise accueille le pr\u00e9sident de l&#039;\u00e9glise Adventiste mondiale - \u00c9glise Adventiste Du Septieme Jour - Inter Am\u00e9rique Division\" \/>\n<meta property=\"og:description\" content=\"L&#039;Eglise Adventiste du Septi\u00e8me jour au Venezuela a accueillile pr\u00e9sident de l&#039;\u00e9glise mondiale, pasteur Ted N. C. Wilson alors qu&#039;ilarrivait aujourd&#039;hui dans le pays pour participer au 100\u00e8me anniversa\" \/>\n<meta property=\"og:url\" content=\"https:\/\/interamerica.org\/fr\/2010\/08\/venezuela-leglise-accueille-le-president-de-leglise-adventiste-mondiale\/\" \/>\n<meta property=\"og:site_name\" content=\"\u00c9glise Adventiste Du Septieme Jour - Inter Am\u00e9rique Division\" \/>\n<meta property=\"article:published_time\" content=\"2010-08-06T04:00:00+00:00\" \/>\n<meta property=\"article:modified_time\" content=\"2017-06-02T17:03:24+00:00\" \/>\n<meta name=\"author\" content=\"Lorenzo Verduzco\" \/>\n<meta name=\"twitter:card\" content=\"summary_large_image\" \/>\n<meta name=\"twitter:label1\" content=\"\u00c9crit par\" \/>\n\t<meta name=\"twitter:data1\" content=\"Lorenzo Verduzco\" \/>\n\t<meta name=\"twitter:label2\" content=\"Dur\u00e9e de lecture estim\u00e9e\" \/>\n\t<meta name=\"twitter:data2\" content=\"3 minutes\" \/>\n<script type=\"application\/ld+json\" class=\"yoast-schema-graph\">{\"@context\":\"https:\\\/\\\/schema.org\",\"@graph\":[{\"@type\":\"Article\",\"@id\":\"https:\\\/\\\/interamerica.org\\\/fr\\\/2010\\\/08\\\/venezuela-leglise-accueille-le-president-de-leglise-adventiste-mondiale\\\/#article\",\"isPartOf\":{\"@id\":\"https:\\\/\\\/interamerica.org\\\/fr\\\/2010\\\/08\\\/venezuela-leglise-accueille-le-president-de-leglise-adventiste-mondiale\\\/\"},\"author\":{\"name\":\"Lorenzo Verduzco\",\"@id\":\"https:\\\/\\\/interamerica.org\\\/fr\\\/#\\\/schema\\\/person\\\/68ede8bdc292885bb76c1e3810e73c39\"},\"headline\":\"Venezuela : L&#39;Eglise accueille le pr\u00e9sident de l&#39;\u00e9glise Adventiste mondiale\",\"datePublished\":\"2010-08-06T04:00:00+00:00\",\"dateModified\":\"2017-06-02T17:03:24+00:00\",\"mainEntityOfPage\":{\"@id\":\"https:\\\/\\\/interamerica.org\\\/fr\\\/2010\\\/08\\\/venezuela-leglise-accueille-le-president-de-leglise-adventiste-mondiale\\\/\"},\"wordCount\":584,\"articleSection\":[\"Archive\"],\"inLanguage\":\"fr-FR\"},{\"@type\":\"WebPage\",\"@id\":\"https:\\\/\\\/interamerica.org\\\/fr\\\/2010\\\/08\\\/venezuela-leglise-accueille-le-president-de-leglise-adventiste-mondiale\\\/\",\"url\":\"https:\\\/\\\/interamerica.org\\\/fr\\\/2010\\\/08\\\/venezuela-leglise-accueille-le-president-de-leglise-adventiste-mondiale\\\/\",\"name\":\"Venezuela : L&#39;Eglise accueille le pr\u00e9sident de l&#39;\u00e9glise Adventiste mondiale - \u00c9glise Adventiste Du Septieme Jour - Inter Am\u00e9rique Division\",\"isPartOf\":{\"@id\":\"https:\\\/\\\/interamerica.org\\\/fr\\\/#website\"},\"datePublished\":\"2010-08-06T04:00:00+00:00\",\"dateModified\":\"2017-06-02T17:03:24+00:00\",\"author\":{\"@id\":\"https:\\\/\\\/interamerica.org\\\/fr\\\/#\\\/schema\\\/person\\\/68ede8bdc292885bb76c1e3810e73c39\"},\"breadcrumb\":{\"@id\":\"https:\\\/\\\/interamerica.org\\\/fr\\\/2010\\\/08\\\/venezuela-leglise-accueille-le-president-de-leglise-adventiste-mondiale\\\/#breadcrumb\"},\"inLanguage\":\"fr-FR\",\"potentialAction\":[{\"@type\":\"ReadAction\",\"target\":[\"https:\\\/\\\/interamerica.org\\\/fr\\\/2010\\\/08\\\/venezuela-leglise-accueille-le-president-de-leglise-adventiste-mondiale\\\/\"]}]},{\"@type\":\"BreadcrumbList\",\"@id\":\"https:\\\/\\\/interamerica.org\\\/fr\\\/2010\\\/08\\\/venezuela-leglise-accueille-le-president-de-leglise-adventiste-mondiale\\\/#breadcrumb\",\"itemListElement\":[{\"@type\":\"ListItem\",\"position\":1,\"name\":\"Home\",\"item\":\"https:\\\/\\\/interamerica.org\\\/fr\\\/\"},{\"@type\":\"ListItem\",\"position\":2,\"name\":\"Venezuela : L&#39;Eglise accueille le pr\u00e9sident de l&#39;\u00e9glise Adventiste mondiale\"}]},{\"@type\":\"WebSite\",\"@id\":\"https:\\\/\\\/interamerica.org\\\/fr\\\/#website\",\"url\":\"https:\\\/\\\/interamerica.org\\\/fr\\\/\",\"name\":\"\u00c9glise Adventiste Du Septieme Jour - Inter Am\u00e9rique Division\",\"description\":\"\",\"potentialAction\":[{\"@type\":\"SearchAction\",\"target\":{\"@type\":\"EntryPoint\",\"urlTemplate\":\"https:\\\/\\\/interamerica.org\\\/fr\\\/?s={search_term_string}\"},\"query-input\":{\"@type\":\"PropertyValueSpecification\",\"valueRequired\":true,\"valueName\":\"search_term_string\"}}],\"inLanguage\":\"fr-FR\"},{\"@type\":\"Person\",\"@id\":\"https:\\\/\\\/interamerica.org\\\/fr\\\/#\\\/schema\\\/person\\\/68ede8bdc292885bb76c1e3810e73c39\",\"name\":\"Lorenzo Verduzco\",\"image\":{\"@type\":\"ImageObject\",\"inLanguage\":\"fr-FR\",\"@id\":\"https:\\\/\\\/secure.gravatar.com\\\/avatar\\\/fb81a55b6218459490a9c1dc841a34909185b81904c5337b4b27f7a6fd60c49e?s=96&d=mm&r=g\",\"url\":\"https:\\\/\\\/secure.gravatar.com\\\/avatar\\\/fb81a55b6218459490a9c1dc841a34909185b81904c5337b4b27f7a6fd60c49e?s=96&d=mm&r=g\",\"contentUrl\":\"https:\\\/\\\/secure.gravatar.com\\\/avatar\\\/fb81a55b6218459490a9c1dc841a34909185b81904c5337b4b27f7a6fd60c49e?s=96&d=mm&r=g\",\"caption\":\"Lorenzo Verduzco\"}}]}<\/script>\n<!-- \/ Yoast SEO plugin. -->","yoast_head_json":{"title":"Venezuela : L&#39;Eglise accueille le pr\u00e9sident de l&#39;\u00e9glise Adventiste mondiale - \u00c9glise Adventiste Du Septieme Jour - Inter Am\u00e9rique Division","robots":{"index":"index","follow":"follow","max-snippet":"max-snippet:-1","max-image-preview":"max-image-preview:large","max-video-preview":"max-video-preview:-1"},"canonical":"https:\/\/interamerica.org\/fr\/2010\/08\/venezuela-leglise-accueille-le-president-de-leglise-adventiste-mondiale\/","og_locale":"fr_FR","og_type":"article","og_title":"Venezuela : L&#39;Eglise accueille le pr\u00e9sident de l&#39;\u00e9glise Adventiste mondiale - \u00c9glise Adventiste Du Septieme Jour - Inter Am\u00e9rique Division","og_description":"L&#39;Eglise Adventiste du Septi\u00e8me jour au Venezuela a accueillile pr\u00e9sident de l&#39;\u00e9glise mondiale, pasteur Ted N. C. Wilson alors qu&#39;ilarrivait aujourd&#39;hui dans le pays pour participer au 100\u00e8me anniversa","og_url":"https:\/\/interamerica.org\/fr\/2010\/08\/venezuela-leglise-accueille-le-president-de-leglise-adventiste-mondiale\/","og_site_name":"\u00c9glise Adventiste Du Septieme Jour - Inter Am\u00e9rique Division","article_published_time":"2010-08-06T04:00:00+00:00","article_modified_time":"2017-06-02T17:03:24+00:00","author":"Lorenzo Verduzco","twitter_card":"summary_large_image","twitter_misc":{"\u00c9crit par":"Lorenzo Verduzco","Dur\u00e9e de lecture estim\u00e9e":"3 minutes"},"schema":{"@context":"https:\/\/schema.org","@graph":[{"@type":"Article","@id":"https:\/\/interamerica.org\/fr\/2010\/08\/venezuela-leglise-accueille-le-president-de-leglise-adventiste-mondiale\/#article","isPartOf":{"@id":"https:\/\/interamerica.org\/fr\/2010\/08\/venezuela-leglise-accueille-le-president-de-leglise-adventiste-mondiale\/"},"author":{"name":"Lorenzo Verduzco","@id":"https:\/\/interamerica.org\/fr\/#\/schema\/person\/68ede8bdc292885bb76c1e3810e73c39"},"headline":"Venezuela : L&#39;Eglise accueille le pr\u00e9sident de l&#39;\u00e9glise Adventiste mondiale","datePublished":"2010-08-06T04:00:00+00:00","dateModified":"2017-06-02T17:03:24+00:00","mainEntityOfPage":{"@id":"https:\/\/interamerica.org\/fr\/2010\/08\/venezuela-leglise-accueille-le-president-de-leglise-adventiste-mondiale\/"},"wordCount":584,"articleSection":["Archive"],"inLanguage":"fr-FR"},{"@type":"WebPage","@id":"https:\/\/interamerica.org\/fr\/2010\/08\/venezuela-leglise-accueille-le-president-de-leglise-adventiste-mondiale\/","url":"https:\/\/interamerica.org\/fr\/2010\/08\/venezuela-leglise-accueille-le-president-de-leglise-adventiste-mondiale\/","name":"Venezuela : L&#39;Eglise accueille le pr\u00e9sident de l&#39;\u00e9glise Adventiste mondiale - \u00c9glise Adventiste Du Septieme Jour - Inter Am\u00e9rique Division","isPartOf":{"@id":"https:\/\/interamerica.org\/fr\/#website"},"datePublished":"2010-08-06T04:00:00+00:00","dateModified":"2017-06-02T17:03:24+00:00","author":{"@id":"https:\/\/interamerica.org\/fr\/#\/schema\/person\/68ede8bdc292885bb76c1e3810e73c39"},"breadcrumb":{"@id":"https:\/\/interamerica.org\/fr\/2010\/08\/venezuela-leglise-accueille-le-president-de-leglise-adventiste-mondiale\/#breadcrumb"},"inLanguage":"fr-FR","potentialAction":[{"@type":"ReadAction","target":["https:\/\/interamerica.org\/fr\/2010\/08\/venezuela-leglise-accueille-le-president-de-leglise-adventiste-mondiale\/"]}]},{"@type":"BreadcrumbList","@id":"https:\/\/interamerica.org\/fr\/2010\/08\/venezuela-leglise-accueille-le-president-de-leglise-adventiste-mondiale\/#breadcrumb","itemListElement":[{"@type":"ListItem","position":1,"name":"Home","item":"https:\/\/interamerica.org\/fr\/"},{"@type":"ListItem","position":2,"name":"Venezuela : L&#39;Eglise accueille le pr\u00e9sident de l&#39;\u00e9glise Adventiste mondiale"}]},{"@type":"WebSite","@id":"https:\/\/interamerica.org\/fr\/#website","url":"https:\/\/interamerica.org\/fr\/","name":"\u00c9glise Adventiste Du Septieme Jour - Inter Am\u00e9rique Division","description":"","potentialAction":[{"@type":"SearchAction","target":{"@type":"EntryPoint","urlTemplate":"https:\/\/interamerica.org\/fr\/?s={search_term_string}"},"query-input":{"@type":"PropertyValueSpecification","valueRequired":true,"valueName":"search_term_string"}}],"inLanguage":"fr-FR"},{"@type":"Person","@id":"https:\/\/interamerica.org\/fr\/#\/schema\/person\/68ede8bdc292885bb76c1e3810e73c39","name":"Lorenzo Verduzco","image":{"@type":"ImageObject","inLanguage":"fr-FR","@id":"https:\/\/secure.gravatar.com\/avatar\/fb81a55b6218459490a9c1dc841a34909185b81904c5337b4b27f7a6fd60c49e?s=96&d=mm&r=g","url":"https:\/\/secure.gravatar.com\/avatar\/fb81a55b6218459490a9c1dc841a34909185b81904c5337b4b27f7a6fd60c49e?s=96&d=mm&r=g","contentUrl":"https:\/\/secure.gravatar.com\/avatar\/fb81a55b6218459490a9c1dc841a34909185b81904c5337b4b27f7a6fd60c49e?s=96&d=mm&r=g","caption":"Lorenzo Verduzco"}}]}},"_links":{"self":[{"href":"https:\/\/interamerica.org\/fr\/wp-json\/wp\/v2\/posts\/13417","targetHints":{"allow":["GET"]}}],"collection":[{"href":"https:\/\/interamerica.org\/fr\/wp-json\/wp\/v2\/posts"}],"about":[{"href":"https:\/\/interamerica.org\/fr\/wp-json\/wp\/v2\/types\/post"}],"author":[{"embeddable":true,"href":"https:\/\/interamerica.org\/fr\/wp-json\/wp\/v2\/users\/1"}],"replies":[{"embeddable":true,"href":"https:\/\/interamerica.org\/fr\/wp-json\/wp\/v2\/comments?post=13417"}],"version-history":[{"count":0,"href":"https:\/\/interamerica.org\/fr\/wp-json\/wp\/v2\/posts\/13417\/revisions"}],"wp:attachment":[{"href":"https:\/\/interamerica.org\/fr\/wp-json\/wp\/v2\/media?parent=13417"}],"wp:term":[{"taxonomy":"category","embeddable":true,"href":"https:\/\/interamerica.org\/fr\/wp-json\/wp\/v2\/categories?post=13417"},{"taxonomy":"post_tag","embeddable":true,"href":"https:\/\/interamerica.org\/fr\/wp-json\/wp\/v2\/tags?post=13417"}],"curies":[{"name":"wp","href":"https:\/\/api.w.org\/{rel}","templated":true}]}}