{"id":13423,"date":"2010-08-17T00:00:00","date_gmt":"2010-08-17T04:00:00","guid":{"rendered":"http:\/\/192.81.217.108\/interamerica\/2010\/08\/guatemala-des-dirigeants-adventistes-participent-a-la-ceremonie-du-changement-de-la-rose-blanche-de-la-paix\/"},"modified":"2017-06-02T13:03:22","modified_gmt":"2017-06-02T17:03:22","slug":"guatemala-des-dirigeants-adventistes-participent-a-la-ceremonie-du-changement-de-la-rose-blanche-de-la-paix","status":"publish","type":"post","link":"https:\/\/interamerica.org\/fr\/2010\/08\/guatemala-des-dirigeants-adventistes-participent-a-la-ceremonie-du-changement-de-la-rose-blanche-de-la-paix\/","title":{"rendered":"Guatemala : Des dirigeants Adventistes participent \u00e0 la c\u00e9r\u00e9monie du Changement de la Rose Blanche de la Paix"},"content":{"rendered":"<p><em >Guatemala City, Guatemala,<\/em >  Ao\u00fbt 16, 2010 &#8211; &#8230;[Juan Lopez\/DIA] <\/p>\n<p>Des leaders de l&#39;EgliseAdventiste du Septi\u00e8me jour au Guatemala ont \u00e9t\u00e9 choisis pour participer au Changement de la Rose Blanche de la Paix au Palais National \u00e0 Guatemala City le 5 ao\u00fbt 2010. Participer \u00e0 cette c\u00e9r\u00e9monie, qui s&#39;est d\u00e9roul\u00e9e au Palais National de la Culture, est un honneur r\u00e9serv\u00e9 aux personnes du pays et de l&#39;\u00e9tranger ayant contribu\u00e9 \u00e0 la paix et au bien \u00eatre du Guatemala. <\/p>\n<p>Pasteur Mario Calderon, pr\u00e9sident de l&#39;\u00e9glise Adventiste au Guatemala, de m\u00eame que six pasteurs Adventistes et des la\u00efcs, ont \u00e9t\u00e9 choisis pour prendre part \u00e0 la c\u00e9r\u00e9monie au cours de laquelle ils ont \u00e9t\u00e9 nomm\u00e9s ambassadeurs de paix. <\/p>\n<p>Pasteur Calderon a remerci\u00e9 les responsables gouvernementaux au nom des 216000 membres d&#39;\u00e9glise du Guatemala pour une telle distinction et a indiqu\u00e9 que l&#39;\u00e9glise est d\u00e9termin\u00e9e \u00e0 continuer de promouvoir la paix. <\/p>\n<p>\u00ab En tant que ministre de l&#39;\u00e9vangile, je suis heureux de pouvoir exprimer ma reconnaissance \u00e0 l&#39;\u00e9gard de l&#39;Eglise Adventiste mondiale que je repr\u00e9sente aujourd&#39;hui avec dignit\u00e9 et respect dans ce pays, \u00bb a d\u00e9clar\u00e9 pasteur Calderon. \u00ab Depuis l&#39;arriv\u00e9e de ce message Adventiste au Guatemala, il y a plus de 102 ans, l&#39;\u00e9glise a promu les valeurs spirituelles ainsi qu&#39;un style de vie sain afin de changer le c\u0153ur des individus \u00e0 travers l&#39;\u0153uvre du Saint Esprit. \u00bb <\/p>\n<p>La c\u00e9r\u00e9monie du Changement de la Rose Blanche de la Paix a \u00e9t\u00e9 instaur\u00e9e apr\u00e8s la signature des accords de paix mettant un terme aux 36 ann\u00e9es de guerre civile au Guatemala en 1996. Tous les jours depuis cette date, une rose blanche est plac\u00e9e sur le monument se trouvant dans la cour du Palais National par un garde d&#39;honneur de l&#39;arm\u00e9e ou par une personnalit\u00e9 distingu\u00e9e afin de symboliser 24 heures de paix suppl\u00e9mentaires dans le pays. <\/p>\n<p>\u00ab Cette rose symbolise l&#39;engagement quotidien de tous les \u00eatres humains \u00e0 construire une culture, et une paix ferme et durable, \u00bb a indiqu\u00e9 Mary Contreras qui repr\u00e9sentait les responsables officiels au Palais National. \u00ab De la part du Palais National de la Culture, aujourd&#39;hui fait de vous des Messager de Paix. \u00bb <\/p>\n<p>L&#39;Eglise Adventiste du Septi\u00e8me jour au Guatemala touche les communaut\u00e9s \u00e0 travers ses programmes d&#39;alphab\u00e9tisation et plusieurs autres initiatives. De concert avec l&#39;Agence Adventiste de D\u00e9veloppement et de Secours (ADRA) du Guatemala, elle continue aussi de venir en aide \u00e0 ceux qui sont affect\u00e9s par les catastrophes et les tremblements de terre. L&#39;\u00e9glise Adventiste au Guatemala g\u00e8re sept bureaux r\u00e9gionaux, 867 \u00e9glises et groupes, et 25 \u00e9coles. <\/p>\n<p>Pour voir une galerie de photos de l&#39;\u00e9v\u00e8nement, visitez la page web <\/p>\n<p><a  href=\"http:\/\/www.misioncentral.org.gt\/index.php?option=com_content&#038;view=article&#038;id=66:cambio-de-la-rosa-de-la-paz-en-el-palacio-de-la-cultura&#038;catid=9:ultimas-noticias\">http:\/\/www.misioncentral.org.gt\/index.php?option=com_content&#038;view=article&#038;id=66:cambio-de-la-rosa-de-la-paz-en-el-palacio-de-la-cultura&#038;catid=9:ultimas-noticias<\/a > <\/p>\n<p><em >Traducteur: Patrick Luciathe <br  \/><\/em ><\/p>\n","protected":false},"excerpt":{"rendered":"<p>Des leaders de l&#39;Eglise Adventiste du Septi\u00e8me jourau Guatemala ont \u00e9t\u00e9 choisis pour participer au Changement de la Rose Blanche de la Paix au Palais National \u00e0Guatemala City le 5 ao\u00fbt 2010.<\/p>\n","protected":false},"author":1,"featured_media":0,"comment_status":"closed","ping_status":"closed","sticky":false,"template":"","format":"standard","meta":{"_acf_changed":false,"footnotes":""},"categories":[9],"tags":[],"class_list":["post-13423","post","type-post","status-publish","format-standard","hentry","category-archive-fr"],"acf":[],"yoast_head":"<!-- This site is optimized with the Yoast SEO plugin v27.3 - https:\/\/yoast.com\/product\/yoast-seo-wordpress\/ -->\n<title>Guatemala : Des dirigeants Adventistes participent \u00e0 la c\u00e9r\u00e9monie du Changement de la Rose Blanche de la Paix - \u00c9glise Adventiste Du Septieme Jour - Inter Am\u00e9rique Division<\/title>\n<meta name=\"robots\" content=\"index, follow, max-snippet:-1, max-image-preview:large, max-video-preview:-1\" \/>\n<link rel=\"canonical\" href=\"https:\/\/interamerica.org\/fr\/2010\/08\/guatemala-des-dirigeants-adventistes-participent-a-la-ceremonie-du-changement-de-la-rose-blanche-de-la-paix\/\" \/>\n<meta property=\"og:locale\" content=\"fr_FR\" \/>\n<meta property=\"og:type\" content=\"article\" \/>\n<meta property=\"og:title\" content=\"Guatemala : Des dirigeants Adventistes participent \u00e0 la c\u00e9r\u00e9monie du Changement de la Rose Blanche de la Paix - \u00c9glise Adventiste Du Septieme Jour - Inter Am\u00e9rique Division\" \/>\n<meta property=\"og:description\" content=\"Des leaders de l&#039;Eglise Adventiste du Septi\u00e8me jourau Guatemala ont \u00e9t\u00e9 choisis pour participer au Changement de la Rose Blanche de la Paix au Palais National \u00e0Guatemala City le 5 ao\u00fbt 2010.\" \/>\n<meta property=\"og:url\" content=\"https:\/\/interamerica.org\/fr\/2010\/08\/guatemala-des-dirigeants-adventistes-participent-a-la-ceremonie-du-changement-de-la-rose-blanche-de-la-paix\/\" \/>\n<meta property=\"og:site_name\" content=\"\u00c9glise Adventiste Du Septieme Jour - Inter Am\u00e9rique Division\" \/>\n<meta property=\"article:published_time\" content=\"2010-08-17T04:00:00+00:00\" \/>\n<meta property=\"article:modified_time\" content=\"2017-06-02T17:03:22+00:00\" \/>\n<meta name=\"author\" content=\"Lorenzo Verduzco\" \/>\n<meta name=\"twitter:card\" content=\"summary_large_image\" \/>\n<meta name=\"twitter:label1\" content=\"\u00c9crit par\" \/>\n\t<meta name=\"twitter:data1\" content=\"Lorenzo Verduzco\" \/>\n\t<meta name=\"twitter:label2\" content=\"Dur\u00e9e de lecture estim\u00e9e\" \/>\n\t<meta name=\"twitter:data2\" content=\"2 minutes\" \/>\n<script type=\"application\/ld+json\" class=\"yoast-schema-graph\">{\"@context\":\"https:\\\/\\\/schema.org\",\"@graph\":[{\"@type\":\"Article\",\"@id\":\"https:\\\/\\\/interamerica.org\\\/fr\\\/2010\\\/08\\\/guatemala-des-dirigeants-adventistes-participent-a-la-ceremonie-du-changement-de-la-rose-blanche-de-la-paix\\\/#article\",\"isPartOf\":{\"@id\":\"https:\\\/\\\/interamerica.org\\\/fr\\\/2010\\\/08\\\/guatemala-des-dirigeants-adventistes-participent-a-la-ceremonie-du-changement-de-la-rose-blanche-de-la-paix\\\/\"},\"author\":{\"name\":\"Lorenzo Verduzco\",\"@id\":\"https:\\\/\\\/interamerica.org\\\/fr\\\/#\\\/schema\\\/person\\\/68ede8bdc292885bb76c1e3810e73c39\"},\"headline\":\"Guatemala : Des dirigeants Adventistes participent \u00e0 la c\u00e9r\u00e9monie du Changement de la Rose Blanche de la Paix\",\"datePublished\":\"2010-08-17T04:00:00+00:00\",\"dateModified\":\"2017-06-02T17:03:22+00:00\",\"mainEntityOfPage\":{\"@id\":\"https:\\\/\\\/interamerica.org\\\/fr\\\/2010\\\/08\\\/guatemala-des-dirigeants-adventistes-participent-a-la-ceremonie-du-changement-de-la-rose-blanche-de-la-paix\\\/\"},\"wordCount\":506,\"articleSection\":[\"Archive\"],\"inLanguage\":\"fr-FR\"},{\"@type\":\"WebPage\",\"@id\":\"https:\\\/\\\/interamerica.org\\\/fr\\\/2010\\\/08\\\/guatemala-des-dirigeants-adventistes-participent-a-la-ceremonie-du-changement-de-la-rose-blanche-de-la-paix\\\/\",\"url\":\"https:\\\/\\\/interamerica.org\\\/fr\\\/2010\\\/08\\\/guatemala-des-dirigeants-adventistes-participent-a-la-ceremonie-du-changement-de-la-rose-blanche-de-la-paix\\\/\",\"name\":\"Guatemala : Des dirigeants Adventistes participent \u00e0 la c\u00e9r\u00e9monie du Changement de la Rose Blanche de la Paix - \u00c9glise Adventiste Du Septieme Jour - Inter Am\u00e9rique Division\",\"isPartOf\":{\"@id\":\"https:\\\/\\\/interamerica.org\\\/fr\\\/#website\"},\"datePublished\":\"2010-08-17T04:00:00+00:00\",\"dateModified\":\"2017-06-02T17:03:22+00:00\",\"author\":{\"@id\":\"https:\\\/\\\/interamerica.org\\\/fr\\\/#\\\/schema\\\/person\\\/68ede8bdc292885bb76c1e3810e73c39\"},\"breadcrumb\":{\"@id\":\"https:\\\/\\\/interamerica.org\\\/fr\\\/2010\\\/08\\\/guatemala-des-dirigeants-adventistes-participent-a-la-ceremonie-du-changement-de-la-rose-blanche-de-la-paix\\\/#breadcrumb\"},\"inLanguage\":\"fr-FR\",\"potentialAction\":[{\"@type\":\"ReadAction\",\"target\":[\"https:\\\/\\\/interamerica.org\\\/fr\\\/2010\\\/08\\\/guatemala-des-dirigeants-adventistes-participent-a-la-ceremonie-du-changement-de-la-rose-blanche-de-la-paix\\\/\"]}]},{\"@type\":\"BreadcrumbList\",\"@id\":\"https:\\\/\\\/interamerica.org\\\/fr\\\/2010\\\/08\\\/guatemala-des-dirigeants-adventistes-participent-a-la-ceremonie-du-changement-de-la-rose-blanche-de-la-paix\\\/#breadcrumb\",\"itemListElement\":[{\"@type\":\"ListItem\",\"position\":1,\"name\":\"Home\",\"item\":\"https:\\\/\\\/interamerica.org\\\/fr\\\/\"},{\"@type\":\"ListItem\",\"position\":2,\"name\":\"Guatemala : Des dirigeants Adventistes participent \u00e0 la c\u00e9r\u00e9monie du Changement de la Rose Blanche de la Paix\"}]},{\"@type\":\"WebSite\",\"@id\":\"https:\\\/\\\/interamerica.org\\\/fr\\\/#website\",\"url\":\"https:\\\/\\\/interamerica.org\\\/fr\\\/\",\"name\":\"\u00c9glise Adventiste Du Septieme Jour - Inter Am\u00e9rique Division\",\"description\":\"\",\"potentialAction\":[{\"@type\":\"SearchAction\",\"target\":{\"@type\":\"EntryPoint\",\"urlTemplate\":\"https:\\\/\\\/interamerica.org\\\/fr\\\/?s={search_term_string}\"},\"query-input\":{\"@type\":\"PropertyValueSpecification\",\"valueRequired\":true,\"valueName\":\"search_term_string\"}}],\"inLanguage\":\"fr-FR\"},{\"@type\":\"Person\",\"@id\":\"https:\\\/\\\/interamerica.org\\\/fr\\\/#\\\/schema\\\/person\\\/68ede8bdc292885bb76c1e3810e73c39\",\"name\":\"Lorenzo Verduzco\",\"image\":{\"@type\":\"ImageObject\",\"inLanguage\":\"fr-FR\",\"@id\":\"https:\\\/\\\/secure.gravatar.com\\\/avatar\\\/fb81a55b6218459490a9c1dc841a34909185b81904c5337b4b27f7a6fd60c49e?s=96&d=mm&r=g\",\"url\":\"https:\\\/\\\/secure.gravatar.com\\\/avatar\\\/fb81a55b6218459490a9c1dc841a34909185b81904c5337b4b27f7a6fd60c49e?s=96&d=mm&r=g\",\"contentUrl\":\"https:\\\/\\\/secure.gravatar.com\\\/avatar\\\/fb81a55b6218459490a9c1dc841a34909185b81904c5337b4b27f7a6fd60c49e?s=96&d=mm&r=g\",\"caption\":\"Lorenzo Verduzco\"}}]}<\/script>\n<!-- \/ Yoast SEO plugin. -->","yoast_head_json":{"title":"Guatemala : Des dirigeants Adventistes participent \u00e0 la c\u00e9r\u00e9monie du Changement de la Rose Blanche de la Paix - \u00c9glise Adventiste Du Septieme Jour - Inter Am\u00e9rique Division","robots":{"index":"index","follow":"follow","max-snippet":"max-snippet:-1","max-image-preview":"max-image-preview:large","max-video-preview":"max-video-preview:-1"},"canonical":"https:\/\/interamerica.org\/fr\/2010\/08\/guatemala-des-dirigeants-adventistes-participent-a-la-ceremonie-du-changement-de-la-rose-blanche-de-la-paix\/","og_locale":"fr_FR","og_type":"article","og_title":"Guatemala : Des dirigeants Adventistes participent \u00e0 la c\u00e9r\u00e9monie du Changement de la Rose Blanche de la Paix - \u00c9glise Adventiste Du Septieme Jour - Inter Am\u00e9rique Division","og_description":"Des leaders de l&#39;Eglise Adventiste du Septi\u00e8me jourau Guatemala ont \u00e9t\u00e9 choisis pour participer au Changement de la Rose Blanche de la Paix au Palais National \u00e0Guatemala City le 5 ao\u00fbt 2010.","og_url":"https:\/\/interamerica.org\/fr\/2010\/08\/guatemala-des-dirigeants-adventistes-participent-a-la-ceremonie-du-changement-de-la-rose-blanche-de-la-paix\/","og_site_name":"\u00c9glise Adventiste Du Septieme Jour - Inter Am\u00e9rique Division","article_published_time":"2010-08-17T04:00:00+00:00","article_modified_time":"2017-06-02T17:03:22+00:00","author":"Lorenzo Verduzco","twitter_card":"summary_large_image","twitter_misc":{"\u00c9crit par":"Lorenzo Verduzco","Dur\u00e9e de lecture estim\u00e9e":"2 minutes"},"schema":{"@context":"https:\/\/schema.org","@graph":[{"@type":"Article","@id":"https:\/\/interamerica.org\/fr\/2010\/08\/guatemala-des-dirigeants-adventistes-participent-a-la-ceremonie-du-changement-de-la-rose-blanche-de-la-paix\/#article","isPartOf":{"@id":"https:\/\/interamerica.org\/fr\/2010\/08\/guatemala-des-dirigeants-adventistes-participent-a-la-ceremonie-du-changement-de-la-rose-blanche-de-la-paix\/"},"author":{"name":"Lorenzo Verduzco","@id":"https:\/\/interamerica.org\/fr\/#\/schema\/person\/68ede8bdc292885bb76c1e3810e73c39"},"headline":"Guatemala : Des dirigeants Adventistes participent \u00e0 la c\u00e9r\u00e9monie du Changement de la Rose Blanche de la Paix","datePublished":"2010-08-17T04:00:00+00:00","dateModified":"2017-06-02T17:03:22+00:00","mainEntityOfPage":{"@id":"https:\/\/interamerica.org\/fr\/2010\/08\/guatemala-des-dirigeants-adventistes-participent-a-la-ceremonie-du-changement-de-la-rose-blanche-de-la-paix\/"},"wordCount":506,"articleSection":["Archive"],"inLanguage":"fr-FR"},{"@type":"WebPage","@id":"https:\/\/interamerica.org\/fr\/2010\/08\/guatemala-des-dirigeants-adventistes-participent-a-la-ceremonie-du-changement-de-la-rose-blanche-de-la-paix\/","url":"https:\/\/interamerica.org\/fr\/2010\/08\/guatemala-des-dirigeants-adventistes-participent-a-la-ceremonie-du-changement-de-la-rose-blanche-de-la-paix\/","name":"Guatemala : Des dirigeants Adventistes participent \u00e0 la c\u00e9r\u00e9monie du Changement de la Rose Blanche de la Paix - \u00c9glise Adventiste Du Septieme Jour - Inter Am\u00e9rique Division","isPartOf":{"@id":"https:\/\/interamerica.org\/fr\/#website"},"datePublished":"2010-08-17T04:00:00+00:00","dateModified":"2017-06-02T17:03:22+00:00","author":{"@id":"https:\/\/interamerica.org\/fr\/#\/schema\/person\/68ede8bdc292885bb76c1e3810e73c39"},"breadcrumb":{"@id":"https:\/\/interamerica.org\/fr\/2010\/08\/guatemala-des-dirigeants-adventistes-participent-a-la-ceremonie-du-changement-de-la-rose-blanche-de-la-paix\/#breadcrumb"},"inLanguage":"fr-FR","potentialAction":[{"@type":"ReadAction","target":["https:\/\/interamerica.org\/fr\/2010\/08\/guatemala-des-dirigeants-adventistes-participent-a-la-ceremonie-du-changement-de-la-rose-blanche-de-la-paix\/"]}]},{"@type":"BreadcrumbList","@id":"https:\/\/interamerica.org\/fr\/2010\/08\/guatemala-des-dirigeants-adventistes-participent-a-la-ceremonie-du-changement-de-la-rose-blanche-de-la-paix\/#breadcrumb","itemListElement":[{"@type":"ListItem","position":1,"name":"Home","item":"https:\/\/interamerica.org\/fr\/"},{"@type":"ListItem","position":2,"name":"Guatemala : Des dirigeants Adventistes participent \u00e0 la c\u00e9r\u00e9monie du Changement de la Rose Blanche de la Paix"}]},{"@type":"WebSite","@id":"https:\/\/interamerica.org\/fr\/#website","url":"https:\/\/interamerica.org\/fr\/","name":"\u00c9glise Adventiste Du Septieme Jour - Inter Am\u00e9rique Division","description":"","potentialAction":[{"@type":"SearchAction","target":{"@type":"EntryPoint","urlTemplate":"https:\/\/interamerica.org\/fr\/?s={search_term_string}"},"query-input":{"@type":"PropertyValueSpecification","valueRequired":true,"valueName":"search_term_string"}}],"inLanguage":"fr-FR"},{"@type":"Person","@id":"https:\/\/interamerica.org\/fr\/#\/schema\/person\/68ede8bdc292885bb76c1e3810e73c39","name":"Lorenzo Verduzco","image":{"@type":"ImageObject","inLanguage":"fr-FR","@id":"https:\/\/secure.gravatar.com\/avatar\/fb81a55b6218459490a9c1dc841a34909185b81904c5337b4b27f7a6fd60c49e?s=96&d=mm&r=g","url":"https:\/\/secure.gravatar.com\/avatar\/fb81a55b6218459490a9c1dc841a34909185b81904c5337b4b27f7a6fd60c49e?s=96&d=mm&r=g","contentUrl":"https:\/\/secure.gravatar.com\/avatar\/fb81a55b6218459490a9c1dc841a34909185b81904c5337b4b27f7a6fd60c49e?s=96&d=mm&r=g","caption":"Lorenzo Verduzco"}}]}},"_links":{"self":[{"href":"https:\/\/interamerica.org\/fr\/wp-json\/wp\/v2\/posts\/13423","targetHints":{"allow":["GET"]}}],"collection":[{"href":"https:\/\/interamerica.org\/fr\/wp-json\/wp\/v2\/posts"}],"about":[{"href":"https:\/\/interamerica.org\/fr\/wp-json\/wp\/v2\/types\/post"}],"author":[{"embeddable":true,"href":"https:\/\/interamerica.org\/fr\/wp-json\/wp\/v2\/users\/1"}],"replies":[{"embeddable":true,"href":"https:\/\/interamerica.org\/fr\/wp-json\/wp\/v2\/comments?post=13423"}],"version-history":[{"count":0,"href":"https:\/\/interamerica.org\/fr\/wp-json\/wp\/v2\/posts\/13423\/revisions"}],"wp:attachment":[{"href":"https:\/\/interamerica.org\/fr\/wp-json\/wp\/v2\/media?parent=13423"}],"wp:term":[{"taxonomy":"category","embeddable":true,"href":"https:\/\/interamerica.org\/fr\/wp-json\/wp\/v2\/categories?post=13423"},{"taxonomy":"post_tag","embeddable":true,"href":"https:\/\/interamerica.org\/fr\/wp-json\/wp\/v2\/tags?post=13423"}],"curies":[{"name":"wp","href":"https:\/\/api.w.org\/{rel}","templated":true}]}}